{"id":126088,"date":"2025-05-16T13:31:24","date_gmt":"2025-05-16T13:31:24","guid":{"rendered":"https:\/\/www.primor.eu\/blog\/?p=126088"},"modified":"2026-04-14T07:42:07","modified_gmt":"2026-04-14T07:42:07","slug":"ingredientes-mas-sostenibles-cosmetica","status":"publish","type":"post","link":"https:\/\/www.primor.eu\/blog\/ingredientes-mas-sostenibles-cosmetica\/","title":{"rendered":"Cu\u00e1les son los 5 ingredientes m\u00e1s sostenibles dentro del mundo de la cosm\u00e9tica"},"content":{"rendered":"\n<p>La <strong><a href=\"https:\/\/www.primor.eu\/blog\/crear-rutina-belleza-sostenible\/\" data-type=\"link\" data-id=\"https:\/\/www.primor.eu\/blog\/crear-rutina-belleza-sostenible\/\">sostenibilidad<\/a><\/strong> ya no es una tendencia: es una responsabilidad. En el mundo beauty, eso se traduce en algo muy claro: <strong>saber qu\u00e9 ingredientes lleva lo que te pones en la piel<\/strong>. Puedes cuidar tu rostro, tu cuerpo y tu cabello sin dejar una huella innecesaria en el planeta. Y lo mejor de todo: no tienes que sacrificar eficacia, sensorialidad ni resultados.<\/p>\n\n\n\n<p>Las marcas cosm\u00e9ticas cada vez lo tienen m\u00e1s claro y muchas de ellas \u2014spoiler: varias est\u00e1n en Primor\u2014 est\u00e1n apostando por <strong>ingredientes que son respetuosos con el medio ambiente, de origen vegetal, <a href=\"https:\/\/www.primor.eu\/es_es\/natural-y-organico\" data-type=\"link\" data-id=\"https:\/\/www.primor.eu\/es_es\/natural-y-organico\">biodegradables<\/a> y que se obtienen de forma \u00e9tica<\/strong>. Porque ser sostenible no es solo llevar una etiqueta verde. Es saber de d\u00f3nde viene lo que te aplicas y a d\u00f3nde va despu\u00e9s.<\/p>\n\n\n\n<p>As\u00ed que, si t\u00fa tambi\u00e9n quieres hacer que tu rutina de belleza sea m\u00e1s consciente (sin dejar de ser fabulosa), <strong>estos son los cinco ingredientes m\u00e1s sostenibles<\/strong> que ya deber\u00edas conocer y buscar en tus productos favoritos.<\/p>\n\n\n\n<h2 class=\"wp-block-heading\">Ingredientes sostenibles para una piel bonita<\/h2>\n\n\n\n<h3 class=\"wp-block-heading\">1\/ Aloe vera: hidrataci\u00f3n natural con alma eco<\/h3>\n\n\n\n<p>Es el rey de la cosm\u00e9tica natural, y con raz\u00f3n. El <strong>aloe vera<\/strong> no solo hidrata, regenera y calma la piel (s\u00ed, ese after sun milagroso tambi\u00e9n lo lleva), sino que adem\u00e1s <strong>es una planta de cultivo sostenible<\/strong>, que requiere muy poca agua y no necesita pesticidas agresivos.<\/p>\n\n\n\n<p>Adem\u00e1s, el gel de aloe se obtiene de forma sencilla, sin procesos qu\u00edmicos intensivos, lo que lo convierte en un ingrediente de bajo impacto medioambiental. Lo encontrar\u00e1s en marcas como <strong>Babaria<\/strong>, <strong>Ziaja<\/strong> o <strong>Flor de Mayo<\/strong>, todas disponibles en Primor.<\/p>\n\n\n\n<h3 class=\"wp-block-heading\">2\/ Aceite de jojoba: oro l\u00edquido vegano y biodegradable<\/h3>\n\n\n\n<p>Este aceite vegetal no solo es un multiusos total (vale para cabello, rostro, cuerpo y hasta u\u00f1as), sino que <strong>su estructura es muy similar al sebo natural de la piel<\/strong>, por lo que regula, hidrata y equilibra sin saturar.<\/p>\n\n\n\n<p>La jojoba se cultiva en climas secos, <strong>requiere poca agua y no genera residuos contaminantes<\/strong>. Adem\u00e1s, su proceso de extracci\u00f3n en fr\u00edo mantiene intactas sus propiedades sin necesidad de aditivos qu\u00edmicos.<\/p>\n\n\n\n<p>Lo encuentras en marcas como <strong>The Ordinary<\/strong>, <strong>Weleda<\/strong> o <strong>Florame<\/strong>, todas con opciones sostenibles en Primor.<\/p>\n\n\n\n<h3 class=\"wp-block-heading\">3\/ Manteca de karit\u00e9: \u00e9tica, nutritiva y con impacto positivo<\/h3>\n\n\n\n<p>La manteca de karit\u00e9 no solo nutre intensamente y repara hasta las pieles m\u00e1s secas, tambi\u00e9n <strong>suele provenir de cooperativas gestionadas por mujeres en \u00c1frica<\/strong>, donde su comercio justo tiene un impacto real en las comunidades locales.<\/p>\n\n\n\n<p>Es biodegradable, 100 % natural y se obtiene del fruto del \u00e1rbol del karit\u00e9 sin da\u00f1ar el ecosistema. Marcas como <strong>The Body Shop<\/strong>, <strong>Mixa<\/strong> o <strong>Dr. Botanicals<\/strong> trabajan con manteca de origen \u00e9tico y est\u00e1n disponibles en Primor.<\/p>\n\n\n\n<h3 class=\"wp-block-heading\">4\/ Algas marinas: el activo azul m\u00e1s ecol\u00f3gico<\/h3>\n\n\n\n<p>Desde hace unos a\u00f1os, las <strong>algas marinas<\/strong> son el ingrediente estrella en cremas, s\u00e9rums y mascarillas. \u00bfLa raz\u00f3n? Son una fuente incre\u00edble de <strong>minerales, antioxidantes y amino\u00e1cidos<\/strong>, con propiedades antiinflamatorias y antiedad.<\/p>\n\n\n\n<p>Pero adem\u00e1s, las algas crecen r\u00e1pido, <strong>no requieren agua dulce para su cultivo y contribuyen a la oxigenaci\u00f3n del oc\u00e9ano<\/strong>. Un activo potente para tu piel\u2026 y para el planeta. Las puedes encontrar en marcas como <strong>Algologie<\/strong>, <strong>Apivita<\/strong> o incluso en algunos productos de <strong>Sensilis<\/strong>.<\/p>\n\n\n\n<h3 class=\"wp-block-heading\">5\/ \u00c1cido hialur\u00f3nico vegetal: hidrataci\u00f3n sostenible<\/h3>\n\n\n\n<p>S\u00ed, el \u00e1cido hialur\u00f3nico puede venir de fuentes vegetales. Tradicionalmente derivado de origen animal, hoy muchas marcas lo extraen de <strong>fermentaciones naturales de cereales o tub\u00e9rculos<\/strong>, haci\u00e9ndolo m\u00e1s sostenible y apto para veganos.<\/p>\n\n\n\n<p>Este activo hidrata en profundidad, mejora la elasticidad y rellena l\u00edneas de expresi\u00f3n sin dejar huella ecol\u00f3gica. Busca la versi\u00f3n vegetal en productos de marcas como <strong>Nacomi<\/strong>, <strong>Revox<\/strong>, <strong>Garnier Bio<\/strong> o <strong>Revolution Skincare<\/strong>.<\/p>\n\n\n\n<h2 class=\"wp-block-heading\">Dos productos de cosm\u00e9tica con ingredientes sostenibles<\/h2>\n\n\n\n<h3 class=\"wp-block-heading\">Contorno de Ojos Aguacate de Martina Gebhardt<\/h3>\n\n\n\n<p>Est\u00e1 en el aceite de aguacate, un ingrediente muy rico para la piel que aporta la nutrici\u00f3n y la hidrataci\u00f3n que tu piel necesita. Adem\u00e1s cuenta con otros ingredientes de origen natural como el aceite de oliva, la manteca de karit\u00e9, cacao o vitamina E.<\/p>\n\n\n\n<p>Este contorno de ojos se absorbe r\u00e1pidamente. Suaviza y elastiza todo el \u00e1rea previniendo la aparici\u00f3n de las arrugas. Martina Gebhardt es una marca responsable con el medio ambiente ya que sus ingredientes provienen al 100% de una producci\u00f3n ecol\u00f3gica.<\/p>\n\n\n    <a class='product' target='_blank' href='https:\/\/www.primor.eu\/es_es\/martina-gebhardt-contorno-de-ojos-aguacate-14970.html'>\r\n        <img loading='async' src='https:\/\/cdn2.primor.eu\/media\/catalog\/product\/cache\/8d3aba296f7a18b5251ee30fa5db42b2\/0\/T\/0TF15082_1_0253.jpg' alt='COMPRAR AHORA'>\r\n            <div class=\"claim\">\r\n                COMPRAR AHORA            <\/div>\r\n        <\/a>\r\n    \n\n\n<h3 class=\"wp-block-heading\">Champ\u00fa de Sal con Algas Marinas Cabello Graso de Belkos<\/h3>\n\n\n\n<p>Este champ\u00fa de sal aporta brillo y volumen al cabello, dando un efecto peeling en el cuero cabelludo. Tiene adem\u00e1s un incre\u00edble aroma a jazm\u00edn y melocot\u00f3n.<\/p>\n\n\n\n<p>Ideal para cabellos grasos y con falta de volumen.<\/p>\n\n\n    <a class='product' target='_blank' href='https:\/\/www.primor.eu\/es_es\/belkos-champu-de-sal-con-algas-marinas-cabello-graso-10062.html'>\r\n        <img loading='async' src='https:\/\/cdn2.primor.eu\/media\/catalog\/product\/cache\/8d3aba296f7a18b5251ee30fa5db42b2\/2\/C\/2CC04120_1_3796.jpg' alt='COMPRAR AHORA'>\r\n            <div class=\"claim\">\r\n                COMPRAR AHORA            <\/div>\r\n        <\/a>\r\n    \n\n<div class=\"kk-star-ratings kksr-auto kksr-align-center kksr-valign-bottom\"\n    data-payload='{&quot;align&quot;:&quot;center&quot;,&quot;id&quot;:&quot;126088&quot;,&quot;slug&quot;:&quot;default&quot;,&quot;valign&quot;:&quot;bottom&quot;,&quot;ignore&quot;:&quot;&quot;,&quot;reference&quot;:&quot;auto&quot;,&quot;class&quot;:&quot;&quot;,&quot;count&quot;:&quot;0&quot;,&quot;legendonly&quot;:&quot;&quot;,&quot;readonly&quot;:&quot;&quot;,&quot;score&quot;:&quot;0&quot;,&quot;starsonly&quot;:&quot;&quot;,&quot;best&quot;:&quot;5&quot;,&quot;gap&quot;:&quot;5&quot;,&quot;greet&quot;:&quot;Valora este art\u00edculo&quot;,&quot;legend&quot;:&quot;0\\\/5 - (0 votos)&quot;,&quot;size&quot;:&quot;24&quot;,&quot;title&quot;:&quot;Cu\u00e1les son los 5 ingredientes m\u00e1s sostenibles dentro del mundo de la cosm\u00e9tica&quot;,&quot;width&quot;:&quot;0&quot;,&quot;_legend&quot;:&quot;{score}\\\/{best} - ({count} {votes})&quot;,&quot;font_factor&quot;:&quot;1.25&quot;}'>\n            \n<div class=\"kksr-stars\">\n    \n<div class=\"kksr-stars-inactive\">\n            <div class=\"kksr-star\" data-star=\"1\" style=\"padding-right: 5px\">\n            \n\n<div class=\"kksr-icon\" style=\"width: 24px; height: 24px;\"><\/div>\n        <\/div>\n            <div class=\"kksr-star\" data-star=\"2\" style=\"padding-right: 5px\">\n            \n\n<div class=\"kksr-icon\" style=\"width: 24px; height: 24px;\"><\/div>\n        <\/div>\n            <div class=\"kksr-star\" data-star=\"3\" style=\"padding-right: 5px\">\n            \n\n<div class=\"kksr-icon\" style=\"width: 24px; height: 24px;\"><\/div>\n        <\/div>\n            <div class=\"kksr-star\" data-star=\"4\" style=\"padding-right: 5px\">\n            \n\n<div class=\"kksr-icon\" style=\"width: 24px; height: 24px;\"><\/div>\n        <\/div>\n            <div class=\"kksr-star\" data-star=\"5\" style=\"padding-right: 5px\">\n            \n\n<div class=\"kksr-icon\" style=\"width: 24px; height: 24px;\"><\/div>\n        <\/div>\n    <\/div>\n    \n<div class=\"kksr-stars-active\" style=\"width: 0px;\">\n            <div class=\"kksr-star\" style=\"padding-right: 5px\">\n            \n\n<div class=\"kksr-icon\" style=\"width: 24px; height: 24px;\"><\/div>\n        <\/div>\n            <div class=\"kksr-star\" style=\"padding-right: 5px\">\n            \n\n<div class=\"kksr-icon\" style=\"width: 24px; height: 24px;\"><\/div>\n        <\/div>\n            <div class=\"kksr-star\" style=\"padding-right: 5px\">\n            \n\n<div class=\"kksr-icon\" style=\"width: 24px; height: 24px;\"><\/div>\n        <\/div>\n            <div class=\"kksr-star\" style=\"padding-right: 5px\">\n            \n\n<div class=\"kksr-icon\" style=\"width: 24px; height: 24px;\"><\/div>\n        <\/div>\n            <div class=\"kksr-star\" style=\"padding-right: 5px\">\n            \n\n<div class=\"kksr-icon\" style=\"width: 24px; height: 24px;\"><\/div>\n        <\/div>\n    <\/div>\n<\/div>\n                \n\n<div class=\"kksr-legend\" style=\"font-size: 19.2px;\">\n            <span class=\"kksr-muted\">Valora este art\u00edculo<\/span>\n    <\/div>\n    <\/div>\n","protected":false},"excerpt":{"rendered":"<p>La sostenibilidad ya no es una tendencia: es una responsabilidad. En el mundo beauty, eso se traduce en algo muy claro: saber qu\u00e9 ingredientes lleva lo que te pones en la piel. Puedes cuidar tu rostro, tu cuerpo y tu cabello sin dejar una huella innecesaria en el planeta. Y lo mejor de todo: no [&hellip;]<\/p>\n","protected":false},"author":14,"featured_media":126091,"comment_status":"closed","ping_status":"closed","sticky":false,"template":"","format":"standard","meta":{"jnews-multi-image_gallery":[],"jnews_single_post":{"format":"standard"},"jnews_primary_category":[],"jnews_social_meta":[],"jnews_override_counter":[],"footnotes":""},"categories":[4950],"tags":[],"class_list":["post-126088","post","type-post","status-publish","format-standard","has-post-thumbnail","hentry","category-principios-activos"],"_links":{"self":[{"href":"https:\/\/www.primor.eu\/blog\/wp-json\/wp\/v2\/posts\/126088","targetHints":{"allow":["GET"]}}],"collection":[{"href":"https:\/\/www.primor.eu\/blog\/wp-json\/wp\/v2\/posts"}],"about":[{"href":"https:\/\/www.primor.eu\/blog\/wp-json\/wp\/v2\/types\/post"}],"author":[{"embeddable":true,"href":"https:\/\/www.primor.eu\/blog\/wp-json\/wp\/v2\/users\/14"}],"replies":[{"embeddable":true,"href":"https:\/\/www.primor.eu\/blog\/wp-json\/wp\/v2\/comments?post=126088"}],"version-history":[{"count":2,"href":"https:\/\/www.primor.eu\/blog\/wp-json\/wp\/v2\/posts\/126088\/revisions"}],"predecessor-version":[{"id":141221,"href":"https:\/\/www.primor.eu\/blog\/wp-json\/wp\/v2\/posts\/126088\/revisions\/141221"}],"wp:featuredmedia":[{"embeddable":true,"href":"https:\/\/www.primor.eu\/blog\/wp-json\/wp\/v2\/media\/126091"}],"wp:attachment":[{"href":"https:\/\/www.primor.eu\/blog\/wp-json\/wp\/v2\/media?parent=126088"}],"wp:term":[{"taxonomy":"category","embeddable":true,"href":"https:\/\/www.primor.eu\/blog\/wp-json\/wp\/v2\/categories?post=126088"},{"taxonomy":"post_tag","embeddable":true,"href":"https:\/\/www.primor.eu\/blog\/wp-json\/wp\/v2\/tags?post=126088"}],"curies":[{"name":"wp","href":"https:\/\/api.w.org\/{rel}","templated":true}]}}