{"id":125685,"date":"2025-05-05T10:08:24","date_gmt":"2025-05-05T10:08:24","guid":{"rendered":"https:\/\/www.primor.eu\/blog\/?p=125685"},"modified":"2026-04-14T07:17:42","modified_gmt":"2026-04-14T07:17:42","slug":"como-saber-perfumes-ecologicos","status":"publish","type":"post","link":"https:\/\/www.primor.eu\/blog\/como-saber-perfumes-ecologicos\/","title":{"rendered":"Perfumes ecol\u00f3gicos: c\u00f3mo saber cu\u00e1les lo son"},"content":{"rendered":"\n<p>Hay aromas que nos transportan a recuerdos, lugares o emociones. Pero tambi\u00e9n hay fragancias que nos conectan con algo a\u00fan m\u00e1s profundo: el compromiso con el planeta. En un mundo donde la sostenibilidad se ha convertido en una prioridad, los <strong><a href=\"https:\/\/www.primor.eu\/blog\/mejores-perfumes-ecologicos-naturales\/?srsltid=AfmBOorsxZWf5EVBdV1O2kTpi8tcHsmFj-RJ568RS9Qj0tFIHUxs8369\" data-type=\"link\" data-id=\"https:\/\/www.primor.eu\/blog\/mejores-perfumes-ecologicos-naturales\/?srsltid=AfmBOorsxZWf5EVBdV1O2kTpi8tcHsmFj-RJ568RS9Qj0tFIHUxs8369\">perfumes ecol\u00f3gicos<\/a><\/strong> emergen como una opci\u00f3n consciente para quienes desean disfrutar de una fragancia sin renunciar al respeto por el medio ambiente.<\/p>\n\n\n\n<h2 class=\"wp-block-heading\">\u00bfQu\u00e9 es un perfume ecol\u00f3gico?<\/h2>\n\n\n\n<p>Un perfume ecol\u00f3gico es aquel que se elabora utilizando ingredientes naturales y sostenibles, evitando sustancias sint\u00e9ticas y procesos que puedan da\u00f1ar el entorno. Estos <a href=\"https:\/\/www.primor.eu\/es_es\/perfumes\">perfumes <\/a>buscan minimizar su huella ecol\u00f3gica en cada etapa de su producci\u00f3n, desde la obtenci\u00f3n de materias primas hasta el envasado final.<\/p>\n\n\n\n<h2 class=\"wp-block-heading\">Claves para identificar un perfume ecol\u00f3gico<\/h2>\n\n\n\n<ol class=\"wp-block-list\">\n<li><strong>Ingredientes naturales y sostenibles<\/strong>: Los perfumes ecol\u00f3gicos se componen principalmente de aceites esenciales extra\u00eddos de plantas, flores y frutas cultivadas sin pesticidas ni fertilizantes qu\u00edmicos. Estos ingredientes no solo son m\u00e1s amigables con el medio ambiente, sino que tambi\u00e9n suelen ser m\u00e1s suaves para la piel.<\/li>\n\n\n\n<li><strong>Alcohol ecol\u00f3gico<\/strong>: El alcohol es un componente esencial en muchos perfumes. En las versiones ecol\u00f3gicas, se utiliza alcohol derivado de fuentes org\u00e1nicas, como el trigo o la ca\u00f1a de az\u00facar, cultivados de manera sostenible.<\/li>\n\n\n\n<li><strong>Certificaciones reconocidas<\/strong>: Existen diversas certificaciones que garantizan la autenticidad ecol\u00f3gica de un perfume. Algunas de las m\u00e1s reconocidas son:\n<ol class=\"wp-block-list\">\n<li><strong>Ecocert<\/strong>: Requiere que al menos el 95% de los ingredientes sean de origen natural y que un m\u00ednimo del 10% provenga de agricultura ecol\u00f3gica.<\/li>\n\n\n\n<li><strong>COSMOS Organic<\/strong>: Establece est\u00e1ndares similares a Ecocert, asegurando pr\u00e1cticas sostenibles en la producci\u00f3n.<\/li>\n\n\n\n<li><strong>Natrue<\/strong>: Certifica productos naturales y ecol\u00f3gicos, garantizando la ausencia de ingredientes sint\u00e9ticos y procesos da\u00f1inos para el medio ambiente.<\/li>\n<\/ol>\n<\/li>\n\n\n\n<li><strong>Envases sostenibles<\/strong>: Los perfumes ecol\u00f3gicos suelen presentarse en envases reciclables, reutilizables o biodegradables. Algunas marcas incluso ofrecen sistemas de recarga para reducir el desperdicio.<\/li>\n\n\n\n<li><strong>Transparencia en el etiquetado<\/strong>: Las marcas comprometidas con la sostenibilidad proporcionan informaci\u00f3n clara sobre la composici\u00f3n de sus productos, permitiendo a los consumidores tomar decisiones informadas.<\/li>\n<\/ol>\n\n\n\n<h2 class=\"wp-block-heading\">Beneficios de elegir perfumes ecol\u00f3gicos<\/h2>\n\n\n\n<ul class=\"wp-block-list\">\n<li><strong>Respeto por el medio ambiente<\/strong>. Al optar por perfumes ecol\u00f3gicos, contribuyes a la reducci\u00f3n de la contaminaci\u00f3n y al uso responsable de los recursos naturales.<\/li>\n\n\n\n<li><strong>Mejor para la piel<\/strong>. Al estar libres de sustancias sint\u00e9ticas y potencialmente irritantes, estos perfumes suelen ser m\u00e1s adecuados para personas con piel sensible.<\/li>\n\n\n\n<li><strong>Apoyo a pr\u00e1cticas \u00e9ticas<\/strong>. Muchas marcas ecol\u00f3gicas tambi\u00e9n se comprometen con el comercio justo y el bienestar animal, evitando pruebas en animales y apoyando a comunidades locales.<\/li>\n<\/ul>\n\n\n\n<h2 class=\"wp-block-heading\">\u00bfPor qu\u00e9 te recomendamos los perfumes ecol\u00f3gicos?<\/h2>\n\n\n\n<p>Por muchas razones, pero sobre todo, porque elegir un perfume ecol\u00f3gico es m\u00e1s que una decisi\u00f3n olfativa; es una declaraci\u00f3n de principios. Es demostrar que es posible disfrutar de una fragancia encantadora mientras se cuida del planeta. En Primor, nos enorgullece ofrecer una selecci\u00f3n de perfumes que no solo huelen bien, sino que tambi\u00e9n hacen el bien. Te invitamos a explorar nuestras m\u00faltiples opciones y a sumarte al movimiento de la belleza consciente para encontrar tu mejor fragancia y ese aroma que te define (y lo hace bien).&nbsp;<\/p>\n\n\n\n<h2 class=\"wp-block-heading\">Los perfumes ecol\u00f3gicos de nuestra tienda<\/h2>\n\n\n        <product-table class=\"pr-slider\">\r\n            <product-headers class=\"grid-table-rows\">\r\n                <div>Foto<\/div>\r\n                <div>Producto<\/div>\r\n                <div>Marca<\/div>\r\n                <div>Valoraciones<\/div>\r\n                <div>Precio<\/div>\r\n            <\/product-headers>\r\n\r\n            <product-list>\r\n                                    <a href=\"https:\/\/www.primor.eu\/es_es\/narciso-rodriguez-all-of-me-perfume-de-mujer-112110.html?#863=67055\" class=\"product-item grid-table-rows\" target=\"_blank\">\r\n                        <div>\r\n                            <img decoding=\"async\" class=\"product-img\" width=\"80px\" height=\"80px\" src=\"https:\/\/cdn2.primor.eu\/media\/catalog\/product\/cache\/8d3aba296f7a18b5251ee30fa5db42b2\/3\/4\/3423222080945_NR_AOM_EDP_30ml_1_c72f.jpg\" alt=\"All of Me - Perfume de mujer\">\r\n                        <\/div>\r\n\r\n                        <!-- Contenido de producto  -->\r\n                        <div>\r\n                            <div class=\"product-position\">\r\n                                #1 Top Ventas                            <\/div>\r\n\r\n                            <h2>\r\n                                All of Me - Perfume de mujer                            <\/h2>\r\n                        <\/div>\r\n\r\n                        <!-- Imagen y\/o nombre de la marca -->\r\n                        <div>\r\n                                                            <img decoding=\"async\" width=\"70\" src=\"https:\/\/www.primor.eu\/media\/catalog\/category\/narciso-rodriguez.png\" alt=\"Narciso Rodriguez\">\r\n                                                    <\/div>\r\n\r\n                        <!-- Puntuaci\u00f3n del producto  -->\r\n                        <div class=\"rating\">\r\n                                                            <div class=\"rate\" style=\"--p:98;\"><\/div>\r\n                                <b>4.9\/5<\/b>\r\n                                <div class=\"rate-stars\">\r\n                                                                            <div\r\n                                            class=\"rate-star  \">\r\n                                        <\/div>\r\n                                                                            <div\r\n                                            class=\"rate-star  \">\r\n                                        <\/div>\r\n                                                                            <div\r\n                                            class=\"rate-star  \">\r\n                                        <\/div>\r\n                                                                            <div\r\n                                            class=\"rate-star  \">\r\n                                        <\/div>\r\n                                                                            <div\r\n                                            class=\"rate-star  \">\r\n                                        <\/div>\r\n                                                                    <\/div>\r\n                                                    <\/div>\r\n\r\n                        <!-- Bot\u00f3n de producto  -->\r\n                        <div>\r\n                            <span class=\"price-claim\">\r\n                                VER PRECIO                            <\/span>\r\n                        <\/div>\r\n                    <\/a>\r\n                                    <a href=\"https:\/\/www.primor.eu\/es_es\/alvarez-gomez-spray-aromaterapia-bruma-de-almohada-52188.html\" class=\"product-item grid-table-rows\" target=\"_blank\">\r\n                        <div>\r\n                            <img decoding=\"async\" class=\"product-img\" width=\"80px\" height=\"80px\" src=\"https:\/\/cdn2.primor.eu\/media\/catalog\/product\/cache\/8d3aba296f7a18b5251ee30fa5db42b2\/6\/V\/6VA26012_1_13f3.jpg\" alt=\"Spray Aromaterapia Bruma de Almohada\">\r\n                        <\/div>\r\n\r\n                        <!-- Contenido de producto  -->\r\n                        <div>\r\n                            <div class=\"product-position\">\r\n                                #2                            <\/div>\r\n\r\n                            <h2>\r\n                                Spray Aromaterapia Bruma de Almohada                            <\/h2>\r\n                        <\/div>\r\n\r\n                        <!-- Imagen y\/o nombre de la marca -->\r\n                        <div>\r\n                                                            <img decoding=\"async\" width=\"70\" src=\"https:\/\/www.primor.eu\/media\/catalog\/category\/alvarez_gomez.jpg\" alt=\"\">\r\n                                                    <\/div>\r\n\r\n                        <!-- Puntuaci\u00f3n del producto  -->\r\n                        <div class=\"rating\">\r\n                                                            <div class=\"rate\" style=\"--p:86;\"><\/div>\r\n                                <b>4.3\/5<\/b>\r\n                                <div class=\"rate-stars\">\r\n                                                                            <div\r\n                                            class=\"rate-star  \">\r\n                                        <\/div>\r\n                                                                            <div\r\n                                            class=\"rate-star  \">\r\n                                        <\/div>\r\n                                                                            <div\r\n                                            class=\"rate-star  \">\r\n                                        <\/div>\r\n                                                                            <div\r\n                                            class=\"rate-star  \">\r\n                                        <\/div>\r\n                                                                            <div\r\n                                            class=\"rate-star  \">\r\n                                        <\/div>\r\n                                                                    <\/div>\r\n                                                    <\/div>\r\n\r\n                        <!-- Bot\u00f3n de producto  -->\r\n                        <div>\r\n                            <span class=\"price-claim\">\r\n                                VER PRECIO                            <\/span>\r\n                        <\/div>\r\n                    <\/a>\r\n                                    <a href=\"https:\/\/www.primor.eu\/es_es\/herbissimo-agua-de-colonia-lavanda-52420.html\" class=\"product-item grid-table-rows\" target=\"_blank\">\r\n                        <div>\r\n                            <img decoding=\"async\" class=\"product-img\" width=\"80px\" height=\"80px\" src=\"https:\/\/cdn2.primor.eu\/media\/catalog\/product\/cache\/8d3aba296f7a18b5251ee30fa5db42b2\/3\/A\/3AF01232_1_b8cf.jpg\" alt=\"Agua de Colonia Lavanda\">\r\n                        <\/div>\r\n\r\n                        <!-- Contenido de producto  -->\r\n                        <div>\r\n                            <div class=\"product-position\">\r\n                                #3                            <\/div>\r\n\r\n                            <h2>\r\n                                Agua de Colonia Lavanda                            <\/h2>\r\n                        <\/div>\r\n\r\n                        <!-- Imagen y\/o nombre de la marca -->\r\n                        <div>\r\n                                                            <img decoding=\"async\" width=\"70\" src=\"https:\/\/www.primor.eu\/media\/catalog\/category\/Herb_ssimo.jpg\" alt=\"\">\r\n                                                    <\/div>\r\n\r\n                        <!-- Puntuaci\u00f3n del producto  -->\r\n                        <div class=\"rating\">\r\n                                                            <div class=\"rate\" style=\"--p:98;\"><\/div>\r\n                                <b>4.9\/5<\/b>\r\n                                <div class=\"rate-stars\">\r\n                                                                            <div\r\n                                            class=\"rate-star  \">\r\n                                        <\/div>\r\n                                                                            <div\r\n                                            class=\"rate-star  \">\r\n                                        <\/div>\r\n                                                                            <div\r\n                                            class=\"rate-star  \">\r\n                                        <\/div>\r\n                                                                            <div\r\n                                            class=\"rate-star  \">\r\n                                        <\/div>\r\n                                                                            <div\r\n                                            class=\"rate-star  \">\r\n                                        <\/div>\r\n                                                                    <\/div>\r\n                                                    <\/div>\r\n\r\n                        <!-- Bot\u00f3n de producto  -->\r\n                        <div>\r\n                            <span class=\"price-claim\">\r\n                                VER PRECIO                            <\/span>\r\n                        <\/div>\r\n                    <\/a>\r\n                            <\/product-list>\r\n        <\/product-table>\r\n\r\n        \n\n\n\n<h3 class=\"wp-block-heading\">All of Me - Perfume de mujer de Narciso Rodr\u00edguez<\/h3>\n\n\n\n<p>All of Me es una fragancia sostenible con un 88% de ingredientes de origen natural. Los ingredientes naturales de este perfume vegano son todos de origen sostenible para ser m\u00e1s conscientes no s\u00f3lo del medio ambiente, sino de las comunidades locales que cultivan estos preciosos ingredientes, como el geranio bourbon, el s\u00e1ndalo y la rosa centifolia.<\/p>\n\n\n    <a class='product' target='_blank' href='https:\/\/www.primor.eu\/es_es\/narciso-rodriguez-all-of-me-perfume-de-mujer-112110.html?#863=67055'>\r\n        <img loading='async' src='https:\/\/cdn2.primor.eu\/media\/catalog\/product\/cache\/8d3aba296f7a18b5251ee30fa5db42b2\/3\/4\/3423222080945_NR_AOM_EDP_30ml_1_c72f.jpg' alt='COMPRAR AHORA'>\r\n            <div class=\"claim\">\r\n                COMPRAR AHORA            <\/div>\r\n        <\/a>\r\n    \n\n\n<h3 class=\"wp-block-heading\">Spray Aromaterapia Bruma de Almohada de \u00c1lvarez G\u00f3mez<\/h3>\n\n\n\n<p>Experimentar\u00e1s la frescura y la naturalidad en cada inhalaci\u00f3n. Su mezcla \u00fanica preserva tu aroma favorito, proporcionando una aut\u00e9ntica experiencia de naturaleza para disfrutar de los beneficios de la aromaterapia gracias a sus propiedades relajantes que mejoran el sue\u00f1o, la concentraci\u00f3n y el estado de \u00e1nimo.<\/p>\n\n\n    <a class='product' target='_blank' href='https:\/\/www.primor.eu\/es_es\/alvarez-gomez-spray-aromaterapia-bruma-de-almohada-52188.html'>\r\n        <img loading='async' src='https:\/\/cdn2.primor.eu\/media\/catalog\/product\/cache\/8d3aba296f7a18b5251ee30fa5db42b2\/6\/V\/6VA26012_1_13f3.jpg' alt='COMPRAR AHORA'>\r\n            <div class=\"claim\">\r\n                COMPRAR AHORA            <\/div>\r\n        <\/a>\r\n    \n\n\n<h3 class=\"wp-block-heading\">Agua de Colonia Lavanda de Herb\u00edssimo<\/h3>\n\n\n\n<p>Una fragancia agradable, refrescante, tonificante y relajante ya que aporta las propiedades beneficiosas de la lavanda para nuestro bienestar.<\/p>\n\n\n\n<p>La perfumer\u00eda Dana fue fundada originalmente por Javier Serra en 1932, en Espa\u00f1a, pero desde entonces la empresa se ha trasladado a Par\u00eds y luego a los Estados Unidos. Llamada as\u00ed en honor a la supuesta belleza griega Danae, la marca representa la belleza fresca y el estilo cl\u00e1sico. Conocidas en Europa, las fragancias son perfumes b\u00e1sicos para aquellos que disfrutan de la notable mezcla de originalidad y clase.<\/p>\n\n\n    <a class='product' target='_blank' href='https:\/\/www.primor.eu\/es_es\/herbissimo-agua-de-colonia-lavanda-52420.html'>\r\n        <img loading='async' src='https:\/\/cdn2.primor.eu\/media\/catalog\/product\/cache\/8d3aba296f7a18b5251ee30fa5db42b2\/3\/A\/3AF01232_1_b8cf.jpg' alt='COMPRAR AHORA'>\r\n            <div class=\"claim\">\r\n                COMPRAR AHORA            <\/div>\r\n        <\/a>\r\n    \n\n<div class=\"kk-star-ratings kksr-auto kksr-align-center kksr-valign-bottom\"\n    data-payload='{&quot;align&quot;:&quot;center&quot;,&quot;id&quot;:&quot;125685&quot;,&quot;slug&quot;:&quot;default&quot;,&quot;valign&quot;:&quot;bottom&quot;,&quot;ignore&quot;:&quot;&quot;,&quot;reference&quot;:&quot;auto&quot;,&quot;class&quot;:&quot;&quot;,&quot;count&quot;:&quot;1&quot;,&quot;legendonly&quot;:&quot;&quot;,&quot;readonly&quot;:&quot;&quot;,&quot;score&quot;:&quot;5&quot;,&quot;starsonly&quot;:&quot;&quot;,&quot;best&quot;:&quot;5&quot;,&quot;gap&quot;:&quot;5&quot;,&quot;greet&quot;:&quot;Valora este art\u00edculo&quot;,&quot;legend&quot;:&quot;5\\\/5 - (1 voto)&quot;,&quot;size&quot;:&quot;24&quot;,&quot;title&quot;:&quot;Perfumes ecol\u00f3gicos: c\u00f3mo saber cu\u00e1les lo son&quot;,&quot;width&quot;:&quot;142.5&quot;,&quot;_legend&quot;:&quot;{score}\\\/{best} - ({count} {votes})&quot;,&quot;font_factor&quot;:&quot;1.25&quot;}'>\n            \n<div class=\"kksr-stars\">\n    \n<div class=\"kksr-stars-inactive\">\n            <div class=\"kksr-star\" data-star=\"1\" style=\"padding-right: 5px\">\n            \n\n<div class=\"kksr-icon\" style=\"width: 24px; height: 24px;\"><\/div>\n        <\/div>\n            <div class=\"kksr-star\" data-star=\"2\" style=\"padding-right: 5px\">\n            \n\n<div class=\"kksr-icon\" style=\"width: 24px; height: 24px;\"><\/div>\n        <\/div>\n            <div class=\"kksr-star\" data-star=\"3\" style=\"padding-right: 5px\">\n            \n\n<div class=\"kksr-icon\" style=\"width: 24px; height: 24px;\"><\/div>\n        <\/div>\n            <div class=\"kksr-star\" data-star=\"4\" style=\"padding-right: 5px\">\n            \n\n<div class=\"kksr-icon\" style=\"width: 24px; height: 24px;\"><\/div>\n        <\/div>\n            <div class=\"kksr-star\" data-star=\"5\" style=\"padding-right: 5px\">\n            \n\n<div class=\"kksr-icon\" style=\"width: 24px; height: 24px;\"><\/div>\n        <\/div>\n    <\/div>\n    \n<div class=\"kksr-stars-active\" style=\"width: 142.5px;\">\n            <div class=\"kksr-star\" style=\"padding-right: 5px\">\n            \n\n<div class=\"kksr-icon\" style=\"width: 24px; height: 24px;\"><\/div>\n        <\/div>\n            <div class=\"kksr-star\" style=\"padding-right: 5px\">\n            \n\n<div class=\"kksr-icon\" style=\"width: 24px; height: 24px;\"><\/div>\n        <\/div>\n            <div class=\"kksr-star\" style=\"padding-right: 5px\">\n            \n\n<div class=\"kksr-icon\" style=\"width: 24px; height: 24px;\"><\/div>\n        <\/div>\n            <div class=\"kksr-star\" style=\"padding-right: 5px\">\n            \n\n<div class=\"kksr-icon\" style=\"width: 24px; height: 24px;\"><\/div>\n        <\/div>\n            <div class=\"kksr-star\" style=\"padding-right: 5px\">\n            \n\n<div class=\"kksr-icon\" style=\"width: 24px; height: 24px;\"><\/div>\n        <\/div>\n    <\/div>\n<\/div>\n                \n\n<div class=\"kksr-legend\" style=\"font-size: 19.2px;\">\n            5\/5 - (1 voto)    <\/div>\n    <\/div>\n","protected":false},"excerpt":{"rendered":"<p>Hay aromas que nos transportan a recuerdos, lugares o emociones. Pero tambi\u00e9n hay fragancias que nos conectan con algo a\u00fan m\u00e1s profundo: el compromiso con el planeta. En un mundo donde la sostenibilidad se ha convertido en una prioridad, los perfumes ecol\u00f3gicos emergen como una opci\u00f3n consciente para quienes desean disfrutar de una fragancia sin [&hellip;]<\/p>\n","protected":false},"author":14,"featured_media":125713,"comment_status":"closed","ping_status":"closed","sticky":false,"template":"","format":"standard","meta":{"jnews-multi-image_gallery":[],"jnews_single_post":{"format":"standard"},"jnews_primary_category":[],"jnews_social_meta":[],"jnews_override_counter":[],"footnotes":""},"categories":[33],"tags":[],"class_list":["post-125685","post","type-post","status-publish","format-standard","has-post-thumbnail","hentry","category-perfumes"],"_links":{"self":[{"href":"https:\/\/www.primor.eu\/blog\/wp-json\/wp\/v2\/posts\/125685","targetHints":{"allow":["GET"]}}],"collection":[{"href":"https:\/\/www.primor.eu\/blog\/wp-json\/wp\/v2\/posts"}],"about":[{"href":"https:\/\/www.primor.eu\/blog\/wp-json\/wp\/v2\/types\/post"}],"author":[{"embeddable":true,"href":"https:\/\/www.primor.eu\/blog\/wp-json\/wp\/v2\/users\/14"}],"replies":[{"embeddable":true,"href":"https:\/\/www.primor.eu\/blog\/wp-json\/wp\/v2\/comments?post=125685"}],"version-history":[{"count":4,"href":"https:\/\/www.primor.eu\/blog\/wp-json\/wp\/v2\/posts\/125685\/revisions"}],"predecessor-version":[{"id":141206,"href":"https:\/\/www.primor.eu\/blog\/wp-json\/wp\/v2\/posts\/125685\/revisions\/141206"}],"wp:featuredmedia":[{"embeddable":true,"href":"https:\/\/www.primor.eu\/blog\/wp-json\/wp\/v2\/media\/125713"}],"wp:attachment":[{"href":"https:\/\/www.primor.eu\/blog\/wp-json\/wp\/v2\/media?parent=125685"}],"wp:term":[{"taxonomy":"category","embeddable":true,"href":"https:\/\/www.primor.eu\/blog\/wp-json\/wp\/v2\/categories?post=125685"},{"taxonomy":"post_tag","embeddable":true,"href":"https:\/\/www.primor.eu\/blog\/wp-json\/wp\/v2\/tags?post=125685"}],"curies":[{"name":"wp","href":"https:\/\/api.w.org\/{rel}","templated":true}]}}