{"id":125079,"date":"2025-05-02T09:23:59","date_gmt":"2025-05-02T09:23:59","guid":{"rendered":"https:\/\/www.primor.eu\/blog\/?p=125079"},"modified":"2026-04-14T07:36:54","modified_gmt":"2026-04-14T07:36:54","slug":"mejores-marcas-sostenibles","status":"publish","type":"post","link":"https:\/\/www.primor.eu\/blog\/mejores-marcas-sostenibles\/","title":{"rendered":"Las 5 mejores marcas sostenibles que puedes encontrar en el mercado de 2026"},"content":{"rendered":"\n<p>Hablar de <strong>sostenibilidad<\/strong> ya no es una moda. Es una responsabilidad. Es esa conversaci\u00f3n que empez\u00f3 en voz baja y que ahora grita fuerte desde los lineales de nuestras tiendas, los neceseres de viaje y las <a href=\"https:\/\/www.primor.eu\/blog\/habitos-rutina-sobrevivir-examenes-2\/?srsltid=AfmBOoowv5LIL-BGv2n-6V2rzNk-SFw5NhOmQQeLBRE4Smk1DVJ8TT3S\" data-type=\"link\" data-id=\"https:\/\/www.primor.eu\/blog\/habitos-rutina-sobrevivir-examenes-2\/?srsltid=AfmBOoowv5LIL-BGv2n-6V2rzNk-SFw5NhOmQQeLBRE4Smk1DVJ8TT3S\"><strong>rutinas beauty<\/strong> <\/a>de cada d\u00eda. Porque s\u00ed, podemos mimarnos, cuidarnos, maquillarnos y oler incre\u00edble\u2026 pero tambi\u00e9n podemos hacerlo de <strong>forma consciente<\/strong>. Y en 2025, las marcas lo saben mejor que nunca.<\/p>\n\n\n\n<p>La belleza sostenible es el presente que todas queremos abrazar. Una manera de decirle al mundo \u201cme importas\u201d sin renunciar a la eficacia, al lujo o a la sensorialidad. Ingredientes de origen \u00e9tico, envases reciclables, f\u00f3rmulas veganas, procesos limpios y marcas que no solo prometen: tambi\u00e9n cumplen. Y cada vez hay m\u00e1s opciones que merecen su lugar en nuestro tocador (y en nuestro coraz\u00f3n).<\/p>\n\n\n\n<p>En este escenario, algunas firmas han dado un paso al frente, marcando tendencia y dejando claro que el futuro de la cosm\u00e9tica es verde, s\u00ed, pero tambi\u00e9n efectivo y precioso. Son marcas que no solo cuidan tu piel, sino tambi\u00e9n el planeta. Y lo hacen con innovaci\u00f3n, con compromiso y, sobre todo, con transparencia. Porque hoy, la belleza que no es consciente, simplemente no es suficiente.<\/p>\n\n\n\n<h2 class=\"wp-block-heading\">Las 5 mejores marcas sostenibles de 2026<\/h2>\n\n\n\n<h3 class=\"wp-block-heading\">Ecobeauty: Belleza natural con conciencia real<\/h3>\n\n\n\n<p>Ecobeauty no solo cuida tu piel; tambi\u00e9n cuida del planeta. Cada f\u00f3rmula est\u00e1 pensada desde el respeto por la naturaleza, apostando por ingredientes vegetales que realmente funcionan. Su compromiso con lo natural va m\u00e1s all\u00e1 del etiquetado: jabones sin artificios, aceites puros y rutinas conscientes que elevan tu piel sin dejar huella en el medio ambiente. Porque la sostenibilidad, cuando es aut\u00e9ntica, se nota incluso en lo m\u00e1s simple.<\/p>\n\n\n\n<div class=\"wp-block-buttons is-content-justification-center is-layout-flex wp-container-core-buttons-is-layout-16018d1d wp-block-buttons-is-layout-flex\">\n<div class=\"wp-block-button\"><a class=\"wp-block-button__link has-vivid-red-background-color has-background has-text-align-center wp-element-button\" href=\"https:\/\/www.primor.eu\/es_es\/ecobeauty\">SABER M\u00c1S<\/a><\/div>\n<\/div>\n\n\n\n<h3 class=\"wp-block-heading\">Arganour: Transparencia, pureza y respeto<\/h3>\n\n\n\n<p>Arganour es sin\u00f3nimo de belleza sin filtros. Esta marca andaluza se toma en serio la sostenibilidad: sus productos son 100 % naturales, sin parabenos, sin siliconas, sin micropl\u00e1sticos y libres de derivados del petr\u00f3leo. Y lo mejor, lo hacen con trazabilidad total y certificaciones ecol\u00f3gicas que respaldan cada paso. Porque cuidar la piel tambi\u00e9n implica cuidar c\u00f3mo y con qu\u00e9 se elabora lo que nos ponemos sobre ella.<\/p>\n\n\n\n<div class=\"wp-block-buttons is-content-justification-center is-layout-flex wp-container-core-buttons-is-layout-16018d1d wp-block-buttons-is-layout-flex\">\n<div class=\"wp-block-button\"><a class=\"wp-block-button__link has-vivid-red-background-color has-background has-text-align-center wp-element-button\" href=\"https:\/\/www.primor.eu\/es_es\/arganour\">SABER M\u00c1S<\/a><\/div>\n<\/div>\n\n\n\n<h3 class=\"wp-block-heading\">Dr. Hauschka: Pioneros en la cosm\u00e9tica biodin\u00e1mica&nbsp;<\/h3>\n\n\n\n<p>Dr. Hauschka lleva d\u00e9cadas demostrando que ciencia y naturaleza no solo pueden convivir, sino complementarse a la perfecci\u00f3n. Con cultivos biodin\u00e1micos, procesos de producci\u00f3n sostenibles y un profundo respeto por el equilibrio del ecosistema, sus cosm\u00e9ticos son una sinergia real entre innovaci\u00f3n y compromiso ecol\u00f3gico. Una belleza consciente que no solo transforma tu piel, sino tambi\u00e9n la forma en la que entendemos el cuidado.<\/p>\n\n\n\n<div class=\"wp-block-buttons is-content-justification-center is-layout-flex wp-container-core-buttons-is-layout-16018d1d wp-block-buttons-is-layout-flex\">\n<div class=\"wp-block-button\"><a class=\"wp-block-button__link has-vivid-red-background-color has-background has-text-align-center wp-element-button\" href=\"https:\/\/www.primor.eu\/es_es\/doctor-hauschka\">SABER M\u00c1S<\/a><\/div>\n<\/div>\n\n\n\n<h3 class=\"wp-block-heading\">Green Pharmacy: F\u00f3rmulas sencillas, compromiso profundo<\/h3>\n\n\n\n<p>Green Pharmacy apuesta por lo esencial: ingredientes de origen natural, f\u00f3rmulas efectivas y un enfoque respetuoso con tu piel y el entorno. Esta marca entiende que la sostenibilidad est\u00e1 en lo cotidiano: en productos bien formulados, accesibles y pensados para cuidar sin exceso, sin residuos innecesarios, sin complicaciones. La belleza que empieza por dentro, con coherencia y respeto.<\/p>\n\n\n\n<div class=\"wp-block-buttons is-content-justification-center is-layout-flex wp-container-core-buttons-is-layout-16018d1d wp-block-buttons-is-layout-flex\">\n<div class=\"wp-block-button\"><a class=\"wp-block-button__link has-vivid-red-background-color has-background has-text-align-center wp-element-button\" href=\"https:\/\/www.primor.eu\/es_es\/green-pharmacy\">SABER M\u00c1S<\/a><\/div>\n<\/div>\n\n\n\n<h3 class=\"wp-block-heading\">Himalaya: Tradici\u00f3n herbal al servicio del planeta<\/h3>\n\n\n\n<p>Desde hace m\u00e1s de 90 a\u00f1os, Himalaya se inspira en la sabidur\u00eda de la naturaleza para crear productos eficaces y responsables. Su enfoque combina el poder de la fitoterapia con pr\u00e1cticas sostenibles en cada fase: desde el cultivo de sus ingredientes hasta su compromiso con la biodiversidad y el bienestar social. Cuando una marca lleva tanto tiempo en armon\u00eda con la tierra, se nota en cada f\u00f3rmula.<\/p>\n\n\n\n<div class=\"wp-block-buttons is-content-justification-center is-layout-flex wp-container-core-buttons-is-layout-16018d1d wp-block-buttons-is-layout-flex\">\n<div class=\"wp-block-button\"><a class=\"wp-block-button__link has-vivid-red-background-color has-background has-text-align-center wp-element-button\" href=\"https:\/\/www.primor.eu\/es_es\/himalaya\">SABER M\u00c1S<\/a><\/div>\n<\/div>\n\n\n\n<h2 class=\"wp-block-heading\">Los mejores productos de estas marcas<\/h2>\n\n\n        <product-table class=\"pr-slider\">\r\n            <product-headers class=\"grid-table-rows\">\r\n                <div>Foto<\/div>\r\n                <div>Producto<\/div>\r\n                <div>Marca<\/div>\r\n                <div>Valoraciones<\/div>\r\n                <div>Precio<\/div>\r\n            <\/product-headers>\r\n\r\n            <product-list>\r\n                                    <a href=\"https:\/\/www.primor.eu\/es_es\/ecobeauty-aceite-de-almendras-dulces-14447.html\" class=\"product-item grid-table-rows\" target=\"_blank\">\r\n                        <div>\r\n                            <img decoding=\"async\" class=\"product-img\" width=\"80px\" height=\"80px\" src=\"https:\/\/cdn2.primor.eu\/media\/catalog\/product\/cache\/8d3aba296f7a18b5251ee30fa5db42b2\/6\/X\/6XS04697_1_3b78.jpg\" alt=\"Aceite de Almendras Dulces\">\r\n                        <\/div>\r\n\r\n                        <!-- Contenido de producto  -->\r\n                        <div>\r\n                            <div class=\"product-position\">\r\n                                #1 Top Ventas                            <\/div>\r\n\r\n                            <h2>\r\n                                Aceite de Almendras Dulces                            <\/h2>\r\n                        <\/div>\r\n\r\n                        <!-- Imagen y\/o nombre de la marca -->\r\n                        <div>\r\n                                                            <img decoding=\"async\" width=\"70\" src=\"https:\/\/www.primor.eu\/media\/catalog\/category\/eco_beauty.jpg\" alt=\"\">\r\n                                                    <\/div>\r\n\r\n                        <!-- Puntuaci\u00f3n del producto  -->\r\n                        <div class=\"rating\">\r\n                                                            <div class=\"rate\" style=\"--p:96;\"><\/div>\r\n                                <b>4.8\/5<\/b>\r\n                                <div class=\"rate-stars\">\r\n                                                                            <div\r\n                                            class=\"rate-star  \">\r\n                                        <\/div>\r\n                                                                            <div\r\n                                            class=\"rate-star  \">\r\n                                        <\/div>\r\n                                                                            <div\r\n                                            class=\"rate-star  \">\r\n                                        <\/div>\r\n                                                                            <div\r\n                                            class=\"rate-star  \">\r\n                                        <\/div>\r\n                                                                            <div\r\n                                            class=\"rate-star  \">\r\n                                        <\/div>\r\n                                                                    <\/div>\r\n                                                    <\/div>\r\n\r\n                        <!-- Bot\u00f3n de producto  -->\r\n                        <div>\r\n                            <span class=\"price-claim\">\r\n                                VER PRECIO                            <\/span>\r\n                        <\/div>\r\n                    <\/a>\r\n                                    <a href=\"https:\/\/www.primor.eu\/es_es\/arganour-crema-anti-aging-dia-100-natural-14588.html\" class=\"product-item grid-table-rows\" target=\"_blank\">\r\n                        <div>\r\n                            <img decoding=\"async\" class=\"product-img\" width=\"80px\" height=\"80px\" src=\"https:\/\/cdn2.primor.eu\/media\/catalog\/product\/cache\/8d3aba296f7a18b5251ee30fa5db42b2\/8\/4\/8435438600157_d510.png\" alt=\"Crema Facial de D\u00eda piel normal y seca\">\r\n                        <\/div>\r\n\r\n                        <!-- Contenido de producto  -->\r\n                        <div>\r\n                            <div class=\"product-position\">\r\n                                #2                            <\/div>\r\n\r\n                            <h2>\r\n                                Crema Facial de D\u00eda piel normal y seca                            <\/h2>\r\n                        <\/div>\r\n\r\n                        <!-- Imagen y\/o nombre de la marca -->\r\n                        <div>\r\n                                                            <img decoding=\"async\" width=\"70\" src=\"https:\/\/www.primor.eu\/media\/catalog\/category\/arganour.jpg\" alt=\"\">\r\n                                                    <\/div>\r\n\r\n                        <!-- Puntuaci\u00f3n del producto  -->\r\n                        <div class=\"rating\">\r\n                                                            <div class=\"rate\" style=\"--p:86;\"><\/div>\r\n                                <b>4.3\/5<\/b>\r\n                                <div class=\"rate-stars\">\r\n                                                                            <div\r\n                                            class=\"rate-star  \">\r\n                                        <\/div>\r\n                                                                            <div\r\n                                            class=\"rate-star  \">\r\n                                        <\/div>\r\n                                                                            <div\r\n                                            class=\"rate-star  \">\r\n                                        <\/div>\r\n                                                                            <div\r\n                                            class=\"rate-star  \">\r\n                                        <\/div>\r\n                                                                            <div\r\n                                            class=\"rate-star  \">\r\n                                        <\/div>\r\n                                                                    <\/div>\r\n                                                    <\/div>\r\n\r\n                        <!-- Bot\u00f3n de producto  -->\r\n                        <div>\r\n                            <span class=\"price-claim\">\r\n                                VER PRECIO                            <\/span>\r\n                        <\/div>\r\n                    <\/a>\r\n                                    <a href=\"https:\/\/www.primor.eu\/es_es\/doctor-hauschka-tonico-facial-especial-14541.html\" class=\"product-item grid-table-rows\" target=\"_blank\">\r\n                        <div>\r\n                            <img decoding=\"async\" class=\"product-img\" width=\"80px\" height=\"80px\" src=\"https:\/\/cdn2.primor.eu\/media\/catalog\/product\/cache\/8d3aba296f7a18b5251ee30fa5db42b2\/4\/0\/4020829005280_1_25eb.jpg\" alt=\"T\u00f3nico Facial Especial\">\r\n                        <\/div>\r\n\r\n                        <!-- Contenido de producto  -->\r\n                        <div>\r\n                            <div class=\"product-position\">\r\n                                #3                            <\/div>\r\n\r\n                            <h2>\r\n                                T\u00f3nico Facial Especial                            <\/h2>\r\n                        <\/div>\r\n\r\n                        <!-- Imagen y\/o nombre de la marca -->\r\n                        <div>\r\n                                                            <img decoding=\"async\" width=\"70\" src=\"https:\/\/www.primor.eu\/media\/catalog\/category\/Doctor-Hauschka.jpg\" alt=\"\">\r\n                                                    <\/div>\r\n\r\n                        <!-- Puntuaci\u00f3n del producto  -->\r\n                        <div class=\"rating\">\r\n                                                            <div class=\"rate\" style=\"--p:100;\"><\/div>\r\n                                <b>5\/5<\/b>\r\n                                <div class=\"rate-stars\">\r\n                                                                            <div\r\n                                            class=\"rate-star  \">\r\n                                        <\/div>\r\n                                                                            <div\r\n                                            class=\"rate-star  \">\r\n                                        <\/div>\r\n                                                                            <div\r\n                                            class=\"rate-star  \">\r\n                                        <\/div>\r\n                                                                            <div\r\n                                            class=\"rate-star  \">\r\n                                        <\/div>\r\n                                                                            <div\r\n                                            class=\"rate-star  \">\r\n                                        <\/div>\r\n                                                                    <\/div>\r\n                                                    <\/div>\r\n\r\n                        <!-- Bot\u00f3n de producto  -->\r\n                        <div>\r\n                            <span class=\"price-claim\">\r\n                                VER PRECIO                            <\/span>\r\n                        <\/div>\r\n                    <\/a>\r\n                                    <a href=\"https:\/\/www.primor.eu\/es_es\/green-pharmacy-serum-para-puntas-abiertas-seda-liquida-137209.html\" class=\"product-item grid-table-rows\" target=\"_blank\">\r\n                        <div>\r\n                            <img decoding=\"async\" class=\"product-img\" width=\"80px\" height=\"80px\" src=\"https:\/\/cdn2.primor.eu\/media\/catalog\/product\/cache\/8d3aba296f7a18b5251ee30fa5db42b2\/g\/r\/green_48e6.JPG\" alt=\"S\u00e9rum para Puntas Abiertas Seda L\u00edquida\">\r\n                        <\/div>\r\n\r\n                        <!-- Contenido de producto  -->\r\n                        <div>\r\n                            <div class=\"product-position\">\r\n                                #4                            <\/div>\r\n\r\n                            <h2>\r\n                                S\u00e9rum para Puntas Abiertas Seda L\u00edquida                            <\/h2>\r\n                        <\/div>\r\n\r\n                        <!-- Imagen y\/o nombre de la marca -->\r\n                        <div>\r\n                                                            <img decoding=\"async\" width=\"70\" src=\"https:\/\/www.primor.eu\/media\/catalog\/category\/GREEN-PHARMACY.jpg\" alt=\"\">\r\n                                                    <\/div>\r\n\r\n                        <!-- Puntuaci\u00f3n del producto  -->\r\n                        <div class=\"rating\">\r\n                                                            <div class=\"rate\" style=\"--p:100;\"><\/div>\r\n                                <b>5\/5<\/b>\r\n                                <div class=\"rate-stars\">\r\n                                                                            <div\r\n                                            class=\"rate-star  \">\r\n                                        <\/div>\r\n                                                                            <div\r\n                                            class=\"rate-star  \">\r\n                                        <\/div>\r\n                                                                            <div\r\n                                            class=\"rate-star  \">\r\n                                        <\/div>\r\n                                                                            <div\r\n                                            class=\"rate-star  \">\r\n                                        <\/div>\r\n                                                                            <div\r\n                                            class=\"rate-star  \">\r\n                                        <\/div>\r\n                                                                    <\/div>\r\n                                                    <\/div>\r\n\r\n                        <!-- Bot\u00f3n de producto  -->\r\n                        <div>\r\n                            <span class=\"price-claim\">\r\n                                VER PRECIO                            <\/span>\r\n                        <\/div>\r\n                    <\/a>\r\n                                    <a href=\"https:\/\/www.primor.eu\/es_es\/himalaya-jabon-ayurvedico-sandalo-95650.html\" class=\"product-item grid-table-rows\" target=\"_blank\">\r\n                        <div>\r\n                            <img decoding=\"async\" class=\"product-img\" width=\"80px\" height=\"80px\" src=\"https:\/\/cdn2.primor.eu\/media\/catalog\/product\/cache\/8d3aba296f7a18b5251ee30fa5db42b2\/m\/y\/mydlo_ajurwedyjskie_z_olejkiem_sandalowym_125g_92ce.jpg\" alt=\"Jab\u00f3n Ayurv\u00e9dico S\u00e1ndalo\">\r\n                        <\/div>\r\n\r\n                        <!-- Contenido de producto  -->\r\n                        <div>\r\n                            <div class=\"product-position\">\r\n                                #5                            <\/div>\r\n\r\n                            <h2>\r\n                                Jab\u00f3n Ayurv\u00e9dico S\u00e1ndalo                            <\/h2>\r\n                        <\/div>\r\n\r\n                        <!-- Imagen y\/o nombre de la marca -->\r\n                        <div>\r\n                                                            <img decoding=\"async\" width=\"70\" src=\"https:\/\/www.primor.eu\/media\/catalog\/category\/Himalaya.jpg\" alt=\"\">\r\n                                                    <\/div>\r\n\r\n                        <!-- Puntuaci\u00f3n del producto  -->\r\n                        <div class=\"rating\">\r\n                                                            <div class=\"rate\" style=\"--p:90;\"><\/div>\r\n                                <b>4.5\/5<\/b>\r\n                                <div class=\"rate-stars\">\r\n                                                                            <div\r\n                                            class=\"rate-star  \">\r\n                                        <\/div>\r\n                                                                            <div\r\n                                            class=\"rate-star  \">\r\n                                        <\/div>\r\n                                                                            <div\r\n                                            class=\"rate-star  \">\r\n                                        <\/div>\r\n                                                                            <div\r\n                                            class=\"rate-star  \">\r\n                                        <\/div>\r\n                                                                            <div\r\n                                            class=\"rate-star  middle\">\r\n                                        <\/div>\r\n                                                                    <\/div>\r\n                                                    <\/div>\r\n\r\n                        <!-- Bot\u00f3n de producto  -->\r\n                        <div>\r\n                            <span class=\"price-claim\">\r\n                                VER PRECIO                            <\/span>\r\n                        <\/div>\r\n                    <\/a>\r\n                            <\/product-list>\r\n        <\/product-table>\r\n\r\n        \n\n\n\n<h3 class=\"wp-block-heading\">Aceite de Almendras Dulces de Eco Beauty<\/h3>\n\n\n\n<p>El aceite de Almendras dulces de Ecobeauty es un aceite con gran cantidad de \u00e1cidos grasos insaturados que lo convierten en un producto altamente nutritivo e hidratante. Est\u00e1 indicado para todo tipo de pieles, incluso para las m\u00e1s sensibles como la de los bebes. Esto es debido a sus propiedades emolientes.<\/p>\n\n\n    <a class='product' target='_blank' href='https:\/\/www.primor.eu\/es_es\/ecobeauty-aceite-de-almendras-dulces-14447.html'>\r\n        <img loading='async' src='https:\/\/cdn2.primor.eu\/media\/catalog\/product\/cache\/8d3aba296f7a18b5251ee30fa5db42b2\/6\/X\/6XS04697_1_3b78.jpg' alt='COMPRAR AHORA'>\r\n            <div class=\"claim\">\r\n                COMPRAR AHORA            <\/div>\r\n        <\/a>\r\n    \n\n\n<h3 class=\"wp-block-heading\">Crema Antiedad de D\u00eda de Arganour<\/h3>\n\n\n\n<p>Esta crema facial de d\u00eda nutre e hidrata en profundidad, mejorando la elasticidad, firmeza y suavidad de la piel. No solo act\u00faa como una crema hidratante, sino que tambi\u00e9n combate los signos del envejecimiento al reparar las c\u00e9lulas da\u00f1adas y proteger la piel de agresores externos. Recomendada para pieles normales y secas.<\/p>\n\n\n    <a class='product' target='_blank' href='https:\/\/www.primor.eu\/es_es\/arganour-crema-anti-aging-dia-100-natural-14588.html'>\r\n        <img loading='async' src='https:\/\/cdn2.primor.eu\/media\/catalog\/product\/cache\/8d3aba296f7a18b5251ee30fa5db42b2\/8\/4\/8435438600157_d510.png' alt='COMPRAR AHORA'>\r\n            <div class=\"claim\">\r\n                COMPRAR AHORA            <\/div>\r\n        <\/a>\r\n    \n\n\n<h3 class=\"wp-block-heading\">T\u00f3nico Facial de Doctor Hauschka<\/h3>\n\n\n\n<p>Es el cuidado b\u00e1sico fortalecedor ideal para la piel normal, seca, sensible que necesita regeneraci\u00f3n. Su f\u00f3rmula, con hamamelis y anthyllis, estimula el metabolismo de la piel, aport\u00e1ndole frescura y vitalidad.<\/p>\n\n\n    <a class='product' target='_blank' href='https:\/\/www.primor.eu\/es_es\/doctor-hauschka-tonico-facial-especial-14541.html'>\r\n        <img loading='async' src='https:\/\/cdn2.primor.eu\/media\/catalog\/product\/cache\/8d3aba296f7a18b5251ee30fa5db42b2\/4\/0\/4020829005280_1_25eb.jpg' alt='COMPRAR AHORA'>\r\n            <div class=\"claim\">\r\n                COMPRAR AHORA            <\/div>\r\n        <\/a>\r\n    \n\n\n<h3 class=\"wp-block-heading\">S\u00e9rum para Puntas Abiertas Seda L\u00edquida de Green Pharmacy<\/h3>\n\n\n\n<p>F\u00f3rmula no grasa con Aloe Vera, Aceite de Camelia y Aceite de Arroz. Repara, hidrata y aporta brillo sedoso al cabello.<\/p>\n\n\n\n<p>Descubre el poder del S\u00e9rum Seda L\u00edquida para Puntas de Green Pharmacy, un concentrado natural y ligero dise\u00f1ado para el cuidado intensivo del cabello seco, da\u00f1ado y con puntas abiertas.<\/p>\n\n\n\n<p>Este tratamiento de belleza capilar ha sido formulado con una rica combinaci\u00f3n de extractos bot\u00e1nicos y aceites esenciales que act\u00faan profundamente en la fibra capilar, ofreciendo una protecci\u00f3n superior y resultados visibles.<\/p>\n\n\n    <a class='product' target='_blank' href='https:\/\/www.primor.eu\/es_es\/green-pharmacy-serum-para-puntas-abiertas-seda-liquida-137209.html'>\r\n        <img loading='async' src='https:\/\/cdn2.primor.eu\/media\/catalog\/product\/cache\/8d3aba296f7a18b5251ee30fa5db42b2\/g\/r\/green_48e6.JPG' alt='COMPRAR AHORA'>\r\n            <div class=\"claim\">\r\n                COMPRAR AHORA            <\/div>\r\n        <\/a>\r\n    \n\n\n<h3 class=\"wp-block-heading\">Jab\u00f3n Ayurv\u00e9dico S\u00e1ndalo de Himalaya<\/h3>\n\n\n\n<p>El jab\u00f3n ayurv\u00e9dico s\u00e1ndalo resplandeciente de HIMALAYA est\u00e1 especialmente fabricado con Chandanadi Ropana Taila, un ac\u00e9ite ayurv\u00e9dico tradicional que contiene uno de los ingredientes mas exclusivos, S\u00e1ndalo puro, atesorado en la India por su aroma duradero y sus propiedades suavizantes para la piel. Esta formulaci\u00f3n \u00fanica nutre, protege y ayuda a rejuvenecer la piel, dej\u00e1ndola saludable y brillante de forma natural.<\/p>\n\n\n    <a class='product' target='_blank' href='https:\/\/www.primor.eu\/es_es\/himalaya-jabon-ayurvedico-sandalo-95650.html'>\r\n        <img loading='async' src='https:\/\/cdn2.primor.eu\/media\/catalog\/product\/cache\/8d3aba296f7a18b5251ee30fa5db42b2\/m\/y\/mydlo_ajurwedyjskie_z_olejkiem_sandalowym_125g_92ce.jpg' alt='COMPRAR AHORA'>\r\n            <div class=\"claim\">\r\n                COMPRAR AHORA            <\/div>\r\n        <\/a>\r\n    \n\n<div class=\"kk-star-ratings kksr-auto kksr-align-center kksr-valign-bottom\"\n    data-payload='{&quot;align&quot;:&quot;center&quot;,&quot;id&quot;:&quot;125079&quot;,&quot;slug&quot;:&quot;default&quot;,&quot;valign&quot;:&quot;bottom&quot;,&quot;ignore&quot;:&quot;&quot;,&quot;reference&quot;:&quot;auto&quot;,&quot;class&quot;:&quot;&quot;,&quot;count&quot;:&quot;0&quot;,&quot;legendonly&quot;:&quot;&quot;,&quot;readonly&quot;:&quot;&quot;,&quot;score&quot;:&quot;0&quot;,&quot;starsonly&quot;:&quot;&quot;,&quot;best&quot;:&quot;5&quot;,&quot;gap&quot;:&quot;5&quot;,&quot;greet&quot;:&quot;Valora este art\u00edculo&quot;,&quot;legend&quot;:&quot;0\\\/5 - (0 votos)&quot;,&quot;size&quot;:&quot;24&quot;,&quot;title&quot;:&quot;Las 5 mejores marcas sostenibles que puedes encontrar en el mercado de 2026&quot;,&quot;width&quot;:&quot;0&quot;,&quot;_legend&quot;:&quot;{score}\\\/{best} - ({count} {votes})&quot;,&quot;font_factor&quot;:&quot;1.25&quot;}'>\n            \n<div class=\"kksr-stars\">\n    \n<div class=\"kksr-stars-inactive\">\n            <div class=\"kksr-star\" data-star=\"1\" style=\"padding-right: 5px\">\n            \n\n<div class=\"kksr-icon\" style=\"width: 24px; height: 24px;\"><\/div>\n        <\/div>\n            <div class=\"kksr-star\" data-star=\"2\" style=\"padding-right: 5px\">\n            \n\n<div class=\"kksr-icon\" style=\"width: 24px; height: 24px;\"><\/div>\n        <\/div>\n            <div class=\"kksr-star\" data-star=\"3\" style=\"padding-right: 5px\">\n            \n\n<div class=\"kksr-icon\" style=\"width: 24px; height: 24px;\"><\/div>\n        <\/div>\n            <div class=\"kksr-star\" data-star=\"4\" style=\"padding-right: 5px\">\n            \n\n<div class=\"kksr-icon\" style=\"width: 24px; height: 24px;\"><\/div>\n        <\/div>\n            <div class=\"kksr-star\" data-star=\"5\" style=\"padding-right: 5px\">\n            \n\n<div class=\"kksr-icon\" style=\"width: 24px; height: 24px;\"><\/div>\n        <\/div>\n    <\/div>\n    \n<div class=\"kksr-stars-active\" style=\"width: 0px;\">\n            <div class=\"kksr-star\" style=\"padding-right: 5px\">\n            \n\n<div class=\"kksr-icon\" style=\"width: 24px; height: 24px;\"><\/div>\n        <\/div>\n            <div class=\"kksr-star\" style=\"padding-right: 5px\">\n            \n\n<div class=\"kksr-icon\" style=\"width: 24px; height: 24px;\"><\/div>\n        <\/div>\n            <div class=\"kksr-star\" style=\"padding-right: 5px\">\n            \n\n<div class=\"kksr-icon\" style=\"width: 24px; height: 24px;\"><\/div>\n        <\/div>\n            <div class=\"kksr-star\" style=\"padding-right: 5px\">\n            \n\n<div class=\"kksr-icon\" style=\"width: 24px; height: 24px;\"><\/div>\n        <\/div>\n            <div class=\"kksr-star\" style=\"padding-right: 5px\">\n            \n\n<div class=\"kksr-icon\" style=\"width: 24px; height: 24px;\"><\/div>\n        <\/div>\n    <\/div>\n<\/div>\n                \n\n<div class=\"kksr-legend\" style=\"font-size: 19.2px;\">\n            <span class=\"kksr-muted\">Valora este art\u00edculo<\/span>\n    <\/div>\n    <\/div>\n","protected":false},"excerpt":{"rendered":"<p>Hablar de sostenibilidad ya no es una moda. Es una responsabilidad. Es esa conversaci\u00f3n que empez\u00f3 en voz baja y que ahora grita fuerte desde los lineales de nuestras tiendas, los neceseres de viaje y las rutinas beauty de cada d\u00eda. Porque s\u00ed, podemos mimarnos, cuidarnos, maquillarnos y oler incre\u00edble\u2026 pero tambi\u00e9n podemos hacerlo de [&hellip;]<\/p>\n","protected":false},"author":14,"featured_media":125082,"comment_status":"closed","ping_status":"closed","sticky":false,"template":"","format":"standard","meta":{"jnews-multi-image_gallery":[],"jnews_single_post":{"format":"standard"},"jnews_primary_category":[],"jnews_social_meta":[],"jnews_override_counter":[],"footnotes":""},"categories":[29,37],"tags":[],"class_list":["post-125079","post","type-post","status-publish","format-standard","has-post-thumbnail","hentry","category-cosmetica","category-cosmetica-natural"],"_links":{"self":[{"href":"https:\/\/www.primor.eu\/blog\/wp-json\/wp\/v2\/posts\/125079","targetHints":{"allow":["GET"]}}],"collection":[{"href":"https:\/\/www.primor.eu\/blog\/wp-json\/wp\/v2\/posts"}],"about":[{"href":"https:\/\/www.primor.eu\/blog\/wp-json\/wp\/v2\/types\/post"}],"author":[{"embeddable":true,"href":"https:\/\/www.primor.eu\/blog\/wp-json\/wp\/v2\/users\/14"}],"replies":[{"embeddable":true,"href":"https:\/\/www.primor.eu\/blog\/wp-json\/wp\/v2\/comments?post=125079"}],"version-history":[{"count":5,"href":"https:\/\/www.primor.eu\/blog\/wp-json\/wp\/v2\/posts\/125079\/revisions"}],"predecessor-version":[{"id":141217,"href":"https:\/\/www.primor.eu\/blog\/wp-json\/wp\/v2\/posts\/125079\/revisions\/141217"}],"wp:featuredmedia":[{"embeddable":true,"href":"https:\/\/www.primor.eu\/blog\/wp-json\/wp\/v2\/media\/125082"}],"wp:attachment":[{"href":"https:\/\/www.primor.eu\/blog\/wp-json\/wp\/v2\/media?parent=125079"}],"wp:term":[{"taxonomy":"category","embeddable":true,"href":"https:\/\/www.primor.eu\/blog\/wp-json\/wp\/v2\/categories?post=125079"},{"taxonomy":"post_tag","embeddable":true,"href":"https:\/\/www.primor.eu\/blog\/wp-json\/wp\/v2\/tags?post=125079"}],"curies":[{"name":"wp","href":"https:\/\/api.w.org\/{rel}","templated":true}]}}