{"id":125076,"date":"2025-05-01T09:23:51","date_gmt":"2025-05-01T09:23:51","guid":{"rendered":"https:\/\/www.primor.eu\/blog\/?p=125076"},"modified":"2025-04-19T13:32:30","modified_gmt":"2025-04-19T13:32:30","slug":"mejores-recetas-dia-de-la-madre","status":"publish","type":"post","link":"https:\/\/www.primor.eu\/blog\/mejores-recetas-dia-de-la-madre\/","title":{"rendered":"No solo cuentan los regalos: las 5 mejores recetas que puedes hacer por el D\u00eda de la Madre"},"content":{"rendered":"\n<p>Hay muchas formas de decir \u201cte quiero\u201d. Algunas vienen en frascos de perfume, otras en cofres de cuidado facial, y muchas (m\u00e1s de las que imaginamos) se dicen entre cucharas, aromas caseros y sobremesas largas.<\/p>\n\n\n\n<p>Este <strong>D\u00eda de la Madre<\/strong>, m\u00e1s all\u00e1 del regalo perfecto \u2014que, s\u00ed, puedes encontrar en Primor\u2014, queremos proponerte <strong>un gesto a\u00fan m\u00e1s personal, \u00edntimo y bonito<\/strong>: cocinar para ella. Porque no hay mejor homenaje que el que se hace con las manos, el coraz\u00f3n\u2026 y un buen delantal.<\/p>\n\n\n\n<p>En este art\u00edculo de Primor tienes <strong>5 recetas f\u00e1ciles, deliciosas y con ese efecto \u201cwow\u201d<\/strong> que har\u00e1 que mam\u00e1 se sienta mimada, celebrada y, sobre todo, querida.<\/p>\n\n\n\n<h2 class=\"wp-block-heading\">Las mejores recetas para el D\u00eda de la Madre<\/h2>\n\n\n\n<h3 class=\"wp-block-heading\">1\/ Desayuno de reina: tostadas francesas con frutos rojos y sirope<\/h3>\n\n\n\n<p>Empieza el d\u00eda como se merece: <strong>con un desayuno de hotel, pero en casa<\/strong>. Solo necesitas pan del d\u00eda anterior, huevos, leche, canela y un toque de vainilla. B\u00e1\u00f1alo todo y d\u00f3ralo en la sart\u00e9n.<\/p>\n\n\n\n<p>Acomp\u00e1\u00f1alo con yogur, fresas, ar\u00e1ndanos y un chorrito de sirope de agave o miel. Si le sirves esto en la cama con una flor al lado, ten por seguro que vas a triunfar.<\/p>\n\n\n\n<ul class=\"wp-block-list\">\n<li><em>Tip beauty<\/em>: acompa\u00f1a con un zumo natural de naranja y zanahoria, ideal para darle un chute de antioxidantes (y de energ\u00eda).<\/li>\n<\/ul>\n\n\n\n<h3 class=\"wp-block-heading\">2\/ Brunch con estilo: mini quiches de espinacas y queso feta<\/h3>\n\n\n\n<p>Perfectas para una comida informal o un picoteo elegante. Usa masa quebrada (puedes comprarla hecha), espinacas frescas salteadas, queso feta desmenuzado, huevos y nata vegetal o crema de leche ligera.<\/p>\n\n\n\n<p>Hornea en moldes peque\u00f1os y decora con tomatitos cherry o cebollino picado. Son f\u00e1ciles, bonitas y tienen ese toque de receta francesa que nos hace sentir chic.<\/p>\n\n\n\n<ul class=\"wp-block-list\">\n<li><em>Marida con<\/em>: un c\u00f3ctel sin alcohol con agua con gas, zumo de lima y hojas de menta fresca.<\/li>\n<\/ul>\n\n\n\n<h3 class=\"wp-block-heading\">3\/ Plato principal que abraza: lasa\u00f1a vegetal con calabac\u00edn y champi\u00f1ones<\/h3>\n\n\n\n<p>Porque el amor tambi\u00e9n se hornea. Esta receta es ideal si quieres preparar <strong>algo reconfortante, pero ligero<\/strong>. Haz un sofrito con puerro, ajo, calabac\u00edn y champi\u00f1ones. A\u00f1ade tomate triturado y un poco de albahaca.<\/p>\n\n\n\n<p>Monta la lasa\u00f1a con placas (pueden ser de trigo, espelta o sin gluten), el sofrito y una bechamel suave. Gratina con queso rallado\u2026 y listo. El olor har\u00e1 que mam\u00e1 se acerque a la cocina sin que la llames.<\/p>\n\n\n\n<ul class=\"wp-block-list\">\n<li><em>Versi\u00f3n r\u00e1pida<\/em>: usa placas precocidas y bechamel ya hechas, pero elige opciones de calidad.<\/li>\n<\/ul>\n\n\n\n<h3 class=\"wp-block-heading\">4\/ Postre con emoci\u00f3n: mousse de chocolate y aguacate<\/h3>\n\n\n\n<p>S\u00ed, aguacate. Porque <strong>se puede hacer un postre sano, cremoso y delicioso sin complicarse<\/strong>. Tritura un aguacate maduro con cacao en polvo puro, sirope de d\u00e1tiles o miel y un chorrito de leche vegetal.<\/p>\n\n\n\n<p>Sirve en vasitos peque\u00f1os, a\u00f1ade virutas de chocolate negro y unas frambuesas frescas por encima. Mam\u00e1 no se va a creer que esto no lleva az\u00facar.<\/p>\n\n\n\n<ul class=\"wp-block-list\">\n<li><em>Extra primoroso<\/em>: acomp\u00e1\u00f1alo con una mascarilla facial relajante para un postre + spa.<\/li>\n<\/ul>\n\n\n\n<h3 class=\"wp-block-heading\">5\/ Merienda especial: bizcocho de yogur con toque c\u00edtrico<\/h3>\n\n\n\n<p>El cl\u00e1sico que nunca falla. Tres huevos, un yogur natural, medio vaso de aceite de oliva suave, un vaso y medio de az\u00facar, dos de harina, levadura y ralladura de lim\u00f3n o naranja.<\/p>\n\n\n\n<p>Mezcla, hornea y deja enfriar. Puedes decorarlo con un glaseado de az\u00facar glas y zumo de naranja. S\u00edrvelo con un t\u00e9 suave o un caf\u00e9 con leche vegetal. <strong>Ideal para una tarde de sof\u00e1 y confidencias<\/strong>.<\/p>\n\n\n\n<ul class=\"wp-block-list\">\n<li><em>Bonus beauty<\/em>: este bizcocho marida perfecto con una charla sobre rutinas faciales y un regalito de Primor.<\/li>\n<\/ul>\n\n\n<div class=\"kk-star-ratings kksr-auto kksr-align-center kksr-valign-bottom\"\n    data-payload='{&quot;align&quot;:&quot;center&quot;,&quot;id&quot;:&quot;125076&quot;,&quot;slug&quot;:&quot;default&quot;,&quot;valign&quot;:&quot;bottom&quot;,&quot;ignore&quot;:&quot;&quot;,&quot;reference&quot;:&quot;auto&quot;,&quot;class&quot;:&quot;&quot;,&quot;count&quot;:&quot;0&quot;,&quot;legendonly&quot;:&quot;&quot;,&quot;readonly&quot;:&quot;&quot;,&quot;score&quot;:&quot;0&quot;,&quot;starsonly&quot;:&quot;&quot;,&quot;best&quot;:&quot;5&quot;,&quot;gap&quot;:&quot;5&quot;,&quot;greet&quot;:&quot;Valora este art\u00edculo&quot;,&quot;legend&quot;:&quot;0\\\/5 - (0 votos)&quot;,&quot;size&quot;:&quot;24&quot;,&quot;title&quot;:&quot;No solo cuentan los regalos: las 5 mejores recetas que puedes hacer por el D\u00eda de la Madre&quot;,&quot;width&quot;:&quot;0&quot;,&quot;_legend&quot;:&quot;{score}\\\/{best} - ({count} {votes})&quot;,&quot;font_factor&quot;:&quot;1.25&quot;}'>\n            \n<div class=\"kksr-stars\">\n    \n<div class=\"kksr-stars-inactive\">\n            <div class=\"kksr-star\" data-star=\"1\" style=\"padding-right: 5px\">\n            \n\n<div class=\"kksr-icon\" style=\"width: 24px; height: 24px;\"><\/div>\n        <\/div>\n            <div class=\"kksr-star\" data-star=\"2\" style=\"padding-right: 5px\">\n            \n\n<div class=\"kksr-icon\" style=\"width: 24px; height: 24px;\"><\/div>\n        <\/div>\n            <div class=\"kksr-star\" data-star=\"3\" style=\"padding-right: 5px\">\n            \n\n<div class=\"kksr-icon\" style=\"width: 24px; height: 24px;\"><\/div>\n        <\/div>\n            <div class=\"kksr-star\" data-star=\"4\" style=\"padding-right: 5px\">\n            \n\n<div class=\"kksr-icon\" style=\"width: 24px; height: 24px;\"><\/div>\n        <\/div>\n            <div class=\"kksr-star\" data-star=\"5\" style=\"padding-right: 5px\">\n            \n\n<div class=\"kksr-icon\" style=\"width: 24px; height: 24px;\"><\/div>\n        <\/div>\n    <\/div>\n    \n<div class=\"kksr-stars-active\" style=\"width: 0px;\">\n            <div class=\"kksr-star\" style=\"padding-right: 5px\">\n            \n\n<div class=\"kksr-icon\" style=\"width: 24px; height: 24px;\"><\/div>\n        <\/div>\n            <div class=\"kksr-star\" style=\"padding-right: 5px\">\n            \n\n<div class=\"kksr-icon\" style=\"width: 24px; height: 24px;\"><\/div>\n        <\/div>\n            <div class=\"kksr-star\" style=\"padding-right: 5px\">\n            \n\n<div class=\"kksr-icon\" style=\"width: 24px; height: 24px;\"><\/div>\n        <\/div>\n            <div class=\"kksr-star\" style=\"padding-right: 5px\">\n            \n\n<div class=\"kksr-icon\" style=\"width: 24px; height: 24px;\"><\/div>\n        <\/div>\n            <div class=\"kksr-star\" style=\"padding-right: 5px\">\n            \n\n<div class=\"kksr-icon\" style=\"width: 24px; height: 24px;\"><\/div>\n        <\/div>\n    <\/div>\n<\/div>\n                \n\n<div class=\"kksr-legend\" style=\"font-size: 19.2px;\">\n            <span class=\"kksr-muted\">Valora este art\u00edculo<\/span>\n    <\/div>\n    <\/div>\n","protected":false},"excerpt":{"rendered":"<p>Hay muchas formas de decir \u201cte quiero\u201d. Algunas vienen en frascos de perfume, otras en cofres de cuidado facial, y muchas (m\u00e1s de las que imaginamos) se dicen entre cucharas, aromas caseros y sobremesas largas. Este D\u00eda de la Madre, m\u00e1s all\u00e1 del regalo perfecto \u2014que, s\u00ed, puedes encontrar en Primor\u2014, queremos proponerte un gesto [&hellip;]<\/p>\n","protected":false},"author":14,"featured_media":125085,"comment_status":"closed","ping_status":"closed","sticky":false,"template":"","format":"standard","meta":{"jnews-multi-image_gallery":[],"jnews_single_post":{"format":"standard"},"jnews_primary_category":[],"jnews_social_meta":[],"jnews_override_counter":[],"footnotes":""},"categories":[6309,6318],"tags":[],"class_list":["post-125076","post","type-post","status-publish","format-standard","has-post-thumbnail","hentry","category-dia-de-la-madre","category-nutricion"],"_links":{"self":[{"href":"https:\/\/www.primor.eu\/blog\/wp-json\/wp\/v2\/posts\/125076","targetHints":{"allow":["GET"]}}],"collection":[{"href":"https:\/\/www.primor.eu\/blog\/wp-json\/wp\/v2\/posts"}],"about":[{"href":"https:\/\/www.primor.eu\/blog\/wp-json\/wp\/v2\/types\/post"}],"author":[{"embeddable":true,"href":"https:\/\/www.primor.eu\/blog\/wp-json\/wp\/v2\/users\/14"}],"replies":[{"embeddable":true,"href":"https:\/\/www.primor.eu\/blog\/wp-json\/wp\/v2\/comments?post=125076"}],"version-history":[{"count":1,"href":"https:\/\/www.primor.eu\/blog\/wp-json\/wp\/v2\/posts\/125076\/revisions"}],"predecessor-version":[{"id":125132,"href":"https:\/\/www.primor.eu\/blog\/wp-json\/wp\/v2\/posts\/125076\/revisions\/125132"}],"wp:featuredmedia":[{"embeddable":true,"href":"https:\/\/www.primor.eu\/blog\/wp-json\/wp\/v2\/media\/125085"}],"wp:attachment":[{"href":"https:\/\/www.primor.eu\/blog\/wp-json\/wp\/v2\/media?parent=125076"}],"wp:term":[{"taxonomy":"category","embeddable":true,"href":"https:\/\/www.primor.eu\/blog\/wp-json\/wp\/v2\/categories?post=125076"},{"taxonomy":"post_tag","embeddable":true,"href":"https:\/\/www.primor.eu\/blog\/wp-json\/wp\/v2\/tags?post=125076"}],"curies":[{"name":"wp","href":"https:\/\/api.w.org\/{rel}","templated":true}]}}