{"id":125069,"date":"2026-04-23T09:49:30","date_gmt":"2026-04-23T09:49:30","guid":{"rendered":"https:\/\/www.primor.eu\/blog\/?p=125069"},"modified":"2026-04-29T06:46:52","modified_gmt":"2026-04-29T06:46:52","slug":"productos-clasicos-regalar-dia-de-la-madre","status":"publish","type":"post","link":"https:\/\/www.primor.eu\/blog\/productos-clasicos-regalar-dia-de-la-madre\/","title":{"rendered":"Pasan de generaci\u00f3n en generaci\u00f3n: los 6 productos cl\u00e1sicos que regalar el D\u00eda de la Madre"},"content":{"rendered":"\n<p>Hay regalos que son m\u00e1s que un detalle. Son un gesto de amor. Una forma de decir \u201cte admiro\u201d, \u201cgracias por tanto\u201d o simplemente \u201cte mereces lo mejor\u201d. Y si hay una fecha que lo resume todo, es esta: el <strong><a href=\"https:\/\/www.primor.eu\/es_es\/regalos-dia-de-la-madre\">D\u00eda de la Madre<\/a><\/strong>. Un d\u00eda para homenajear a esa mujer que te ense\u00f1\u00f3 desde c\u00f3mo abrochar una chaqueta hasta c\u00f3mo se huele <strong><a href=\"https:\/\/www.primor.eu\/es_es\/perfumes-dia-de-la-madre\">un buen perfume<\/a><\/strong>. Y s\u00ed, tambi\u00e9n fue ella quien dej\u00f3 su pintalabios rojo en tu neceser cuando empezaste a descubrir el <strong><a href=\"https:\/\/www.primor.eu\/es_es\/estuches-de-maquillaje-lujo-76022\">maquillaje<\/a><\/strong>.<\/p>\n\n\n\n<p>Porque, al final, <strong>la belleza tambi\u00e9n es herencia emocional<\/strong>. Son esos productos m\u00edticos que se convierten en rituales, en confidencias frente al espejo y en recuerdos que huelen a madres, a abuelas y a casa. Por eso, este D\u00eda de la Madre, en <strong><a href=\"https:\/\/www.primor.eu\/es_es\/\">Primor <\/a><\/strong>te proponemos un viaje nost\u00e1lgico \u2014y muy chic\u2014 por los <strong>productos cl\u00e1sicos que nunca fallan<\/strong>. Los de siempre. Los que han pasado de generaci\u00f3n en generaci\u00f3n y siguen siendo infalibles. Porque <strong>hay f\u00f3rmulas que no necesitan reinventarse para seguir enamorando<\/strong>.<\/p>\n\n\n\n<h2 class=\"wp-block-heading\">Qu\u00e9 productos de belleza cl\u00e1sicos puedo regalar en el D\u00eda de la Madre<\/h2>\n\n\n        <product-table class=\"pr-slider\">\r\n            <product-headers class=\"grid-table-rows\">\r\n                <div>Foto<\/div>\r\n                <div>Producto<\/div>\r\n                <div>Marca<\/div>\r\n                <div>Valoraciones<\/div>\r\n                <div>Precio<\/div>\r\n            <\/product-headers>\r\n\r\n            <product-list>\r\n                                    <a href=\"https:\/\/www.primor.eu\/es_es\/nivea-creme-lata-azul-106524.html?#854=66449\" class=\"product-item grid-table-rows\" target=\"_blank\">\r\n                        <div>\r\n                            <img decoding=\"async\" class=\"product-img\" width=\"80px\" height=\"80px\" src=\"https:\/\/cdn2.primor.eu\/media\/catalog\/product\/cache\/8d3aba296f7a18b5251ee30fa5db42b2\/4\/0\/4005808801039_21df.jpg\" alt=\"Creme Lata Azul\">\r\n                        <\/div>\r\n\r\n                        <!-- Contenido de producto  -->\r\n                        <div>\r\n                            <div class=\"product-position\">\r\n                                #1 Top Ventas                            <\/div>\r\n\r\n                            <h2>\r\n                                Creme Lata Azul                            <\/h2>\r\n                        <\/div>\r\n\r\n                        <!-- Imagen y\/o nombre de la marca -->\r\n                        <div>\r\n                                                            <img decoding=\"async\" width=\"70\" src=\"https:\/\/www.primor.eu\/media\/catalog\/category\/nivea.png\" alt=\"Nivea\">\r\n                                                    <\/div>\r\n\r\n                        <!-- Puntuaci\u00f3n del producto  -->\r\n                        <div class=\"rating\">\r\n                                                            <div class=\"rate\" style=\"--p:96;\"><\/div>\r\n                                <b>4.8\/5<\/b>\r\n                                <div class=\"rate-stars\">\r\n                                                                            <div\r\n                                            class=\"rate-star  \">\r\n                                        <\/div>\r\n                                                                            <div\r\n                                            class=\"rate-star  \">\r\n                                        <\/div>\r\n                                                                            <div\r\n                                            class=\"rate-star  \">\r\n                                        <\/div>\r\n                                                                            <div\r\n                                            class=\"rate-star  \">\r\n                                        <\/div>\r\n                                                                            <div\r\n                                            class=\"rate-star  \">\r\n                                        <\/div>\r\n                                                                    <\/div>\r\n                                                    <\/div>\r\n\r\n                        <!-- Bot\u00f3n de producto  -->\r\n                        <div>\r\n                            <span class=\"price-claim\">\r\n                                VER PRECIO                            <\/span>\r\n                        <\/div>\r\n                    <\/a>\r\n                                    <a href=\"https:\/\/www.primor.eu\/es_es\/elizabeth-arden-8-hour-cream-skin-protectant-13699.html\" class=\"product-item grid-table-rows\" target=\"_blank\">\r\n                        <div>\r\n                            <img decoding=\"async\" class=\"product-img\" width=\"80px\" height=\"80px\" src=\"https:\/\/cdn2.primor.eu\/media\/catalog\/product\/cache\/8d3aba296f7a18b5251ee30fa5db42b2\/0\/T\/0TF00319_1_289d.jpg\" alt=\"8 Hour Cream Skin Protectant\">\r\n                        <\/div>\r\n\r\n                        <!-- Contenido de producto  -->\r\n                        <div>\r\n                            <div class=\"product-position\">\r\n                                #2                            <\/div>\r\n\r\n                            <h2>\r\n                                8 Hour Cream Skin Protectant                            <\/h2>\r\n                        <\/div>\r\n\r\n                        <!-- Imagen y\/o nombre de la marca -->\r\n                        <div>\r\n                                                            <img decoding=\"async\" width=\"70\" src=\"https:\/\/www.primor.eu\/media\/catalog\/category\/elizabeth-arden.png\" alt=\"\">\r\n                                                    <\/div>\r\n\r\n                        <!-- Puntuaci\u00f3n del producto  -->\r\n                        <div class=\"rating\">\r\n                                                            <div class=\"rate\" style=\"--p:94;\"><\/div>\r\n                                <b>4.7\/5<\/b>\r\n                                <div class=\"rate-stars\">\r\n                                                                            <div\r\n                                            class=\"rate-star  \">\r\n                                        <\/div>\r\n                                                                            <div\r\n                                            class=\"rate-star  \">\r\n                                        <\/div>\r\n                                                                            <div\r\n                                            class=\"rate-star  \">\r\n                                        <\/div>\r\n                                                                            <div\r\n                                            class=\"rate-star  \">\r\n                                        <\/div>\r\n                                                                            <div\r\n                                            class=\"rate-star  \">\r\n                                        <\/div>\r\n                                                                    <\/div>\r\n                                                    <\/div>\r\n\r\n                        <!-- Bot\u00f3n de producto  -->\r\n                        <div>\r\n                            <span class=\"price-claim\">\r\n                                VER PRECIO                            <\/span>\r\n                        <\/div>\r\n                    <\/a>\r\n                                    <a href=\"https:\/\/www.primor.eu\/es_es\/lancome-tresor-eau-de-parfum-111339.html?#854=66334\" class=\"product-item grid-table-rows\" target=\"_blank\">\r\n                        <div>\r\n                            <img decoding=\"async\" class=\"product-img\" width=\"80px\" height=\"80px\" src=\"https:\/\/cdn2.primor.eu\/media\/catalog\/product\/cache\/8d3aba296f7a18b5251ee30fa5db42b2\/3\/1\/3147758034905_1_3a17.jpg\" alt=\"Tresor Eau de Parfum\">\r\n                        <\/div>\r\n\r\n                        <!-- Contenido de producto  -->\r\n                        <div>\r\n                            <div class=\"product-position\">\r\n                                #3                            <\/div>\r\n\r\n                            <h2>\r\n                                Tresor Eau de Parfum                            <\/h2>\r\n                        <\/div>\r\n\r\n                        <!-- Imagen y\/o nombre de la marca -->\r\n                        <div>\r\n                                                            <img decoding=\"async\" width=\"70\" src=\"https:\/\/www.primor.eu\/media\/catalog\/category\/lancome.png\" alt=\"Lanc\u00f4me\">\r\n                                                    <\/div>\r\n\r\n                        <!-- Puntuaci\u00f3n del producto  -->\r\n                        <div class=\"rating\">\r\n                                                            <div class=\"rate\" style=\"--p:98;\"><\/div>\r\n                                <b>4.9\/5<\/b>\r\n                                <div class=\"rate-stars\">\r\n                                                                            <div\r\n                                            class=\"rate-star  \">\r\n                                        <\/div>\r\n                                                                            <div\r\n                                            class=\"rate-star  \">\r\n                                        <\/div>\r\n                                                                            <div\r\n                                            class=\"rate-star  \">\r\n                                        <\/div>\r\n                                                                            <div\r\n                                            class=\"rate-star  \">\r\n                                        <\/div>\r\n                                                                            <div\r\n                                            class=\"rate-star  \">\r\n                                        <\/div>\r\n                                                                    <\/div>\r\n                                                    <\/div>\r\n\r\n                        <!-- Bot\u00f3n de producto  -->\r\n                        <div>\r\n                            <span class=\"price-claim\">\r\n                                VER PRECIO                            <\/span>\r\n                        <\/div>\r\n                    <\/a>\r\n                                    <a href=\"https:\/\/www.primor.eu\/es_es\/l-oreal-paris-age-perfect-golden-age-crema-spf-20-106242.html?#863=67139\" class=\"product-item grid-table-rows\" target=\"_blank\">\r\n                        <div>\r\n                            <img decoding=\"async\" class=\"product-img\" width=\"80px\" height=\"80px\" src=\"https:\/\/cdn2.primor.eu\/media\/catalog\/product\/cache\/8d3aba296f7a18b5251ee30fa5db42b2\/0\/T\/0TF15355_1_63d9.jpg\" alt=\"Age Perfect Golden Age Crema SPF 20\">\r\n                        <\/div>\r\n\r\n                        <!-- Contenido de producto  -->\r\n                        <div>\r\n                            <div class=\"product-position\">\r\n                                #4                            <\/div>\r\n\r\n                            <h2>\r\n                                Age Perfect Golden Age Crema SPF 20                            <\/h2>\r\n                        <\/div>\r\n\r\n                        <!-- Imagen y\/o nombre de la marca -->\r\n                        <div>\r\n                                                            <img decoding=\"async\" width=\"70\" src=\"https:\/\/www.primor.eu\/media\/catalog\/category\/loreal-paris.png\" alt=\"L Or\u00e9al Par\u00eds\">\r\n                                                    <\/div>\r\n\r\n                        <!-- Puntuaci\u00f3n del producto  -->\r\n                        <div class=\"rating\">\r\n                                                            <div class=\"rate\" style=\"--p:94;\"><\/div>\r\n                                <b>4.7\/5<\/b>\r\n                                <div class=\"rate-stars\">\r\n                                                                            <div\r\n                                            class=\"rate-star  \">\r\n                                        <\/div>\r\n                                                                            <div\r\n                                            class=\"rate-star  \">\r\n                                        <\/div>\r\n                                                                            <div\r\n                                            class=\"rate-star  \">\r\n                                        <\/div>\r\n                                                                            <div\r\n                                            class=\"rate-star  \">\r\n                                        <\/div>\r\n                                                                            <div\r\n                                            class=\"rate-star  \">\r\n                                        <\/div>\r\n                                                                    <\/div>\r\n                                                    <\/div>\r\n\r\n                        <!-- Bot\u00f3n de producto  -->\r\n                        <div>\r\n                            <span class=\"price-claim\">\r\n                                VER PRECIO                            <\/span>\r\n                        <\/div>\r\n                    <\/a>\r\n                                    <a href=\"https:\/\/www.primor.eu\/es_es\/guerlain-meteorites-sous-les-etoiles-perlas-de-polvos-reveladoras-de-la-luz-116847.html\" class=\"product-item grid-table-rows\" target=\"_blank\">\r\n                        <div>\r\n                            <img decoding=\"async\" class=\"product-img\" width=\"80px\" height=\"80px\" src=\"https:\/\/cdn2.primor.eu\/media\/catalog\/product\/cache\/8d3aba296f7a18b5251ee30fa5db42b2\/3\/3\/3346470442122_beff.png\" alt=\"Met\u00e9orites Sous Les \u00c9toiles Perlas de Polvos Reveladoras de la Luz\">\r\n                        <\/div>\r\n\r\n                        <!-- Contenido de producto  -->\r\n                        <div>\r\n                            <div class=\"product-position\">\r\n                                #5                            <\/div>\r\n\r\n                            <h2>\r\n                                Met\u00e9orites Sous Les \u00c9toiles Perlas de Polvos Reveladoras de la Luz                            <\/h2>\r\n                        <\/div>\r\n\r\n                        <!-- Imagen y\/o nombre de la marca -->\r\n                        <div>\r\n                                                            <img decoding=\"async\" width=\"70\" src=\"https:\/\/www.primor.eu\/media\/catalog\/category\/Guerlain.png\" alt=\"\">\r\n                                                    <\/div>\r\n\r\n                        <!-- Puntuaci\u00f3n del producto  -->\r\n                        <div class=\"rating\">\r\n                                                            <div class=\"rate\" style=\"--p:80;\"><\/div>\r\n                                <b>4\/5<\/b>\r\n                                <div class=\"rate-stars\">\r\n                                                                            <div\r\n                                            class=\"rate-star  \">\r\n                                        <\/div>\r\n                                                                            <div\r\n                                            class=\"rate-star  \">\r\n                                        <\/div>\r\n                                                                            <div\r\n                                            class=\"rate-star  \">\r\n                                        <\/div>\r\n                                                                            <div\r\n                                            class=\"rate-star  \">\r\n                                        <\/div>\r\n                                                                            <div\r\n                                            class=\"rate-star disable \">\r\n                                        <\/div>\r\n                                                                    <\/div>\r\n                                                    <\/div>\r\n\r\n                        <!-- Bot\u00f3n de producto  -->\r\n                        <div>\r\n                            <span class=\"price-claim\">\r\n                                VER PRECIO                            <\/span>\r\n                        <\/div>\r\n                    <\/a>\r\n                            <\/product-list>\r\n        <\/product-table>\r\n\r\n        \n\n\n\n<h3 class=\"wp-block-heading\">NIVEA Creme: el tarro azul que lo cura todo<\/h3>\n\n\n\n<p>Si hay un cl\u00e1sico que toda madre tiene (o ha tenido), es la ic\u00f3nica crema <strong><a href=\"https:\/\/www.primor.eu\/es_es\/nivea\">NIVEA <\/a><\/strong>del tarro azul. Su aroma inconfundible, su textura rica y su poder ultra hidratante la han convertido en <strong>una f\u00f3rmula atemporal<\/strong>. Sirve para manos, rostro, cuerpo\u2026 e incluso como mascarilla intensiva para zonas secas.<\/p>\n\n\n\n<p>Un gesto beauty que es puro mimo. Y que, cuando lo regalas, es como decir: \u201cSigo cuid\u00e1ndote yo\u201d.<\/p>\n\n\n    <a class='product' target='_blank' href='https:\/\/www.primor.eu\/es_es\/nivea-creme-lata-azul-106524.html?#854=66449'>\r\n        <img loading='async' src='https:\/\/cdn2.primor.eu\/media\/catalog\/product\/cache\/8d3aba296f7a18b5251ee30fa5db42b2\/4\/0\/4005808801039_21df.jpg' alt='COMPRAR AHORA'>\r\n            <div class=\"claim\">\r\n                COMPRAR AHORA            <\/div>\r\n        <\/a>\r\n    \n\n\n<h3 class=\"wp-block-heading\">Elizabeth Arden Eight Hour Cream: el secreto mejor guardado<\/h3>\n\n\n\n<p>\u00bfSab\u00edas que esta crema fue creada en 1930 y que sigue siendo un bestseller mundial? La <strong>Eight Hour Cream<\/strong> es ese producto multiusos que cura labios agrietados, calma rojeces, hidrata cut\u00edculas, fija cejas y hasta aporta brillo natural.<\/p>\n\n\n\n<p>Ideal para madres todoterreno que valoran los cl\u00e1sicos eficaces. Un peque\u00f1o tubo con superpoderes (y mucho glamour vintage).<\/p>\n\n\n    <a class='product' target='_blank' href='https:\/\/www.primor.eu\/es_es\/elizabeth-arden-8-hour-cream-skin-protectant-13699.html'>\r\n        <img loading='async' src='https:\/\/cdn2.primor.eu\/media\/catalog\/product\/cache\/8d3aba296f7a18b5251ee30fa5db42b2\/0\/T\/0TF00319_1_289d.jpg' alt='COMPRAR AHORA'>\r\n            <div class=\"claim\">\r\n                COMPRAR AHORA            <\/div>\r\n        <\/a>\r\n    \n\n\n<h3 class=\"wp-block-heading\">Lanc\u00f4me Tr\u00e9sor Eau de Parfum: el perfume del amor eterno<\/h3>\n\n\n\n<p>Si hay un perfume que respira ternura, elegancia y dulzura en cada nota, ese es <strong>Tr\u00e9sor de <a href=\"https:\/\/www.primor.eu\/es_es\/lancome-perfumes\">Lanc\u00f4me<\/a><\/strong>. Con su inconfundible frasco en forma de joya y su fragancia floral oriental, Tr\u00e9sor se ha convertido en <strong>el s\u00edmbolo del amor m\u00e1s profundo<\/strong>: el que se da sin esperar nada a cambio. Como el de una madre.<\/p>\n\n\n\n<p>Sus notas de rosa, albaricoque, heliotropo y vainilla envuelven la piel con un aroma c\u00e1lido, femenino y sofisticado. Ideal para madres rom\u00e1nticas, elegantes, que disfrutan de los peque\u00f1os gestos y que saben que lo cl\u00e1sico nunca pasa de moda.<\/p>\n\n\n    <a class='product' target='_blank' href='https:\/\/www.primor.eu\/es_es\/lancome-tresor-eau-de-parfum-111339.html?#854=66334'>\r\n        <img loading='async' src='https:\/\/cdn2.primor.eu\/media\/catalog\/product\/cache\/8d3aba296f7a18b5251ee30fa5db42b2\/3\/1\/3147758034905_1_3a17.jpg' alt='COMPRAR AHORA'>\r\n            <div class=\"claim\">\r\n                COMPRAR AHORA            <\/div>\r\n        <\/a>\r\n    \n\n\n<h3 class=\"wp-block-heading\">L\u2019Or\u00e9al Age Perfect Crema de D\u00eda: ciencia y tradici\u00f3n<\/h3>\n\n\n\n<p>Esta l\u00ednea de cuidado facial es un ejemplo de c\u00f3mo la cosm\u00e9tica evoluciona sin olvidar a quienes la hicieron grande. <strong>Age Perfect<\/strong> ha acompa\u00f1ado a miles de mujeres en sus rutinas diarias, adapt\u00e1ndose a sus necesidades con f\u00f3rmulas pensadas para pieles maduras. \u00bfEl resultado? Piel nutrida, luminosa y firme\u2026 como ella.<\/p>\n\n\n    <a class='product' target='_blank' href='https:\/\/www.primor.eu\/es_es\/l-oreal-paris-age-perfect-golden-age-crema-spf-20-106242.html?#863=67139'>\r\n        <img loading='async' src='https:\/\/cdn2.primor.eu\/media\/catalog\/product\/cache\/8d3aba296f7a18b5251ee30fa5db42b2\/0\/T\/0TF15355_1_63d9.jpg' alt='COMPRAR AHORA'>\r\n            <div class=\"claim\">\r\n                COMPRAR AHORA            <\/div>\r\n        <\/a>\r\n    \n\n\n<h3 class=\"wp-block-heading\">Guerlain M\u00e9t\u00e9orites: polvos de perlas, toque de hada<\/h3>\n\n\n\n<p>No es <strong><a href=\"https:\/\/www.primor.eu\/es_es\/maquillaje\">maquillaje<\/a><\/strong>, es magia. Las <strong>M\u00e9t\u00e9orites<\/strong> de <a href=\"https:\/\/www.primor.eu\/es_es\/guerlain-maquillaje-de-lujo\"><strong>Guerlain <\/strong><\/a>son esas perlas nacaradas que iluminan el rostro con un acabado delicado y sofisticado. Su aroma empolvado, su packaging joya y su efecto de \u201cpiel perfecta\u201d las convierten en el regalo ideal para <strong>madres que disfrutan de los peque\u00f1os lujos con alma de belleza cl\u00e1sica<\/strong>.<\/p>\n\n\n    <a class='product' target='_blank' href='https:\/\/www.primor.eu\/es_es\/guerlain-meteorites-sous-les-etoiles-perlas-de-polvos-reveladoras-de-la-luz-116847.html'>\r\n        <img loading='async' src='https:\/\/cdn2.primor.eu\/media\/catalog\/product\/cache\/8d3aba296f7a18b5251ee30fa5db42b2\/3\/3\/3346470442122_beff.png' alt='COMPRAR AHORA'>\r\n            <div class=\"claim\">\r\n                COMPRAR AHORA            <\/div>\r\n        <\/a>\r\n    \n\n\n<h3 class=\"wp-block-heading\">Ana\u00efs Ana\u00efs de Cacharel: la feminidad en frasco<\/h3>\n\n\n\n<p>\u00bfQui\u00e9n no ha olido este perfume en el tocador de su madre? <strong>Ana\u00efs Ana\u00efs<\/strong> es puro romanticismo en estado l\u00edquido. Con sus notas de lirio, jacinto y almizcle blanco, es delicado, floral y eterno. Un regalo que huele a abrazos, a juventud y a cari\u00f1o del bueno.<\/p>\n\n\n    <a class='product' target='_blank' href='https:\/\/www.primor.eu\/es_es\/cacharel-anais-anais-eau-de-toilette-111332.html?#854=66334'>\r\n        <img loading='async' src='https:\/\/cdn2.primor.eu\/media\/catalog\/product\/cache\/8d3aba296f7a18b5251ee30fa5db42b2\/3\/3\/3360370512044_1_0324.jpg' alt='COMPRAR AHORA'>\r\n            <div class=\"claim\">\r\n                COMPRAR AHORA            <\/div>\r\n        <\/a>\r\n    \n\n<div class=\"kk-star-ratings kksr-auto kksr-align-center kksr-valign-bottom\"\n    data-payload='{&quot;align&quot;:&quot;center&quot;,&quot;id&quot;:&quot;125069&quot;,&quot;slug&quot;:&quot;default&quot;,&quot;valign&quot;:&quot;bottom&quot;,&quot;ignore&quot;:&quot;&quot;,&quot;reference&quot;:&quot;auto&quot;,&quot;class&quot;:&quot;&quot;,&quot;count&quot;:&quot;0&quot;,&quot;legendonly&quot;:&quot;&quot;,&quot;readonly&quot;:&quot;&quot;,&quot;score&quot;:&quot;0&quot;,&quot;starsonly&quot;:&quot;&quot;,&quot;best&quot;:&quot;5&quot;,&quot;gap&quot;:&quot;5&quot;,&quot;greet&quot;:&quot;Valora este art\u00edculo&quot;,&quot;legend&quot;:&quot;0\\\/5 - (0 votos)&quot;,&quot;size&quot;:&quot;24&quot;,&quot;title&quot;:&quot;Pasan de generaci\u00f3n en generaci\u00f3n: los 6 productos cl\u00e1sicos que regalar el D\u00eda de la Madre&quot;,&quot;width&quot;:&quot;0&quot;,&quot;_legend&quot;:&quot;{score}\\\/{best} - ({count} {votes})&quot;,&quot;font_factor&quot;:&quot;1.25&quot;}'>\n            \n<div class=\"kksr-stars\">\n    \n<div class=\"kksr-stars-inactive\">\n            <div class=\"kksr-star\" data-star=\"1\" style=\"padding-right: 5px\">\n            \n\n<div class=\"kksr-icon\" style=\"width: 24px; height: 24px;\"><\/div>\n        <\/div>\n            <div class=\"kksr-star\" data-star=\"2\" style=\"padding-right: 5px\">\n            \n\n<div class=\"kksr-icon\" style=\"width: 24px; height: 24px;\"><\/div>\n        <\/div>\n            <div class=\"kksr-star\" data-star=\"3\" style=\"padding-right: 5px\">\n            \n\n<div class=\"kksr-icon\" style=\"width: 24px; height: 24px;\"><\/div>\n        <\/div>\n            <div class=\"kksr-star\" data-star=\"4\" style=\"padding-right: 5px\">\n            \n\n<div class=\"kksr-icon\" style=\"width: 24px; height: 24px;\"><\/div>\n        <\/div>\n            <div class=\"kksr-star\" data-star=\"5\" style=\"padding-right: 5px\">\n            \n\n<div class=\"kksr-icon\" style=\"width: 24px; height: 24px;\"><\/div>\n        <\/div>\n    <\/div>\n    \n<div class=\"kksr-stars-active\" style=\"width: 0px;\">\n            <div class=\"kksr-star\" style=\"padding-right: 5px\">\n            \n\n<div class=\"kksr-icon\" style=\"width: 24px; height: 24px;\"><\/div>\n        <\/div>\n            <div class=\"kksr-star\" style=\"padding-right: 5px\">\n            \n\n<div class=\"kksr-icon\" style=\"width: 24px; height: 24px;\"><\/div>\n        <\/div>\n            <div class=\"kksr-star\" style=\"padding-right: 5px\">\n            \n\n<div class=\"kksr-icon\" style=\"width: 24px; height: 24px;\"><\/div>\n        <\/div>\n            <div class=\"kksr-star\" style=\"padding-right: 5px\">\n            \n\n<div class=\"kksr-icon\" style=\"width: 24px; height: 24px;\"><\/div>\n        <\/div>\n            <div class=\"kksr-star\" style=\"padding-right: 5px\">\n            \n\n<div class=\"kksr-icon\" style=\"width: 24px; height: 24px;\"><\/div>\n        <\/div>\n    <\/div>\n<\/div>\n                \n\n<div class=\"kksr-legend\" style=\"font-size: 19.2px;\">\n            <span class=\"kksr-muted\">Valora este art\u00edculo<\/span>\n    <\/div>\n    <\/div>\n","protected":false},"excerpt":{"rendered":"<p>Hay regalos que son m\u00e1s que un detalle. Son un gesto de amor. Una forma de decir \u201cte admiro\u201d, \u201cgracias por tanto\u201d o simplemente \u201cte mereces lo mejor\u201d. Y si hay una fecha que lo resume todo, es esta: el D\u00eda de la Madre. Un d\u00eda para homenajear a esa mujer que te ense\u00f1\u00f3 desde [&hellip;]<\/p>\n","protected":false},"author":14,"featured_media":125092,"comment_status":"closed","ping_status":"closed","sticky":false,"template":"","format":"standard","meta":{"jnews-multi-image_gallery":[],"jnews_single_post":{"format":"standard"},"jnews_primary_category":[],"jnews_social_meta":[],"jnews_override_counter":[],"footnotes":""},"categories":[29,6309],"tags":[],"class_list":["post-125069","post","type-post","status-publish","format-standard","has-post-thumbnail","hentry","category-cosmetica","category-dia-de-la-madre"],"_links":{"self":[{"href":"https:\/\/www.primor.eu\/blog\/wp-json\/wp\/v2\/posts\/125069","targetHints":{"allow":["GET"]}}],"collection":[{"href":"https:\/\/www.primor.eu\/blog\/wp-json\/wp\/v2\/posts"}],"about":[{"href":"https:\/\/www.primor.eu\/blog\/wp-json\/wp\/v2\/types\/post"}],"author":[{"embeddable":true,"href":"https:\/\/www.primor.eu\/blog\/wp-json\/wp\/v2\/users\/14"}],"replies":[{"embeddable":true,"href":"https:\/\/www.primor.eu\/blog\/wp-json\/wp\/v2\/comments?post=125069"}],"version-history":[{"count":4,"href":"https:\/\/www.primor.eu\/blog\/wp-json\/wp\/v2\/posts\/125069\/revisions"}],"predecessor-version":[{"id":141947,"href":"https:\/\/www.primor.eu\/blog\/wp-json\/wp\/v2\/posts\/125069\/revisions\/141947"}],"wp:featuredmedia":[{"embeddable":true,"href":"https:\/\/www.primor.eu\/blog\/wp-json\/wp\/v2\/media\/125092"}],"wp:attachment":[{"href":"https:\/\/www.primor.eu\/blog\/wp-json\/wp\/v2\/media?parent=125069"}],"wp:term":[{"taxonomy":"category","embeddable":true,"href":"https:\/\/www.primor.eu\/blog\/wp-json\/wp\/v2\/categories?post=125069"},{"taxonomy":"post_tag","embeddable":true,"href":"https:\/\/www.primor.eu\/blog\/wp-json\/wp\/v2\/tags?post=125069"}],"curies":[{"name":"wp","href":"https:\/\/api.w.org\/{rel}","templated":true}]}}