{"id":125049,"date":"2025-04-22T08:59:50","date_gmt":"2025-04-22T08:59:50","guid":{"rendered":"https:\/\/www.primor.eu\/blog\/?p=125049"},"modified":"2026-01-29T08:52:34","modified_gmt":"2026-01-29T08:52:34","slug":"mejores-marcas-belleza-regenerativa","status":"publish","type":"post","link":"https:\/\/www.primor.eu\/blog\/mejores-marcas-belleza-regenerativa\/","title":{"rendered":"Estas son las 3 mejores marcas y productos basados en la belleza regenerativa de 2026"},"content":{"rendered":"\n<p>Hay una nueva forma de entender la belleza que va m\u00e1s all\u00e1 de lo superficial. Una belleza que no solo cuida de ti, sino que tambi\u00e9n <strong>cuida del planeta<\/strong>. Y no hablamos solo de cosm\u00e9tica \u201cverde\u201d o ecol\u00f3gica, sino de algo mucho m\u00e1s poderoso: la <strong>belleza regenerativa<\/strong>. El concepto que en 2025 ha tomado las riendas de la industria y que todas las marcas con prop\u00f3sito est\u00e1n adoptando.<\/p>\n\n\n\n<p>Porque no se trata solo de minimizar el impacto. Se trata de <strong>devolver, restaurar y regenerar<\/strong>. De pensar en la piel y en el suelo, en los ingredientes y en las comunidades, en tu bienestar y en el del ecosistema. Y s\u00ed, es posible.<\/p>\n\n\n\n<p>Si est\u00e1s empezando a escuchar este t\u00e9rmino por todas partes y no sabes por d\u00f3nde empezar, en este art\u00edculo de Primor te traigo <strong>las 5 mejores marcas y productos que representan la esencia de la belleza regenerativa<\/strong>. F\u00f3rmulas eficaces, limpias y comprometidas que puedes encontrar en <strong>Primor<\/strong> y que te har\u00e1n sentir bien por dentro y por fuera. \u00bfLista para descubrirlas?<\/p>\n\n\n\n<h2 class=\"wp-block-heading\">Las mejores marcas de belleza regenerativa<\/h2>\n\n\n\n<h3 class=\"wp-block-heading\">Weleda&nbsp;<\/h3>\n\n\n\n<p>Weleda lleva d\u00e9cadas haciendo las cosas bien, mucho antes de que la sostenibilidad se pusiera de moda. \u00bfLo mejor? Su <strong>enfoque hol\u00edstico<\/strong>: ingredientes biodin\u00e1micos cultivados sin pesticidas, respeto por la biodiversidad, y una producci\u00f3n que regenera el suelo y apoya a las comunidades locales. Todo esto, mientras repara tu piel seca, apagada o estresada.<\/p>\n\n\n\n<p>\u00bfLos productos de Weleda son respetuosos con el medioambiente? <strong>Por supuesto que s\u00ed. <\/strong>Weleda es una firma que promueve pr\u00e1cticas respetuosas con el medio que nos rodea elaborando sus productos con ingredientes procedentes de cultivos y cosechas sostenibles. Una iniciativa con la que promueven el respeto por la biodiversidad de los animales, las personas y las plantas.<\/p>\n\n\n\n<div class=\"wp-block-buttons alignwide is-content-justification-center is-layout-flex wp-container-core-buttons-is-layout-16018d1d wp-block-buttons-is-layout-flex\">\n<div class=\"wp-block-button\"><a class=\"wp-block-button__link has-vivid-red-background-color has-background has-text-align-center wp-element-button\" href=\"https:\/\/www.primor.eu\/es_es\/weleda\">Saber m\u00e1s<\/a><\/div>\n<\/div>\n\n\n\n<h3 class=\"wp-block-heading\">Clarins<\/h3>\n\n\n\n<p>La filosof\u00eda de Clarins es clara: la naturaleza tiene <strong>todo lo que tu piel necesita<\/strong>. Es por eso que todos sus productos y tratamientos est\u00e1n elaborados a base de ingredientes naturales que, sumado a su tecnolog\u00eda innovadora y exclusiva, proporciona a la dermis todo lo necesario para lucir su mejor versi\u00f3n.<\/p>\n\n\n\n<p>De este modo, dentro del amplio abanico de los <a href=\"https:\/\/www.primor.eu\/es_es\/clarins\">productos de Clarins<\/a>, podr\u00e1s encontrar desde soluciones exclusivas y adaptadas a las necesidades del rostro como desmaquillantes, exfoliantes, cremas hidratantes o contornos de ojos, hasta <a href=\"https:\/\/www.primor.eu\/es_es\/clarins-corporales\">tratamientos espec\u00edficos<\/a> para cualquier zona corporal, como sus famosas y virales cremas reafirmantes o reductoras.<\/p>\n\n\n\n<div class=\"wp-block-buttons alignwide is-content-justification-center is-layout-flex wp-container-core-buttons-is-layout-16018d1d wp-block-buttons-is-layout-flex\">\n<div class=\"wp-block-button\"><a class=\"wp-block-button__link has-vivid-red-background-color has-background has-text-align-center wp-element-button\" href=\"https:\/\/www.primor.eu\/es_es\/clarins\">Saber m\u00e1s<\/a><\/div>\n<\/div>\n\n\n\n<h3 class=\"wp-block-heading\">Guerlain<\/h3>\n\n\n\n<p>Desde sus inicios, <strong>Guerlain<\/strong> act\u00faa siguiendo un compromiso real convirtiendo la naturaleza en arte y transmitiendo de generaci\u00f3n en generaci\u00f3n sus valores. Fiel protectora de la abeja como s\u00edmbolo de la marca, la Maison Guerlain contin\u00faa trabajando para conseguir un mundo m\u00e1s \u00e9tico y responsable gracias a sus productos.<\/p>\n\n\n\n<p>La historia de la marca se puede trazar a trav\u00e9s de las calles de la capital, y desde su primera f\u00e1brica (\u201cLa Savonnerie\u201d) en 1828, situada en el barrio de la Place de l\u2019\u00c9toile, la Maison nunca ha abandonado Francia. A d\u00eda de hoy todav\u00eda conservan su emblem\u00e1tica boutique en el n\u00famero 68 de la Avenida de los Campos El\u00edseos. Para ellos es muy importante, ya que eso demuestra la importancia de sus ra\u00edces.<\/p>\n\n\n\n<p>En 1939 decidieron abrir los famosos Spa e institutos de belleza, con el objetivo de mimar y trasladar a sus clientas a un enclave \u00fanico donde sentirse seguras, c\u00f3modas y preciosas despu\u00e9s de cada sesi\u00f3n. \u00bfSu ingrediente estrella? La jalea real. En 1853, dos alquimistas se encontraron: la abeja, alquimista de la naturaleza; y Guerlain, alquimista de la belleza. Desde entonces, este combo imparable revoluciona la industria de la belleza tras cada lanzamiento.<\/p>\n\n\n\n<div class=\"wp-block-buttons alignwide is-content-justification-center is-layout-flex wp-container-core-buttons-is-layout-16018d1d wp-block-buttons-is-layout-flex\">\n<div class=\"wp-block-button\"><a class=\"wp-block-button__link has-vivid-red-background-color has-background has-text-align-center wp-element-button\" href=\"https:\/\/www.primor.eu\/es_es\/guerlain\">Saber m\u00e1s<\/a><\/div>\n<\/div>\n\n\n<div class=\"kk-star-ratings kksr-auto kksr-align-center kksr-valign-bottom\"\n    data-payload='{&quot;align&quot;:&quot;center&quot;,&quot;id&quot;:&quot;125049&quot;,&quot;slug&quot;:&quot;default&quot;,&quot;valign&quot;:&quot;bottom&quot;,&quot;ignore&quot;:&quot;&quot;,&quot;reference&quot;:&quot;auto&quot;,&quot;class&quot;:&quot;&quot;,&quot;count&quot;:&quot;0&quot;,&quot;legendonly&quot;:&quot;&quot;,&quot;readonly&quot;:&quot;&quot;,&quot;score&quot;:&quot;0&quot;,&quot;starsonly&quot;:&quot;&quot;,&quot;best&quot;:&quot;5&quot;,&quot;gap&quot;:&quot;5&quot;,&quot;greet&quot;:&quot;Valora este art\u00edculo&quot;,&quot;legend&quot;:&quot;0\\\/5 - (0 votos)&quot;,&quot;size&quot;:&quot;24&quot;,&quot;title&quot;:&quot;Estas son las 3 mejores marcas y productos basados en la belleza regenerativa de 2026&quot;,&quot;width&quot;:&quot;0&quot;,&quot;_legend&quot;:&quot;{score}\\\/{best} - ({count} {votes})&quot;,&quot;font_factor&quot;:&quot;1.25&quot;}'>\n            \n<div class=\"kksr-stars\">\n    \n<div class=\"kksr-stars-inactive\">\n            <div class=\"kksr-star\" data-star=\"1\" style=\"padding-right: 5px\">\n            \n\n<div class=\"kksr-icon\" style=\"width: 24px; height: 24px;\"><\/div>\n        <\/div>\n            <div class=\"kksr-star\" data-star=\"2\" style=\"padding-right: 5px\">\n            \n\n<div class=\"kksr-icon\" style=\"width: 24px; height: 24px;\"><\/div>\n        <\/div>\n            <div class=\"kksr-star\" data-star=\"3\" style=\"padding-right: 5px\">\n            \n\n<div class=\"kksr-icon\" style=\"width: 24px; height: 24px;\"><\/div>\n        <\/div>\n            <div class=\"kksr-star\" data-star=\"4\" style=\"padding-right: 5px\">\n            \n\n<div class=\"kksr-icon\" style=\"width: 24px; height: 24px;\"><\/div>\n        <\/div>\n            <div class=\"kksr-star\" data-star=\"5\" style=\"padding-right: 5px\">\n            \n\n<div class=\"kksr-icon\" style=\"width: 24px; height: 24px;\"><\/div>\n        <\/div>\n    <\/div>\n    \n<div class=\"kksr-stars-active\" style=\"width: 0px;\">\n            <div class=\"kksr-star\" style=\"padding-right: 5px\">\n            \n\n<div class=\"kksr-icon\" style=\"width: 24px; height: 24px;\"><\/div>\n        <\/div>\n            <div class=\"kksr-star\" style=\"padding-right: 5px\">\n            \n\n<div class=\"kksr-icon\" style=\"width: 24px; height: 24px;\"><\/div>\n        <\/div>\n            <div class=\"kksr-star\" style=\"padding-right: 5px\">\n            \n\n<div class=\"kksr-icon\" style=\"width: 24px; height: 24px;\"><\/div>\n        <\/div>\n            <div class=\"kksr-star\" style=\"padding-right: 5px\">\n            \n\n<div class=\"kksr-icon\" style=\"width: 24px; height: 24px;\"><\/div>\n        <\/div>\n            <div class=\"kksr-star\" style=\"padding-right: 5px\">\n            \n\n<div class=\"kksr-icon\" style=\"width: 24px; height: 24px;\"><\/div>\n        <\/div>\n    <\/div>\n<\/div>\n                \n\n<div class=\"kksr-legend\" style=\"font-size: 19.2px;\">\n            <span class=\"kksr-muted\">Valora este art\u00edculo<\/span>\n    <\/div>\n    <\/div>\n","protected":false},"excerpt":{"rendered":"<p>Hay una nueva forma de entender la belleza que va m\u00e1s all\u00e1 de lo superficial. Una belleza que no solo cuida de ti, sino que tambi\u00e9n cuida del planeta. Y no hablamos solo de cosm\u00e9tica \u201cverde\u201d o ecol\u00f3gica, sino de algo mucho m\u00e1s poderoso: la belleza regenerativa. El concepto que en 2025 ha tomado las [&hellip;]<\/p>\n","protected":false},"author":14,"featured_media":125042,"comment_status":"closed","ping_status":"closed","sticky":false,"template":"","format":"standard","meta":{"jnews-multi-image_gallery":[],"jnews_single_post":{"format":"standard"},"jnews_primary_category":[],"jnews_social_meta":[],"jnews_override_counter":[],"footnotes":""},"categories":[29],"tags":[],"class_list":["post-125049","post","type-post","status-publish","format-standard","has-post-thumbnail","hentry","category-cosmetica"],"_links":{"self":[{"href":"https:\/\/www.primor.eu\/blog\/wp-json\/wp\/v2\/posts\/125049","targetHints":{"allow":["GET"]}}],"collection":[{"href":"https:\/\/www.primor.eu\/blog\/wp-json\/wp\/v2\/posts"}],"about":[{"href":"https:\/\/www.primor.eu\/blog\/wp-json\/wp\/v2\/types\/post"}],"author":[{"embeddable":true,"href":"https:\/\/www.primor.eu\/blog\/wp-json\/wp\/v2\/users\/14"}],"replies":[{"embeddable":true,"href":"https:\/\/www.primor.eu\/blog\/wp-json\/wp\/v2\/comments?post=125049"}],"version-history":[{"count":2,"href":"https:\/\/www.primor.eu\/blog\/wp-json\/wp\/v2\/posts\/125049\/revisions"}],"predecessor-version":[{"id":138166,"href":"https:\/\/www.primor.eu\/blog\/wp-json\/wp\/v2\/posts\/125049\/revisions\/138166"}],"wp:featuredmedia":[{"embeddable":true,"href":"https:\/\/www.primor.eu\/blog\/wp-json\/wp\/v2\/media\/125042"}],"wp:attachment":[{"href":"https:\/\/www.primor.eu\/blog\/wp-json\/wp\/v2\/media?parent=125049"}],"wp:term":[{"taxonomy":"category","embeddable":true,"href":"https:\/\/www.primor.eu\/blog\/wp-json\/wp\/v2\/categories?post=125049"},{"taxonomy":"post_tag","embeddable":true,"href":"https:\/\/www.primor.eu\/blog\/wp-json\/wp\/v2\/tags?post=125049"}],"curies":[{"name":"wp","href":"https:\/\/api.w.org\/{rel}","templated":true}]}}