{"id":125014,"date":"2025-04-22T08:53:58","date_gmt":"2025-04-22T08:53:58","guid":{"rendered":"https:\/\/www.primor.eu\/blog\/?p=125014"},"modified":"2026-04-30T16:32:21","modified_gmt":"2026-04-30T16:32:21","slug":"belleza-regenerativa","status":"publish","type":"post","link":"https:\/\/www.primor.eu\/blog\/belleza-regenerativa\/","title":{"rendered":"El comienzo de la belleza regenerativa: qu\u00e9 hace y por qu\u00e9 todas las marcas apuntan en esa direcci\u00f3n"},"content":{"rendered":"\n<p>Si en los \u00faltimos meses has notado que tus marcas favoritas hablan de \u201c<strong>regenerar<\/strong>\u201d, \u201cdevolver a la tierra lo que tomamos\u201d o de \u201c<strong>cultivo \u00e9tico<\/strong>\u201d, no es casualidad. Lo que empez\u00f3 como una tendencia t\u00edmida dentro del <em><a href=\"https:\/\/www.primor.eu\/es_es\/?query=clean%20beauty\" data-type=\"link\" data-id=\"https:\/\/www.primor.eu\/es_es\/?query=clean%20beauty\">clean beauty<\/a><\/em> se ha convertido en el nuevo est\u00e1ndar que muchas marcas de cosm\u00e9tica est\u00e1n abrazando con fuerza: <strong>la <a href=\"https:\/\/www.primor.eu\/blog\/mejores-marcas-belleza-regenerativa\/\" data-type=\"link\" data-id=\"https:\/\/www.primor.eu\/blog\/mejores-marcas-belleza-regenerativa\/\">belleza regenerativa<\/a><\/strong>.<\/p>\n\n\n\n<p>Y no, no es solo un reclamo m\u00e1s. Es una manera distinta de crear, formular, producir y cuidar. Una forma de entender que nuestra piel y el planeta no est\u00e1n tan separados como creemos. \u00bfPor qu\u00e9 todas las firmas quieren formar parte de este movimiento? Porque ya no basta con no da\u00f1ar. Ahora la misi\u00f3n es <strong>curar, restaurar, contribuir<\/strong>. Regenerar.<\/p>\n\n\n\n<h2 class=\"wp-block-heading\">\u00bfQu\u00e9 es exactamente la belleza regenerativa?<\/h2>\n\n\n\n<p>Podr\u00edamos decir que es la evoluci\u00f3n natural del concepto de belleza sostenible. Si el enfoque <em>clean<\/em> se centraba en eliminar ingredientes nocivos, el regenerativo <strong>va un paso m\u00e1s all\u00e1<\/strong>: apuesta por ingredientes de origen \u00e9tico, pr\u00e1cticas agr\u00edcolas responsables y procesos que no solo no agotan recursos, sino que <strong>los devuelven o mejoran<\/strong>.<\/p>\n\n\n\n<p>Hablamos de <strong>marcas que colaboran con comunidades locales<\/strong>, que usan envases reciclables (o mejor, rellenables), que formulan con residuos agr\u00edcolas o que cultivan sus ingredientes de forma regenerativa, es decir, devolviendo a la tierra m\u00e1s de lo que toman. Es una cosm\u00e9tica que respira, que piensa a largo plazo, y que entiende que cuidar tu piel tambi\u00e9n puede ser una forma de cuidar el planeta.<\/p>\n\n\n\n<h2 class=\"wp-block-heading\">\u00bfQu\u00e9 beneficios tiene este tipo de cosm\u00e9tica para tu piel?<\/h2>\n\n\n\n<p>Adem\u00e1s del impacto medioambiental, los productos de belleza regenerativa <strong>suelen ser ricos en nutrientes biodisponibles<\/strong>, ingredientes frescos, menos procesados y m\u00e1s respetuosos con la barrera cut\u00e1nea. Esto se traduce en f\u00f3rmulas que:<\/p>\n\n\n\n<ul class=\"wp-block-list\">\n<li>Refuerzan la <strong>microbiota natural de la piel<\/strong>.<\/li>\n<\/ul>\n\n\n\n<ul class=\"wp-block-list\">\n<li>Mejoran la hidrataci\u00f3n profunda y la luminosidad.<\/li>\n\n\n\n<li>Tienen una acci\u00f3n calmante y antiinflamatoria.<\/li>\n\n\n\n<li>Previenen el envejecimiento prematuro de manera respetuosa.<\/li>\n\n\n\n<li>Son aptas para pieles sensibles gracias a su alta tolerancia.<\/li>\n<\/ul>\n\n\n\n<p>\u00bfY lo mejor? Que te cuidan a ti mientras cuidan del entorno. Es el autocuidado elevado a su versi\u00f3n m\u00e1s consciente.<\/p>\n\n\n\n<h2 class=\"wp-block-heading\">\u00bfPor qu\u00e9 todas las marcas est\u00e1n girando hacia la belleza regenerativa?<\/h2>\n\n\n\n<p>Porque el consumidor ya no solo quiere resultados: <strong>quiere transparencia, coherencia y prop\u00f3sito<\/strong>. La nueva generaci\u00f3n de compradoras (y compradores) de belleza pregunta, investiga y quiere saber qu\u00e9 hay detr\u00e1s del s\u00e9rum que se aplica cada ma\u00f1ana. \u00bfDe d\u00f3nde vienen sus ingredientes? \u00bfQui\u00e9n los cultiva? \u00bfQu\u00e9 huella deja en el planeta?<\/p>\n\n\n\n<p>Adem\u00e1s, cada vez m\u00e1s normativas exigen que las marcas <strong>reduzcan su impacto ambiental, gestionen bien sus residuos y garanticen pr\u00e1cticas \u00e9ticas<\/strong>. La regeneraci\u00f3n no es solo una tendencia: es el nuevo punto de partida. Y eso ha llevado a gigantes de la industria y peque\u00f1as firmas independientes a repensar toda su cadena de valor.<\/p>\n\n\n\n<p>En 2025, <strong>la innovaci\u00f3n cosm\u00e9tica no solo busca eficacia, tambi\u00e9n busca \u00e9tica<\/strong>. Y eso se traduce en productos que se sienten bien en la piel\u2026 y a\u00fan mejor en la conciencia.<\/p>\n\n\n\n<p>En Primor es posible encontrar muchas marcas que ya apuestan por este enfoque. Tan solo tendr\u00e1s que buscar tu favorita <a href=\"https:\/\/www.primor.eu\/es_es\/marcas\">aqu\u00ed<\/a>.&nbsp;<\/p>\n\n\n\n<h2 class=\"wp-block-heading\">Dos productos de clean beauty para una belleza regenerativa<\/h2>\n\n\n\n<h3 class=\"wp-block-heading\">Crema de Contorno de Ojos \u00e1cido Hialur\u00f3nico de Clean Beauty<\/h3>\n\n\n\n<p>Una crema activa para el contorno de ojos que ayuda a prevenir la apariencia cansada, a la vez que reduce la hinchaz\u00f3n e ilumina el contorno. Con una combinaci\u00f3n de 4 \u00e1cidos hialur\u00f3nicos de diferentes tama\u00f1os, esta crema hidrata, rejuvenece y estimula la regeneraci\u00f3n del contorno al instante. Basada en B-Shape, extracto de algas rojas con efecto antihinchaz\u00f3n r\u00e1pido y duradero, y niacinamida (vitamina B3), que ilumina la piel y reduce la apariencia de l\u00edneas de expresi\u00f3n y arrugas. Enriquecida con componentes naturales como beta\u00edna de remolacha azucarera reciclada, manteca de karit\u00e9, aceite de arg\u00e1n y aceite de almendras dulces para una nutrici\u00f3n y protecci\u00f3n intensivas.<\/p>\n\n\n    <a class='product' target='_blank' href='https:\/\/www.primor.eu\/es_es\/clean-beauty-crema-de-contorno-de-ojos-acido-hialuronico-134882.html'>\r\n        <img loading='async' src='https:\/\/cdn2.primor.eu\/media\/catalog\/product\/cache\/8d3aba296f7a18b5251ee30fa5db42b2\/8\/4\/8480007810420_1be2.jpg' alt='COMPRAR AHORA'>\r\n            <div class=\"claim\">\r\n                COMPRAR AHORA            <\/div>\r\n        <\/a>\r\n    \n\n\n<h3 class=\"wp-block-heading\">Elixir Contorno de Ojos de Arganour<\/h3>\n\n\n\n<p><strong>Elixir es un contorno de ojos&nbsp;<\/strong>de acci\u00f3n global formulado para hidratar, reafirmar, reducir la apariencia de ojeras y l\u00edneas de expresi\u00f3n, y revitalizar la zona ocular. Dise\u00f1ado espec\u00edficamente para tratar la piel m\u00e1s fina y delicada del rostro, este tratamiento ofrece una soluci\u00f3n eficaz y respetuosa con todo tipo de pieles, especialmente las maduras o fatigadas.<\/p>\n\n\n\n<p>Su f\u00f3rmula, dermatol\u00f3gicamente testada, est\u00e1 enriquecida con potentes activos naturales con eficacia cl\u00ednicamente demostrada, brindando resultados visibles desde las primeras aplicaciones.<\/p>\n\n\n    <a class='product' target='_blank' href='https:\/\/www.primor.eu\/es_es\/arganour-elixir-contorno-de-ojos-con-higo-chumbo-y-cafeina-77919.html'>\r\n        <img loading='async' src='https:\/\/cdn2.primor.eu\/media\/catalog\/product\/cache\/8d3aba296f7a18b5251ee30fa5db42b2\/8\/4\/8435438601048_91c8.png' alt='COMPRAR AHORA'>\r\n            <div class=\"claim\">\r\n                COMPRAR AHORA            <\/div>\r\n        <\/a>\r\n    \n\n<div class=\"kk-star-ratings kksr-auto kksr-align-center kksr-valign-bottom\"\n    data-payload='{&quot;align&quot;:&quot;center&quot;,&quot;id&quot;:&quot;125014&quot;,&quot;slug&quot;:&quot;default&quot;,&quot;valign&quot;:&quot;bottom&quot;,&quot;ignore&quot;:&quot;&quot;,&quot;reference&quot;:&quot;auto&quot;,&quot;class&quot;:&quot;&quot;,&quot;count&quot;:&quot;0&quot;,&quot;legendonly&quot;:&quot;&quot;,&quot;readonly&quot;:&quot;&quot;,&quot;score&quot;:&quot;0&quot;,&quot;starsonly&quot;:&quot;&quot;,&quot;best&quot;:&quot;5&quot;,&quot;gap&quot;:&quot;5&quot;,&quot;greet&quot;:&quot;Valora este art\u00edculo&quot;,&quot;legend&quot;:&quot;0\\\/5 - (0 votos)&quot;,&quot;size&quot;:&quot;24&quot;,&quot;title&quot;:&quot;El comienzo de la belleza regenerativa: qu\u00e9 hace y por qu\u00e9 todas las marcas apuntan en esa direcci\u00f3n&quot;,&quot;width&quot;:&quot;0&quot;,&quot;_legend&quot;:&quot;{score}\\\/{best} - ({count} {votes})&quot;,&quot;font_factor&quot;:&quot;1.25&quot;}'>\n            \n<div class=\"kksr-stars\">\n    \n<div class=\"kksr-stars-inactive\">\n            <div class=\"kksr-star\" data-star=\"1\" style=\"padding-right: 5px\">\n            \n\n<div class=\"kksr-icon\" style=\"width: 24px; height: 24px;\"><\/div>\n        <\/div>\n            <div class=\"kksr-star\" data-star=\"2\" style=\"padding-right: 5px\">\n            \n\n<div class=\"kksr-icon\" style=\"width: 24px; height: 24px;\"><\/div>\n        <\/div>\n            <div class=\"kksr-star\" data-star=\"3\" style=\"padding-right: 5px\">\n            \n\n<div class=\"kksr-icon\" style=\"width: 24px; height: 24px;\"><\/div>\n        <\/div>\n            <div class=\"kksr-star\" data-star=\"4\" style=\"padding-right: 5px\">\n            \n\n<div class=\"kksr-icon\" style=\"width: 24px; height: 24px;\"><\/div>\n        <\/div>\n            <div class=\"kksr-star\" data-star=\"5\" style=\"padding-right: 5px\">\n            \n\n<div class=\"kksr-icon\" style=\"width: 24px; height: 24px;\"><\/div>\n        <\/div>\n    <\/div>\n    \n<div class=\"kksr-stars-active\" style=\"width: 0px;\">\n            <div class=\"kksr-star\" style=\"padding-right: 5px\">\n            \n\n<div class=\"kksr-icon\" style=\"width: 24px; height: 24px;\"><\/div>\n        <\/div>\n            <div class=\"kksr-star\" style=\"padding-right: 5px\">\n            \n\n<div class=\"kksr-icon\" style=\"width: 24px; height: 24px;\"><\/div>\n        <\/div>\n            <div class=\"kksr-star\" style=\"padding-right: 5px\">\n            \n\n<div class=\"kksr-icon\" style=\"width: 24px; height: 24px;\"><\/div>\n        <\/div>\n            <div class=\"kksr-star\" style=\"padding-right: 5px\">\n            \n\n<div class=\"kksr-icon\" style=\"width: 24px; height: 24px;\"><\/div>\n        <\/div>\n            <div class=\"kksr-star\" style=\"padding-right: 5px\">\n            \n\n<div class=\"kksr-icon\" style=\"width: 24px; height: 24px;\"><\/div>\n        <\/div>\n    <\/div>\n<\/div>\n                \n\n<div class=\"kksr-legend\" style=\"font-size: 19.2px;\">\n            <span class=\"kksr-muted\">Valora este art\u00edculo<\/span>\n    <\/div>\n    <\/div>\n","protected":false},"excerpt":{"rendered":"<p>Si en los \u00faltimos meses has notado que tus marcas favoritas hablan de \u201cregenerar\u201d, \u201cdevolver a la tierra lo que tomamos\u201d o de \u201ccultivo \u00e9tico\u201d, no es casualidad. Lo que empez\u00f3 como una tendencia t\u00edmida dentro del clean beauty se ha convertido en el nuevo est\u00e1ndar que muchas marcas de cosm\u00e9tica est\u00e1n abrazando con fuerza: [&hellip;]<\/p>\n","protected":false},"author":14,"featured_media":125041,"comment_status":"closed","ping_status":"closed","sticky":false,"template":"","format":"standard","meta":{"jnews-multi-image_gallery":[],"jnews_single_post":{"format":"standard"},"jnews_primary_category":[],"jnews_social_meta":[],"jnews_override_counter":[],"footnotes":""},"categories":[29],"tags":[],"class_list":["post-125014","post","type-post","status-publish","format-standard","has-post-thumbnail","hentry","category-cosmetica"],"_links":{"self":[{"href":"https:\/\/www.primor.eu\/blog\/wp-json\/wp\/v2\/posts\/125014","targetHints":{"allow":["GET"]}}],"collection":[{"href":"https:\/\/www.primor.eu\/blog\/wp-json\/wp\/v2\/posts"}],"about":[{"href":"https:\/\/www.primor.eu\/blog\/wp-json\/wp\/v2\/types\/post"}],"author":[{"embeddable":true,"href":"https:\/\/www.primor.eu\/blog\/wp-json\/wp\/v2\/users\/14"}],"replies":[{"embeddable":true,"href":"https:\/\/www.primor.eu\/blog\/wp-json\/wp\/v2\/comments?post=125014"}],"version-history":[{"count":2,"href":"https:\/\/www.primor.eu\/blog\/wp-json\/wp\/v2\/posts\/125014\/revisions"}],"predecessor-version":[{"id":142068,"href":"https:\/\/www.primor.eu\/blog\/wp-json\/wp\/v2\/posts\/125014\/revisions\/142068"}],"wp:featuredmedia":[{"embeddable":true,"href":"https:\/\/www.primor.eu\/blog\/wp-json\/wp\/v2\/media\/125041"}],"wp:attachment":[{"href":"https:\/\/www.primor.eu\/blog\/wp-json\/wp\/v2\/media?parent=125014"}],"wp:term":[{"taxonomy":"category","embeddable":true,"href":"https:\/\/www.primor.eu\/blog\/wp-json\/wp\/v2\/categories?post=125014"},{"taxonomy":"post_tag","embeddable":true,"href":"https:\/\/www.primor.eu\/blog\/wp-json\/wp\/v2\/tags?post=125014"}],"curies":[{"name":"wp","href":"https:\/\/api.w.org\/{rel}","templated":true}]}}