{"id":124692,"date":"2026-04-12T12:57:57","date_gmt":"2026-04-12T12:57:57","guid":{"rendered":"https:\/\/www.primor.eu\/blog\/?p=124692"},"modified":"2026-04-12T12:57:58","modified_gmt":"2026-04-12T12:57:58","slug":"mejores-maquillajes-feria-de-abril","status":"publish","type":"post","link":"https:\/\/www.primor.eu\/blog\/mejores-maquillajes-feria-de-abril\/","title":{"rendered":"Los 6 mejores maquillajes para ir perfecta a la Feria de Abril de 2026: f\u00e1ciles de hacer"},"content":{"rendered":"\n<p>Si est\u00e1s buscando inspiraci\u00f3n de <strong><a href=\"https:\/\/www.primor.eu\/blog\/maquillaje-primavera-verano\/?srsltid=AfmBOop710Ec0iZyMLclFIu6Gmd_ZNw1QcaPXPmVVFw3EUKSQsagUN_i\" data-type=\"link\" data-id=\"https:\/\/www.primor.eu\/blog\/maquillaje-primavera-verano\/?srsltid=AfmBOop710Ec0iZyMLclFIu6Gmd_ZNw1QcaPXPmVVFw3EUKSQsagUN_i\">maquillajes <\/a><\/strong>para la <strong>Feria de Abril<\/strong>, te vamos a dar algunas de las mejores opciones que hemos rescatado de las redes sociales. Vamos a darte las opciones m\u00e1s cl\u00e1sicas, que incluyen los labios rojos, los ojos en negro y toda la pasi\u00f3n del flamenco y de nuestro folklore, pero tambi\u00e9n otras.<\/p>\n\n\n\n<p>Y es que dentro de las variantes de <strong>maquillajes <\/strong>para la <strong>Feria de Abril<\/strong> cabe explorar algunas opciones que se salgan de lo com\u00fan. Colores diferentes, toques personales y licencias, que quiz\u00e1s no son tan cl\u00e1sicas en la feria pero que te pueden gustar mucho, ir genial con tu vestido o con tus rasgos y belleza natural.<\/p>\n\n\n\n<h3 class=\"wp-block-heading\">Pasi\u00f3n flamenca y labios muy rojos<\/h3>\n\n\n\n<figure class=\"wp-block-image size-large is-resized\"><img decoding=\"async\" width=\"819\" height=\"1024\" src=\"https:\/\/www.primor.eu\/blog\/wp-content\/uploads\/2025\/04\/1-2-819x1024.jpg\" alt=\"\" class=\"wp-image-124702\" style=\"width:1025px;height:auto\" srcset=\"https:\/\/www.primor.eu\/blog\/wp-content\/uploads\/2025\/04\/1-2-819x1024.jpg 819w, https:\/\/www.primor.eu\/blog\/wp-content\/uploads\/2025\/04\/1-2-240x300.jpg 240w, https:\/\/www.primor.eu\/blog\/wp-content\/uploads\/2025\/04\/1-2-768x961.jpg 768w, https:\/\/www.primor.eu\/blog\/wp-content\/uploads\/2025\/04\/1-2-750x938.jpg 750w, https:\/\/www.primor.eu\/blog\/wp-content\/uploads\/2025\/04\/1-2.jpg 1080w\" sizes=\"(max-width: 819px) 100vw, 819px\" \/><\/figure>\n\n\n\n<p>Fuente Instagram: @mac_nervion<\/p>\n\n\n\n<p>Los labios rojos y los ojos en negro, como en este caso, son las formas de maquillajes para la Feria de Abril m\u00e1s cl\u00e1sicas. Eso no quita que sea muy adecuada, ya que ambos factores expresan a la perfecci\u00f3n la pasi\u00f3n del flamenco y de esta cultura tan caracter\u00edstica de nuestro pa\u00eds. Si eres de las que adora llevar los labios rojos o quieres ir a la feria como manda la tradici\u00f3n, no dudes en escoger este tipo de maquillaje para la Feria de Abril este a\u00f1o.<\/p>\n\n\n\n<h3 class=\"wp-block-heading\">En tonos marrones&nbsp;<\/h3>\n\n\n\n<figure class=\"wp-block-image size-large\"><img decoding=\"async\" width=\"1024\" height=\"1024\" src=\"https:\/\/www.primor.eu\/blog\/wp-content\/uploads\/2025\/04\/2-2-1024x1024.jpg\" alt=\"\" class=\"wp-image-124703\" srcset=\"https:\/\/www.primor.eu\/blog\/wp-content\/uploads\/2025\/04\/2-2-1024x1024.jpg 1024w, https:\/\/www.primor.eu\/blog\/wp-content\/uploads\/2025\/04\/2-2-300x300.jpg 300w, https:\/\/www.primor.eu\/blog\/wp-content\/uploads\/2025\/04\/2-2-150x150.jpg 150w, https:\/\/www.primor.eu\/blog\/wp-content\/uploads\/2025\/04\/2-2-768x769.jpg 768w, https:\/\/www.primor.eu\/blog\/wp-content\/uploads\/2025\/04\/2-2-75x75.jpg 75w, https:\/\/www.primor.eu\/blog\/wp-content\/uploads\/2025\/04\/2-2-350x350.jpg 350w, https:\/\/www.primor.eu\/blog\/wp-content\/uploads\/2025\/04\/2-2-750x751.jpg 750w, https:\/\/www.primor.eu\/blog\/wp-content\/uploads\/2025\/04\/2-2.jpg 1080w\" sizes=\"(max-width: 1024px) 100vw, 1024px\" \/><\/figure>\n\n\n\n<p>Fuente Instagram: @mariasanchezmua<\/p>\n\n\n\n<p>Los tonos marrones dan mucha expresividad a los ojos, pero sin llegar al toque que aporta la sombra negra. Si prefieres los tonos marrones o c\u00e1lidos, pero tambi\u00e9n quieres lucir la expresividad de tus ojos, este maquillaje puede ser perfecto para ti. Sobre todo si quieres destacar tus labios pero el rojo es demasiado para ti, estos tonos marrones o nude en oscuro, pueden ser perfectos para darle un toque a tu boca.<\/p>\n\n\n\n<h3 class=\"wp-block-heading\">Muy natural<\/h3>\n\n\n\n<figure class=\"wp-block-image size-large is-resized\"><img decoding=\"async\" width=\"819\" height=\"1024\" src=\"https:\/\/www.primor.eu\/blog\/wp-content\/uploads\/2025\/04\/3-2-819x1024.jpg\" alt=\"\" class=\"wp-image-124704\" style=\"width:1051px;height:auto\" srcset=\"https:\/\/www.primor.eu\/blog\/wp-content\/uploads\/2025\/04\/3-2-819x1024.jpg 819w, https:\/\/www.primor.eu\/blog\/wp-content\/uploads\/2025\/04\/3-2-240x300.jpg 240w, https:\/\/www.primor.eu\/blog\/wp-content\/uploads\/2025\/04\/3-2-768x961.jpg 768w, https:\/\/www.primor.eu\/blog\/wp-content\/uploads\/2025\/04\/3-2-750x938.jpg 750w, https:\/\/www.primor.eu\/blog\/wp-content\/uploads\/2025\/04\/3-2.jpg 1080w\" sizes=\"(max-width: 819px) 100vw, 819px\" \/><\/figure>\n\n\n\n<p>Fuente Instagram: @centromariahernandez<\/p>\n\n\n\n<p>Si eres de las que apenas llevas maquillaje en tu d\u00eda o de las que adoras la belleza natural, seguro que te encantar\u00e1 este maquillaje para la Feria de Abril. Ni que decir tiene que es pura luminosidad, sin renunciar a un ligero toque de eyeliner y m\u00e1scara de pesta\u00f1as apenas imperceptible que resalta una mirada llena de luz. Con un poco de iluminador, un labial rosado casi imperceptible o un gloss y un poco de m\u00e1scara de pesta\u00f1as ser\u00e1 suficiente. Adem\u00e1s, tendr\u00e1s mucho menos trabajo y estar\u00e1s lista en unos minutos.<\/p>\n\n\n\n<h3 class=\"wp-block-heading\">Con un toque morado<\/h3>\n\n\n\n<figure class=\"wp-block-image size-large\"><img decoding=\"async\" width=\"1024\" height=\"1024\" src=\"https:\/\/www.primor.eu\/blog\/wp-content\/uploads\/2025\/04\/4-2-1024x1024.jpg\" alt=\"\" class=\"wp-image-124705\" srcset=\"https:\/\/www.primor.eu\/blog\/wp-content\/uploads\/2025\/04\/4-2-1024x1024.jpg 1024w, https:\/\/www.primor.eu\/blog\/wp-content\/uploads\/2025\/04\/4-2-300x300.jpg 300w, https:\/\/www.primor.eu\/blog\/wp-content\/uploads\/2025\/04\/4-2-150x150.jpg 150w, https:\/\/www.primor.eu\/blog\/wp-content\/uploads\/2025\/04\/4-2-768x769.jpg 768w, https:\/\/www.primor.eu\/blog\/wp-content\/uploads\/2025\/04\/4-2-75x75.jpg 75w, https:\/\/www.primor.eu\/blog\/wp-content\/uploads\/2025\/04\/4-2-350x350.jpg 350w, https:\/\/www.primor.eu\/blog\/wp-content\/uploads\/2025\/04\/4-2-750x751.jpg 750w, https:\/\/www.primor.eu\/blog\/wp-content\/uploads\/2025\/04\/4-2.jpg 1080w\" sizes=\"(max-width: 1024px) 100vw, 1024px\" \/><\/figure>\n\n\n\n<p>Fuente Instagram: @anika_estudio<\/p>\n\n\n\n<p>Este ligero toque morado en los ojos quiz\u00e1s no es tan t\u00edpico en la Feria de Abril, pero dependiendo de los accesorios o vestido que lleves, puede ser ideal en tu caso. De hecho queda genial con joyas que llevan perlas, como en este caso, ya que las perlas tienen ese toque azulado tan especial que nos recuerda a la luna. Si llevas un vestido blanco, azulado o de tonos que queden bien con este tipo de sombras, \u00a1no lo dudes!<\/p>\n\n\n\n<h3 class=\"wp-block-heading\">Rosado y c\u00e1lido<\/h3>\n\n\n\n<figure class=\"wp-block-image size-large is-resized\"><img decoding=\"async\" width=\"890\" height=\"1024\" src=\"https:\/\/www.primor.eu\/blog\/wp-content\/uploads\/2025\/04\/5-2-890x1024.jpg\" alt=\"\" class=\"wp-image-124706\" style=\"width:1027px;height:auto\" srcset=\"https:\/\/www.primor.eu\/blog\/wp-content\/uploads\/2025\/04\/5-2-890x1024.jpg 890w, https:\/\/www.primor.eu\/blog\/wp-content\/uploads\/2025\/04\/5-2-261x300.jpg 261w, https:\/\/www.primor.eu\/blog\/wp-content\/uploads\/2025\/04\/5-2-768x883.jpg 768w, https:\/\/www.primor.eu\/blog\/wp-content\/uploads\/2025\/04\/5-2-750x863.jpg 750w, https:\/\/www.primor.eu\/blog\/wp-content\/uploads\/2025\/04\/5-2.jpg 1080w\" sizes=\"(max-width: 890px) 100vw, 890px\" \/><\/figure>\n\n\n\n<p>Fuente Instagram: @crisrodriguezsuarez<\/p>\n\n\n\n<p>La primavera es pura calidez y quiz\u00e1s te apetece salirte de la norma con un maquillaje femenino y c\u00e1lido como este, pero a la vez, sutil y elegante. Nos encanta el toque rosado de estas sombras y las flores de la cabeza son de lo m\u00e1s moderno que se puede llevar a la Feria\u2026&nbsp;<\/p>\n\n\n\n<h3 class=\"wp-block-heading\">En tonos azulados<\/h3>\n\n\n\n<figure class=\"wp-block-image size-full is-resized\"><img decoding=\"async\" width=\"501\" height=\"502\" src=\"https:\/\/www.primor.eu\/blog\/wp-content\/uploads\/2025\/04\/6-2.jpg\" alt=\"\" class=\"wp-image-124707\" style=\"width:1031px;height:auto\" srcset=\"https:\/\/www.primor.eu\/blog\/wp-content\/uploads\/2025\/04\/6-2.jpg 501w, https:\/\/www.primor.eu\/blog\/wp-content\/uploads\/2025\/04\/6-2-300x300.jpg 300w, https:\/\/www.primor.eu\/blog\/wp-content\/uploads\/2025\/04\/6-2-150x150.jpg 150w, https:\/\/www.primor.eu\/blog\/wp-content\/uploads\/2025\/04\/6-2-75x75.jpg 75w, https:\/\/www.primor.eu\/blog\/wp-content\/uploads\/2025\/04\/6-2-350x350.jpg 350w\" sizes=\"(max-width: 501px) 100vw, 501px\" \/><\/figure>\n\n\n\n<p>Fuente Instagram: @dcamerino_bymargalopez<\/p>\n\n\n\n<p>Estos tonos azulados tambi\u00e9n pueden ser muy favorecedores. No solamente con complementos azules o en tonos azul verdoso como en este caso, sino que en el caso de que tengas los ojos verdes, marrones o azules, \u00a1resaltar\u00e1n tu belleza natural! Y es que muchas veces el hecho de resaltar tus rasgos m\u00e1s bellos, est\u00e1 en elegir la paleta de colores correcta.<\/p>\n\n\n<div class=\"kk-star-ratings kksr-auto kksr-align-center kksr-valign-bottom\"\n    data-payload='{&quot;align&quot;:&quot;center&quot;,&quot;id&quot;:&quot;124692&quot;,&quot;slug&quot;:&quot;default&quot;,&quot;valign&quot;:&quot;bottom&quot;,&quot;ignore&quot;:&quot;&quot;,&quot;reference&quot;:&quot;auto&quot;,&quot;class&quot;:&quot;&quot;,&quot;count&quot;:&quot;0&quot;,&quot;legendonly&quot;:&quot;&quot;,&quot;readonly&quot;:&quot;&quot;,&quot;score&quot;:&quot;0&quot;,&quot;starsonly&quot;:&quot;&quot;,&quot;best&quot;:&quot;5&quot;,&quot;gap&quot;:&quot;5&quot;,&quot;greet&quot;:&quot;Valora este art\u00edculo&quot;,&quot;legend&quot;:&quot;0\\\/5 - (0 votos)&quot;,&quot;size&quot;:&quot;24&quot;,&quot;title&quot;:&quot;Los 6 mejores maquillajes para ir perfecta a la Feria de Abril de 2026: f\u00e1ciles de hacer&quot;,&quot;width&quot;:&quot;0&quot;,&quot;_legend&quot;:&quot;{score}\\\/{best} - ({count} {votes})&quot;,&quot;font_factor&quot;:&quot;1.25&quot;}'>\n            \n<div class=\"kksr-stars\">\n    \n<div class=\"kksr-stars-inactive\">\n            <div class=\"kksr-star\" data-star=\"1\" style=\"padding-right: 5px\">\n            \n\n<div class=\"kksr-icon\" style=\"width: 24px; height: 24px;\"><\/div>\n        <\/div>\n            <div class=\"kksr-star\" data-star=\"2\" style=\"padding-right: 5px\">\n            \n\n<div class=\"kksr-icon\" style=\"width: 24px; height: 24px;\"><\/div>\n        <\/div>\n            <div class=\"kksr-star\" data-star=\"3\" style=\"padding-right: 5px\">\n            \n\n<div class=\"kksr-icon\" style=\"width: 24px; height: 24px;\"><\/div>\n        <\/div>\n            <div class=\"kksr-star\" data-star=\"4\" style=\"padding-right: 5px\">\n            \n\n<div class=\"kksr-icon\" style=\"width: 24px; height: 24px;\"><\/div>\n        <\/div>\n            <div class=\"kksr-star\" data-star=\"5\" style=\"padding-right: 5px\">\n            \n\n<div class=\"kksr-icon\" style=\"width: 24px; height: 24px;\"><\/div>\n        <\/div>\n    <\/div>\n    \n<div class=\"kksr-stars-active\" style=\"width: 0px;\">\n            <div class=\"kksr-star\" style=\"padding-right: 5px\">\n            \n\n<div class=\"kksr-icon\" style=\"width: 24px; height: 24px;\"><\/div>\n        <\/div>\n            <div class=\"kksr-star\" style=\"padding-right: 5px\">\n            \n\n<div class=\"kksr-icon\" style=\"width: 24px; height: 24px;\"><\/div>\n        <\/div>\n            <div class=\"kksr-star\" style=\"padding-right: 5px\">\n            \n\n<div class=\"kksr-icon\" style=\"width: 24px; height: 24px;\"><\/div>\n        <\/div>\n            <div class=\"kksr-star\" style=\"padding-right: 5px\">\n            \n\n<div class=\"kksr-icon\" style=\"width: 24px; height: 24px;\"><\/div>\n        <\/div>\n            <div class=\"kksr-star\" style=\"padding-right: 5px\">\n            \n\n<div class=\"kksr-icon\" style=\"width: 24px; height: 24px;\"><\/div>\n        <\/div>\n    <\/div>\n<\/div>\n                \n\n<div class=\"kksr-legend\" style=\"font-size: 19.2px;\">\n            <span class=\"kksr-muted\">Valora este art\u00edculo<\/span>\n    <\/div>\n    <\/div>\n","protected":false},"excerpt":{"rendered":"<p>Si est\u00e1s buscando inspiraci\u00f3n de maquillajes para la Feria de Abril, te vamos a dar algunas de las mejores opciones que hemos rescatado de las redes sociales. Vamos a darte las opciones m\u00e1s cl\u00e1sicas, que incluyen los labios rojos, los ojos en negro y toda la pasi\u00f3n del flamenco y de nuestro folklore, pero tambi\u00e9n [&hellip;]<\/p>\n","protected":false},"author":30,"featured_media":124699,"comment_status":"closed","ping_status":"closed","sticky":false,"template":"","format":"standard","meta":{"jnews-multi-image_gallery":[],"jnews_single_post":{"format":"standard"},"jnews_primary_category":[],"jnews_social_meta":[],"jnews_override_counter":[],"footnotes":""},"categories":[41],"tags":[],"class_list":["post-124692","post","type-post","status-publish","format-standard","has-post-thumbnail","hentry","category-maquillaje"],"_links":{"self":[{"href":"https:\/\/www.primor.eu\/blog\/wp-json\/wp\/v2\/posts\/124692","targetHints":{"allow":["GET"]}}],"collection":[{"href":"https:\/\/www.primor.eu\/blog\/wp-json\/wp\/v2\/posts"}],"about":[{"href":"https:\/\/www.primor.eu\/blog\/wp-json\/wp\/v2\/types\/post"}],"author":[{"embeddable":true,"href":"https:\/\/www.primor.eu\/blog\/wp-json\/wp\/v2\/users\/30"}],"replies":[{"embeddable":true,"href":"https:\/\/www.primor.eu\/blog\/wp-json\/wp\/v2\/comments?post=124692"}],"version-history":[{"count":4,"href":"https:\/\/www.primor.eu\/blog\/wp-json\/wp\/v2\/posts\/124692\/revisions"}],"predecessor-version":[{"id":141130,"href":"https:\/\/www.primor.eu\/blog\/wp-json\/wp\/v2\/posts\/124692\/revisions\/141130"}],"wp:featuredmedia":[{"embeddable":true,"href":"https:\/\/www.primor.eu\/blog\/wp-json\/wp\/v2\/media\/124699"}],"wp:attachment":[{"href":"https:\/\/www.primor.eu\/blog\/wp-json\/wp\/v2\/media?parent=124692"}],"wp:term":[{"taxonomy":"category","embeddable":true,"href":"https:\/\/www.primor.eu\/blog\/wp-json\/wp\/v2\/categories?post=124692"},{"taxonomy":"post_tag","embeddable":true,"href":"https:\/\/www.primor.eu\/blog\/wp-json\/wp\/v2\/tags?post=124692"}],"curies":[{"name":"wp","href":"https:\/\/api.w.org\/{rel}","templated":true}]}}