{"id":124675,"date":"2026-04-12T12:59:17","date_gmt":"2026-04-12T12:59:17","guid":{"rendered":"https:\/\/www.primor.eu\/blog\/?p=124675"},"modified":"2026-04-12T12:59:18","modified_gmt":"2026-04-12T12:59:18","slug":"mejores-peinados-feria-de-abril","status":"publish","type":"post","link":"https:\/\/www.primor.eu\/blog\/mejores-peinados-feria-de-abril\/","title":{"rendered":"Insp\u00edrate con las mejores 6 ideas de peinados para la Feria de Abril de 2026\u00a0"},"content":{"rendered":"\n<p>Los <strong><a href=\"https:\/\/www.primor.eu\/blog\/peinados-primavera\/?srsltid=AfmBOoo2sKgzww-yrIRMMjKMqfoHFFYwK3B9p-9Ba1qr-bVlmo6jUSr6\" data-type=\"link\" data-id=\"https:\/\/www.primor.eu\/blog\/peinados-primavera\/?srsltid=AfmBOoo2sKgzww-yrIRMMjKMqfoHFFYwK3B9p-9Ba1qr-bVlmo6jUSr6\">peinados<\/a><\/strong> para la <strong>Feria de Abril <\/strong>son en ocasiones acotados, porque la idea es llevar el cabello recogido para que se vean las flores y los pendientes que se suelen llevar. No obstante, dentro de esta consigna existen diferentes opciones que podemos elegir. Estas van desde mo\u00f1os de alturas variadas, hasta coletas bajas o trenzas.\u00a0<\/p>\n\n\n\n<p>Hoy te traemos inspiraci\u00f3n sobre <strong>peinados<\/strong> para la <strong>Feria de Abril<\/strong> a trav\u00e9s de las <strong>redes sociales<\/strong>. Hemos hecho un barrido por Instagram para ver cu\u00e1les son las<strong> tendencias <\/strong>m\u00e1s indicadas para esta celebraci\u00f3n tan importante en nuestro pa\u00eds.&nbsp;<\/p>\n\n\n\n<h3 class=\"wp-block-heading\">Mo\u00f1o con mechones sueltos<\/h3>\n\n\n\n<figure class=\"wp-block-image size-large\"><img decoding=\"async\" width=\"1024\" height=\"1024\" src=\"https:\/\/www.primor.eu\/blog\/wp-content\/uploads\/2025\/04\/1-1-1024x1024.jpg\" alt=\"\" class=\"wp-image-124684\" srcset=\"https:\/\/www.primor.eu\/blog\/wp-content\/uploads\/2025\/04\/1-1-1024x1024.jpg 1024w, https:\/\/www.primor.eu\/blog\/wp-content\/uploads\/2025\/04\/1-1-300x300.jpg 300w, https:\/\/www.primor.eu\/blog\/wp-content\/uploads\/2025\/04\/1-1-150x150.jpg 150w, https:\/\/www.primor.eu\/blog\/wp-content\/uploads\/2025\/04\/1-1-768x768.jpg 768w, https:\/\/www.primor.eu\/blog\/wp-content\/uploads\/2025\/04\/1-1-75x75.jpg 75w, https:\/\/www.primor.eu\/blog\/wp-content\/uploads\/2025\/04\/1-1-350x350.jpg 350w, https:\/\/www.primor.eu\/blog\/wp-content\/uploads\/2025\/04\/1-1-750x750.jpg 750w, https:\/\/www.primor.eu\/blog\/wp-content\/uploads\/2025\/04\/1-1.jpg 1080w\" sizes=\"(max-width: 1024px) 100vw, 1024px\" \/><\/figure>\n\n\n\n<p>Fuente Instagram: @termixoficial<\/p>\n\n\n\n<p>Este mo\u00f1o con mechones sueltos es una genial idea dentro de los peinados para la Feria de Abril si eres de las que prefiere estilos no tan serios. El hecho de llevar el pelo hacia atr\u00e1s y sin ning\u00fan tipo de flequillo, puede que no te guste. Ya sea porque no est\u00e1s acostumbrada o porque sueles llevar el pelo suelto y prefieres darle un aire diferente al rostro liberando este tipo de mechones. Si tienes el pelo rizado, el toque con este tipo de flores puede ser muy andaluz y perfecto para la feria\u2026<\/p>\n\n\n\n<h3 class=\"wp-block-heading\">Trenza despeinada<\/h3>\n\n\n\n<figure class=\"wp-block-image size-large is-resized\"><img decoding=\"async\" width=\"819\" height=\"1024\" src=\"https:\/\/www.primor.eu\/blog\/wp-content\/uploads\/2025\/04\/2-1-819x1024.jpg\" alt=\"\" class=\"wp-image-124685\" style=\"width:1019px;height:auto\" srcset=\"https:\/\/www.primor.eu\/blog\/wp-content\/uploads\/2025\/04\/2-1-819x1024.jpg 819w, https:\/\/www.primor.eu\/blog\/wp-content\/uploads\/2025\/04\/2-1-240x300.jpg 240w, https:\/\/www.primor.eu\/blog\/wp-content\/uploads\/2025\/04\/2-1-768x960.jpg 768w, https:\/\/www.primor.eu\/blog\/wp-content\/uploads\/2025\/04\/2-1-750x938.jpg 750w, https:\/\/www.primor.eu\/blog\/wp-content\/uploads\/2025\/04\/2-1.jpg 1080w\" sizes=\"(max-width: 819px) 100vw, 819px\" \/><\/figure>\n\n\n\n<p>Fuente Instagram: @madisonpark.es<\/p>\n\n\n\n<p>Si prefieres una trenza a un mo\u00f1o, tambi\u00e9n es una buena opci\u00f3n dentro de los peinados para la Feria de Abril. Como hemos dicho, lo m\u00e1s importante es que el cabello quede hacia atr\u00e1s y que tengas la cara despejada. Tambi\u00e9n que se puedan ver bien los pendientes o los adornos, como peinetas y flores. Pero, esta funci\u00f3n no tienen por qu\u00e9 cumplirla siempre un mo\u00f1o. Esta trenza se puede convertir en la mejor forma de lucir tu peinado para la feria.<\/p>\n\n\n\n<h3 class=\"wp-block-heading\">Mo\u00f1o bajo con flor al lado<\/h3>\n\n\n\n<figure class=\"wp-block-image size-large is-resized\"><img decoding=\"async\" width=\"820\" height=\"1024\" src=\"https:\/\/www.primor.eu\/blog\/wp-content\/uploads\/2025\/04\/3-1-820x1024.jpg\" alt=\"\" class=\"wp-image-124686\" style=\"width:1016px;height:auto\" srcset=\"https:\/\/www.primor.eu\/blog\/wp-content\/uploads\/2025\/04\/3-1-820x1024.jpg 820w, https:\/\/www.primor.eu\/blog\/wp-content\/uploads\/2025\/04\/3-1-240x300.jpg 240w, https:\/\/www.primor.eu\/blog\/wp-content\/uploads\/2025\/04\/3-1-768x959.jpg 768w, https:\/\/www.primor.eu\/blog\/wp-content\/uploads\/2025\/04\/3-1-750x937.jpg 750w, https:\/\/www.primor.eu\/blog\/wp-content\/uploads\/2025\/04\/3-1.jpg 1080w\" sizes=\"(max-width: 820px) 100vw, 820px\" \/><\/figure>\n\n\n\n<p>Fuente Instagram: @estilobeautyadomicilio<\/p>\n\n\n\n<p>Si te gustan los mo\u00f1os bajos cl\u00e1sicos, pero esas flores en la parte delantera como adorno son demasiado para ti, esta puede ser una genial opci\u00f3n de peinados para la Feria de Abril. El hecho de llevar la flor al lado, es mucho m\u00e1s discreta aunque puedes elegir una de tama\u00f1o grande para que se perciba, como en este caso.<\/p>\n\n\n\n<h3 class=\"wp-block-heading\">Coleta baja<\/h3>\n\n\n\n<figure class=\"wp-block-image size-large\"><img decoding=\"async\" width=\"1024\" height=\"1024\" src=\"https:\/\/www.primor.eu\/blog\/wp-content\/uploads\/2025\/04\/4-1-1024x1024.jpg\" alt=\"\" class=\"wp-image-124688\" srcset=\"https:\/\/www.primor.eu\/blog\/wp-content\/uploads\/2025\/04\/4-1-1024x1024.jpg 1024w, https:\/\/www.primor.eu\/blog\/wp-content\/uploads\/2025\/04\/4-1-300x300.jpg 300w, https:\/\/www.primor.eu\/blog\/wp-content\/uploads\/2025\/04\/4-1-150x150.jpg 150w, https:\/\/www.primor.eu\/blog\/wp-content\/uploads\/2025\/04\/4-1-768x768.jpg 768w, https:\/\/www.primor.eu\/blog\/wp-content\/uploads\/2025\/04\/4-1-75x75.jpg 75w, https:\/\/www.primor.eu\/blog\/wp-content\/uploads\/2025\/04\/4-1-350x350.jpg 350w, https:\/\/www.primor.eu\/blog\/wp-content\/uploads\/2025\/04\/4-1-750x750.jpg 750w, https:\/\/www.primor.eu\/blog\/wp-content\/uploads\/2025\/04\/4-1.jpg 1080w\" sizes=\"(max-width: 1024px) 100vw, 1024px\" \/><\/figure>\n\n\n\n<p>Fuente Instagram: @pformas<\/p>\n\n\n\n<p>Si te gustan las coletas bajas, pero tienes el pelo muy largo y crees que una coleta sin m\u00e1s puede quedar muy sosa, \u00a1prueba esta! Tambi\u00e9n puede ser una buena idea si el pelo te suele molestar al tenerlo tan largo. El principal objetivo de la feria, adem\u00e1s de lucir esos preciosos vestidos y peinados de nuestro folclore, es el de pasarlo bien. Pasarlo bien cantando y bailando sin pensar en nada m\u00e1s. Y para esto, estos peinados pueden ser perfectos. Adem\u00e1s, si tienes el pelo muy largo como en este caso, se puede enredar de tanto baile y juerga. Incluso en el caso de que elijas llevar coleta. Este problema desaparece por completo con este peinado tambi\u00e9n.<\/p>\n\n\n\n<h3 class=\"wp-block-heading\">Combinaci\u00f3n de trenzas<\/h3>\n\n\n\n<figure class=\"wp-block-image size-large is-resized\"><img decoding=\"async\" width=\"818\" height=\"1024\" src=\"https:\/\/www.primor.eu\/blog\/wp-content\/uploads\/2025\/04\/5-1-818x1024.jpg\" alt=\"\" class=\"wp-image-124689\" style=\"width:1020px;height:auto\" srcset=\"https:\/\/www.primor.eu\/blog\/wp-content\/uploads\/2025\/04\/5-1-818x1024.jpg 818w, https:\/\/www.primor.eu\/blog\/wp-content\/uploads\/2025\/04\/5-1-240x300.jpg 240w, https:\/\/www.primor.eu\/blog\/wp-content\/uploads\/2025\/04\/5-1-768x962.jpg 768w, https:\/\/www.primor.eu\/blog\/wp-content\/uploads\/2025\/04\/5-1-750x939.jpg 750w, https:\/\/www.primor.eu\/blog\/wp-content\/uploads\/2025\/04\/5-1.jpg 1003w\" sizes=\"(max-width: 818px) 100vw, 818px\" \/><\/figure>\n\n\n\n<p>Fuente Instagram: @peluqueria.molero.triana<\/p>\n\n\n\n<p>Esta combinaci\u00f3n de trenzas es preciosa y elaborada. Si lo tuyo son las trenzas o sueles llevar looks m\u00e1s bohemios y uno de esos mo\u00f1os de la feria se te hace demasiado, uno de estos peinados puede ser genial para ti. Adem\u00e1s de c\u00f3modo es precioso y tambi\u00e9n perfecto si lo que quieres es ir sencilla. Incluso tambi\u00e9n puede ser buena opci\u00f3n si quieres lucir complementos como flores o peinetas.<\/p>\n\n\n\n<h3 class=\"wp-block-heading\">Mo\u00f1o casual<\/h3>\n\n\n\n<figure class=\"wp-block-image size-large is-resized\"><img decoding=\"async\" width=\"819\" height=\"1024\" src=\"https:\/\/www.primor.eu\/blog\/wp-content\/uploads\/2025\/04\/6-1-819x1024.jpg\" alt=\"\" class=\"wp-image-124690\" style=\"width:1018px;height:auto\" srcset=\"https:\/\/www.primor.eu\/blog\/wp-content\/uploads\/2025\/04\/6-1-819x1024.jpg 819w, https:\/\/www.primor.eu\/blog\/wp-content\/uploads\/2025\/04\/6-1-240x300.jpg 240w, https:\/\/www.primor.eu\/blog\/wp-content\/uploads\/2025\/04\/6-1-768x960.jpg 768w, https:\/\/www.primor.eu\/blog\/wp-content\/uploads\/2025\/04\/6-1-750x938.jpg 750w, https:\/\/www.primor.eu\/blog\/wp-content\/uploads\/2025\/04\/6-1.jpg 1080w\" sizes=\"(max-width: 819px) 100vw, 819px\" \/><\/figure>\n\n\n\n<p>Fuente Instagram: @estilobeautyadomicilio<\/p>\n\n\n\n<p>Un mo\u00f1o como este, m\u00e1s desecho y con un toque casual, es perfecto tambi\u00e9n como opci\u00f3n entre los peinados para la Feria de Abril. Una opci\u00f3n menos formal pero que queda preciosa sobre todo si tienes mucho pelo.<\/p>\n\n\n<div class=\"kk-star-ratings kksr-auto kksr-align-center kksr-valign-bottom\"\n    data-payload='{&quot;align&quot;:&quot;center&quot;,&quot;id&quot;:&quot;124675&quot;,&quot;slug&quot;:&quot;default&quot;,&quot;valign&quot;:&quot;bottom&quot;,&quot;ignore&quot;:&quot;&quot;,&quot;reference&quot;:&quot;auto&quot;,&quot;class&quot;:&quot;&quot;,&quot;count&quot;:&quot;0&quot;,&quot;legendonly&quot;:&quot;&quot;,&quot;readonly&quot;:&quot;&quot;,&quot;score&quot;:&quot;0&quot;,&quot;starsonly&quot;:&quot;&quot;,&quot;best&quot;:&quot;5&quot;,&quot;gap&quot;:&quot;5&quot;,&quot;greet&quot;:&quot;Valora este art\u00edculo&quot;,&quot;legend&quot;:&quot;0\\\/5 - (0 votos)&quot;,&quot;size&quot;:&quot;24&quot;,&quot;title&quot;:&quot;Insp\u00edrate con las mejores 6 ideas de peinados para la Feria de Abril de 2026\u00a0&quot;,&quot;width&quot;:&quot;0&quot;,&quot;_legend&quot;:&quot;{score}\\\/{best} - ({count} {votes})&quot;,&quot;font_factor&quot;:&quot;1.25&quot;}'>\n            \n<div class=\"kksr-stars\">\n    \n<div class=\"kksr-stars-inactive\">\n            <div class=\"kksr-star\" data-star=\"1\" style=\"padding-right: 5px\">\n            \n\n<div class=\"kksr-icon\" style=\"width: 24px; height: 24px;\"><\/div>\n        <\/div>\n            <div class=\"kksr-star\" data-star=\"2\" style=\"padding-right: 5px\">\n            \n\n<div class=\"kksr-icon\" style=\"width: 24px; height: 24px;\"><\/div>\n        <\/div>\n            <div class=\"kksr-star\" data-star=\"3\" style=\"padding-right: 5px\">\n            \n\n<div class=\"kksr-icon\" style=\"width: 24px; height: 24px;\"><\/div>\n        <\/div>\n            <div class=\"kksr-star\" data-star=\"4\" style=\"padding-right: 5px\">\n            \n\n<div class=\"kksr-icon\" style=\"width: 24px; height: 24px;\"><\/div>\n        <\/div>\n            <div class=\"kksr-star\" data-star=\"5\" style=\"padding-right: 5px\">\n            \n\n<div class=\"kksr-icon\" style=\"width: 24px; height: 24px;\"><\/div>\n        <\/div>\n    <\/div>\n    \n<div class=\"kksr-stars-active\" style=\"width: 0px;\">\n            <div class=\"kksr-star\" style=\"padding-right: 5px\">\n            \n\n<div class=\"kksr-icon\" style=\"width: 24px; height: 24px;\"><\/div>\n        <\/div>\n            <div class=\"kksr-star\" style=\"padding-right: 5px\">\n            \n\n<div class=\"kksr-icon\" style=\"width: 24px; height: 24px;\"><\/div>\n        <\/div>\n            <div class=\"kksr-star\" style=\"padding-right: 5px\">\n            \n\n<div class=\"kksr-icon\" style=\"width: 24px; height: 24px;\"><\/div>\n        <\/div>\n            <div class=\"kksr-star\" style=\"padding-right: 5px\">\n            \n\n<div class=\"kksr-icon\" style=\"width: 24px; height: 24px;\"><\/div>\n        <\/div>\n            <div class=\"kksr-star\" style=\"padding-right: 5px\">\n            \n\n<div class=\"kksr-icon\" style=\"width: 24px; height: 24px;\"><\/div>\n        <\/div>\n    <\/div>\n<\/div>\n                \n\n<div class=\"kksr-legend\" style=\"font-size: 19.2px;\">\n            <span class=\"kksr-muted\">Valora este art\u00edculo<\/span>\n    <\/div>\n    <\/div>\n","protected":false},"excerpt":{"rendered":"<p>Los peinados para la Feria de Abril son en ocasiones acotados, porque la idea es llevar el cabello recogido para que se vean las flores y los pendientes que se suelen llevar. No obstante, dentro de esta consigna existen diferentes opciones que podemos elegir. Estas van desde mo\u00f1os de alturas variadas, hasta coletas bajas o [&hellip;]<\/p>\n","protected":false},"author":30,"featured_media":124682,"comment_status":"closed","ping_status":"closed","sticky":false,"template":"","format":"standard","meta":{"jnews-multi-image_gallery":[],"jnews_single_post":{"format":"standard"},"jnews_primary_category":[],"jnews_social_meta":[],"jnews_override_counter":[],"footnotes":""},"categories":[35],"tags":[],"class_list":["post-124675","post","type-post","status-publish","format-standard","has-post-thumbnail","hentry","category-cabello"],"_links":{"self":[{"href":"https:\/\/www.primor.eu\/blog\/wp-json\/wp\/v2\/posts\/124675","targetHints":{"allow":["GET"]}}],"collection":[{"href":"https:\/\/www.primor.eu\/blog\/wp-json\/wp\/v2\/posts"}],"about":[{"href":"https:\/\/www.primor.eu\/blog\/wp-json\/wp\/v2\/types\/post"}],"author":[{"embeddable":true,"href":"https:\/\/www.primor.eu\/blog\/wp-json\/wp\/v2\/users\/30"}],"replies":[{"embeddable":true,"href":"https:\/\/www.primor.eu\/blog\/wp-json\/wp\/v2\/comments?post=124675"}],"version-history":[{"count":4,"href":"https:\/\/www.primor.eu\/blog\/wp-json\/wp\/v2\/posts\/124675\/revisions"}],"predecessor-version":[{"id":141136,"href":"https:\/\/www.primor.eu\/blog\/wp-json\/wp\/v2\/posts\/124675\/revisions\/141136"}],"wp:featuredmedia":[{"embeddable":true,"href":"https:\/\/www.primor.eu\/blog\/wp-json\/wp\/v2\/media\/124682"}],"wp:attachment":[{"href":"https:\/\/www.primor.eu\/blog\/wp-json\/wp\/v2\/media?parent=124675"}],"wp:term":[{"taxonomy":"category","embeddable":true,"href":"https:\/\/www.primor.eu\/blog\/wp-json\/wp\/v2\/categories?post=124675"},{"taxonomy":"post_tag","embeddable":true,"href":"https:\/\/www.primor.eu\/blog\/wp-json\/wp\/v2\/tags?post=124675"}],"curies":[{"name":"wp","href":"https:\/\/api.w.org\/{rel}","templated":true}]}}