{"id":124561,"date":"2026-03-19T13:47:12","date_gmt":"2026-03-19T13:47:12","guid":{"rendered":"https:\/\/www.primor.eu\/blog\/?p=124561"},"modified":"2026-03-19T13:47:13","modified_gmt":"2026-03-19T13:47:13","slug":"estres-oxidativo-afectando-piel","status":"publish","type":"post","link":"https:\/\/www.primor.eu\/blog\/estres-oxidativo-afectando-piel\/","title":{"rendered":"C\u00f3mo el estr\u00e9s oxidativo est\u00e1 afectando a tu piel y todo lo que debes saber"},"content":{"rendered":"\n<p>Tu piel te habla. Aunque no siempre la escuches, ella sabe cuando est\u00e1s durmiendo poco, comiendo mal, pasando por una racha de ansiedad o expuesta al humo, al sol o a la contaminaci\u00f3n. A veces lo hace con ojeras; otras, con m\u00e1s arrugas de lo habitual. Y, en muchas ocasiones, lo que est\u00e1 intentando decirte es esto: <strong>el estr\u00e9s oxidativo est\u00e1 pas\u00e1ndote factura<\/strong>.<\/p>\n\n\n\n<p>Pero no entres en p\u00e1nico. Porque aunque suene a cosa de laboratorio, el <strong>estr\u00e9s oxidativo<\/strong> no es m\u00e1s que un desequilibrio silencioso que ocurre en tu piel (y en todo tu cuerpo) cuando los famosos radicales libres ganan la batalla contra los antioxidantes. Y s\u00ed, puede afectar mucho m\u00e1s de lo que imaginas a tu rostro, tu luminosidad e incluso a c\u00f3mo envejeces. Pero tambi\u00e9n hay soluci\u00f3n, y empieza con saber qu\u00e9 le pasa realmente a tu piel.<\/p>\n\n\n\n<h2 class=\"wp-block-heading\">\u00bfQu\u00e9 es exactamente el estr\u00e9s oxidativo?<\/h2>\n\n\n\n<p>En palabras sencillas: es <strong>el envejecimiento prematuro de tus c\u00e9lulas<\/strong>. Se produce cuando hay un exceso de radicales libres \u2014esas mol\u00e9culas inestables que se generan por factores como el sol, la contaminaci\u00f3n, el tabaco, el estr\u00e9s emocional o una mala alimentaci\u00f3n\u2014 y tu cuerpo no tiene suficientes antioxidantes para neutralizarlos.<\/p>\n\n\n\n<p>Estos radicales libres, cuando campan a sus anchas, <strong>da\u00f1an el col\u00e1geno, la elastina y la barrera de defensa natural de tu piel<\/strong>, lo que se traduce en una piel m\u00e1s apagada, m\u00e1s fl\u00e1cida, con l\u00edneas de expresi\u00f3n marcadas, poros visibles o manchas.<\/p>\n\n\n\n<p>Y lo peor es que lo hacen en silencio. Sin un brote evidente. Simplemente, un d\u00eda te miras al espejo y notas que tu piel \"ya no es la misma\".<\/p>\n\n\n\n<h2 class=\"wp-block-heading\">\u00bfC\u00f3mo saber si tu piel est\u00e1 sufriendo estr\u00e9s oxidativo?<\/h2>\n\n\n\n<p>Aunque no hay una prueba m\u00e1gica en casa, tu piel da se\u00f1ales. Atenta a estos s\u00edntomas:<\/p>\n\n\n\n<ul class=\"wp-block-list\">\n<li><strong>P\u00e9rdida de luminosidad<\/strong>: ese brillo natural y saludable desaparece.<\/li>\n\n\n\n<li><strong>Piel m\u00e1s fina o fr\u00e1gil<\/strong>: con menos elasticidad y tendencia a la deshidrataci\u00f3n.<\/li>\n\n\n\n<li><strong>Aparici\u00f3n de arrugas finas antes de tiempo<\/strong>, especialmente en el contorno de ojos o entrecejo.<\/li>\n\n\n\n<li><strong>Manchas oscuras<\/strong> o hiperpigmentaciones irregulares.<\/li>\n\n\n\n<li><strong>Rostro apagado, sin vida<\/strong>, como si tu piel estuviera cansada constantemente.<\/li>\n\n\n\n<li><strong>Sensibilidad aumentada<\/strong>: tirantez, rojeces, o reacciones que antes no ten\u00edas.<\/li>\n<\/ul>\n\n\n\n<p>Si te ves reflejada en varios de estos puntos, tu piel puede estar pidiendo ayuda antioxidante a gritos.<\/p>\n\n\n\n<h2 class=\"wp-block-heading\">\u00bfQu\u00e9 puedes hacer para combatirlo?<\/h2>\n\n\n\n<p>La buena noticia es que no est\u00e1s sola en esta batalla. La cosm\u00e9tica actual tiene aut\u00e9nticos escudos antiedad que act\u00faan desde la primera aplicaci\u00f3n. Aqu\u00ed van algunos pasos infalibles para proteger y restaurar tu piel frente al estr\u00e9s oxidativo:<\/p>\n\n\n\n<h3 class=\"wp-block-heading\">1\/ Limpieza suave pero eficaz<\/h3>\n\n\n\n<p>Elimina impurezas, restos de poluci\u00f3n y maquillaje con limpiadores que respeten tu barrera cut\u00e1nea. Evita los jabones agresivos: opta por f\u00f3rmulas con ingredientes calmantes como el aloe vera o el agua micelar con antioxidantes.<\/p>\n\n\n\n<h3 class=\"wp-block-heading\">2\/ S\u00e9rums antioxidantes<\/h3>\n\n\n\n<p>Aqu\u00ed entra en juego el escuadr\u00f3n antiox. Elige productos con <strong>vitamina C, niacinamida, resveratrol, \u00e1cido fer\u00falico o coenzima Q10<\/strong>. Estos ingredientes ayudan a reparar el da\u00f1o celular y previenen futuras agresiones externas. Apl\u00edcalos cada ma\u00f1ana antes de la hidratante.<\/p>\n\n\n\n<h3 class=\"wp-block-heading\">3\/ Protecci\u00f3n solar, siempre<\/h3>\n\n\n\n<p>El sol es uno de los mayores generadores de radicales libres. Usa <strong>protector solar de amplio espectro<\/strong> (m\u00ednimo SPF 30) todos los d\u00edas, incluso si est\u00e1 nublado. Y si es antioxidante, \u00a1mejor a\u00fan!<\/p>\n\n\n\n<h3 class=\"wp-block-heading\">4\/ Cremas de noche regeneradoras<\/h3>\n\n\n\n<p>Durante la noche, la piel se repara. Potencia ese momento con cremas ricas en ingredientes como el \u00e1cido hialur\u00f3nico, ceramidas o extractos bot\u00e1nicos que nutran y calmen.<\/p>\n\n\n\n<h2 class=\"wp-block-heading\">H\u00e1bitos que tambi\u00e9n cuentan<\/h2>\n\n\n\n<p>No todo est\u00e1 en el s\u00e9rum. Dormir bien, beber suficiente agua, reducir el estr\u00e9s, evitar el tabaco y apostar por una dieta rica en frutas, verduras, frutos secos y grasas saludables (como el AOVE) tambi\u00e9n ayuda. Porque la belleza, cuando es consciente, empieza desde dentro.<\/p>\n\n\n<div class=\"kk-star-ratings kksr-auto kksr-align-center kksr-valign-bottom\"\n    data-payload='{&quot;align&quot;:&quot;center&quot;,&quot;id&quot;:&quot;124561&quot;,&quot;slug&quot;:&quot;default&quot;,&quot;valign&quot;:&quot;bottom&quot;,&quot;ignore&quot;:&quot;&quot;,&quot;reference&quot;:&quot;auto&quot;,&quot;class&quot;:&quot;&quot;,&quot;count&quot;:&quot;0&quot;,&quot;legendonly&quot;:&quot;&quot;,&quot;readonly&quot;:&quot;&quot;,&quot;score&quot;:&quot;0&quot;,&quot;starsonly&quot;:&quot;&quot;,&quot;best&quot;:&quot;5&quot;,&quot;gap&quot;:&quot;5&quot;,&quot;greet&quot;:&quot;Valora este art\u00edculo&quot;,&quot;legend&quot;:&quot;0\\\/5 - (0 votos)&quot;,&quot;size&quot;:&quot;24&quot;,&quot;title&quot;:&quot;C\u00f3mo el estr\u00e9s oxidativo est\u00e1 afectando a tu piel y todo lo que debes saber&quot;,&quot;width&quot;:&quot;0&quot;,&quot;_legend&quot;:&quot;{score}\\\/{best} - ({count} {votes})&quot;,&quot;font_factor&quot;:&quot;1.25&quot;}'>\n            \n<div class=\"kksr-stars\">\n    \n<div class=\"kksr-stars-inactive\">\n            <div class=\"kksr-star\" data-star=\"1\" style=\"padding-right: 5px\">\n            \n\n<div class=\"kksr-icon\" style=\"width: 24px; height: 24px;\"><\/div>\n        <\/div>\n            <div class=\"kksr-star\" data-star=\"2\" style=\"padding-right: 5px\">\n            \n\n<div class=\"kksr-icon\" style=\"width: 24px; height: 24px;\"><\/div>\n        <\/div>\n            <div class=\"kksr-star\" data-star=\"3\" style=\"padding-right: 5px\">\n            \n\n<div class=\"kksr-icon\" style=\"width: 24px; height: 24px;\"><\/div>\n        <\/div>\n            <div class=\"kksr-star\" data-star=\"4\" style=\"padding-right: 5px\">\n            \n\n<div class=\"kksr-icon\" style=\"width: 24px; height: 24px;\"><\/div>\n        <\/div>\n            <div class=\"kksr-star\" data-star=\"5\" style=\"padding-right: 5px\">\n            \n\n<div class=\"kksr-icon\" style=\"width: 24px; height: 24px;\"><\/div>\n        <\/div>\n    <\/div>\n    \n<div class=\"kksr-stars-active\" style=\"width: 0px;\">\n            <div class=\"kksr-star\" style=\"padding-right: 5px\">\n            \n\n<div class=\"kksr-icon\" style=\"width: 24px; height: 24px;\"><\/div>\n        <\/div>\n            <div class=\"kksr-star\" style=\"padding-right: 5px\">\n            \n\n<div class=\"kksr-icon\" style=\"width: 24px; height: 24px;\"><\/div>\n        <\/div>\n            <div class=\"kksr-star\" style=\"padding-right: 5px\">\n            \n\n<div class=\"kksr-icon\" style=\"width: 24px; height: 24px;\"><\/div>\n        <\/div>\n            <div class=\"kksr-star\" style=\"padding-right: 5px\">\n            \n\n<div class=\"kksr-icon\" style=\"width: 24px; height: 24px;\"><\/div>\n        <\/div>\n            <div class=\"kksr-star\" style=\"padding-right: 5px\">\n            \n\n<div class=\"kksr-icon\" style=\"width: 24px; height: 24px;\"><\/div>\n        <\/div>\n    <\/div>\n<\/div>\n                \n\n<div class=\"kksr-legend\" style=\"font-size: 19.2px;\">\n            <span class=\"kksr-muted\">Valora este art\u00edculo<\/span>\n    <\/div>\n    <\/div>\n","protected":false},"excerpt":{"rendered":"<p>Tu piel te habla. Aunque no siempre la escuches, ella sabe cuando est\u00e1s durmiendo poco, comiendo mal, pasando por una racha de ansiedad o expuesta al humo, al sol o a la contaminaci\u00f3n. A veces lo hace con ojeras; otras, con m\u00e1s arrugas de lo habitual. Y, en muchas ocasiones, lo que est\u00e1 intentando decirte [&hellip;]<\/p>\n","protected":false},"author":14,"featured_media":124566,"comment_status":"closed","ping_status":"closed","sticky":false,"template":"","format":"standard","meta":{"jnews-multi-image_gallery":[],"jnews_single_post":{"format":"standard"},"jnews_primary_category":[],"jnews_social_meta":[],"jnews_override_counter":[],"footnotes":""},"categories":[6299],"tags":[],"class_list":["post-124561","post","type-post","status-publish","format-standard","has-post-thumbnail","hentry","category-bienestar"],"_links":{"self":[{"href":"https:\/\/www.primor.eu\/blog\/wp-json\/wp\/v2\/posts\/124561","targetHints":{"allow":["GET"]}}],"collection":[{"href":"https:\/\/www.primor.eu\/blog\/wp-json\/wp\/v2\/posts"}],"about":[{"href":"https:\/\/www.primor.eu\/blog\/wp-json\/wp\/v2\/types\/post"}],"author":[{"embeddable":true,"href":"https:\/\/www.primor.eu\/blog\/wp-json\/wp\/v2\/users\/14"}],"replies":[{"embeddable":true,"href":"https:\/\/www.primor.eu\/blog\/wp-json\/wp\/v2\/comments?post=124561"}],"version-history":[{"count":2,"href":"https:\/\/www.primor.eu\/blog\/wp-json\/wp\/v2\/posts\/124561\/revisions"}],"predecessor-version":[{"id":140422,"href":"https:\/\/www.primor.eu\/blog\/wp-json\/wp\/v2\/posts\/124561\/revisions\/140422"}],"wp:featuredmedia":[{"embeddable":true,"href":"https:\/\/www.primor.eu\/blog\/wp-json\/wp\/v2\/media\/124566"}],"wp:attachment":[{"href":"https:\/\/www.primor.eu\/blog\/wp-json\/wp\/v2\/media?parent=124561"}],"wp:term":[{"taxonomy":"category","embeddable":true,"href":"https:\/\/www.primor.eu\/blog\/wp-json\/wp\/v2\/categories?post=124561"},{"taxonomy":"post_tag","embeddable":true,"href":"https:\/\/www.primor.eu\/blog\/wp-json\/wp\/v2\/tags?post=124561"}],"curies":[{"name":"wp","href":"https:\/\/api.w.org\/{rel}","templated":true}]}}