{"id":124559,"date":"2026-04-12T12:59:03","date_gmt":"2026-04-12T12:59:03","guid":{"rendered":"https:\/\/www.primor.eu\/blog\/?p=124559"},"modified":"2026-04-12T12:59:04","modified_gmt":"2026-04-12T12:59:04","slug":"consejos-mantener-flores-peinado-feria-de-abril","status":"publish","type":"post","link":"https:\/\/www.primor.eu\/blog\/consejos-mantener-flores-peinado-feria-de-abril\/","title":{"rendered":"Los mejores trucos y consejos para mantener las flores de tu peinado para la Feria de Abril de 2026"},"content":{"rendered":"\n<p>Hay elementos que definen un look de flamenca y lo elevan a otro nivel: el traje, los pendientes, el mantoncillo\u2026 y, por supuesto, la <strong>flor<\/strong>. Esa flor que corona tu peinado y que, de alguna manera, encapsula la esencia de la Feria: el arte, la alegr\u00eda, la tradici\u00f3n y el estilo. Pero reconozc\u00e1moslo: mantenerla perfecta desde el primer rebujito hasta el \u00faltimo baile es todo un reto. Porque entre el calor, los giros de las sevillanas y las horas de caseta, tu flor puede pasar de protagonista a descolocada en cuesti\u00f3n de minutos. En este art\u00edculo Te contamos cu\u00e1les son los mejores trucos para mantener las flores de tu peinado en la Feria de Abril seg\u00fan los consejos de las que m\u00e1s saben del tema.<\/p>\n\n\n\n<h2 class=\"wp-block-heading\">Trucos y consejos para mantener las flores de tu peinado en la Feria de Abril<\/h2>\n\n\n\n<h3 class=\"wp-block-heading\">1\/ La flor se elige con cabeza\u2026 y para la cabeza<\/h3>\n\n\n\n<p>Antes de hablar de fijaci\u00f3n, hablemos de elecci\u00f3n. A la hora de escoger tu flor, ten en cuenta <strong>el peso y el tipo de sujeci\u00f3n<\/strong>. Las flores grandes, pesadas o con base met\u00e1lica pueden moverse m\u00e1s o incluso generar tensi\u00f3n en el peinado. Apuesta por flores <strong>ligeras, con clip o peine integrado<\/strong>, que se adapten bien a tu recogido y no se deslicen con el movimiento.<\/p>\n\n\n\n<ul class=\"wp-block-list\">\n<li><em>Extra tip:<\/em> las flores de tela con estructura flexible son las m\u00e1s c\u00f3modas y se adaptan mejor al mo\u00f1o o al centro de la cabeza.<\/li>\n<\/ul>\n\n\n\n<h3 class=\"wp-block-heading\">2\/ El peinado: cuanto m\u00e1s firme, mejor<\/h3>\n\n\n\n<p>Para que tu flor se mantenga en su sitio, <strong>el peinado debe ser estructurado y con buena fijaci\u00f3n<\/strong>. Los mo\u00f1os bajos o las trenzas recogidas son ideales porque ofrecen una base estable. Evita peinados demasiado sueltos o con ondas muy abiertas si quieres asegurarte de que tu flor no se caiga al primer <em>\u00a1ol\u00e9!<\/em>.<\/p>\n\n\n\n<p>Antes de recoger el cabello, <strong>usa productos texturizantes o sprays de volumen<\/strong> para que el pelo tenga m\u00e1s cuerpo y agarre. Una base con volumen siempre sujeta mejor cualquier accesorio.<\/p>\n\n\n\n<h3 class=\"wp-block-heading\">3\/ Horquillas estrat\u00e9gicas: tus mejores aliadas<\/h3>\n\n\n\n<p>Aunque la flor lleve clip o peine, <strong>refuerza siempre con horquillas invisibles<\/strong>. Usa horquillas largas, de las que realmente sujetan, y col\u00f3calas cruzadas (en forma de X) alrededor de la flor para fijarla con precisi\u00f3n. Elige horquillas del color de tu cabello para que no se vean, y si quieres m\u00e1xima sujeci\u00f3n, <strong>aplica un poco de laca en la horquilla antes de insertarla<\/strong>. S\u00ed, as\u00ed de f\u00e1cil y efectivo.<\/p>\n\n\n\n<h3 class=\"wp-block-heading\">4\/ Fija con laca (pero bien usada)<\/h3>\n\n\n\n<p>El truco est\u00e1 en <strong>aplicar la laca una vez tengas todo colocado<\/strong>. Usa una <strong>laca de fijaci\u00f3n fuerte<\/strong> que no apelmace pero que mantenga todo en su sitio. Pulveriza a una distancia de unos 30 cm y hazlo en capas, dejando secar entre una y otra. No solo fijar\u00e1 el peinado, tambi\u00e9n ayudar\u00e1 a mantener la flor firme y evitar que se mueva con el paso de las horas (o los bailes).<\/p>\n\n\n\n<p>En <a href=\"https:\/\/www.primor.eu\/es_es\/\">Primor<\/a> encontrar\u00e1s opciones con fijaci\u00f3n flexible o ultra fuerte, seg\u00fan el tipo de peinado que lleves. Y recuerda: <strong>una mini laca en el bolso<\/strong> puede ser tu mejor amiga para retoques express.<\/p>\n\n\n\n<h3 class=\"wp-block-heading\">5\/ Evita el calor directo y el roce<\/h3>\n\n\n\n<p>Durante la Feria, es f\u00e1cil que te abraces con amigas, bailes pegada o simplemente roces la flor sin darte cuenta. Intenta <strong>colocarla en una zona segura<\/strong>, lejos de las tiras del mantoncillo o de donde pueda engancharse. Y si llevas el pelo suelto o semi recogido, <strong>col\u00f3cala m\u00e1s centrada o alta<\/strong>, para evitar que el movimiento del cabello la desplace.<\/p>\n\n\n\n<p>Por otro lado, si vas a exponerte al sol directo durante horas, evita flores delicadas de tela muy fina o materiales sint\u00e9ticos que puedan deformarse. Las de tela gruesa o materiales naturales aguantan mejor.<\/p>\n\n\n<div class=\"kk-star-ratings kksr-auto kksr-align-center kksr-valign-bottom\"\n    data-payload='{&quot;align&quot;:&quot;center&quot;,&quot;id&quot;:&quot;124559&quot;,&quot;slug&quot;:&quot;default&quot;,&quot;valign&quot;:&quot;bottom&quot;,&quot;ignore&quot;:&quot;&quot;,&quot;reference&quot;:&quot;auto&quot;,&quot;class&quot;:&quot;&quot;,&quot;count&quot;:&quot;0&quot;,&quot;legendonly&quot;:&quot;&quot;,&quot;readonly&quot;:&quot;&quot;,&quot;score&quot;:&quot;0&quot;,&quot;starsonly&quot;:&quot;&quot;,&quot;best&quot;:&quot;5&quot;,&quot;gap&quot;:&quot;5&quot;,&quot;greet&quot;:&quot;Valora este art\u00edculo&quot;,&quot;legend&quot;:&quot;0\\\/5 - (0 votos)&quot;,&quot;size&quot;:&quot;24&quot;,&quot;title&quot;:&quot;Los mejores trucos y consejos para mantener las flores de tu peinado para la Feria de Abril de 2026&quot;,&quot;width&quot;:&quot;0&quot;,&quot;_legend&quot;:&quot;{score}\\\/{best} - ({count} {votes})&quot;,&quot;font_factor&quot;:&quot;1.25&quot;}'>\n            \n<div class=\"kksr-stars\">\n    \n<div class=\"kksr-stars-inactive\">\n            <div class=\"kksr-star\" data-star=\"1\" style=\"padding-right: 5px\">\n            \n\n<div class=\"kksr-icon\" style=\"width: 24px; height: 24px;\"><\/div>\n        <\/div>\n            <div class=\"kksr-star\" data-star=\"2\" style=\"padding-right: 5px\">\n            \n\n<div class=\"kksr-icon\" style=\"width: 24px; height: 24px;\"><\/div>\n        <\/div>\n            <div class=\"kksr-star\" data-star=\"3\" style=\"padding-right: 5px\">\n            \n\n<div class=\"kksr-icon\" style=\"width: 24px; height: 24px;\"><\/div>\n        <\/div>\n            <div class=\"kksr-star\" data-star=\"4\" style=\"padding-right: 5px\">\n            \n\n<div class=\"kksr-icon\" style=\"width: 24px; height: 24px;\"><\/div>\n        <\/div>\n            <div class=\"kksr-star\" data-star=\"5\" style=\"padding-right: 5px\">\n            \n\n<div class=\"kksr-icon\" style=\"width: 24px; height: 24px;\"><\/div>\n        <\/div>\n    <\/div>\n    \n<div class=\"kksr-stars-active\" style=\"width: 0px;\">\n            <div class=\"kksr-star\" style=\"padding-right: 5px\">\n            \n\n<div class=\"kksr-icon\" style=\"width: 24px; height: 24px;\"><\/div>\n        <\/div>\n            <div class=\"kksr-star\" style=\"padding-right: 5px\">\n            \n\n<div class=\"kksr-icon\" style=\"width: 24px; height: 24px;\"><\/div>\n        <\/div>\n            <div class=\"kksr-star\" style=\"padding-right: 5px\">\n            \n\n<div class=\"kksr-icon\" style=\"width: 24px; height: 24px;\"><\/div>\n        <\/div>\n            <div class=\"kksr-star\" style=\"padding-right: 5px\">\n            \n\n<div class=\"kksr-icon\" style=\"width: 24px; height: 24px;\"><\/div>\n        <\/div>\n            <div class=\"kksr-star\" style=\"padding-right: 5px\">\n            \n\n<div class=\"kksr-icon\" style=\"width: 24px; height: 24px;\"><\/div>\n        <\/div>\n    <\/div>\n<\/div>\n                \n\n<div class=\"kksr-legend\" style=\"font-size: 19.2px;\">\n            <span class=\"kksr-muted\">Valora este art\u00edculo<\/span>\n    <\/div>\n    <\/div>\n","protected":false},"excerpt":{"rendered":"<p>Hay elementos que definen un look de flamenca y lo elevan a otro nivel: el traje, los pendientes, el mantoncillo\u2026 y, por supuesto, la flor. Esa flor que corona tu peinado y que, de alguna manera, encapsula la esencia de la Feria: el arte, la alegr\u00eda, la tradici\u00f3n y el estilo. Pero reconozc\u00e1moslo: mantenerla perfecta [&hellip;]<\/p>\n","protected":false},"author":14,"featured_media":124568,"comment_status":"closed","ping_status":"closed","sticky":false,"template":"","format":"standard","meta":{"jnews-multi-image_gallery":[],"jnews_single_post":{"format":"standard"},"jnews_primary_category":[],"jnews_social_meta":[],"jnews_override_counter":[],"footnotes":""},"categories":[6303],"tags":[],"class_list":["post-124559","post","type-post","status-publish","format-standard","has-post-thumbnail","hentry","category-trucos-de-belleza"],"_links":{"self":[{"href":"https:\/\/www.primor.eu\/blog\/wp-json\/wp\/v2\/posts\/124559","targetHints":{"allow":["GET"]}}],"collection":[{"href":"https:\/\/www.primor.eu\/blog\/wp-json\/wp\/v2\/posts"}],"about":[{"href":"https:\/\/www.primor.eu\/blog\/wp-json\/wp\/v2\/types\/post"}],"author":[{"embeddable":true,"href":"https:\/\/www.primor.eu\/blog\/wp-json\/wp\/v2\/users\/14"}],"replies":[{"embeddable":true,"href":"https:\/\/www.primor.eu\/blog\/wp-json\/wp\/v2\/comments?post=124559"}],"version-history":[{"count":3,"href":"https:\/\/www.primor.eu\/blog\/wp-json\/wp\/v2\/posts\/124559\/revisions"}],"predecessor-version":[{"id":141135,"href":"https:\/\/www.primor.eu\/blog\/wp-json\/wp\/v2\/posts\/124559\/revisions\/141135"}],"wp:featuredmedia":[{"embeddable":true,"href":"https:\/\/www.primor.eu\/blog\/wp-json\/wp\/v2\/media\/124568"}],"wp:attachment":[{"href":"https:\/\/www.primor.eu\/blog\/wp-json\/wp\/v2\/media?parent=124559"}],"wp:term":[{"taxonomy":"category","embeddable":true,"href":"https:\/\/www.primor.eu\/blog\/wp-json\/wp\/v2\/categories?post=124559"},{"taxonomy":"post_tag","embeddable":true,"href":"https:\/\/www.primor.eu\/blog\/wp-json\/wp\/v2\/tags?post=124559"}],"curies":[{"name":"wp","href":"https:\/\/api.w.org\/{rel}","templated":true}]}}