{"id":124557,"date":"2026-04-12T12:58:42","date_gmt":"2026-04-12T12:58:42","guid":{"rendered":"https:\/\/www.primor.eu\/blog\/?p=124557"},"modified":"2026-04-12T12:58:43","modified_gmt":"2026-04-12T12:58:43","slug":"evitar-dolor-pies-feria-de-abril","status":"publish","type":"post","link":"https:\/\/www.primor.eu\/blog\/evitar-dolor-pies-feria-de-abril\/","title":{"rendered":"5 consejos con los que evitar\u00e1s el dolor de pies y aguantar\u00e1s toda la Feria de Abril de 2026"},"content":{"rendered":"\n<p>Porque s\u00ed, lo sabemos: la Feria de Abril es sin\u00f3nimo de sevillanas, farolillos, rebujito, albero\u2026 y tacones. Muchos tacones. Horas de pie, bailes infinitos, casetas llenas y esa mezcla maravillosa entre arte, tradici\u00f3n y marat\u00f3n festiva. Pero vamos a ser sinceras: por muy bonito que sea el traje de flamenca (y por muy divinos que nos sintamos), <strong>aguantar todo el d\u00eda sin que los pies nos pidan auxilio es casi una haza\u00f1a<\/strong>. Por eso, en este art\u00edculo te traigo <strong>5 consejos para evitar el dolor de pies en la Feria de Abril 2025 hasta el amanecer<\/strong>.<\/p>\n\n\n\n<h2 class=\"wp-block-heading\">Consejos para evitar el dolor de pies en la Feria de Abril<\/h2>\n\n\n\n<h3 class=\"wp-block-heading\">1\/ Elige el calzado con cabeza (y coraz\u00f3n flamenco)<\/h3>\n\n\n\n<p>No, no es necesario llevar 12 cent\u00edmetros de tac\u00f3n para brillar en la Feria. <strong>El truco est\u00e1 en la estabilidad y la amortiguaci\u00f3n<\/strong>. Los mejores aliados son los <strong>zapatos de cu\u00f1a o con tac\u00f3n ancho<\/strong>, que reparten el peso del cuerpo de forma m\u00e1s equilibrada y son perfectos para caminar sobre el albero sin clavarte hasta el alma. Adem\u00e1s, cada vez hay m\u00e1s opciones de esparte\u00f1as y sandalias con dise\u00f1o flamenco que te har\u00e1n sentir guap\u00edsima sin renunciar a la comodidad.<\/p>\n\n\n\n<ul class=\"wp-block-list\">\n<li><em>Beauty tip:<\/em> estr\u00e9nalos con antelaci\u00f3n y camina con ellos unos d\u00edas antes. Nada peor que descubrir que te rozan justo el primer d\u00eda de Feria.<\/li>\n<\/ul>\n\n\n\n<h3 class=\"wp-block-heading\">2\/ Mima tus pies antes de salir de casa<\/h3>\n\n\n\n<p>Antes de enfundarte en tu traje de flamenca, dedica unos minutos a <strong>preparar tus pies como si fueran protagonistas (porque lo ser\u00e1n)<\/strong>. Aplica una <strong>crema hidratante espec\u00edfica para pies<\/strong> con efecto refrescante o relajante. En Primor puedes encontrar opciones con <strong>mentol, menta o \u00e1rnica<\/strong>, ideales para activar la circulaci\u00f3n y relajar la musculatura.<\/p>\n\n\n\n<p>Si tus pies tienden a hincharse, date un peque\u00f1o masaje desde los dedos hacia los tobillos, con movimientos ascendentes. Este gesto tan simple <strong>te ayudar\u00e1 a aguantar muchas m\u00e1s horas de fiesta<\/strong>.<\/p>\n\n\n\n<h3 class=\"wp-block-heading\">3\/ Plantillas m\u00e1gicas: tus mejores aliadas invisibles<\/h3>\n\n\n\n<p>No subestimes el poder de unas buenas <strong>plantillas de gel o de espuma viscoel\u00e1stica<\/strong>. Se adaptan a la forma de tu pie, amortiguan el impacto al caminar y reducen la presi\u00f3n en la zona del metatarso, que suele ser la m\u00e1s castigada con los tacones. Hay opciones ultrafinas que no se notan y que marcan la diferencia entre volver a casa bailando o cojeando.<\/p>\n\n\n\n<ul class=\"wp-block-list\">\n<li>Extra tip: tambi\u00e9n puedes llevar <strong>protectores para los talones o los laterales del zapato<\/strong>, por si notas rozaduras o puntos de presi\u00f3n.<\/li>\n<\/ul>\n\n\n\n<h3 class=\"wp-block-heading\">4\/ Lleva un kit de emergencia en el bolso<\/h3>\n\n\n\n<p>S\u00ed, entre tu abanico, tu brillo de labios y tu peine mini, <strong>reserva sitio para un peque\u00f1o kit de supervivencia podal<\/strong>. \u00bfQu\u00e9 no puede faltar?<\/p>\n\n\n\n<ul class=\"wp-block-list\">\n<li><strong>Tiritas o ap\u00f3sitos anti-rozaduras<\/strong>.<\/li>\n<\/ul>\n\n\n\n<ul class=\"wp-block-list\">\n<li><strong>Un gel efecto fr\u00edo en formato roll-on o mini spray<\/strong> (en Primor los tienes ideales).<\/li>\n\n\n\n<li><strong>Unas bailarinas plegables<\/strong> para cambiarte si ya no puedes m\u00e1s (nadie lo juzga, todas lo hemos hecho).<\/li>\n<\/ul>\n\n\n\n<p>Un gesto tan simple puede salvarte la noche y devolverte las ganas de seguir bailando.<\/p>\n\n\n\n<h3 class=\"wp-block-heading\">5\/ Al llegar a casa, recompensa a tus pies<\/h3>\n\n\n\n<p>Despu\u00e9s de un d\u00eda (o una noche) de Feria, toca devolverle el cari\u00f1o a tus pies. Sumerge los pies en <strong>agua templada con sal y unas gotas de aceite esencial de lavanda o menta<\/strong>, y d\u00e9jalos reposar al menos 10 minutos. Luego, s\u00e9calos bien y aplica <strong>una crema reparadora o un b\u00e1lsamo nutritivo<\/strong>. Si puedes, duerme con <strong>calcetines de algod\u00f3n<\/strong> para potenciar el efecto y despertar con pies nuevos.<\/p>\n\n\n<div class=\"kk-star-ratings kksr-auto kksr-align-center kksr-valign-bottom\"\n    data-payload='{&quot;align&quot;:&quot;center&quot;,&quot;id&quot;:&quot;124557&quot;,&quot;slug&quot;:&quot;default&quot;,&quot;valign&quot;:&quot;bottom&quot;,&quot;ignore&quot;:&quot;&quot;,&quot;reference&quot;:&quot;auto&quot;,&quot;class&quot;:&quot;&quot;,&quot;count&quot;:&quot;1&quot;,&quot;legendonly&quot;:&quot;&quot;,&quot;readonly&quot;:&quot;&quot;,&quot;score&quot;:&quot;5&quot;,&quot;starsonly&quot;:&quot;&quot;,&quot;best&quot;:&quot;5&quot;,&quot;gap&quot;:&quot;5&quot;,&quot;greet&quot;:&quot;Valora este art\u00edculo&quot;,&quot;legend&quot;:&quot;5\\\/5 - (1 voto)&quot;,&quot;size&quot;:&quot;24&quot;,&quot;title&quot;:&quot;5 consejos con los que evitar\u00e1s el dolor de pies y aguantar\u00e1s toda la Feria de Abril de 2026&quot;,&quot;width&quot;:&quot;142.5&quot;,&quot;_legend&quot;:&quot;{score}\\\/{best} - ({count} {votes})&quot;,&quot;font_factor&quot;:&quot;1.25&quot;}'>\n            \n<div class=\"kksr-stars\">\n    \n<div class=\"kksr-stars-inactive\">\n            <div class=\"kksr-star\" data-star=\"1\" style=\"padding-right: 5px\">\n            \n\n<div class=\"kksr-icon\" style=\"width: 24px; height: 24px;\"><\/div>\n        <\/div>\n            <div class=\"kksr-star\" data-star=\"2\" style=\"padding-right: 5px\">\n            \n\n<div class=\"kksr-icon\" style=\"width: 24px; height: 24px;\"><\/div>\n        <\/div>\n            <div class=\"kksr-star\" data-star=\"3\" style=\"padding-right: 5px\">\n            \n\n<div class=\"kksr-icon\" style=\"width: 24px; height: 24px;\"><\/div>\n        <\/div>\n            <div class=\"kksr-star\" data-star=\"4\" style=\"padding-right: 5px\">\n            \n\n<div class=\"kksr-icon\" style=\"width: 24px; height: 24px;\"><\/div>\n        <\/div>\n            <div class=\"kksr-star\" data-star=\"5\" style=\"padding-right: 5px\">\n            \n\n<div class=\"kksr-icon\" style=\"width: 24px; height: 24px;\"><\/div>\n        <\/div>\n    <\/div>\n    \n<div class=\"kksr-stars-active\" style=\"width: 142.5px;\">\n            <div class=\"kksr-star\" style=\"padding-right: 5px\">\n            \n\n<div class=\"kksr-icon\" style=\"width: 24px; height: 24px;\"><\/div>\n        <\/div>\n            <div class=\"kksr-star\" style=\"padding-right: 5px\">\n            \n\n<div class=\"kksr-icon\" style=\"width: 24px; height: 24px;\"><\/div>\n        <\/div>\n            <div class=\"kksr-star\" style=\"padding-right: 5px\">\n            \n\n<div class=\"kksr-icon\" style=\"width: 24px; height: 24px;\"><\/div>\n        <\/div>\n            <div class=\"kksr-star\" style=\"padding-right: 5px\">\n            \n\n<div class=\"kksr-icon\" style=\"width: 24px; height: 24px;\"><\/div>\n        <\/div>\n            <div class=\"kksr-star\" style=\"padding-right: 5px\">\n            \n\n<div class=\"kksr-icon\" style=\"width: 24px; height: 24px;\"><\/div>\n        <\/div>\n    <\/div>\n<\/div>\n                \n\n<div class=\"kksr-legend\" style=\"font-size: 19.2px;\">\n            5\/5 - (1 voto)    <\/div>\n    <\/div>\n","protected":false},"excerpt":{"rendered":"<p>Porque s\u00ed, lo sabemos: la Feria de Abril es sin\u00f3nimo de sevillanas, farolillos, rebujito, albero\u2026 y tacones. Muchos tacones. Horas de pie, bailes infinitos, casetas llenas y esa mezcla maravillosa entre arte, tradici\u00f3n y marat\u00f3n festiva. Pero vamos a ser sinceras: por muy bonito que sea el traje de flamenca (y por muy divinos que [&hellip;]<\/p>\n","protected":false},"author":14,"featured_media":124570,"comment_status":"closed","ping_status":"closed","sticky":false,"template":"","format":"standard","meta":{"jnews-multi-image_gallery":[],"jnews_single_post":{"format":"standard"},"jnews_primary_category":[],"jnews_social_meta":[],"jnews_override_counter":[],"footnotes":""},"categories":[6303],"tags":[],"class_list":["post-124557","post","type-post","status-publish","format-standard","has-post-thumbnail","hentry","category-trucos-de-belleza"],"_links":{"self":[{"href":"https:\/\/www.primor.eu\/blog\/wp-json\/wp\/v2\/posts\/124557","targetHints":{"allow":["GET"]}}],"collection":[{"href":"https:\/\/www.primor.eu\/blog\/wp-json\/wp\/v2\/posts"}],"about":[{"href":"https:\/\/www.primor.eu\/blog\/wp-json\/wp\/v2\/types\/post"}],"author":[{"embeddable":true,"href":"https:\/\/www.primor.eu\/blog\/wp-json\/wp\/v2\/users\/14"}],"replies":[{"embeddable":true,"href":"https:\/\/www.primor.eu\/blog\/wp-json\/wp\/v2\/comments?post=124557"}],"version-history":[{"count":3,"href":"https:\/\/www.primor.eu\/blog\/wp-json\/wp\/v2\/posts\/124557\/revisions"}],"predecessor-version":[{"id":141134,"href":"https:\/\/www.primor.eu\/blog\/wp-json\/wp\/v2\/posts\/124557\/revisions\/141134"}],"wp:featuredmedia":[{"embeddable":true,"href":"https:\/\/www.primor.eu\/blog\/wp-json\/wp\/v2\/media\/124570"}],"wp:attachment":[{"href":"https:\/\/www.primor.eu\/blog\/wp-json\/wp\/v2\/media?parent=124557"}],"wp:term":[{"taxonomy":"category","embeddable":true,"href":"https:\/\/www.primor.eu\/blog\/wp-json\/wp\/v2\/categories?post=124557"},{"taxonomy":"post_tag","embeddable":true,"href":"https:\/\/www.primor.eu\/blog\/wp-json\/wp\/v2\/tags?post=124557"}],"curies":[{"name":"wp","href":"https:\/\/api.w.org\/{rel}","templated":true}]}}