{"id":124553,"date":"2025-04-15T17:09:03","date_gmt":"2025-04-15T17:09:03","guid":{"rendered":"https:\/\/www.primor.eu\/blog\/?p=124553"},"modified":"2025-04-07T17:17:04","modified_gmt":"2025-04-07T17:17:04","slug":"mejores-productos-tratamientos-excema","status":"publish","type":"post","link":"https:\/\/www.primor.eu\/blog\/mejores-productos-tratamientos-excema\/","title":{"rendered":"C\u00f3mo tratar los eczemas: los mejores productos y recomendaciones"},"content":{"rendered":"\n<p>A veces la piel grita lo que el cuerpo calla. Se irrita, se enrojece, pica, escuece\u2026 y nos recuerda que necesita<strong> atenci\u00f3n urgente<\/strong>. Si alguna vez has sentido esa sensaci\u00f3n de incomodidad constante, probablemente sepas de lo que hablamos: <strong>eczema<\/strong>. Esa alteraci\u00f3n de la barrera cut\u00e1nea que puede aparecer de repente (y sin invitaci\u00f3n), convirtiendo tu rutina diaria en un reto. Pero tranquila: no est\u00e1s sola y, sobre todo, no est\u00e1s sin soluci\u00f3n. Te ense\u00f1amos c\u00f3mo tratar un eczema, por qu\u00e9 salen y que es lo deber\u00edas hacer, seg\u00fan el testimonio de los mejores expertos.&nbsp;<\/p>\n\n\n\n<p>El eczema \u2014tambi\u00e9n conocido como dermatitis at\u00f3pica\u2014 es una condici\u00f3n inflamatoria de la piel que puede tener muchas caras: desde zonas secas con descamaci\u00f3n, hasta brotes m\u00e1s intensos con picor, inflamaci\u00f3n y peque\u00f1as heridas. Puede aparecer en el rostro, los brazos, las manos, detr\u00e1s de las rodillas, en el cuero cabelludo\u2026 y aunque no es contagioso, s\u00ed puede ser muy molesto. Por eso, <strong>cuidar tu piel con los productos adecuados y los gestos correctos es esencial<\/strong>.<\/p>\n\n\n\n<h2 class=\"wp-block-heading\">\u00bfPor qu\u00e9 aparece el eczema?<\/h2>\n\n\n\n<p>Las causas son diversas, y a veces se combinan: gen\u00e9tica, cambios de temperatura, estr\u00e9s, alergias, intolerancias alimentarias o el uso de productos demasiado agresivos con la piel. En cualquier caso, hay un punto com\u00fan: <strong>la barrera cut\u00e1nea est\u00e1 debilitada<\/strong>. Y cuando eso pasa, la piel pierde hidrataci\u00f3n, se vuelve m\u00e1s vulnerable y reacciona con enrojecimiento, picor o inflamaci\u00f3n.<\/p>\n\n\n\n<p>Aqu\u00ed es donde entra en juego tu rutina de cuidado. El objetivo no es solo calmar el brote, sino <strong>reforzar la piel, protegerla y prevenir futuras crisis<\/strong>. Y s\u00ed, hay productos maravillosos \u2014algunos ya disponibles en Primor\u2014 que pueden ayudarte desde el primer uso.<\/p>\n\n\n\n<h2 class=\"wp-block-heading\">Los ingredientes que tu piel at\u00f3pica va a amar<\/h2>\n\n\n\n<p>Antes de hablar de productos concretos, hablemos de principios activos. Cuando busques cosm\u00e9tica para tratar el eczema, busca f\u00f3rmulas <strong>sin perfumes, sin alcohol y testadas dermatol\u00f3gicamente<\/strong>, pero tambi\u00e9n que incluyan algunos de estos ingredientes clave:<\/p>\n\n\n\n<ul class=\"wp-block-list\">\n<li><strong>Manteca de karit\u00e9 y aceites vegetales<\/strong>: nutren y regeneran en profundidad.<\/li>\n\n\n\n<li><strong>Avena coloidal<\/strong>: calma el picor, reduce rojeces y suaviza.<\/li>\n\n\n\n<li><strong>Niacinamida<\/strong>: antiinflamatoria y restauradora, ideal para pieles sensibilizadas.<\/li>\n\n\n\n<li><strong>Ceramidas<\/strong>: refuerzan la barrera cut\u00e1nea y evitan la p\u00e9rdida de agua.<\/li>\n\n\n\n<li><strong>Pantenol y alanto\u00edna<\/strong>: ayudan a regenerar, calmar y reparar.<\/li>\n<\/ul>\n\n\n\n<h2 class=\"wp-block-heading\">Los mejores productos para cuidar tu piel con eczema<\/h2>\n\n\n        <product-table class=\"pr-slider\">\r\n            <product-headers class=\"grid-table-rows\">\r\n                <div>Foto<\/div>\r\n                <div>Producto<\/div>\r\n                <div>Marca<\/div>\r\n                <div>Valoraciones<\/div>\r\n                <div>Precio<\/div>\r\n            <\/product-headers>\r\n\r\n            <product-list>\r\n                                    <a href=\"https:\/\/www.primor.eu\/es_es\/a-derma-exomega-control-balsamo-emoliente-anti-rascado-117129.html\" class=\"product-item grid-table-rows\" target=\"_blank\">\r\n                        <div>\r\n                            <img decoding=\"async\" class=\"product-img\" width=\"80px\" height=\"80px\" src=\"https:\/\/cdn2.primor.eu\/media\/catalog\/product\/cache\/8d3aba296f7a18b5251ee30fa5db42b2\/3\/2\/3282779387255_ADERMA_EXOMEGA_BALSAMO_EMOLIENTE_400ML__1__62ce.jpg\" alt=\"Exomega Control B\u00e1lsamo Emoliente Anti-Rascado\">\r\n                        <\/div>\r\n\r\n                        <!-- Contenido de producto  -->\r\n                        <div>\r\n                            <div class=\"product-position\">\r\n                                #1 Top Ventas                            <\/div>\r\n\r\n                            <h2>\r\n                                Exomega Control B\u00e1lsamo Emoliente Anti-Rascado                            <\/h2>\r\n                        <\/div>\r\n\r\n                        <!-- Imagen y\/o nombre de la marca -->\r\n                        <div>\r\n                                                            <p class=\"brand-name\"><b><\/b><\/p>\r\n                                                    <\/div>\r\n\r\n                        <!-- Puntuaci\u00f3n del producto  -->\r\n                        <div class=\"rating\">\r\n                                                            <p>No hay valoraciones disponibles<\/p>\r\n                                                    <\/div>\r\n\r\n                        <!-- Bot\u00f3n de producto  -->\r\n                        <div>\r\n                            <span class=\"price-claim\">\r\n                                VER PRECIO                            <\/span>\r\n                        <\/div>\r\n                    <\/a>\r\n                                    <a href=\"https:\/\/www.primor.eu\/es_es\/cerave-crema-reparadora-contorno-de-ojos-15828.html\" class=\"product-item grid-table-rows\" target=\"_blank\">\r\n                        <div>\r\n                            <img decoding=\"async\" class=\"product-img\" width=\"80px\" height=\"80px\" src=\"https:\/\/cdn2.primor.eu\/media\/catalog\/product\/cache\/8d3aba296f7a18b5251ee30fa5db42b2\/3\/3\/3337875597272_ae79.jpg\" alt=\"Crema Reparadora Contorno de Ojos\">\r\n                        <\/div>\r\n\r\n                        <!-- Contenido de producto  -->\r\n                        <div>\r\n                            <div class=\"product-position\">\r\n                                #2                            <\/div>\r\n\r\n                            <h2>\r\n                                Crema Reparadora Contorno de Ojos                            <\/h2>\r\n                        <\/div>\r\n\r\n                        <!-- Imagen y\/o nombre de la marca -->\r\n                        <div>\r\n                                                            <img decoding=\"async\" width=\"70\" src=\"https:\/\/www.primor.eu\/media\/catalog\/category\/Cerave.jpg\" alt=\"\">\r\n                                                    <\/div>\r\n\r\n                        <!-- Puntuaci\u00f3n del producto  -->\r\n                        <div class=\"rating\">\r\n                                                            <div class=\"rate\" style=\"--p:92;\"><\/div>\r\n                                <b>4.6\/5<\/b>\r\n                                <div class=\"rate-stars\">\r\n                                                                            <div\r\n                                            class=\"rate-star  \">\r\n                                        <\/div>\r\n                                                                            <div\r\n                                            class=\"rate-star  \">\r\n                                        <\/div>\r\n                                                                            <div\r\n                                            class=\"rate-star  \">\r\n                                        <\/div>\r\n                                                                            <div\r\n                                            class=\"rate-star  \">\r\n                                        <\/div>\r\n                                                                            <div\r\n                                            class=\"rate-star  \">\r\n                                        <\/div>\r\n                                                                    <\/div>\r\n                                                    <\/div>\r\n\r\n                        <!-- Bot\u00f3n de producto  -->\r\n                        <div>\r\n                            <span class=\"price-claim\">\r\n                                VER PRECIO                            <\/span>\r\n                        <\/div>\r\n                    <\/a>\r\n                                    <a href=\"https:\/\/www.primor.eu\/es_es\/avene-xeracalm-a-d-crema-relipidizante-106143.html?#854=66459\" class=\"product-item grid-table-rows\" target=\"_blank\">\r\n                        <div>\r\n                            <img decoding=\"async\" class=\"product-img\" width=\"80px\" height=\"80px\" src=\"https:\/\/cdn2.primor.eu\/media\/catalog\/product\/cache\/8d3aba296f7a18b5251ee30fa5db42b2\/6\/X\/6XS10306_1_031f.jpg\" alt=\"Xeracalm A.D. Crema Relipidizante\">\r\n                        <\/div>\r\n\r\n                        <!-- Contenido de producto  -->\r\n                        <div>\r\n                            <div class=\"product-position\">\r\n                                #3                            <\/div>\r\n\r\n                            <h2>\r\n                                Xeracalm A.D. Crema Relipidizante                            <\/h2>\r\n                        <\/div>\r\n\r\n                        <!-- Imagen y\/o nombre de la marca -->\r\n                        <div>\r\n                                                            <img decoding=\"async\" width=\"70\" src=\"https:\/\/www.primor.eu\/media\/catalog\/category\/Avene.png\" alt=\"Avene\">\r\n                                                    <\/div>\r\n\r\n                        <!-- Puntuaci\u00f3n del producto  -->\r\n                        <div class=\"rating\">\r\n                                                            <div class=\"rate\" style=\"--p:98;\"><\/div>\r\n                                <b>4.9\/5<\/b>\r\n                                <div class=\"rate-stars\">\r\n                                                                            <div\r\n                                            class=\"rate-star  \">\r\n                                        <\/div>\r\n                                                                            <div\r\n                                            class=\"rate-star  \">\r\n                                        <\/div>\r\n                                                                            <div\r\n                                            class=\"rate-star  \">\r\n                                        <\/div>\r\n                                                                            <div\r\n                                            class=\"rate-star  \">\r\n                                        <\/div>\r\n                                                                            <div\r\n                                            class=\"rate-star  \">\r\n                                        <\/div>\r\n                                                                    <\/div>\r\n                                                    <\/div>\r\n\r\n                        <!-- Bot\u00f3n de producto  -->\r\n                        <div>\r\n                            <span class=\"price-claim\">\r\n                                VER PRECIO                            <\/span>\r\n                        <\/div>\r\n                    <\/a>\r\n                                    <a href=\"https:\/\/www.primor.eu\/es_es\/la-roche-posay-lipikar-baume-light-ap-m-13034.html\" class=\"product-item grid-table-rows\" target=\"_blank\">\r\n                        <div>\r\n                            <img decoding=\"async\" class=\"product-img\" width=\"80px\" height=\"80px\" src=\"https:\/\/cdn2.primor.eu\/media\/catalog\/product\/cache\/8d3aba296f7a18b5251ee30fa5db42b2\/3\/3\/3337875803786_9fa6.jpg\" alt=\"Lipikar Baume Light AP+M\">\r\n                        <\/div>\r\n\r\n                        <!-- Contenido de producto  -->\r\n                        <div>\r\n                            <div class=\"product-position\">\r\n                                #4                            <\/div>\r\n\r\n                            <h2>\r\n                                Lipikar Baume Light AP+M                            <\/h2>\r\n                        <\/div>\r\n\r\n                        <!-- Imagen y\/o nombre de la marca -->\r\n                        <div>\r\n                                                            <img decoding=\"async\" width=\"70\" src=\"https:\/\/www.primor.eu\/media\/catalog\/category\/la-roche-posay.png\" alt=\"\">\r\n                                                    <\/div>\r\n\r\n                        <!-- Puntuaci\u00f3n del producto  -->\r\n                        <div class=\"rating\">\r\n                                                            <div class=\"rate\" style=\"--p:96;\"><\/div>\r\n                                <b>4.8\/5<\/b>\r\n                                <div class=\"rate-stars\">\r\n                                                                            <div\r\n                                            class=\"rate-star  \">\r\n                                        <\/div>\r\n                                                                            <div\r\n                                            class=\"rate-star  \">\r\n                                        <\/div>\r\n                                                                            <div\r\n                                            class=\"rate-star  \">\r\n                                        <\/div>\r\n                                                                            <div\r\n                                            class=\"rate-star  \">\r\n                                        <\/div>\r\n                                                                            <div\r\n                                            class=\"rate-star  \">\r\n                                        <\/div>\r\n                                                                    <\/div>\r\n                                                    <\/div>\r\n\r\n                        <!-- Bot\u00f3n de producto  -->\r\n                        <div>\r\n                            <span class=\"price-claim\">\r\n                                VER PRECIO                            <\/span>\r\n                        <\/div>\r\n                    <\/a>\r\n                            <\/product-list>\r\n        <\/product-table>\r\n\r\n        \n\n\n\n<h3 class=\"wp-block-heading\">La Roche-Posay Lipikar Baume AP+M<\/h3>\n\n\n\n<p>Es una loci\u00f3n corporal que calma al instante, hidrata durante 48h y reduce el picor desde el primer uso. Su textura rica pero no pegajosa es perfecta para el d\u00eda a d\u00eda.<\/p>\n\n\n    <a class='product' target='_blank' href='https:\/\/www.primor.eu\/es_es\/la-roche-posay-lipikar-baume-light-ap-m-13034.html'>\r\n        <img loading='async' src='https:\/\/cdn2.primor.eu\/media\/catalog\/product\/cache\/8d3aba296f7a18b5251ee30fa5db42b2\/3\/3\/3337875803786_9fa6.jpg' alt='COMPRAR AHORA'>\r\n            <div class=\"claim\">\r\n                COMPRAR AHORA            <\/div>\r\n        <\/a>\r\n    \n\n\n<h3 class=\"wp-block-heading\">A-Derma Exomega Control B\u00e1lsamo Emoliente<\/h3>\n\n\n    <a class='product' target='_blank' href='https:\/\/www.primor.eu\/es_es\/a-derma-exomega-control-balsamo-emoliente-anti-rascado-117129.html'>\r\n        <img loading='async' src='https:\/\/cdn2.primor.eu\/media\/catalog\/product\/cache\/8d3aba296f7a18b5251ee30fa5db42b2\/3\/2\/3282779387255_ADERMA_EXOMEGA_BALSAMO_EMOLIENTE_400ML__1__62ce.jpg' alt='COMPRAR AHORA'>\r\n            <div class=\"claim\">\r\n                COMPRAR AHORA            <\/div>\r\n        <\/a>\r\n    \n\n\n<p>Ideal para pieles extremadamente secas o con brotes frecuentes. Contiene extracto de avena Rhealba\u00ae, 100% calmante, y puede usarse incluso en beb\u00e9s.<\/p>\n\n\n\n<h3 class=\"wp-block-heading\">CeraVe Crema Reparadora de Barrera<\/h3>\n\n\n\n<p>Con ceramidas y \u00e1cido hialur\u00f3nico, es perfecta para zonas localizadas (manos, codos, p\u00e1rpados) que necesitan un extra de mimos y protecci\u00f3n.<\/p>\n\n\n    <a class='product' target='_blank' href='https:\/\/www.primor.eu\/es_es\/cerave-crema-reparadora-contorno-de-ojos-15828.html'>\r\n        <img loading='async' src='https:\/\/cdn2.primor.eu\/media\/catalog\/product\/cache\/8d3aba296f7a18b5251ee30fa5db42b2\/3\/3\/3337875597272_ae79.jpg' alt='COMPRAR AHORA'>\r\n            <div class=\"claim\">\r\n                COMPRAR AHORA            <\/div>\r\n        <\/a>\r\n    \n\n\n<h3 class=\"wp-block-heading\">Av\u00e8ne XeraCalm A.D<\/h3>\n\n\n\n<p>Esta es una l\u00ednea dermocosm\u00e9tica especializada en pieles con eczema o dermatitis at\u00f3pica. Su aceite limpiador y su b\u00e1lsamo relipidizante son dos b\u00e1sicos de cabecera.<\/p>\n\n\n    <a class='product' target='_blank' href='https:\/\/www.primor.eu\/es_es\/avene-xeracalm-a-d-crema-relipidizante-106143.html?#854=66459'>\r\n        <img loading='async' src='https:\/\/cdn2.primor.eu\/media\/catalog\/product\/cache\/8d3aba296f7a18b5251ee30fa5db42b2\/6\/X\/6XS10306_1_031f.jpg' alt='COMPRAR AHORA'>\r\n            <div class=\"claim\">\r\n                COMPRAR AHORA            <\/div>\r\n        <\/a>\r\n    \n\n\n<h2 class=\"wp-block-heading\">Recomendaciones extra para mantener el eczema a raya<\/h2>\n\n\n\n<ul class=\"wp-block-list\">\n<li><strong>Evita duchas largas y calientes<\/strong>. El agua muy caliente deshidrata y sensibiliza a\u00fan m\u00e1s la piel. Mejor templada y breve.<\/li>\n\n\n\n<li><strong>S\u00e9cate con mimo<\/strong>. No frotes con la toalla. Presiona suavemente para evitar irritaciones.<\/li>\n\n\n\n<li><strong>Aplica tu crema justo despu\u00e9s de la ducha<\/strong>. Con la piel ligeramente h\u00fameda, los activos penetran mejor.<\/li>\n\n\n\n<li><strong>Usa ropa de algod\u00f3n o tejidos naturales<\/strong>. Evita la lana o materiales sint\u00e9ticos que puedan rozar o generar calor excesivo.<\/li>\n\n\n\n<li><strong>No te rasques (aunque cueste)<\/strong>. Rascarnos solo agrava la inflamaci\u00f3n y puede provocar peque\u00f1as heridas.<br><\/li>\n<\/ul>\n\n\n<div class=\"kk-star-ratings kksr-auto kksr-align-center kksr-valign-bottom\"\n    data-payload='{&quot;align&quot;:&quot;center&quot;,&quot;id&quot;:&quot;124553&quot;,&quot;slug&quot;:&quot;default&quot;,&quot;valign&quot;:&quot;bottom&quot;,&quot;ignore&quot;:&quot;&quot;,&quot;reference&quot;:&quot;auto&quot;,&quot;class&quot;:&quot;&quot;,&quot;count&quot;:&quot;0&quot;,&quot;legendonly&quot;:&quot;&quot;,&quot;readonly&quot;:&quot;&quot;,&quot;score&quot;:&quot;0&quot;,&quot;starsonly&quot;:&quot;&quot;,&quot;best&quot;:&quot;5&quot;,&quot;gap&quot;:&quot;5&quot;,&quot;greet&quot;:&quot;Valora este art\u00edculo&quot;,&quot;legend&quot;:&quot;0\\\/5 - (0 votos)&quot;,&quot;size&quot;:&quot;24&quot;,&quot;title&quot;:&quot;C\u00f3mo tratar los eczemas: los mejores productos y recomendaciones&quot;,&quot;width&quot;:&quot;0&quot;,&quot;_legend&quot;:&quot;{score}\\\/{best} - ({count} {votes})&quot;,&quot;font_factor&quot;:&quot;1.25&quot;}'>\n            \n<div class=\"kksr-stars\">\n    \n<div class=\"kksr-stars-inactive\">\n            <div class=\"kksr-star\" data-star=\"1\" style=\"padding-right: 5px\">\n            \n\n<div class=\"kksr-icon\" style=\"width: 24px; height: 24px;\"><\/div>\n        <\/div>\n            <div class=\"kksr-star\" data-star=\"2\" style=\"padding-right: 5px\">\n            \n\n<div class=\"kksr-icon\" style=\"width: 24px; height: 24px;\"><\/div>\n        <\/div>\n            <div class=\"kksr-star\" data-star=\"3\" style=\"padding-right: 5px\">\n            \n\n<div class=\"kksr-icon\" style=\"width: 24px; height: 24px;\"><\/div>\n        <\/div>\n            <div class=\"kksr-star\" data-star=\"4\" style=\"padding-right: 5px\">\n            \n\n<div class=\"kksr-icon\" style=\"width: 24px; height: 24px;\"><\/div>\n        <\/div>\n            <div class=\"kksr-star\" data-star=\"5\" style=\"padding-right: 5px\">\n            \n\n<div class=\"kksr-icon\" style=\"width: 24px; height: 24px;\"><\/div>\n        <\/div>\n    <\/div>\n    \n<div class=\"kksr-stars-active\" style=\"width: 0px;\">\n            <div class=\"kksr-star\" style=\"padding-right: 5px\">\n            \n\n<div class=\"kksr-icon\" style=\"width: 24px; height: 24px;\"><\/div>\n        <\/div>\n            <div class=\"kksr-star\" style=\"padding-right: 5px\">\n            \n\n<div class=\"kksr-icon\" style=\"width: 24px; height: 24px;\"><\/div>\n        <\/div>\n            <div class=\"kksr-star\" style=\"padding-right: 5px\">\n            \n\n<div class=\"kksr-icon\" style=\"width: 24px; height: 24px;\"><\/div>\n        <\/div>\n            <div class=\"kksr-star\" style=\"padding-right: 5px\">\n            \n\n<div class=\"kksr-icon\" style=\"width: 24px; height: 24px;\"><\/div>\n        <\/div>\n            <div class=\"kksr-star\" style=\"padding-right: 5px\">\n            \n\n<div class=\"kksr-icon\" style=\"width: 24px; height: 24px;\"><\/div>\n        <\/div>\n    <\/div>\n<\/div>\n                \n\n<div class=\"kksr-legend\" style=\"font-size: 19.2px;\">\n            <span class=\"kksr-muted\">Valora este art\u00edculo<\/span>\n    <\/div>\n    <\/div>\n","protected":false},"excerpt":{"rendered":"<p>A veces la piel grita lo que el cuerpo calla. Se irrita, se enrojece, pica, escuece\u2026 y nos recuerda que necesita atenci\u00f3n urgente. Si alguna vez has sentido esa sensaci\u00f3n de incomodidad constante, probablemente sepas de lo que hablamos: eczema. Esa alteraci\u00f3n de la barrera cut\u00e1nea que puede aparecer de repente (y sin invitaci\u00f3n), convirtiendo [&hellip;]<\/p>\n","protected":false},"author":14,"featured_media":124574,"comment_status":"closed","ping_status":"closed","sticky":false,"template":"","format":"standard","meta":{"jnews-multi-image_gallery":[],"jnews_single_post":{"format":"standard"},"jnews_primary_category":[],"jnews_social_meta":[],"jnews_override_counter":[],"footnotes":""},"categories":[6299],"tags":[],"class_list":["post-124553","post","type-post","status-publish","format-standard","has-post-thumbnail","hentry","category-bienestar"],"_links":{"self":[{"href":"https:\/\/www.primor.eu\/blog\/wp-json\/wp\/v2\/posts\/124553","targetHints":{"allow":["GET"]}}],"collection":[{"href":"https:\/\/www.primor.eu\/blog\/wp-json\/wp\/v2\/posts"}],"about":[{"href":"https:\/\/www.primor.eu\/blog\/wp-json\/wp\/v2\/types\/post"}],"author":[{"embeddable":true,"href":"https:\/\/www.primor.eu\/blog\/wp-json\/wp\/v2\/users\/14"}],"replies":[{"embeddable":true,"href":"https:\/\/www.primor.eu\/blog\/wp-json\/wp\/v2\/comments?post=124553"}],"version-history":[{"count":1,"href":"https:\/\/www.primor.eu\/blog\/wp-json\/wp\/v2\/posts\/124553\/revisions"}],"predecessor-version":[{"id":124588,"href":"https:\/\/www.primor.eu\/blog\/wp-json\/wp\/v2\/posts\/124553\/revisions\/124588"}],"wp:featuredmedia":[{"embeddable":true,"href":"https:\/\/www.primor.eu\/blog\/wp-json\/wp\/v2\/media\/124574"}],"wp:attachment":[{"href":"https:\/\/www.primor.eu\/blog\/wp-json\/wp\/v2\/media?parent=124553"}],"wp:term":[{"taxonomy":"category","embeddable":true,"href":"https:\/\/www.primor.eu\/blog\/wp-json\/wp\/v2\/categories?post=124553"},{"taxonomy":"post_tag","embeddable":true,"href":"https:\/\/www.primor.eu\/blog\/wp-json\/wp\/v2\/tags?post=124553"}],"curies":[{"name":"wp","href":"https:\/\/api.w.org\/{rel}","templated":true}]}}