{"id":124489,"date":"2025-04-07T16:47:50","date_gmt":"2025-04-07T16:47:50","guid":{"rendered":"https:\/\/www.primor.eu\/blog\/?p=124489"},"modified":"2025-04-07T16:47:51","modified_gmt":"2025-04-07T16:47:51","slug":"salud-ocular-cuidar-vista-evitar-enfermedades","status":"publish","type":"post","link":"https:\/\/www.primor.eu\/blog\/salud-ocular-cuidar-vista-evitar-enfermedades\/","title":{"rendered":"Salud ocular: c\u00f3mo cuidar tu vista y evitar posibles enfermedades"},"content":{"rendered":"\n<p>Tus <strong>ojos<\/strong> no solo son el espejo del alma, tambi\u00e9n son los <strong>grandes aliados de tu d\u00eda a d\u00eda<\/strong>. Te permiten leer, trabajar, conducir, maquillarte, emocionarte\u2026 pero \u00bflos cuidas como se merecen? En la <strong>rutina de belleza<\/strong> solemos centrarnos en el rostro, el cabello o la piel, pero a menudo olvidamos una parte fundamental: la salud ocular. Y no hablamos solo de evitar las ojeras o elegir el mejor contorno de ojos, sino de cuidar de verdad la vista.<\/p>\n\n\n\n<p>Con el ritmo actual, pasamos m\u00e1s de ocho horas diarias frente a pantallas: m\u00f3vil, ordenador, tablet, televisi\u00f3n\u2026 todo suma. A eso se le a\u00f1ade la contaminaci\u00f3n, el uso excesivo de lentillas, la falta de sue\u00f1o o el maquillaje mal retirado. \u00bfEl <strong>resultado<\/strong>? Fatiga ocular, sequedad, visi\u00f3n borrosa o molestias que muchas veces normalizamos. Pero no deber\u00edamos. La buena noticia es que hay peque\u00f1os gestos \u2014sencillos pero eficaces\u2014 que pueden ayudarte a cuidar tu vista y a prevenir enfermedades oculares a largo plazo.<\/p>\n\n\n\n<h2 class=\"wp-block-heading\">C\u00f3mo cuidar la salud ocular<\/h2>\n\n\n\n<h3 class=\"wp-block-heading\">1\/ Descansa tus ojos: la regla 20-20-20<\/h3>\n\n\n\n<p>Este es uno de los trucos m\u00e1s sencillos y eficaces para prevenir la fatiga ocular digital: cada 20 minutos, aparta la vista de la pantalla y mira algo que est\u00e9 a 20 pies (unos 6 metros) de distancia durante al menos 20 segundos. Esto ayuda a relajar los m\u00fasculos de los ojos y a evitar la sequedad. Adem\u00e1s, parpadear conscientemente (s\u00ed, a veces se nos olvida) contribuye a mantener la superficie del ojo lubricada y protegida.<\/p>\n\n\n\n<h3 class=\"wp-block-heading\">2\/ Hidrataci\u00f3n: tambi\u00e9n para tus ojos<\/h3>\n\n\n\n<p>Beber suficiente agua es importante, pero a veces no es suficiente. Si pasas muchas horas frente a pantallas o en ambientes con aire acondicionado o calefacci\u00f3n, <strong>las l\u00e1grimas artificiales o sprays oculares<\/strong> pueden ser tus mejores aliados. En Primor puedes encontrar opciones espec\u00edficas para ojos sensibles o secos, que refrescan y alivian al instante. Ideal para llevar siempre en el bolso o tener a mano en el escritorio.<\/p>\n\n\n\n<h3 class=\"wp-block-heading\">3\/ Alimentaci\u00f3n y antioxidantes<\/h3>\n\n\n\n<p>Lo que comes tambi\u00e9n influye en c\u00f3mo ves. Alimentos ricos en <strong>vitamina A, C, E, zinc y \u00e1cidos grasos omega 3<\/strong> (como las zanahorias, espinacas, salm\u00f3n o nueces) son fundamentales para mantener una buena salud ocular. Estos nutrientes ayudan a prevenir enfermedades como la degeneraci\u00f3n macular, el glaucoma o las cataratas. Un smoothie verde por la ma\u00f1ana o un pu\u00f1ado de almendras como snack\u2026 y tus ojos te lo agradecer\u00e1n.<\/p>\n\n\n\n<h3 class=\"wp-block-heading\">4\/ Cuida el contorno y desmaqu\u00edllate bien<\/h3>\n\n\n\n<p>El maquillaje de ojos embellece, pero tambi\u00e9n exige cuidados. Elige <strong>productos suaves, hipoalerg\u00e9nicos y testados oftalmol\u00f3gicamente<\/strong>, especialmente si usas lentillas. Y desmaqu\u00edllate siempre antes de dormir, con productos respetuosos que no irriten ni arrastren la zona. En Primor encontrar\u00e1s aguas micelares espec\u00edficas, bif\u00e1sicos para ojos sensibles y geles suaves que eliminan hasta el eyeliner waterproof sin frotar.<\/p>\n\n\n\n<h3 class=\"wp-block-heading\">5\/ Protecci\u00f3n solar: tambi\u00e9n para los ojos<\/h3>\n\n\n\n<p>S\u00ed, los ojos tambi\u00e9n se queman. La exposici\u00f3n continua a los rayos UV puede favorecer la aparici\u00f3n de cataratas o degeneraci\u00f3n macular. Por eso, <strong>unas buenas gafas de sol con protecci\u00f3n 100% UV<\/strong> son tan imprescindibles como tu crema facial con SPF. No solo cuidan tu vista, sino que previenen el envejecimiento de la piel del contorno. Elegancia y protecci\u00f3n, en un solo gesto.<\/p>\n\n\n\n<h3 class=\"wp-block-heading\">6\/ Revisiones oftalmol\u00f3gicas regulares<\/h3>\n\n\n\n<p>Por \u00faltimo, pero no menos importante: <strong>acude al oftalm\u00f3logo una vez al a\u00f1o<\/strong>, aunque creas que ves bien. Hay muchas enfermedades oculares que avanzan sin s\u00edntomas evidentes, y detectarlas a tiempo marca la diferencia. Prevenir siempre es mejor (y m\u00e1s sencillo) que tratar.<\/p>\n\n\n<div class=\"kk-star-ratings kksr-auto kksr-align-center kksr-valign-bottom\"\n    data-payload='{&quot;align&quot;:&quot;center&quot;,&quot;id&quot;:&quot;124489&quot;,&quot;slug&quot;:&quot;default&quot;,&quot;valign&quot;:&quot;bottom&quot;,&quot;ignore&quot;:&quot;&quot;,&quot;reference&quot;:&quot;auto&quot;,&quot;class&quot;:&quot;&quot;,&quot;count&quot;:&quot;0&quot;,&quot;legendonly&quot;:&quot;&quot;,&quot;readonly&quot;:&quot;&quot;,&quot;score&quot;:&quot;0&quot;,&quot;starsonly&quot;:&quot;&quot;,&quot;best&quot;:&quot;5&quot;,&quot;gap&quot;:&quot;5&quot;,&quot;greet&quot;:&quot;Valora este art\u00edculo&quot;,&quot;legend&quot;:&quot;0\\\/5 - (0 votos)&quot;,&quot;size&quot;:&quot;24&quot;,&quot;title&quot;:&quot;Salud ocular: c\u00f3mo cuidar tu vista y evitar posibles enfermedades&quot;,&quot;width&quot;:&quot;0&quot;,&quot;_legend&quot;:&quot;{score}\\\/{best} - ({count} {votes})&quot;,&quot;font_factor&quot;:&quot;1.25&quot;}'>\n            \n<div class=\"kksr-stars\">\n    \n<div class=\"kksr-stars-inactive\">\n            <div class=\"kksr-star\" data-star=\"1\" style=\"padding-right: 5px\">\n            \n\n<div class=\"kksr-icon\" style=\"width: 24px; height: 24px;\"><\/div>\n        <\/div>\n            <div class=\"kksr-star\" data-star=\"2\" style=\"padding-right: 5px\">\n            \n\n<div class=\"kksr-icon\" style=\"width: 24px; height: 24px;\"><\/div>\n        <\/div>\n            <div class=\"kksr-star\" data-star=\"3\" style=\"padding-right: 5px\">\n            \n\n<div class=\"kksr-icon\" style=\"width: 24px; height: 24px;\"><\/div>\n        <\/div>\n            <div class=\"kksr-star\" data-star=\"4\" style=\"padding-right: 5px\">\n            \n\n<div class=\"kksr-icon\" style=\"width: 24px; height: 24px;\"><\/div>\n        <\/div>\n            <div class=\"kksr-star\" data-star=\"5\" style=\"padding-right: 5px\">\n            \n\n<div class=\"kksr-icon\" style=\"width: 24px; height: 24px;\"><\/div>\n        <\/div>\n    <\/div>\n    \n<div class=\"kksr-stars-active\" style=\"width: 0px;\">\n            <div class=\"kksr-star\" style=\"padding-right: 5px\">\n            \n\n<div class=\"kksr-icon\" style=\"width: 24px; height: 24px;\"><\/div>\n        <\/div>\n            <div class=\"kksr-star\" style=\"padding-right: 5px\">\n            \n\n<div class=\"kksr-icon\" style=\"width: 24px; height: 24px;\"><\/div>\n        <\/div>\n            <div class=\"kksr-star\" style=\"padding-right: 5px\">\n            \n\n<div class=\"kksr-icon\" style=\"width: 24px; height: 24px;\"><\/div>\n        <\/div>\n            <div class=\"kksr-star\" style=\"padding-right: 5px\">\n            \n\n<div class=\"kksr-icon\" style=\"width: 24px; height: 24px;\"><\/div>\n        <\/div>\n            <div class=\"kksr-star\" style=\"padding-right: 5px\">\n            \n\n<div class=\"kksr-icon\" style=\"width: 24px; height: 24px;\"><\/div>\n        <\/div>\n    <\/div>\n<\/div>\n                \n\n<div class=\"kksr-legend\" style=\"font-size: 19.2px;\">\n            <span class=\"kksr-muted\">Valora este art\u00edculo<\/span>\n    <\/div>\n    <\/div>\n","protected":false},"excerpt":{"rendered":"<p>Tus ojos no solo son el espejo del alma, tambi\u00e9n son los grandes aliados de tu d\u00eda a d\u00eda. Te permiten leer, trabajar, conducir, maquillarte, emocionarte\u2026 pero \u00bflos cuidas como se merecen? En la rutina de belleza solemos centrarnos en el rostro, el cabello o la piel, pero a menudo olvidamos una parte fundamental: la [&hellip;]<\/p>\n","protected":false},"author":14,"featured_media":0,"comment_status":"closed","ping_status":"closed","sticky":false,"template":"","format":"standard","meta":{"jnews-multi-image_gallery":[],"jnews_single_post":{"format":"standard"},"jnews_primary_category":[],"jnews_social_meta":[],"jnews_override_counter":[],"footnotes":""},"categories":[6299,6301],"tags":[],"class_list":["post-124489","post","type-post","status-publish","format-standard","hentry","category-bienestar","category-higiene"],"_links":{"self":[{"href":"https:\/\/www.primor.eu\/blog\/wp-json\/wp\/v2\/posts\/124489","targetHints":{"allow":["GET"]}}],"collection":[{"href":"https:\/\/www.primor.eu\/blog\/wp-json\/wp\/v2\/posts"}],"about":[{"href":"https:\/\/www.primor.eu\/blog\/wp-json\/wp\/v2\/types\/post"}],"author":[{"embeddable":true,"href":"https:\/\/www.primor.eu\/blog\/wp-json\/wp\/v2\/users\/14"}],"replies":[{"embeddable":true,"href":"https:\/\/www.primor.eu\/blog\/wp-json\/wp\/v2\/comments?post=124489"}],"version-history":[{"count":1,"href":"https:\/\/www.primor.eu\/blog\/wp-json\/wp\/v2\/posts\/124489\/revisions"}],"predecessor-version":[{"id":124505,"href":"https:\/\/www.primor.eu\/blog\/wp-json\/wp\/v2\/posts\/124489\/revisions\/124505"}],"wp:attachment":[{"href":"https:\/\/www.primor.eu\/blog\/wp-json\/wp\/v2\/media?parent=124489"}],"wp:term":[{"taxonomy":"category","embeddable":true,"href":"https:\/\/www.primor.eu\/blog\/wp-json\/wp\/v2\/categories?post=124489"},{"taxonomy":"post_tag","embeddable":true,"href":"https:\/\/www.primor.eu\/blog\/wp-json\/wp\/v2\/tags?post=124489"}],"curies":[{"name":"wp","href":"https:\/\/api.w.org\/{rel}","templated":true}]}}