{"id":124079,"date":"2025-04-03T15:28:41","date_gmt":"2025-04-03T15:28:41","guid":{"rendered":"https:\/\/www.primor.eu\/blog\/?p=124079"},"modified":"2026-01-29T08:51:56","modified_gmt":"2026-01-29T08:51:56","slug":"mejores-serums-mujeres-mas-70","status":"publish","type":"post","link":"https:\/\/www.primor.eu\/blog\/mejores-serums-mujeres-mas-70\/","title":{"rendered":"Especial mujeres de m\u00e1s de 70: los 4 mejores s\u00e9rums de 2026"},"content":{"rendered":"\n<p>A los 70, la piel cambia\u2026 pero no se rinde. Al contrario: <strong>se vuelve m\u00e1s sabia,<\/strong> m\u00e1s receptiva y m\u00e1s merecedora que nunca de cuidados que vayan al grano. Y si hay un producto capaz de marcar un antes y un despu\u00e9s en cualquier rutina de belleza, ese es el s\u00e9rum. Concentrado, potente y sensorial, el s\u00e9rum se ha convertido en el paso estrella para tratar en profundidad lo que realmente importa: firmeza, luminosidad, hidrataci\u00f3n y elasticidad. <strong>Pero \u00bfc\u00f3mo elegir los mejores s\u00e9rums a los 70 en pleno 2025? <\/strong>Tranquila, aqu\u00ed te lo contamos.<\/p>\n\n\n\n<p>La <strong>clave<\/strong> est\u00e1 en los ingredientes. A esta edad, lo que la piel pide a gritos son activos inteligentes que trabajen en sinergia con su ritmo natural. \u00bfLos <strong>imprescindibles<\/strong>? P\u00e9ptidos reafirmantes, col\u00e1geno vegetal, \u00e1cido hialur\u00f3nico de alto y bajo peso molecular, niacinamida para unificar el tono y, si la piel lo tolera, retinol encapsulado para renovar sin irritar. Tambi\u00e9n suman puntos las f\u00f3rmulas con antioxidantes como la vitamina C estabilizada o el resveratrol, que ayudan a devolverle a la piel ese brillo saludable y joven que tanto favorece.<\/p>\n\n\n\n<p>Otro aspecto fundamental es la <strong>textura<\/strong>. En 2025, los s\u00e9rums ya no son solo eficaces: tambi\u00e9n son un aut\u00e9ntico placer sensorial. Busca texturas sedosas que se fundan sin dejar residuo, con acabados que hidraten al instante pero no saturen. Y si el envase es pr\u00e1ctico y elegante\u2026 mejor. Porque a estas alturas, el momento s\u00e9rum tambi\u00e9n es un ritual de bienestar. Aplicarlo con las yemas de los dedos, con movimientos ascendentes y respirando hondo, es una forma de reconectar contigo cada noche.<\/p>\n\n\n\n<h2 class=\"wp-block-heading\">Los mejores s\u00e9rums a los 70<\/h2>\n\n\n        <product-table class=\"pr-slider\">\r\n            <product-headers class=\"grid-table-rows\">\r\n                <div>Foto<\/div>\r\n                <div>Producto<\/div>\r\n                <div>Marca<\/div>\r\n                <div>Valoraciones<\/div>\r\n                <div>Precio<\/div>\r\n            <\/product-headers>\r\n\r\n            <product-list>\r\n                                    <a href=\"https:\/\/www.primor.eu\/es_es\/guerlain-abeille-royale-serum-aceite-acuoso-de-juventud-120857.html?#854=66334\" class=\"product-item grid-table-rows\" target=\"_blank\">\r\n                        <div>\r\n                            <img decoding=\"async\" class=\"product-img\" width=\"80px\" height=\"80px\" src=\"https:\/\/cdn2.primor.eu\/media\/catalog\/product\/cache\/8d3aba296f7a18b5251ee30fa5db42b2\/3\/3\/3346470620346_132e.jpg\" alt=\"Abeille Royale S\u00e9rum Aceite Acuoso de Juventud\">\r\n                        <\/div>\r\n\r\n                        <!-- Contenido de producto  -->\r\n                        <div>\r\n                            <div class=\"product-position\">\r\n                                #1 Top Ventas                            <\/div>\r\n\r\n                            <h2>\r\n                                Abeille Royale S\u00e9rum Aceite Acuoso de Juventud                            <\/h2>\r\n                        <\/div>\r\n\r\n                        <!-- Imagen y\/o nombre de la marca -->\r\n                        <div>\r\n                                                            <img decoding=\"async\" width=\"70\" src=\"https:\/\/www.primor.eu\/media\/catalog\/category\/Guerlain.png\" alt=\"Guerlain\">\r\n                                                    <\/div>\r\n\r\n                        <!-- Puntuaci\u00f3n del producto  -->\r\n                        <div class=\"rating\">\r\n                                                            <div class=\"rate\" style=\"--p:98;\"><\/div>\r\n                                <b>4.9\/5<\/b>\r\n                                <div class=\"rate-stars\">\r\n                                                                            <div\r\n                                            class=\"rate-star  \">\r\n                                        <\/div>\r\n                                                                            <div\r\n                                            class=\"rate-star  \">\r\n                                        <\/div>\r\n                                                                            <div\r\n                                            class=\"rate-star  \">\r\n                                        <\/div>\r\n                                                                            <div\r\n                                            class=\"rate-star  \">\r\n                                        <\/div>\r\n                                                                            <div\r\n                                            class=\"rate-star  \">\r\n                                        <\/div>\r\n                                                                    <\/div>\r\n                                                    <\/div>\r\n\r\n                        <!-- Bot\u00f3n de producto  -->\r\n                        <div>\r\n                            <span class=\"price-claim\">\r\n                                VER PRECIO                            <\/span>\r\n                        <\/div>\r\n                    <\/a>\r\n                                    <a href=\"https:\/\/www.primor.eu\/es_es\/lancaster-sun-perfect-serum-unificador-spf-50-123102.html\" class=\"product-item grid-table-rows\" target=\"_blank\">\r\n                        <div>\r\n                            <img decoding=\"async\" class=\"product-img\" width=\"80px\" height=\"80px\" src=\"https:\/\/cdn2.primor.eu\/media\/catalog\/product\/cache\/8d3aba296f7a18b5251ee30fa5db42b2\/M\/A\/MAIN_3616305266309_134f.png\" alt=\"Sun Perfect SPF50 S\u00e9rum Facial Antiedad\">\r\n                        <\/div>\r\n\r\n                        <!-- Contenido de producto  -->\r\n                        <div>\r\n                            <div class=\"product-position\">\r\n                                #2                            <\/div>\r\n\r\n                            <h2>\r\n                                Sun Perfect SPF50 S\u00e9rum Facial Antiedad                            <\/h2>\r\n                        <\/div>\r\n\r\n                        <!-- Imagen y\/o nombre de la marca -->\r\n                        <div>\r\n                                                            <img decoding=\"async\" width=\"70\" src=\"https:\/\/www.primor.eu\/media\/catalog\/category\/lancaster.png\" alt=\"\">\r\n                                                    <\/div>\r\n\r\n                        <!-- Puntuaci\u00f3n del producto  -->\r\n                        <div class=\"rating\">\r\n                                                            <div class=\"rate\" style=\"--p:80;\"><\/div>\r\n                                <b>4\/5<\/b>\r\n                                <div class=\"rate-stars\">\r\n                                                                            <div\r\n                                            class=\"rate-star  \">\r\n                                        <\/div>\r\n                                                                            <div\r\n                                            class=\"rate-star  \">\r\n                                        <\/div>\r\n                                                                            <div\r\n                                            class=\"rate-star  \">\r\n                                        <\/div>\r\n                                                                            <div\r\n                                            class=\"rate-star  \">\r\n                                        <\/div>\r\n                                                                            <div\r\n                                            class=\"rate-star disable \">\r\n                                        <\/div>\r\n                                                                    <\/div>\r\n                                                    <\/div>\r\n\r\n                        <!-- Bot\u00f3n de producto  -->\r\n                        <div>\r\n                            <span class=\"price-claim\">\r\n                                VER PRECIO                            <\/span>\r\n                        <\/div>\r\n                    <\/a>\r\n                                    <a href=\"https:\/\/www.primor.eu\/es_es\/elizabeth-arden-prevage-2-0-serum-antiedad-16370.html\" class=\"product-item grid-table-rows\" target=\"_blank\">\r\n                        <div>\r\n                            <img decoding=\"async\" class=\"product-img\" width=\"80px\" height=\"80px\" src=\"https:\/\/cdn2.primor.eu\/media\/catalog\/product\/cache\/8d3aba296f7a18b5251ee30fa5db42b2\/0\/T\/0TF19669_1_32bb.jpg\" alt=\"Prevage 2.0 Serum Antiedad\">\r\n                        <\/div>\r\n\r\n                        <!-- Contenido de producto  -->\r\n                        <div>\r\n                            <div class=\"product-position\">\r\n                                #3                            <\/div>\r\n\r\n                            <h2>\r\n                                Prevage 2.0 Serum Antiedad                            <\/h2>\r\n                        <\/div>\r\n\r\n                        <!-- Imagen y\/o nombre de la marca -->\r\n                        <div>\r\n                                                            <img decoding=\"async\" width=\"70\" src=\"https:\/\/www.primor.eu\/media\/catalog\/category\/elizabeth-arden.png\" alt=\"\">\r\n                                                    <\/div>\r\n\r\n                        <!-- Puntuaci\u00f3n del producto  -->\r\n                        <div class=\"rating\">\r\n                                                            <div class=\"rate\" style=\"--p:86;\"><\/div>\r\n                                <b>4.3\/5<\/b>\r\n                                <div class=\"rate-stars\">\r\n                                                                            <div\r\n                                            class=\"rate-star  \">\r\n                                        <\/div>\r\n                                                                            <div\r\n                                            class=\"rate-star  \">\r\n                                        <\/div>\r\n                                                                            <div\r\n                                            class=\"rate-star  \">\r\n                                        <\/div>\r\n                                                                            <div\r\n                                            class=\"rate-star  \">\r\n                                        <\/div>\r\n                                                                            <div\r\n                                            class=\"rate-star  \">\r\n                                        <\/div>\r\n                                                                    <\/div>\r\n                                                    <\/div>\r\n\r\n                        <!-- Bot\u00f3n de producto  -->\r\n                        <div>\r\n                            <span class=\"price-claim\">\r\n                                VER PRECIO                            <\/span>\r\n                        <\/div>\r\n                    <\/a>\r\n                                    <a href=\"https:\/\/www.primor.eu\/es_es\/lancome-lancome-absolute-serum-antiedad-recarga-17333.html\" class=\"product-item grid-table-rows\" target=\"_blank\">\r\n                        <div>\r\n                            <img decoding=\"async\" class=\"product-img\" width=\"80px\" height=\"80px\" src=\"https:\/\/cdn2.primor.eu\/media\/catalog\/product\/cache\/8d3aba296f7a18b5251ee30fa5db42b2\/0\/T\/0TF20616_1_5e61.jpg\" alt=\"Lanc\u00f4me Absolute Serum Antiedad Recarga\">\r\n                        <\/div>\r\n\r\n                        <!-- Contenido de producto  -->\r\n                        <div>\r\n                            <div class=\"product-position\">\r\n                                #4                            <\/div>\r\n\r\n                            <h2>\r\n                                Lanc\u00f4me Absolute Serum Antiedad Recarga                            <\/h2>\r\n                        <\/div>\r\n\r\n                        <!-- Imagen y\/o nombre de la marca -->\r\n                        <div>\r\n                                                            <img decoding=\"async\" width=\"70\" src=\"https:\/\/www.primor.eu\/media\/catalog\/category\/lancome.png\" alt=\"\">\r\n                                                    <\/div>\r\n\r\n                        <!-- Puntuaci\u00f3n del producto  -->\r\n                        <div class=\"rating\">\r\n                                                            <div class=\"rate\" style=\"--p:100;\"><\/div>\r\n                                <b>5\/5<\/b>\r\n                                <div class=\"rate-stars\">\r\n                                                                            <div\r\n                                            class=\"rate-star  \">\r\n                                        <\/div>\r\n                                                                            <div\r\n                                            class=\"rate-star  \">\r\n                                        <\/div>\r\n                                                                            <div\r\n                                            class=\"rate-star  \">\r\n                                        <\/div>\r\n                                                                            <div\r\n                                            class=\"rate-star  \">\r\n                                        <\/div>\r\n                                                                            <div\r\n                                            class=\"rate-star  \">\r\n                                        <\/div>\r\n                                                                    <\/div>\r\n                                                    <\/div>\r\n\r\n                        <!-- Bot\u00f3n de producto  -->\r\n                        <div>\r\n                            <span class=\"price-claim\">\r\n                                VER PRECIO                            <\/span>\r\n                        <\/div>\r\n                    <\/a>\r\n                            <\/product-list>\r\n        <\/product-table>\r\n\r\n        \n\n\n\n<h3 class=\"wp-block-heading\">Guerlain Abeille Royale S\u00e9rum Aceite Acuoso de Juventud&nbsp;<\/h3>\n\n\n\n<p>Este s\u00e9rum de Guerlain es pura alquimia entre lujo y eficacia, y a los 70 se convierte en un aut\u00e9ntico elixir para la piel. Su textura aceite-acuosa \u2014ligera pero intensamente nutritiva\u2014 penetra hasta las capas m\u00e1s profundas de la epidermis, actuando desde el interior para suavizar arrugas, devolver la elasticidad y potenciar la luminosidad natural del rostro. Formulado con el poder reparador de la miel y realzado por una fragancia delicada creada por Thierry Wasser, es un gesto de tratamiento y placer que transforma la piel desde la primera aplicaci\u00f3n. Un icono beauty para quienes quieren que el cuidado diario sea tambi\u00e9n un ritual sensorial.<\/p>\n\n\n    <a class='product' target='_blank' href='https:\/\/www.primor.eu\/es_es\/guerlain-abeille-royale-serum-aceite-acuoso-de-juventud-120857.html?#854=66334'>\r\n        <img loading='async' src='https:\/\/cdn2.primor.eu\/media\/catalog\/product\/cache\/8d3aba296f7a18b5251ee30fa5db42b2\/3\/3\/3346470620346_132e.jpg' alt='COMPRAR AHORA'>\r\n            <div class=\"claim\">\r\n                COMPRAR AHORA            <\/div>\r\n        <\/a>\r\n    \n\n\n<h3 class=\"wp-block-heading\">Lancaster Sun Perfect SPF50 S\u00e9rum Antiedad&nbsp;<\/h3>\n\n\n\n<p>Ideal para mujeres de m\u00e1s de 70 que no renuncian a salir con su glow al sol, este s\u00e9rum de Lancaster combina lo mejor de dos mundos: tratamiento antiedad y protecci\u00f3n solar avanzada. Su tecnolog\u00eda Full Light protege frente a los rayos UVA, UVB, luz visible e infrarrojos, actuando como un escudo urbano y natural. Adem\u00e1s, su f\u00f3rmula rica en activos antioxidantes y reparadores minimiza arrugas, manchas y signos de fotoenvejecimiento, al tiempo que aporta una luminosidad real. Ligero, sedoso y con SPF50, es perfecto como base de d\u00eda, incluso bajo el maquillaje. Porque a esta edad, proteger tambi\u00e9n es rejuvenecer.<\/p>\n\n\n    <a class='product' target='_blank' href='https:\/\/www.primor.eu\/es_es\/lancaster-sun-perfect-serum-unificador-spf-50-123102.html'>\r\n        <img loading='async' src='https:\/\/cdn2.primor.eu\/media\/catalog\/product\/cache\/8d3aba296f7a18b5251ee30fa5db42b2\/M\/A\/MAIN_3616305266309_134f.png' alt='COMPRAR AHORA'>\r\n            <div class=\"claim\">\r\n                COMPRAR AHORA            <\/div>\r\n        <\/a>\r\n    \n\n\n<h3 class=\"wp-block-heading\">Elizabeth Arden Prevage 2.0 S\u00e9rum Antiedad<\/h3>\n\n\n\n<p>Con una f\u00f3rmula cl\u00ednicamente probada y resultados visibles desde las primeras aplicaciones, el s\u00e9rum Prevage 2.0 de Elizabeth Arden es una joya antioxidante imprescindible en cualquier rutina madura. A los 70, la piel necesita activos que vayan m\u00e1s all\u00e1 de lo superficial, y este s\u00e9rum lo consigue: unifica el tono, reduce arrugas, reafirma, ilumina y protege frente a los da\u00f1os ambientales con su escudo de poder antioxidante. El resultado es una piel visiblemente m\u00e1s joven, luminosa y saludable. Una opci\u00f3n perfecta para quienes buscan una soluci\u00f3n global que act\u00fae con intensidad y precisi\u00f3n.\u00a0<\/p>\n\n\n    <a class='product' target='_blank' href='https:\/\/www.primor.eu\/es_es\/elizabeth-arden-prevage-2-0-serum-antiedad-16370.html'>\r\n        <img loading='async' src='https:\/\/cdn2.primor.eu\/media\/catalog\/product\/cache\/8d3aba296f7a18b5251ee30fa5db42b2\/0\/T\/0TF19669_1_32bb.jpg' alt='COMPRAR AHORA'>\r\n            <div class=\"claim\">\r\n                COMPRAR AHORA            <\/div>\r\n        <\/a>\r\n    \n\n\n<h3 class=\"wp-block-heading\">Lanc\u00f4me Absolue S\u00e9rum Antiedad<\/h3>\n\n\n\n<p>El Absolue de Lanc\u00f4me es m\u00e1s que un s\u00e9rum: es una declaraci\u00f3n de intenciones. Con su Rosa Perpetua como ingrediente estrella, este tratamiento act\u00faa como un regenerador profundo que reactiva la vitalidad celular desde su origen. \u00bfEl secreto? Su capacidad para activar la prote\u00edna AMPK, conocida como el \"interruptor de la longevidad\", algo que la piel de m\u00e1s de 70 agradece enormemente. Textura sedosa, absorci\u00f3n r\u00e1pida, luminosidad inmediata y un compromiso con la sostenibilidad que lo hace a\u00fan m\u00e1s especial. Absolue es lujo consciente, ciencia en flor\u2026 y un aliado perfecto para devolverle a tu piel su mejor versi\u00f3n.<\/p>\n\n\n    <a class='product' target='_blank' href='https:\/\/www.primor.eu\/es_es\/lancome-lancome-absolute-serum-antiedad-recarga-17333.html'>\r\n        <img loading='async' src='https:\/\/cdn2.primor.eu\/media\/catalog\/product\/cache\/8d3aba296f7a18b5251ee30fa5db42b2\/0\/T\/0TF20616_1_5e61.jpg' alt='COMPRAR AHORA'>\r\n            <div class=\"claim\">\r\n                COMPRAR AHORA            <\/div>\r\n        <\/a>\r\n    \n\n<div class=\"kk-star-ratings kksr-auto kksr-align-center kksr-valign-bottom\"\n    data-payload='{&quot;align&quot;:&quot;center&quot;,&quot;id&quot;:&quot;124079&quot;,&quot;slug&quot;:&quot;default&quot;,&quot;valign&quot;:&quot;bottom&quot;,&quot;ignore&quot;:&quot;&quot;,&quot;reference&quot;:&quot;auto&quot;,&quot;class&quot;:&quot;&quot;,&quot;count&quot;:&quot;0&quot;,&quot;legendonly&quot;:&quot;&quot;,&quot;readonly&quot;:&quot;&quot;,&quot;score&quot;:&quot;0&quot;,&quot;starsonly&quot;:&quot;&quot;,&quot;best&quot;:&quot;5&quot;,&quot;gap&quot;:&quot;5&quot;,&quot;greet&quot;:&quot;Valora este art\u00edculo&quot;,&quot;legend&quot;:&quot;0\\\/5 - (0 votos)&quot;,&quot;size&quot;:&quot;24&quot;,&quot;title&quot;:&quot;Especial mujeres de m\u00e1s de 70: los 4 mejores s\u00e9rums de 2026&quot;,&quot;width&quot;:&quot;0&quot;,&quot;_legend&quot;:&quot;{score}\\\/{best} - ({count} {votes})&quot;,&quot;font_factor&quot;:&quot;1.25&quot;}'>\n            \n<div class=\"kksr-stars\">\n    \n<div class=\"kksr-stars-inactive\">\n            <div class=\"kksr-star\" data-star=\"1\" style=\"padding-right: 5px\">\n            \n\n<div class=\"kksr-icon\" style=\"width: 24px; height: 24px;\"><\/div>\n        <\/div>\n            <div class=\"kksr-star\" data-star=\"2\" style=\"padding-right: 5px\">\n            \n\n<div class=\"kksr-icon\" style=\"width: 24px; height: 24px;\"><\/div>\n        <\/div>\n            <div class=\"kksr-star\" data-star=\"3\" style=\"padding-right: 5px\">\n            \n\n<div class=\"kksr-icon\" style=\"width: 24px; height: 24px;\"><\/div>\n        <\/div>\n            <div class=\"kksr-star\" data-star=\"4\" style=\"padding-right: 5px\">\n            \n\n<div class=\"kksr-icon\" style=\"width: 24px; height: 24px;\"><\/div>\n        <\/div>\n            <div class=\"kksr-star\" data-star=\"5\" style=\"padding-right: 5px\">\n            \n\n<div class=\"kksr-icon\" style=\"width: 24px; height: 24px;\"><\/div>\n        <\/div>\n    <\/div>\n    \n<div class=\"kksr-stars-active\" style=\"width: 0px;\">\n            <div class=\"kksr-star\" style=\"padding-right: 5px\">\n            \n\n<div class=\"kksr-icon\" style=\"width: 24px; height: 24px;\"><\/div>\n        <\/div>\n            <div class=\"kksr-star\" style=\"padding-right: 5px\">\n            \n\n<div class=\"kksr-icon\" style=\"width: 24px; height: 24px;\"><\/div>\n        <\/div>\n            <div class=\"kksr-star\" style=\"padding-right: 5px\">\n            \n\n<div class=\"kksr-icon\" style=\"width: 24px; height: 24px;\"><\/div>\n        <\/div>\n            <div class=\"kksr-star\" style=\"padding-right: 5px\">\n            \n\n<div class=\"kksr-icon\" style=\"width: 24px; height: 24px;\"><\/div>\n        <\/div>\n            <div class=\"kksr-star\" style=\"padding-right: 5px\">\n            \n\n<div class=\"kksr-icon\" style=\"width: 24px; height: 24px;\"><\/div>\n        <\/div>\n    <\/div>\n<\/div>\n                \n\n<div class=\"kksr-legend\" style=\"font-size: 19.2px;\">\n            <span class=\"kksr-muted\">Valora este art\u00edculo<\/span>\n    <\/div>\n    <\/div>\n","protected":false},"excerpt":{"rendered":"<p>A los 70, la piel cambia\u2026 pero no se rinde. Al contrario: se vuelve m\u00e1s sabia, m\u00e1s receptiva y m\u00e1s merecedora que nunca de cuidados que vayan al grano. Y si hay un producto capaz de marcar un antes y un despu\u00e9s en cualquier rutina de belleza, ese es el s\u00e9rum. Concentrado, potente y sensorial, [&hellip;]<\/p>\n","protected":false},"author":14,"featured_media":124086,"comment_status":"closed","ping_status":"closed","sticky":false,"template":"","format":"standard","meta":{"jnews-multi-image_gallery":[],"jnews_single_post":{"format":"standard"},"jnews_primary_category":[],"jnews_social_meta":[],"jnews_override_counter":[],"footnotes":""},"categories":[29,6320],"tags":[],"class_list":["post-124079","post","type-post","status-publish","format-standard","has-post-thumbnail","hentry","category-cosmetica","category-silver"],"_links":{"self":[{"href":"https:\/\/www.primor.eu\/blog\/wp-json\/wp\/v2\/posts\/124079","targetHints":{"allow":["GET"]}}],"collection":[{"href":"https:\/\/www.primor.eu\/blog\/wp-json\/wp\/v2\/posts"}],"about":[{"href":"https:\/\/www.primor.eu\/blog\/wp-json\/wp\/v2\/types\/post"}],"author":[{"embeddable":true,"href":"https:\/\/www.primor.eu\/blog\/wp-json\/wp\/v2\/users\/14"}],"replies":[{"embeddable":true,"href":"https:\/\/www.primor.eu\/blog\/wp-json\/wp\/v2\/comments?post=124079"}],"version-history":[{"count":2,"href":"https:\/\/www.primor.eu\/blog\/wp-json\/wp\/v2\/posts\/124079\/revisions"}],"predecessor-version":[{"id":138130,"href":"https:\/\/www.primor.eu\/blog\/wp-json\/wp\/v2\/posts\/124079\/revisions\/138130"}],"wp:featuredmedia":[{"embeddable":true,"href":"https:\/\/www.primor.eu\/blog\/wp-json\/wp\/v2\/media\/124086"}],"wp:attachment":[{"href":"https:\/\/www.primor.eu\/blog\/wp-json\/wp\/v2\/media?parent=124079"}],"wp:term":[{"taxonomy":"category","embeddable":true,"href":"https:\/\/www.primor.eu\/blog\/wp-json\/wp\/v2\/categories?post=124079"},{"taxonomy":"post_tag","embeddable":true,"href":"https:\/\/www.primor.eu\/blog\/wp-json\/wp\/v2\/tags?post=124079"}],"curies":[{"name":"wp","href":"https:\/\/api.w.org\/{rel}","templated":true}]}}