{"id":123758,"date":"2026-03-11T15:47:09","date_gmt":"2026-03-11T15:47:09","guid":{"rendered":"https:\/\/www.primor.eu\/blog\/?p=123758"},"modified":"2026-03-11T15:47:10","modified_gmt":"2026-03-11T15:47:10","slug":"mejores-manicuras-novia-primavera","status":"publish","type":"post","link":"https:\/\/www.primor.eu\/blog\/mejores-manicuras-novia-primavera\/","title":{"rendered":"Especial novias: los 6 mejores dise\u00f1os de manicura para bodas en primavera"},"content":{"rendered":"\n<p>Si buscas una <strong><a href=\"https:\/\/www.primor.eu\/blog\/tendencias-unas\/?srsltid=AfmBOopWqNeR8m4Kx1H22FtSnq1yAqvR-qrZzLHK51Fd6rhgo6coutY7\" data-type=\"link\" data-id=\"https:\/\/www.primor.eu\/blog\/tendencias-unas\/?srsltid=AfmBOopWqNeR8m4Kx1H22FtSnq1yAqvR-qrZzLHK51Fd6rhgo6coutY7\">manicura<\/a> de novia<\/strong> para <strong>primavera<\/strong> te vamos a dar algunas opciones para que puedas elegir la que m\u00e1s te guste. Una manicura de novia para primavera deber\u00eda ser <strong>blanca o sutil<\/strong>, seg\u00fan lo que sostienen muchas personas. Sin embargo, hay varias opciones entre las que puedes elegir la que m\u00e1s te guste.<\/p>\n\n\n\n<p>Vamos a seguir la l\u00ednea que se suele seguir en cuanto a las opciones de manicura de novia para primavera que existen y te vamos a mostrar las que hemos encontrado en redes sociales por ser tendencia esta temporada.<\/p>\n\n\n\n<h3 class=\"wp-block-heading\">Manicura francesa<\/h3>\n\n\n\n<figure class=\"wp-block-image size-large is-resized\"><img decoding=\"async\" width=\"819\" height=\"1024\" src=\"https:\/\/www.primor.eu\/blog\/wp-content\/uploads\/2025\/03\/1-10-819x1024.jpg\" alt=\"\" class=\"wp-image-123767\" style=\"width:1025px;height:auto\" srcset=\"https:\/\/www.primor.eu\/blog\/wp-content\/uploads\/2025\/03\/1-10-819x1024.jpg 819w, https:\/\/www.primor.eu\/blog\/wp-content\/uploads\/2025\/03\/1-10-240x300.jpg 240w, https:\/\/www.primor.eu\/blog\/wp-content\/uploads\/2025\/03\/1-10-768x961.jpg 768w, https:\/\/www.primor.eu\/blog\/wp-content\/uploads\/2025\/03\/1-10-750x938.jpg 750w, https:\/\/www.primor.eu\/blog\/wp-content\/uploads\/2025\/03\/1-10.jpg 1080w\" sizes=\"(max-width: 819px) 100vw, 819px\" \/><\/figure>\n\n\n\n<p>Fuente Instagram: @esteticalorenagalvan<\/p>\n\n\n\n<p>La manicura francesa es una de las mejores opciones para elegir si buscas una manicura de novia para primavera sencilla y sofisticada. Si eres de las que suele llevar este tipo de manicura o si bien has pensado elegirla muchas veces, es un momento perfecto para lucirla. Puedes llevar las u\u00f1as cortas como en la foto o elegir una manicura con las u\u00f1as m\u00e1s largas.<\/p>\n\n\n\n<h3 class=\"wp-block-heading\">Baby Boomer<\/h3>\n\n\n\n<figure class=\"wp-block-image size-large\"><img decoding=\"async\" width=\"1024\" height=\"774\" src=\"https:\/\/www.primor.eu\/blog\/wp-content\/uploads\/2025\/03\/2-10-1024x774.jpg\" alt=\"\" class=\"wp-image-123769\" srcset=\"https:\/\/www.primor.eu\/blog\/wp-content\/uploads\/2025\/03\/2-10-1024x774.jpg 1024w, https:\/\/www.primor.eu\/blog\/wp-content\/uploads\/2025\/03\/2-10-300x227.jpg 300w, https:\/\/www.primor.eu\/blog\/wp-content\/uploads\/2025\/03\/2-10-768x580.jpg 768w, https:\/\/www.primor.eu\/blog\/wp-content\/uploads\/2025\/03\/2-10-750x567.jpg 750w, https:\/\/www.primor.eu\/blog\/wp-content\/uploads\/2025\/03\/2-10.jpg 1080w\" sizes=\"(max-width: 1024px) 100vw, 1024px\" \/><\/figure>\n\n\n\n<p>Fuente Instagram: @veronicaseranails<\/p>\n\n\n\n<p>Las Baby Boomer son una opci\u00f3n similar a la de la manicura francesa pero m\u00e1s difuminada que la francesa. Si te gustan m\u00e1s que la manicura francesa pero eres de las modernas y no quieres optar a algo tan cl\u00e1sico, esta es tu mejor elecci\u00f3n. De hecho, puedes llevarla con cualquier tipo de vestido y de complementos, que es lo mejor de todo.&nbsp;<\/p>\n\n\n\n<h3 class=\"wp-block-heading\">Manicura en blanco<\/h3>\n\n\n\n<figure class=\"wp-block-image size-large is-resized\"><img decoding=\"async\" width=\"819\" height=\"1024\" src=\"https:\/\/www.primor.eu\/blog\/wp-content\/uploads\/2025\/03\/3-10-819x1024.jpg\" alt=\"\" class=\"wp-image-123770\" style=\"width:1026px;height:auto\" srcset=\"https:\/\/www.primor.eu\/blog\/wp-content\/uploads\/2025\/03\/3-10-819x1024.jpg 819w, https:\/\/www.primor.eu\/blog\/wp-content\/uploads\/2025\/03\/3-10-240x300.jpg 240w, https:\/\/www.primor.eu\/blog\/wp-content\/uploads\/2025\/03\/3-10-768x961.jpg 768w, https:\/\/www.primor.eu\/blog\/wp-content\/uploads\/2025\/03\/3-10-750x938.jpg 750w, https:\/\/www.primor.eu\/blog\/wp-content\/uploads\/2025\/03\/3-10.jpg 1080w\" sizes=\"(max-width: 819px) 100vw, 819px\" \/><\/figure>\n\n\n\n<p>Fuente Instagram: @inefablebelleza<\/p>\n\n\n\n<p>La manicura en blanco es una buena opci\u00f3n y una de las m\u00e1s cl\u00e1sicas para estos momentos. Una novia suele elegir colores blancos o color hueso, as\u00ed como otros tonos claros. Por eso, una de las manicuras m\u00e1s indicadas es en este tipo de colores. Puede ser una buena idea si est\u00e1s dudando o si eres de las que est\u00e1s enamorada de este color tan m\u00edtico de las novias. Tu anillo lucir\u00e1 resaltado con este color que suele resaltarlo todo.<\/p>\n\n\n\n<h3 class=\"wp-block-heading\">Con detalles dorados<\/h3>\n\n\n\n<figure class=\"wp-block-image size-large\"><img decoding=\"async\" width=\"1024\" height=\"1024\" src=\"https:\/\/www.primor.eu\/blog\/wp-content\/uploads\/2025\/03\/4-10-1024x1024.jpg\" alt=\"\" class=\"wp-image-123771\" srcset=\"https:\/\/www.primor.eu\/blog\/wp-content\/uploads\/2025\/03\/4-10-1024x1024.jpg 1024w, https:\/\/www.primor.eu\/blog\/wp-content\/uploads\/2025\/03\/4-10-300x300.jpg 300w, https:\/\/www.primor.eu\/blog\/wp-content\/uploads\/2025\/03\/4-10-150x150.jpg 150w, https:\/\/www.primor.eu\/blog\/wp-content\/uploads\/2025\/03\/4-10-768x769.jpg 768w, https:\/\/www.primor.eu\/blog\/wp-content\/uploads\/2025\/03\/4-10-75x75.jpg 75w, https:\/\/www.primor.eu\/blog\/wp-content\/uploads\/2025\/03\/4-10-350x350.jpg 350w, https:\/\/www.primor.eu\/blog\/wp-content\/uploads\/2025\/03\/4-10-750x751.jpg 750w, https:\/\/www.primor.eu\/blog\/wp-content\/uploads\/2025\/03\/4-10.jpg 1058w\" sizes=\"(max-width: 1024px) 100vw, 1024px\" \/><\/figure>\n\n\n\n<p>Fuente Instagram: @nailslcc<\/p>\n\n\n\n<p>Si eres de las que adora el nail art, esta opci\u00f3n es genial y no deja de ser sencilla para el d\u00eda de tu boda. Si el resto de manicuras es demasiado sencilla o no te termina de encajar porque tu estilo va m\u00e1s con el arte y la originalidad en tus u\u00f1as, \u00a1prueba estas!<\/p>\n\n\n\n<p>Al ser solo sobre dos u\u00f1as, adem\u00e1s, no es tan atrevido como si llevaran este dise\u00f1o todas las u\u00f1as. Por eso, es una buena idea para novias. Si tu anillo es dorado o de oro amarillo, \u00a1quedar\u00e1 genial con esta manicura! Estos toques dorados har\u00e1n que tu anillo brille y resalte m\u00e1s que con otros colores.<\/p>\n\n\n\n<h3 class=\"wp-block-heading\">En rosa<\/h3>\n\n\n\n<figure class=\"wp-block-image size-large is-resized\"><img decoding=\"async\" width=\"896\" height=\"1024\" src=\"https:\/\/www.primor.eu\/blog\/wp-content\/uploads\/2025\/03\/5-9-896x1024.jpg\" alt=\"\" class=\"wp-image-123772\" style=\"width:1026px;height:auto\" srcset=\"https:\/\/www.primor.eu\/blog\/wp-content\/uploads\/2025\/03\/5-9-896x1024.jpg 896w, https:\/\/www.primor.eu\/blog\/wp-content\/uploads\/2025\/03\/5-9-263x300.jpg 263w, https:\/\/www.primor.eu\/blog\/wp-content\/uploads\/2025\/03\/5-9-768x878.jpg 768w, https:\/\/www.primor.eu\/blog\/wp-content\/uploads\/2025\/03\/5-9-750x857.jpg 750w, https:\/\/www.primor.eu\/blog\/wp-content\/uploads\/2025\/03\/5-9.jpg 1080w\" sizes=\"(max-width: 896px) 100vw, 896px\" \/><\/figure>\n\n\n\n<p>Fuente Instagram: @coolnailbar<\/p>\n\n\n\n<p>El color rosado es uno de los m\u00e1s femeninos que hay. Es sencillo y c\u00e1lido al mismo tiempo. Por eso es una de las mejores opciones para novias cuando no se quieren opciones anteriores como la manicura francesa o los tonos blancos. El rosa, si encaja contigo, quedar\u00e1 bien con varios tonos de vestido como el blanco roto, el color hueso o el c\u00e1scara de huevo.&nbsp;<\/p>\n\n\n\n<h3 class=\"wp-block-heading\">En rojo<\/h3>\n\n\n\n<figure class=\"wp-block-image size-large\"><img decoding=\"async\" width=\"1024\" height=\"1024\" src=\"https:\/\/www.primor.eu\/blog\/wp-content\/uploads\/2025\/03\/6-8-1024x1024.jpg\" alt=\"\" class=\"wp-image-123773\" srcset=\"https:\/\/www.primor.eu\/blog\/wp-content\/uploads\/2025\/03\/6-8-1024x1024.jpg 1024w, https:\/\/www.primor.eu\/blog\/wp-content\/uploads\/2025\/03\/6-8-300x300.jpg 300w, https:\/\/www.primor.eu\/blog\/wp-content\/uploads\/2025\/03\/6-8-150x150.jpg 150w, https:\/\/www.primor.eu\/blog\/wp-content\/uploads\/2025\/03\/6-8-768x767.jpg 768w, https:\/\/www.primor.eu\/blog\/wp-content\/uploads\/2025\/03\/6-8-75x75.jpg 75w, https:\/\/www.primor.eu\/blog\/wp-content\/uploads\/2025\/03\/6-8-350x350.jpg 350w, https:\/\/www.primor.eu\/blog\/wp-content\/uploads\/2025\/03\/6-8-750x749.jpg 750w, https:\/\/www.primor.eu\/blog\/wp-content\/uploads\/2025\/03\/6-8.jpg 1080w\" sizes=\"(max-width: 1024px) 100vw, 1024px\" \/><\/figure>\n\n\n\n<p>Fuente Instagram: @terrabeautyspa<\/p>\n\n\n\n<p>\u00bfQui\u00e9n dijo que el rojo no era adecuado? Entre las opciones de manicura de novia para primavera, el rojo es un color m\u00e1s que adecuado. El rojo es pasi\u00f3n, amor y romance. Y, adem\u00e1s, sobre los fondos blancos o claros de los vestidos queda precioso. Por eso, si sueles ser de las que lleva las u\u00f1as en estos tonos, no te cortes y, \u00a1eligelas para tu boda!<\/p>\n\n\n<div class=\"kk-star-ratings kksr-auto kksr-align-center kksr-valign-bottom\"\n    data-payload='{&quot;align&quot;:&quot;center&quot;,&quot;id&quot;:&quot;123758&quot;,&quot;slug&quot;:&quot;default&quot;,&quot;valign&quot;:&quot;bottom&quot;,&quot;ignore&quot;:&quot;&quot;,&quot;reference&quot;:&quot;auto&quot;,&quot;class&quot;:&quot;&quot;,&quot;count&quot;:&quot;0&quot;,&quot;legendonly&quot;:&quot;&quot;,&quot;readonly&quot;:&quot;&quot;,&quot;score&quot;:&quot;0&quot;,&quot;starsonly&quot;:&quot;&quot;,&quot;best&quot;:&quot;5&quot;,&quot;gap&quot;:&quot;5&quot;,&quot;greet&quot;:&quot;Valora este art\u00edculo&quot;,&quot;legend&quot;:&quot;0\\\/5 - (0 votos)&quot;,&quot;size&quot;:&quot;24&quot;,&quot;title&quot;:&quot;Especial novias: los 6 mejores dise\u00f1os de manicura para bodas en primavera&quot;,&quot;width&quot;:&quot;0&quot;,&quot;_legend&quot;:&quot;{score}\\\/{best} - ({count} {votes})&quot;,&quot;font_factor&quot;:&quot;1.25&quot;}'>\n            \n<div class=\"kksr-stars\">\n    \n<div class=\"kksr-stars-inactive\">\n            <div class=\"kksr-star\" data-star=\"1\" style=\"padding-right: 5px\">\n            \n\n<div class=\"kksr-icon\" style=\"width: 24px; height: 24px;\"><\/div>\n        <\/div>\n            <div class=\"kksr-star\" data-star=\"2\" style=\"padding-right: 5px\">\n            \n\n<div class=\"kksr-icon\" style=\"width: 24px; height: 24px;\"><\/div>\n        <\/div>\n            <div class=\"kksr-star\" data-star=\"3\" style=\"padding-right: 5px\">\n            \n\n<div class=\"kksr-icon\" style=\"width: 24px; height: 24px;\"><\/div>\n        <\/div>\n            <div class=\"kksr-star\" data-star=\"4\" style=\"padding-right: 5px\">\n            \n\n<div class=\"kksr-icon\" style=\"width: 24px; height: 24px;\"><\/div>\n        <\/div>\n            <div class=\"kksr-star\" data-star=\"5\" style=\"padding-right: 5px\">\n            \n\n<div class=\"kksr-icon\" style=\"width: 24px; height: 24px;\"><\/div>\n        <\/div>\n    <\/div>\n    \n<div class=\"kksr-stars-active\" style=\"width: 0px;\">\n            <div class=\"kksr-star\" style=\"padding-right: 5px\">\n            \n\n<div class=\"kksr-icon\" style=\"width: 24px; height: 24px;\"><\/div>\n        <\/div>\n            <div class=\"kksr-star\" style=\"padding-right: 5px\">\n            \n\n<div class=\"kksr-icon\" style=\"width: 24px; height: 24px;\"><\/div>\n        <\/div>\n            <div class=\"kksr-star\" style=\"padding-right: 5px\">\n            \n\n<div class=\"kksr-icon\" style=\"width: 24px; height: 24px;\"><\/div>\n        <\/div>\n            <div class=\"kksr-star\" style=\"padding-right: 5px\">\n            \n\n<div class=\"kksr-icon\" style=\"width: 24px; height: 24px;\"><\/div>\n        <\/div>\n            <div class=\"kksr-star\" style=\"padding-right: 5px\">\n            \n\n<div class=\"kksr-icon\" style=\"width: 24px; height: 24px;\"><\/div>\n        <\/div>\n    <\/div>\n<\/div>\n                \n\n<div class=\"kksr-legend\" style=\"font-size: 19.2px;\">\n            <span class=\"kksr-muted\">Valora este art\u00edculo<\/span>\n    <\/div>\n    <\/div>\n","protected":false},"excerpt":{"rendered":"<p>Si buscas una manicura de novia para primavera te vamos a dar algunas opciones para que puedas elegir la que m\u00e1s te guste. Una manicura de novia para primavera deber\u00eda ser blanca o sutil, seg\u00fan lo que sostienen muchas personas. Sin embargo, hay varias opciones entre las que puedes elegir la que m\u00e1s te guste. [&hellip;]<\/p>\n","protected":false},"author":30,"featured_media":123765,"comment_status":"closed","ping_status":"closed","sticky":false,"template":"","format":"standard","meta":{"jnews-multi-image_gallery":[],"jnews_single_post":{"format":"standard"},"jnews_primary_category":[],"jnews_social_meta":[],"jnews_override_counter":[],"footnotes":""},"categories":[1831],"tags":[],"class_list":["post-123758","post","type-post","status-publish","format-standard","has-post-thumbnail","hentry","category-manicuras"],"_links":{"self":[{"href":"https:\/\/www.primor.eu\/blog\/wp-json\/wp\/v2\/posts\/123758","targetHints":{"allow":["GET"]}}],"collection":[{"href":"https:\/\/www.primor.eu\/blog\/wp-json\/wp\/v2\/posts"}],"about":[{"href":"https:\/\/www.primor.eu\/blog\/wp-json\/wp\/v2\/types\/post"}],"author":[{"embeddable":true,"href":"https:\/\/www.primor.eu\/blog\/wp-json\/wp\/v2\/users\/30"}],"replies":[{"embeddable":true,"href":"https:\/\/www.primor.eu\/blog\/wp-json\/wp\/v2\/comments?post=123758"}],"version-history":[{"count":3,"href":"https:\/\/www.primor.eu\/blog\/wp-json\/wp\/v2\/posts\/123758\/revisions"}],"predecessor-version":[{"id":140233,"href":"https:\/\/www.primor.eu\/blog\/wp-json\/wp\/v2\/posts\/123758\/revisions\/140233"}],"wp:featuredmedia":[{"embeddable":true,"href":"https:\/\/www.primor.eu\/blog\/wp-json\/wp\/v2\/media\/123765"}],"wp:attachment":[{"href":"https:\/\/www.primor.eu\/blog\/wp-json\/wp\/v2\/media?parent=123758"}],"wp:term":[{"taxonomy":"category","embeddable":true,"href":"https:\/\/www.primor.eu\/blog\/wp-json\/wp\/v2\/categories?post=123758"},{"taxonomy":"post_tag","embeddable":true,"href":"https:\/\/www.primor.eu\/blog\/wp-json\/wp\/v2\/tags?post=123758"}],"curies":[{"name":"wp","href":"https:\/\/api.w.org\/{rel}","templated":true}]}}