{"id":123515,"date":"2026-03-10T10:59:19","date_gmt":"2026-03-10T10:59:19","guid":{"rendered":"https:\/\/www.primor.eu\/blog\/?p=123515"},"modified":"2026-03-10T10:59:20","modified_gmt":"2026-03-10T10:59:20","slug":"mejores-manicuras-invitada-primavera","status":"publish","type":"post","link":"https:\/\/www.primor.eu\/blog\/mejores-manicuras-invitada-primavera\/","title":{"rendered":"Las 6 mejores ideas de manicura para invitadas de primavera"},"content":{"rendered":"\n<p>Si buscas una <strong><a href=\"https:\/\/www.primor.eu\/blog\/tendencias-unas\/?srsltid=AfmBOoqJmYA7IxIRdxLGOKhcoI9Mzey7wH_XEm5oGk7tDTnLO0t6rxE9\" data-type=\"link\" data-id=\"https:\/\/www.primor.eu\/blog\/tendencias-unas\/?srsltid=AfmBOoqJmYA7IxIRdxLGOKhcoI9Mzey7wH_XEm5oGk7tDTnLO0t6rxE9\">manicura<\/a><\/strong> para <strong>invitada de primavera<\/strong>, vamos a darte algunas ideas. Te han invitado a una boda esta primavera y no sabes qu\u00e9 manicura elegir\u2026 Es algo m\u00e1s que t\u00edpico m\u00e1s all\u00e1 que las opciones de hacer coincidir el color de tus u\u00f1as con el de tu vestido, traje o complementos.\u00a0<\/p>\n\n\n\n<p>Esa siempre es una opci\u00f3n, sin embargo, hay que decir que se hace bastante limitante y, adem\u00e1s, no siempre a todo el mundo le gusta<strong> combinar los colores<\/strong> y un look<strong> monocolor.<\/strong>&nbsp;<\/p>\n\n\n\n<h3 class=\"wp-block-heading\">Manicura en lila<\/h3>\n\n\n\n<figure class=\"wp-block-image size-large\"><img decoding=\"async\" width=\"1024\" height=\"1020\" src=\"https:\/\/www.primor.eu\/blog\/wp-content\/uploads\/2025\/03\/1-7-1024x1020.jpg\" alt=\"\" class=\"wp-image-123525\" srcset=\"https:\/\/www.primor.eu\/blog\/wp-content\/uploads\/2025\/03\/1-7-1024x1020.jpg 1024w, https:\/\/www.primor.eu\/blog\/wp-content\/uploads\/2025\/03\/1-7-300x300.jpg 300w, https:\/\/www.primor.eu\/blog\/wp-content\/uploads\/2025\/03\/1-7-150x150.jpg 150w, https:\/\/www.primor.eu\/blog\/wp-content\/uploads\/2025\/03\/1-7-768x765.jpg 768w, https:\/\/www.primor.eu\/blog\/wp-content\/uploads\/2025\/03\/1-7-75x75.jpg 75w, https:\/\/www.primor.eu\/blog\/wp-content\/uploads\/2025\/03\/1-7-350x350.jpg 350w, https:\/\/www.primor.eu\/blog\/wp-content\/uploads\/2025\/03\/1-7-750x747.jpg 750w, https:\/\/www.primor.eu\/blog\/wp-content\/uploads\/2025\/03\/1-7.jpg 1081w\" sizes=\"(max-width: 1024px) 100vw, 1024px\" \/><\/figure>\n\n\n\n<p>Fuente Instagram: @los_pinceles_de_irma<\/p>\n\n\n\n<p>Las u\u00f1as en este color son perfectas si llevas un vestido o un traje de colores claros como el blanco, el color hueso o c\u00e1scara de huevo. No es necesario que tu atuendo sea color lila para lucirlas. De hecho, es m\u00e1s, este toque lila suave romper\u00e1 el efecto monocolor sin que sea demasiado radical el contraste.<\/p>\n\n\n\n<h3 class=\"wp-block-heading\">Manicura en nude<\/h3>\n\n\n\n<figure class=\"wp-block-image size-large\"><img decoding=\"async\" width=\"1024\" height=\"1024\" src=\"https:\/\/www.primor.eu\/blog\/wp-content\/uploads\/2025\/03\/2-7-1024x1024.jpg\" alt=\"\" class=\"wp-image-123526\" srcset=\"https:\/\/www.primor.eu\/blog\/wp-content\/uploads\/2025\/03\/2-7-1024x1024.jpg 1024w, https:\/\/www.primor.eu\/blog\/wp-content\/uploads\/2025\/03\/2-7-300x300.jpg 300w, https:\/\/www.primor.eu\/blog\/wp-content\/uploads\/2025\/03\/2-7-150x150.jpg 150w, https:\/\/www.primor.eu\/blog\/wp-content\/uploads\/2025\/03\/2-7-768x767.jpg 768w, https:\/\/www.primor.eu\/blog\/wp-content\/uploads\/2025\/03\/2-7-75x75.jpg 75w, https:\/\/www.primor.eu\/blog\/wp-content\/uploads\/2025\/03\/2-7-350x350.jpg 350w, https:\/\/www.primor.eu\/blog\/wp-content\/uploads\/2025\/03\/2-7-750x749.jpg 750w, https:\/\/www.primor.eu\/blog\/wp-content\/uploads\/2025\/03\/2-7.jpg 1081w\" sizes=\"(max-width: 1024px) 100vw, 1024px\" \/><\/figure>\n\n\n\n<p>Fuente Instagram: @lovenailsvillaviciosa<\/p>\n\n\n\n<p>Los tonos nude como este rosado tan sencillo y elegante siempre son una buena opci\u00f3n. Aunque tambi\u00e9n se puede recurrir a la manicura francesa, son tonos femeninos y sencillos que se salen de esa opci\u00f3n que quiz\u00e1s para algunas es demasiado cl\u00e1sica o la suelen llevar pero quieren un cambio para el evento. Es perfecta para combinarla con vestidos negros u oscuros como con el color azul klein.&nbsp;<\/p>\n\n\n\n<h3 class=\"wp-block-heading\">Manicura en perla<\/h3>\n\n\n\n<figure class=\"wp-block-image size-full is-resized\"><img decoding=\"async\" width=\"788\" height=\"787\" src=\"https:\/\/www.primor.eu\/blog\/wp-content\/uploads\/2025\/03\/3-7.jpg\" alt=\"\" class=\"wp-image-123527\" style=\"width:1020px;height:auto\" srcset=\"https:\/\/www.primor.eu\/blog\/wp-content\/uploads\/2025\/03\/3-7.jpg 788w, https:\/\/www.primor.eu\/blog\/wp-content\/uploads\/2025\/03\/3-7-300x300.jpg 300w, https:\/\/www.primor.eu\/blog\/wp-content\/uploads\/2025\/03\/3-7-150x150.jpg 150w, https:\/\/www.primor.eu\/blog\/wp-content\/uploads\/2025\/03\/3-7-768x767.jpg 768w, https:\/\/www.primor.eu\/blog\/wp-content\/uploads\/2025\/03\/3-7-75x75.jpg 75w, https:\/\/www.primor.eu\/blog\/wp-content\/uploads\/2025\/03\/3-7-350x350.jpg 350w, https:\/\/www.primor.eu\/blog\/wp-content\/uploads\/2025\/03\/3-7-750x749.jpg 750w\" sizes=\"(max-width: 788px) 100vw, 788px\" \/><\/figure>\n\n\n\n<p>Fuente Instagram: @maxsum.es<\/p>\n\n\n\n<p>\u00bfHay algo m\u00e1s venusino y femenino que la manicura efecto perla? Si buscas una manicura para invitada de primavera que sea sencilla pero que se salga de los t\u00edpicos colores blancos o rosados, el toque perla puede ser ideal. Ser\u00e1 estupenda para combinar con vestidos y trajes de colores oscuros, ya que estos suelen ser demasiado l\u00fagubres en primavera, aunque para una boda de noche pueden estar bien si los prefieres. Lo mejor es que combinarlos con este tono, es m\u00e1s adecuado que hacerlo con un rojo o tonos m\u00e1s oscuros como lo har\u00edamos en oto\u00f1o o invierno.<\/p>\n\n\n\n<h3 class=\"wp-block-heading\">Manicura efecto m\u00e1rmol<\/h3>\n\n\n\n<figure class=\"wp-block-image size-full is-resized\"><img decoding=\"async\" width=\"472\" height=\"471\" src=\"https:\/\/www.primor.eu\/blog\/wp-content\/uploads\/2025\/03\/4-7.jpg\" alt=\"\" class=\"wp-image-123528\" style=\"width:1019px;height:auto\" srcset=\"https:\/\/www.primor.eu\/blog\/wp-content\/uploads\/2025\/03\/4-7.jpg 472w, https:\/\/www.primor.eu\/blog\/wp-content\/uploads\/2025\/03\/4-7-300x300.jpg 300w, https:\/\/www.primor.eu\/blog\/wp-content\/uploads\/2025\/03\/4-7-150x150.jpg 150w, https:\/\/www.primor.eu\/blog\/wp-content\/uploads\/2025\/03\/4-7-75x75.jpg 75w, https:\/\/www.primor.eu\/blog\/wp-content\/uploads\/2025\/03\/4-7-350x350.jpg 350w\" sizes=\"(max-width: 472px) 100vw, 472px\" \/><\/figure>\n\n\n\n<p>Fuente Instagram: @srta_pink21<\/p>\n\n\n\n<p>La manicura efecto m\u00e1rmol es una opci\u00f3n perfecta para las que buscan manicura para invitada de primavera m\u00e1s originales. Puede que no te apetezca el monocolor, tampoco el nail art y no sepas con qu\u00e9 lanzarte. En este caso, si eres de las innovadoras pero no te consideras lo bastante alternativa como para manicuras geom\u00e9tricas, por ejemplo, la manicura efecto m\u00e1rmol es una opci\u00f3n ideal para ti.<\/p>\n\n\n\n<h3 class=\"wp-block-heading\">Manicura efecto bronce<\/h3>\n\n\n\n<figure class=\"wp-block-image size-large is-resized\"><img decoding=\"async\" width=\"1024\" height=\"1024\" src=\"https:\/\/www.primor.eu\/blog\/wp-content\/uploads\/2025\/03\/5-6-1024x1024.jpg\" alt=\"\" class=\"wp-image-123529\" style=\"width:1024px;height:auto\" srcset=\"https:\/\/www.primor.eu\/blog\/wp-content\/uploads\/2025\/03\/5-6-1024x1024.jpg 1024w, https:\/\/www.primor.eu\/blog\/wp-content\/uploads\/2025\/03\/5-6-300x300.jpg 300w, https:\/\/www.primor.eu\/blog\/wp-content\/uploads\/2025\/03\/5-6-150x150.jpg 150w, https:\/\/www.primor.eu\/blog\/wp-content\/uploads\/2025\/03\/5-6-768x767.jpg 768w, https:\/\/www.primor.eu\/blog\/wp-content\/uploads\/2025\/03\/5-6-75x75.jpg 75w, https:\/\/www.primor.eu\/blog\/wp-content\/uploads\/2025\/03\/5-6-350x350.jpg 350w, https:\/\/www.primor.eu\/blog\/wp-content\/uploads\/2025\/03\/5-6-750x749.jpg 750w, https:\/\/www.primor.eu\/blog\/wp-content\/uploads\/2025\/03\/5-6.jpg 1081w\" sizes=\"(max-width: 1024px) 100vw, 1024px\" \/><\/figure>\n\n\n\n<p>Fuente Instagram: @divanitamoraleja<\/p>\n\n\n\n<p>Los tonos metalizados cada vez son m\u00e1s tendencia en cuestiones de maquillaje. Ahora tambi\u00e9n llegan al maquillaje de u\u00f1as y se convierten en los perfectos para una manicura para invitada de primavera. Hay que tener en cuenta que si eliges tonos blancos o claros, este efecto bronce le dar\u00e1 un toque de lujo y brillo. Puede ser la mejor opci\u00f3n sobre todo si llevas uno de esos vestidos de estilo griego o romano\u2026 \u00a1Un total look irresistible! con el que te sentir\u00e1s como una diosa.<\/p>\n\n\n\n<h3 class=\"wp-block-heading\">Manicura efecto plata<\/h3>\n\n\n\n<figure class=\"wp-block-image size-large\"><img decoding=\"async\" width=\"1024\" height=\"1024\" src=\"https:\/\/www.primor.eu\/blog\/wp-content\/uploads\/2025\/03\/6-5-1024x1024.jpg\" alt=\"\" class=\"wp-image-123530\" srcset=\"https:\/\/www.primor.eu\/blog\/wp-content\/uploads\/2025\/03\/6-5-1024x1024.jpg 1024w, https:\/\/www.primor.eu\/blog\/wp-content\/uploads\/2025\/03\/6-5-300x300.jpg 300w, https:\/\/www.primor.eu\/blog\/wp-content\/uploads\/2025\/03\/6-5-150x150.jpg 150w, https:\/\/www.primor.eu\/blog\/wp-content\/uploads\/2025\/03\/6-5-768x767.jpg 768w, https:\/\/www.primor.eu\/blog\/wp-content\/uploads\/2025\/03\/6-5-75x75.jpg 75w, https:\/\/www.primor.eu\/blog\/wp-content\/uploads\/2025\/03\/6-5-350x350.jpg 350w, https:\/\/www.primor.eu\/blog\/wp-content\/uploads\/2025\/03\/6-5-750x749.jpg 750w, https:\/\/www.primor.eu\/blog\/wp-content\/uploads\/2025\/03\/6-5.jpg 1081w\" sizes=\"(max-width: 1024px) 100vw, 1024px\" \/><\/figure>\n\n\n\n<p>Fuente Instagram: @tusunasmeflipan<\/p>\n\n\n\n<p>Si eres m\u00e1s de plata que de bronce, tambi\u00e9n te proponemos esta opci\u00f3n dentro de las que tenemos en la lista de manicura para invitada de primavera.<\/p>\n\n\n\n<p>La manicura efecto plata es genial para combinar con looks vintage o retro. Esa est\u00e9tica atrevida pero cl\u00e1sica y elegante. Todo un \u00e9xito si sueles llevar este estilo en tu d\u00eda a d\u00eda y quieres seguir siendo fiel a ti en el evento. Y es que, ser fiel a una misma es la mejor belleza que nos podemos regalar en cualquier situaci\u00f3n\u2026&nbsp;<\/p>\n\n\n<div class=\"kk-star-ratings kksr-auto kksr-align-center kksr-valign-bottom\"\n    data-payload='{&quot;align&quot;:&quot;center&quot;,&quot;id&quot;:&quot;123515&quot;,&quot;slug&quot;:&quot;default&quot;,&quot;valign&quot;:&quot;bottom&quot;,&quot;ignore&quot;:&quot;&quot;,&quot;reference&quot;:&quot;auto&quot;,&quot;class&quot;:&quot;&quot;,&quot;count&quot;:&quot;0&quot;,&quot;legendonly&quot;:&quot;&quot;,&quot;readonly&quot;:&quot;&quot;,&quot;score&quot;:&quot;0&quot;,&quot;starsonly&quot;:&quot;&quot;,&quot;best&quot;:&quot;5&quot;,&quot;gap&quot;:&quot;5&quot;,&quot;greet&quot;:&quot;Valora este art\u00edculo&quot;,&quot;legend&quot;:&quot;0\\\/5 - (0 votos)&quot;,&quot;size&quot;:&quot;24&quot;,&quot;title&quot;:&quot;Las 6 mejores ideas de manicura para invitadas de primavera&quot;,&quot;width&quot;:&quot;0&quot;,&quot;_legend&quot;:&quot;{score}\\\/{best} - ({count} {votes})&quot;,&quot;font_factor&quot;:&quot;1.25&quot;}'>\n            \n<div class=\"kksr-stars\">\n    \n<div class=\"kksr-stars-inactive\">\n            <div class=\"kksr-star\" data-star=\"1\" style=\"padding-right: 5px\">\n            \n\n<div class=\"kksr-icon\" style=\"width: 24px; height: 24px;\"><\/div>\n        <\/div>\n            <div class=\"kksr-star\" data-star=\"2\" style=\"padding-right: 5px\">\n            \n\n<div class=\"kksr-icon\" style=\"width: 24px; height: 24px;\"><\/div>\n        <\/div>\n            <div class=\"kksr-star\" data-star=\"3\" style=\"padding-right: 5px\">\n            \n\n<div class=\"kksr-icon\" style=\"width: 24px; height: 24px;\"><\/div>\n        <\/div>\n            <div class=\"kksr-star\" data-star=\"4\" style=\"padding-right: 5px\">\n            \n\n<div class=\"kksr-icon\" style=\"width: 24px; height: 24px;\"><\/div>\n        <\/div>\n            <div class=\"kksr-star\" data-star=\"5\" style=\"padding-right: 5px\">\n            \n\n<div class=\"kksr-icon\" style=\"width: 24px; height: 24px;\"><\/div>\n        <\/div>\n    <\/div>\n    \n<div class=\"kksr-stars-active\" style=\"width: 0px;\">\n            <div class=\"kksr-star\" style=\"padding-right: 5px\">\n            \n\n<div class=\"kksr-icon\" style=\"width: 24px; height: 24px;\"><\/div>\n        <\/div>\n            <div class=\"kksr-star\" style=\"padding-right: 5px\">\n            \n\n<div class=\"kksr-icon\" style=\"width: 24px; height: 24px;\"><\/div>\n        <\/div>\n            <div class=\"kksr-star\" style=\"padding-right: 5px\">\n            \n\n<div class=\"kksr-icon\" style=\"width: 24px; height: 24px;\"><\/div>\n        <\/div>\n            <div class=\"kksr-star\" style=\"padding-right: 5px\">\n            \n\n<div class=\"kksr-icon\" style=\"width: 24px; height: 24px;\"><\/div>\n        <\/div>\n            <div class=\"kksr-star\" style=\"padding-right: 5px\">\n            \n\n<div class=\"kksr-icon\" style=\"width: 24px; height: 24px;\"><\/div>\n        <\/div>\n    <\/div>\n<\/div>\n                \n\n<div class=\"kksr-legend\" style=\"font-size: 19.2px;\">\n            <span class=\"kksr-muted\">Valora este art\u00edculo<\/span>\n    <\/div>\n    <\/div>\n","protected":false},"excerpt":{"rendered":"<p>Si buscas una manicura para invitada de primavera, vamos a darte algunas ideas. Te han invitado a una boda esta primavera y no sabes qu\u00e9 manicura elegir\u2026 Es algo m\u00e1s que t\u00edpico m\u00e1s all\u00e1 que las opciones de hacer coincidir el color de tus u\u00f1as con el de tu vestido, traje o complementos.\u00a0 Esa siempre [&hellip;]<\/p>\n","protected":false},"author":30,"featured_media":123523,"comment_status":"closed","ping_status":"closed","sticky":false,"template":"","format":"standard","meta":{"jnews-multi-image_gallery":[],"jnews_single_post":{"format":"standard"},"jnews_primary_category":[],"jnews_social_meta":[],"jnews_override_counter":[],"footnotes":""},"categories":[1831],"tags":[],"class_list":["post-123515","post","type-post","status-publish","format-standard","has-post-thumbnail","hentry","category-manicuras"],"_links":{"self":[{"href":"https:\/\/www.primor.eu\/blog\/wp-json\/wp\/v2\/posts\/123515","targetHints":{"allow":["GET"]}}],"collection":[{"href":"https:\/\/www.primor.eu\/blog\/wp-json\/wp\/v2\/posts"}],"about":[{"href":"https:\/\/www.primor.eu\/blog\/wp-json\/wp\/v2\/types\/post"}],"author":[{"embeddable":true,"href":"https:\/\/www.primor.eu\/blog\/wp-json\/wp\/v2\/users\/30"}],"replies":[{"embeddable":true,"href":"https:\/\/www.primor.eu\/blog\/wp-json\/wp\/v2\/comments?post=123515"}],"version-history":[{"count":3,"href":"https:\/\/www.primor.eu\/blog\/wp-json\/wp\/v2\/posts\/123515\/revisions"}],"predecessor-version":[{"id":123533,"href":"https:\/\/www.primor.eu\/blog\/wp-json\/wp\/v2\/posts\/123515\/revisions\/123533"}],"wp:featuredmedia":[{"embeddable":true,"href":"https:\/\/www.primor.eu\/blog\/wp-json\/wp\/v2\/media\/123523"}],"wp:attachment":[{"href":"https:\/\/www.primor.eu\/blog\/wp-json\/wp\/v2\/media?parent=123515"}],"wp:term":[{"taxonomy":"category","embeddable":true,"href":"https:\/\/www.primor.eu\/blog\/wp-json\/wp\/v2\/categories?post=123515"},{"taxonomy":"post_tag","embeddable":true,"href":"https:\/\/www.primor.eu\/blog\/wp-json\/wp\/v2\/tags?post=123515"}],"curies":[{"name":"wp","href":"https:\/\/api.w.org\/{rel}","templated":true}]}}