{"id":123409,"date":"2025-03-23T17:00:00","date_gmt":"2025-03-23T17:00:00","guid":{"rendered":"https:\/\/www.primor.eu\/blog\/?p=123409"},"modified":"2025-06-30T06:27:37","modified_gmt":"2025-06-30T06:27:37","slug":"mejores-cortes-pelo-novio-boda","status":"publish","type":"post","link":"https:\/\/www.primor.eu\/blog\/mejores-cortes-pelo-novio-boda\/","title":{"rendered":"\u00bfTe vas a casar? Los 6 mejores cortes de pelo para novios"},"content":{"rendered":"\n<p>Estos son los <strong><a href=\"https:\/\/www.primor.eu\/blog\/mejores-cortes-pelo-largo-hombres\/?srsltid=AfmBOopOpLRaXszV_rVPj8RP416xZ3WWZwQLCz8rjovKV-axn2cacGnt\" data-type=\"link\" data-id=\"https:\/\/www.primor.eu\/blog\/mejores-cortes-pelo-largo-hombres\/?srsltid=AfmBOopOpLRaXszV_rVPj8RP416xZ3WWZwQLCz8rjovKV-axn2cacGnt\">cortes de pelo<\/a> <\/strong>para <strong>novio<\/strong> que m\u00e1s adecuados son para una fecha como esta. Se trata de seis cortes de pelo que hemos rescatado de las redes sociales para que puedas tener una inspiraci\u00f3n del tipo de peinado que te apetece llevar en un d\u00eda tan especial como este.\u00a0<\/p>\n\n\n\n<p>Los mejores cortes de pelo para novio, son aquellos con los que te sientas m\u00e1s c\u00f3modo. Vamos a comenzar\u2026<\/p>\n\n\n\n<h3 class=\"wp-block-heading\">Corte casual ligeramente despeinado<\/h3>\n\n\n\n<figure class=\"wp-block-image size-large is-resized\"><img decoding=\"async\" width=\"819\" height=\"1024\" src=\"https:\/\/www.primor.eu\/blog\/wp-content\/uploads\/2025\/03\/1-6-819x1024.jpg\" alt=\"\" class=\"wp-image-123418\" style=\"width:1025px;height:auto\" srcset=\"https:\/\/www.primor.eu\/blog\/wp-content\/uploads\/2025\/03\/1-6-819x1024.jpg 819w, https:\/\/www.primor.eu\/blog\/wp-content\/uploads\/2025\/03\/1-6-240x300.jpg 240w, https:\/\/www.primor.eu\/blog\/wp-content\/uploads\/2025\/03\/1-6-768x960.jpg 768w, https:\/\/www.primor.eu\/blog\/wp-content\/uploads\/2025\/03\/1-6-750x938.jpg 750w, https:\/\/www.primor.eu\/blog\/wp-content\/uploads\/2025\/03\/1-6.jpg 1080w\" sizes=\"(max-width: 819px) 100vw, 819px\" \/><\/figure>\n\n\n\n<p>Fuente Instagram: @bodas_inspiracion.t.e<\/p>\n\n\n\n<p>Si sueles llevar un corte de este tipo en tu d\u00eda a d\u00eda, tambi\u00e9n es genial para elegirlo el d\u00eda de tu boda. De este modo te sentir\u00e1s c\u00f3modo y ser\u00e1s t\u00fa mismo. Este tipo de corte, tambi\u00e9n es buena opci\u00f3n si lo llevas m\u00e1s largo y te apetece cortarlo para este d\u00eda. Sobre todo porque la mecha sigue siendo largo y el cambio no ser\u00e1 tan radical. Combina bien con cualquier tipo de traje o look que vayas a elegir.<\/p>\n\n\n\n<h3 class=\"wp-block-heading\">Con los lados ligeramente rapados<\/h3>\n\n\n\n<figure class=\"wp-block-image size-large is-resized\"><img decoding=\"async\" width=\"820\" height=\"1024\" src=\"https:\/\/www.primor.eu\/blog\/wp-content\/uploads\/2025\/03\/2-6-820x1024.jpg\" alt=\"\" class=\"wp-image-123419\" style=\"width:1034px;height:auto\" srcset=\"https:\/\/www.primor.eu\/blog\/wp-content\/uploads\/2025\/03\/2-6-820x1024.jpg 820w, https:\/\/www.primor.eu\/blog\/wp-content\/uploads\/2025\/03\/2-6-240x300.jpg 240w, https:\/\/www.primor.eu\/blog\/wp-content\/uploads\/2025\/03\/2-6-768x960.jpg 768w, https:\/\/www.primor.eu\/blog\/wp-content\/uploads\/2025\/03\/2-6-750x937.jpg 750w, https:\/\/www.primor.eu\/blog\/wp-content\/uploads\/2025\/03\/2-6.jpg 1066w\" sizes=\"(max-width: 820px) 100vw, 820px\" \/><\/figure>\n\n\n\n<p>Fuente Instagram: @beto_benavides_<\/p>\n\n\n\n<p>Un toque rebelde no tiene por qu\u00e9 ser descartado a la hora de elegir cortes de pelo para novio. Sobre todo si va con tu personalidad. Adem\u00e1s, en este caso los lados rapados son sutiles. Este look te aportar\u00e1 un aspecto fresco y va genial con colores originales en cuanto al traje se refiere y no tan cl\u00e1sicos, como en el caso de este novio.<\/p>\n\n\n\n<h3 class=\"wp-block-heading\">Con mecha larga y cl\u00e1sico<\/h3>\n\n\n\n<figure class=\"wp-block-image size-full is-resized\"><img decoding=\"async\" width=\"626\" height=\"459\" src=\"https:\/\/www.primor.eu\/blog\/wp-content\/uploads\/2025\/03\/3-6.jpg\" alt=\"\" class=\"wp-image-123421\" style=\"width:1039px;height:auto\" srcset=\"https:\/\/www.primor.eu\/blog\/wp-content\/uploads\/2025\/03\/3-6.jpg 626w, https:\/\/www.primor.eu\/blog\/wp-content\/uploads\/2025\/03\/3-6-300x220.jpg 300w\" sizes=\"(max-width: 626px) 100vw, 626px\" \/><\/figure>\n\n\n\n<p>Fuente Instagram: @mavieromantique<\/p>\n\n\n\n<p>Un corte con la mecha larga como este, es perfecto si has escogido un look vintage o retro. Pero tambi\u00e9n si tu personalidad es cl\u00e1sica. Especialmente si se combina el look con la novia, como es este caso en el que lleva un bonito toque de folclore, sin dejar a un lado el estilo cl\u00e1sico.&nbsp;<\/p>\n\n\n\n<h3 class=\"wp-block-heading\">Melena<\/h3>\n\n\n\n<figure class=\"wp-block-image size-large is-resized\"><img decoding=\"async\" width=\"819\" height=\"1024\" src=\"https:\/\/www.primor.eu\/blog\/wp-content\/uploads\/2025\/03\/4-6-819x1024.jpg\" alt=\"\" class=\"wp-image-123422\" style=\"width:1031px;height:auto\" srcset=\"https:\/\/www.primor.eu\/blog\/wp-content\/uploads\/2025\/03\/4-6-819x1024.jpg 819w, https:\/\/www.primor.eu\/blog\/wp-content\/uploads\/2025\/03\/4-6-240x300.jpg 240w, https:\/\/www.primor.eu\/blog\/wp-content\/uploads\/2025\/03\/4-6-768x960.jpg 768w, https:\/\/www.primor.eu\/blog\/wp-content\/uploads\/2025\/03\/4-6-750x938.jpg 750w, https:\/\/www.primor.eu\/blog\/wp-content\/uploads\/2025\/03\/4-6.jpg 1080w\" sizes=\"(max-width: 819px) 100vw, 819px\" \/><\/figure>\n\n\n\n<p>Fuente Instagram: @lauren.watkins<\/p>\n\n\n\n<p>La melena es un signo de identidad. Por eso, si siempre has llevado melena o has decidido llevarla porque para ti es importante, para nada tienes por qu\u00e9 cortarte el pelo porque te vayas a casar y quieras buscar un look m\u00e1s formal. De hecho, muy al contrario, la melena larga puede ser perfecta si eliges un look boho chic para tu boda, folk o con un toque desenfadado. No obstante, tambi\u00e9n ir\u00e1 genial con trajes m\u00e1s cl\u00e1sicos o romper\u00e1 los esquemas con otro tipo de estilos. Sin duda, que si este es tu estilo, sabr\u00e1s darle un toque personal a tu look de ese d\u00eda.<\/p>\n\n\n\n<h3 class=\"wp-block-heading\">Estilo militar<\/h3>\n\n\n\n<figure class=\"wp-block-image size-large is-resized\"><img decoding=\"async\" width=\"1024\" height=\"1024\" src=\"https:\/\/www.primor.eu\/blog\/wp-content\/uploads\/2025\/03\/5-5-1024x1024.jpg\" alt=\"\" class=\"wp-image-123423\" style=\"width:1031px;height:auto\" srcset=\"https:\/\/www.primor.eu\/blog\/wp-content\/uploads\/2025\/03\/5-5-1024x1024.jpg 1024w, https:\/\/www.primor.eu\/blog\/wp-content\/uploads\/2025\/03\/5-5-300x300.jpg 300w, https:\/\/www.primor.eu\/blog\/wp-content\/uploads\/2025\/03\/5-5-150x150.jpg 150w, https:\/\/www.primor.eu\/blog\/wp-content\/uploads\/2025\/03\/5-5-768x768.jpg 768w, https:\/\/www.primor.eu\/blog\/wp-content\/uploads\/2025\/03\/5-5-75x75.jpg 75w, https:\/\/www.primor.eu\/blog\/wp-content\/uploads\/2025\/03\/5-5-350x350.jpg 350w, https:\/\/www.primor.eu\/blog\/wp-content\/uploads\/2025\/03\/5-5-750x750.jpg 750w, https:\/\/www.primor.eu\/blog\/wp-content\/uploads\/2025\/03\/5-5.jpg 1080w\" sizes=\"(max-width: 1024px) 100vw, 1024px\" \/><\/figure>\n\n\n\n<p>Fuente Instagram: @angelmartinphotowedding<\/p>\n\n\n\n<p>El estilo militar puede ser genial si eres un hombre que suele llevar este corte de pelo tambi\u00e9n para tu boda. Huyendo de convenciones sociales, que pueden hacerte pensar que quiz\u00e1s sea lo mejor dejarlo crecer y llevar la mecha m\u00e1s larga u otro tipo de peinado en ese d\u00eda tan especial, lo importante es que seas t\u00fa mismo\u2026<\/p>\n\n\n\n<p>Fuente Instagram: @angelmartinphotowedding<\/p>\n\n\n\n<h3 class=\"wp-block-heading\">Todo rapado<\/h3>\n\n\n\n<figure class=\"wp-block-image size-large\"><img decoding=\"async\" width=\"1024\" height=\"1024\" src=\"https:\/\/www.primor.eu\/blog\/wp-content\/uploads\/2025\/03\/6-4-1024x1024.jpg\" alt=\"\" class=\"wp-image-123424\" srcset=\"https:\/\/www.primor.eu\/blog\/wp-content\/uploads\/2025\/03\/6-4-1024x1024.jpg 1024w, https:\/\/www.primor.eu\/blog\/wp-content\/uploads\/2025\/03\/6-4-300x300.jpg 300w, https:\/\/www.primor.eu\/blog\/wp-content\/uploads\/2025\/03\/6-4-150x150.jpg 150w, https:\/\/www.primor.eu\/blog\/wp-content\/uploads\/2025\/03\/6-4-768x768.jpg 768w, https:\/\/www.primor.eu\/blog\/wp-content\/uploads\/2025\/03\/6-4-75x75.jpg 75w, https:\/\/www.primor.eu\/blog\/wp-content\/uploads\/2025\/03\/6-4-350x350.jpg 350w, https:\/\/www.primor.eu\/blog\/wp-content\/uploads\/2025\/03\/6-4-750x750.jpg 750w, https:\/\/www.primor.eu\/blog\/wp-content\/uploads\/2025\/03\/6-4.jpg 1080w\" sizes=\"(max-width: 1024px) 100vw, 1024px\" \/><\/figure>\n\n\n\n<p>Fuente Instagram: @dreamer.photographers<\/p>\n\n\n\n<p>Si hemos visto que los cortes con los lados rapados o m\u00e1s alternativos pueden ser llamativos para una boda, puede que este tambi\u00e9n lo sea. Sin embargo, no hay ning\u00fan problema con el hecho de llevar un corte rapado del todo con tu traje de novio.<\/p>\n\n\n\n<p>Este tipo de cortes dan un aspecto limpio y masculino. Deportivo. Podr\u00e1s combinarlo con trajes sencillos como es el caso del novio de la foto y quedar\u00e1 mucho mejor que con opciones muy cl\u00e1sicas o m\u00e1s barrocas. Como siempre decimos en Primor, \u00a1lo importante es ser t\u00fa! No te quedes con las ganas de lucir el corte de pelo que luces siempre por el hecho de casarte\u2026<\/p>\n\n\n<div class=\"kk-star-ratings kksr-auto kksr-align-center kksr-valign-bottom\"\n    data-payload='{&quot;align&quot;:&quot;center&quot;,&quot;id&quot;:&quot;123409&quot;,&quot;slug&quot;:&quot;default&quot;,&quot;valign&quot;:&quot;bottom&quot;,&quot;ignore&quot;:&quot;&quot;,&quot;reference&quot;:&quot;auto&quot;,&quot;class&quot;:&quot;&quot;,&quot;count&quot;:&quot;0&quot;,&quot;legendonly&quot;:&quot;&quot;,&quot;readonly&quot;:&quot;&quot;,&quot;score&quot;:&quot;0&quot;,&quot;starsonly&quot;:&quot;&quot;,&quot;best&quot;:&quot;5&quot;,&quot;gap&quot;:&quot;5&quot;,&quot;greet&quot;:&quot;Valora este art\u00edculo&quot;,&quot;legend&quot;:&quot;0\\\/5 - (0 votos)&quot;,&quot;size&quot;:&quot;24&quot;,&quot;title&quot;:&quot;\u00bfTe vas a casar? Los 6 mejores cortes de pelo para novios&quot;,&quot;width&quot;:&quot;0&quot;,&quot;_legend&quot;:&quot;{score}\\\/{best} - ({count} {votes})&quot;,&quot;font_factor&quot;:&quot;1.25&quot;}'>\n            \n<div class=\"kksr-stars\">\n    \n<div class=\"kksr-stars-inactive\">\n            <div class=\"kksr-star\" data-star=\"1\" style=\"padding-right: 5px\">\n            \n\n<div class=\"kksr-icon\" style=\"width: 24px; height: 24px;\"><\/div>\n        <\/div>\n            <div class=\"kksr-star\" data-star=\"2\" style=\"padding-right: 5px\">\n            \n\n<div class=\"kksr-icon\" style=\"width: 24px; height: 24px;\"><\/div>\n        <\/div>\n            <div class=\"kksr-star\" data-star=\"3\" style=\"padding-right: 5px\">\n            \n\n<div class=\"kksr-icon\" style=\"width: 24px; height: 24px;\"><\/div>\n        <\/div>\n            <div class=\"kksr-star\" data-star=\"4\" style=\"padding-right: 5px\">\n            \n\n<div class=\"kksr-icon\" style=\"width: 24px; height: 24px;\"><\/div>\n        <\/div>\n            <div class=\"kksr-star\" data-star=\"5\" style=\"padding-right: 5px\">\n            \n\n<div class=\"kksr-icon\" style=\"width: 24px; height: 24px;\"><\/div>\n        <\/div>\n    <\/div>\n    \n<div class=\"kksr-stars-active\" style=\"width: 0px;\">\n            <div class=\"kksr-star\" style=\"padding-right: 5px\">\n            \n\n<div class=\"kksr-icon\" style=\"width: 24px; height: 24px;\"><\/div>\n        <\/div>\n            <div class=\"kksr-star\" style=\"padding-right: 5px\">\n            \n\n<div class=\"kksr-icon\" style=\"width: 24px; height: 24px;\"><\/div>\n        <\/div>\n            <div class=\"kksr-star\" style=\"padding-right: 5px\">\n            \n\n<div class=\"kksr-icon\" style=\"width: 24px; height: 24px;\"><\/div>\n        <\/div>\n            <div class=\"kksr-star\" style=\"padding-right: 5px\">\n            \n\n<div class=\"kksr-icon\" style=\"width: 24px; height: 24px;\"><\/div>\n        <\/div>\n            <div class=\"kksr-star\" style=\"padding-right: 5px\">\n            \n\n<div class=\"kksr-icon\" style=\"width: 24px; height: 24px;\"><\/div>\n        <\/div>\n    <\/div>\n<\/div>\n                \n\n<div class=\"kksr-legend\" style=\"font-size: 19.2px;\">\n            <span class=\"kksr-muted\">Valora este art\u00edculo<\/span>\n    <\/div>\n    <\/div>\n","protected":false},"excerpt":{"rendered":"<p>Estos son los cortes de pelo para novio que m\u00e1s adecuados son para una fecha como esta. Se trata de seis cortes de pelo que hemos rescatado de las redes sociales para que puedas tener una inspiraci\u00f3n del tipo de peinado que te apetece llevar en un d\u00eda tan especial como este.\u00a0 Los mejores cortes [&hellip;]<\/p>\n","protected":false},"author":30,"featured_media":123416,"comment_status":"closed","ping_status":"closed","sticky":false,"template":"","format":"standard","meta":{"jnews-multi-image_gallery":[],"jnews_single_post":{"format":"standard"},"jnews_primary_category":[],"jnews_social_meta":[],"jnews_override_counter":[],"footnotes":""},"categories":[35],"tags":[],"class_list":["post-123409","post","type-post","status-publish","format-standard","has-post-thumbnail","hentry","category-cabello"],"_links":{"self":[{"href":"https:\/\/www.primor.eu\/blog\/wp-json\/wp\/v2\/posts\/123409","targetHints":{"allow":["GET"]}}],"collection":[{"href":"https:\/\/www.primor.eu\/blog\/wp-json\/wp\/v2\/posts"}],"about":[{"href":"https:\/\/www.primor.eu\/blog\/wp-json\/wp\/v2\/types\/post"}],"author":[{"embeddable":true,"href":"https:\/\/www.primor.eu\/blog\/wp-json\/wp\/v2\/users\/30"}],"replies":[{"embeddable":true,"href":"https:\/\/www.primor.eu\/blog\/wp-json\/wp\/v2\/comments?post=123409"}],"version-history":[{"count":2,"href":"https:\/\/www.primor.eu\/blog\/wp-json\/wp\/v2\/posts\/123409\/revisions"}],"predecessor-version":[{"id":123425,"href":"https:\/\/www.primor.eu\/blog\/wp-json\/wp\/v2\/posts\/123409\/revisions\/123425"}],"wp:featuredmedia":[{"embeddable":true,"href":"https:\/\/www.primor.eu\/blog\/wp-json\/wp\/v2\/media\/123416"}],"wp:attachment":[{"href":"https:\/\/www.primor.eu\/blog\/wp-json\/wp\/v2\/media?parent=123409"}],"wp:term":[{"taxonomy":"category","embeddable":true,"href":"https:\/\/www.primor.eu\/blog\/wp-json\/wp\/v2\/categories?post=123409"},{"taxonomy":"post_tag","embeddable":true,"href":"https:\/\/www.primor.eu\/blog\/wp-json\/wp\/v2\/tags?post=123409"}],"curies":[{"name":"wp","href":"https:\/\/api.w.org\/{rel}","templated":true}]}}