{"id":123400,"date":"2025-03-23T12:00:00","date_gmt":"2025-03-23T12:00:00","guid":{"rendered":"https:\/\/www.primor.eu\/blog\/?p=123400"},"modified":"2025-03-13T14:01:12","modified_gmt":"2025-03-13T14:01:12","slug":"manicura-glow-french","status":"publish","type":"post","link":"https:\/\/www.primor.eu\/blog\/manicura-glow-french\/","title":{"rendered":"La manicura tendencia de primavera ser\u00e1 el Glow French: as\u00ed se hace"},"content":{"rendered":"\n<p>El <strong>glow french<\/strong> es una <a href=\"https:\/\/www.primor.eu\/blog\/tendencias-unas\/?srsltid=AfmBOopjXnndmP9Fu_OpuvvGipCVHxv6U8fuaijFRVL99tYn-Dt9Yy4G\" data-type=\"link\" data-id=\"https:\/\/www.primor.eu\/blog\/tendencias-unas\/?srsltid=AfmBOopjXnndmP9Fu_OpuvvGipCVHxv6U8fuaijFRVL99tYn-Dt9Yy4G\">tendencia de manicura<\/a> que esta primavera ocupar\u00e1 las p\u00e1ginas de las revistas de moda y belleza y las redes sociales. Vamos a ver c\u00f3mo se hace esta manicura y todo lo que necesitas para ello. Sobre todo si quieres conseguirla en casa, tendr\u00e1s en nuestra tienda todo lo necesario para ello.<\/p>\n\n\n\n<h2 class=\"wp-block-heading\">C\u00f3mo se hace la manicura glow french: paso a paso<\/h2>\n\n\n\n<p>Vamos a ver cu\u00e1les son los pasos para lograr tu glow french en casa y todo lo que necesitar\u00e1s para ello, una vez que hayas visto este paso a paso.<\/p>\n\n\n\n<ol class=\"wp-block-list\">\n<li><strong>Limpia el esmalte<\/strong>: si es que lo llevas. Lo suyo es que lo elimines del todo, porque hacer la manicura de nuevo con restos, puede llevar a un mal resultado.<\/li>\n\n\n\n<li><strong>Prepara la forma<\/strong>: cortando tus u\u00f1as si lo necesitas y repasando con la lima para pulir la forma. En el caso de que no las tengas muy largas, puede ser suficiente con la lima de u\u00f1as para darle la forma deseada. que puede ser cuadrada o redonda.<\/li>\n\n\n\n<li><strong>Cuida las cut\u00edculas<\/strong>: y d\u00e9jalas arregladas para que tu manicura est\u00e9 perfecta. Puedes hacerlo con herramientas espec\u00edficas y hay productos para ello en nuestra tienda.<\/li>\n\n\n\n<li><strong>Base<\/strong>: pinta la base de tus u\u00f1as. Para ello necesitar\u00e1s colores como el nude o los rosados para conseguir un efecto natural.\u00a0<\/li>\n\n\n\n<li><strong>Degradado blanco<\/strong>: ayud\u00e1ndote de una esponja de maquillaje y difumina hacia el centro de la u\u00f1a.<\/li>\n\n\n\n<li><strong>Top coat<\/strong>: para sellar y conseguir una mayor duraci\u00f3n y brillo en tu manicura.<\/li>\n<\/ol>\n\n\n\n<h2 class=\"wp-block-heading\">Los mejores productos para lograr tu manicura glow french<\/h2>\n\n\n        <product-table class=\"pr-slider\">\r\n            <product-headers class=\"grid-table-rows\">\r\n                <div>Foto<\/div>\r\n                <div>Producto<\/div>\r\n                <div>Marca<\/div>\r\n                <div>Valoraciones<\/div>\r\n                <div>Precio<\/div>\r\n            <\/product-headers>\r\n\r\n            <product-list>\r\n                                    <a href=\"https:\/\/www.primor.eu\/es_es\/you-are-the-princess-eden-set-2-limas-de-unas-72610.html\" class=\"product-item grid-table-rows\" target=\"_blank\">\r\n                        <div>\r\n                            <img decoding=\"async\" class=\"product-img\" width=\"80px\" height=\"80px\" src=\"https:\/\/cdn2.primor.eu\/media\/catalog\/product\/cache\/8d3aba296f7a18b5251ee30fa5db42b2\/6\/V\/6VA34050_1_1755.jpg\" alt=\"Ed\u00e9n Set 2 Limas de U\u00f1as\">\r\n                        <\/div>\r\n\r\n                        <!-- Contenido de producto  -->\r\n                        <div>\r\n                            <div class=\"product-position\">\r\n                                #1 Top Ventas                            <\/div>\r\n\r\n                            <h2>\r\n                                Ed\u00e9n Set 2 Limas de U\u00f1as                            <\/h2>\r\n                        <\/div>\r\n\r\n                        <!-- Imagen y\/o nombre de la marca -->\r\n                        <div>\r\n                                                            <img decoding=\"async\" width=\"70\" src=\"https:\/\/www.primor.eu\/media\/catalog\/category\/you_are_the_princess.jpg\" alt=\"\">\r\n                                                    <\/div>\r\n\r\n                        <!-- Puntuaci\u00f3n del producto  -->\r\n                        <div class=\"rating\">\r\n                                                            <div class=\"rate\" style=\"--p:88;\"><\/div>\r\n                                <b>4.4\/5<\/b>\r\n                                <div class=\"rate-stars\">\r\n                                                                            <div\r\n                                            class=\"rate-star  \">\r\n                                        <\/div>\r\n                                                                            <div\r\n                                            class=\"rate-star  \">\r\n                                        <\/div>\r\n                                                                            <div\r\n                                            class=\"rate-star  \">\r\n                                        <\/div>\r\n                                                                            <div\r\n                                            class=\"rate-star  \">\r\n                                        <\/div>\r\n                                                                            <div\r\n                                            class=\"rate-star  \">\r\n                                        <\/div>\r\n                                                                    <\/div>\r\n                                                    <\/div>\r\n\r\n                        <!-- Bot\u00f3n de producto  -->\r\n                        <div>\r\n                            <span class=\"price-claim\">\r\n                                VER PRECIO                            <\/span>\r\n                        <\/div>\r\n                    <\/a>\r\n                                    <a href=\"https:\/\/www.primor.eu\/es_es\/sally-hansen-gel-removedor-de-cuticulas-94361.html\" class=\"product-item grid-table-rows\" target=\"_blank\">\r\n                        <div>\r\n                            <img decoding=\"async\" class=\"product-img\" width=\"80px\" height=\"80px\" src=\"https:\/\/cdn2.primor.eu\/media\/catalog\/product\/cache\/8d3aba296f7a18b5251ee30fa5db42b2\/M\/A\/MAIN_74170451290_12da.jpeg\" alt=\"Gel Removedor de Cut\u00edculas Instant Cuticle Remover\">\r\n                        <\/div>\r\n\r\n                        <!-- Contenido de producto  -->\r\n                        <div>\r\n                            <div class=\"product-position\">\r\n                                #2                            <\/div>\r\n\r\n                            <h2>\r\n                                Gel Removedor de Cut\u00edculas Instant Cuticle Remover                            <\/h2>\r\n                        <\/div>\r\n\r\n                        <!-- Imagen y\/o nombre de la marca -->\r\n                        <div>\r\n                                                            <img decoding=\"async\" width=\"70\" src=\"https:\/\/www.primor.eu\/media\/catalog\/category\/Sally_Hansen.jpg\" alt=\"\">\r\n                                                    <\/div>\r\n\r\n                        <!-- Puntuaci\u00f3n del producto  -->\r\n                        <div class=\"rating\">\r\n                                                            <div class=\"rate\" style=\"--p:86;\"><\/div>\r\n                                <b>4.3\/5<\/b>\r\n                                <div class=\"rate-stars\">\r\n                                                                            <div\r\n                                            class=\"rate-star  \">\r\n                                        <\/div>\r\n                                                                            <div\r\n                                            class=\"rate-star  \">\r\n                                        <\/div>\r\n                                                                            <div\r\n                                            class=\"rate-star  \">\r\n                                        <\/div>\r\n                                                                            <div\r\n                                            class=\"rate-star  \">\r\n                                        <\/div>\r\n                                                                            <div\r\n                                            class=\"rate-star  \">\r\n                                        <\/div>\r\n                                                                    <\/div>\r\n                                                    <\/div>\r\n\r\n                        <!-- Bot\u00f3n de producto  -->\r\n                        <div>\r\n                            <span class=\"price-claim\">\r\n                                VER PRECIO                            <\/span>\r\n                        <\/div>\r\n                    <\/a>\r\n                                    <a href=\"https:\/\/www.primor.eu\/es_es\/woo-oow-set-2-esponjas-para-maquillaje-59912.html\" class=\"product-item grid-table-rows\" target=\"_blank\">\r\n                        <div>\r\n                            <img decoding=\"async\" class=\"product-img\" width=\"80px\" height=\"80px\" src=\"https:\/\/cdn2.primor.eu\/media\/catalog\/product\/cache\/8d3aba296f7a18b5251ee30fa5db42b2\/6\/V\/6VA31996_1_607d.jpg\" alt=\"Set 2 Esponjas para Maquillaje\">\r\n                        <\/div>\r\n\r\n                        <!-- Contenido de producto  -->\r\n                        <div>\r\n                            <div class=\"product-position\">\r\n                                #3                            <\/div>\r\n\r\n                            <h2>\r\n                                Set 2 Esponjas para Maquillaje                            <\/h2>\r\n                        <\/div>\r\n\r\n                        <!-- Imagen y\/o nombre de la marca -->\r\n                        <div>\r\n                                                            <img decoding=\"async\" width=\"70\" src=\"https:\/\/www.primor.eu\/media\/catalog\/category\/WOO-OOW.jpg\" alt=\"\">\r\n                                                    <\/div>\r\n\r\n                        <!-- Puntuaci\u00f3n del producto  -->\r\n                        <div class=\"rating\">\r\n                                                            <div class=\"rate\" style=\"--p:96;\"><\/div>\r\n                                <b>4.8\/5<\/b>\r\n                                <div class=\"rate-stars\">\r\n                                                                            <div\r\n                                            class=\"rate-star  \">\r\n                                        <\/div>\r\n                                                                            <div\r\n                                            class=\"rate-star  \">\r\n                                        <\/div>\r\n                                                                            <div\r\n                                            class=\"rate-star  \">\r\n                                        <\/div>\r\n                                                                            <div\r\n                                            class=\"rate-star  \">\r\n                                        <\/div>\r\n                                                                            <div\r\n                                            class=\"rate-star  \">\r\n                                        <\/div>\r\n                                                                    <\/div>\r\n                                                    <\/div>\r\n\r\n                        <!-- Bot\u00f3n de producto  -->\r\n                        <div>\r\n                            <span class=\"price-claim\">\r\n                                VER PRECIO                            <\/span>\r\n                        <\/div>\r\n                    <\/a>\r\n                                    <a href=\"https:\/\/www.primor.eu\/es_es\/beter-set-esmaltes-de-unas-mi-manicura-francesa-44506.html\" class=\"product-item grid-table-rows\" target=\"_blank\">\r\n                        <div>\r\n                            <img decoding=\"async\" class=\"product-img\" width=\"80px\" height=\"80px\" src=\"https:\/\/cdn2.primor.eu\/media\/catalog\/product\/cache\/8d3aba296f7a18b5251ee30fa5db42b2\/0\/M\/0MM15904_1_ff41.jpg\" alt=\"Set Esmaltes de U\u00f1as Mi Manicura Francesa\">\r\n                        <\/div>\r\n\r\n                        <!-- Contenido de producto  -->\r\n                        <div>\r\n                            <div class=\"product-position\">\r\n                                #4                            <\/div>\r\n\r\n                            <h2>\r\n                                Set Esmaltes de U\u00f1as Mi Manicura Francesa                            <\/h2>\r\n                        <\/div>\r\n\r\n                        <!-- Imagen y\/o nombre de la marca -->\r\n                        <div>\r\n                                                            <img decoding=\"async\" width=\"70\" src=\"https:\/\/www.primor.eu\/media\/catalog\/category\/BETER.jpg\" alt=\"\">\r\n                                                    <\/div>\r\n\r\n                        <!-- Puntuaci\u00f3n del producto  -->\r\n                        <div class=\"rating\">\r\n                                                            <div class=\"rate\" style=\"--p:100;\"><\/div>\r\n                                <b>5\/5<\/b>\r\n                                <div class=\"rate-stars\">\r\n                                                                            <div\r\n                                            class=\"rate-star  \">\r\n                                        <\/div>\r\n                                                                            <div\r\n                                            class=\"rate-star  \">\r\n                                        <\/div>\r\n                                                                            <div\r\n                                            class=\"rate-star  \">\r\n                                        <\/div>\r\n                                                                            <div\r\n                                            class=\"rate-star  \">\r\n                                        <\/div>\r\n                                                                            <div\r\n                                            class=\"rate-star  \">\r\n                                        <\/div>\r\n                                                                    <\/div>\r\n                                                    <\/div>\r\n\r\n                        <!-- Bot\u00f3n de producto  -->\r\n                        <div>\r\n                            <span class=\"price-claim\">\r\n                                VER PRECIO                            <\/span>\r\n                        <\/div>\r\n                    <\/a>\r\n                                    <a href=\"https:\/\/www.primor.eu\/es_es\/rimmel-super-gel-french-manicure-109708.html?#803=47102\" class=\"product-item grid-table-rows\" target=\"_blank\">\r\n                        <div>\r\n                            <img decoding=\"async\" class=\"product-img\" width=\"80px\" height=\"80px\" src=\"https:\/\/cdn2.primor.eu\/media\/catalog\/product\/cache\/8d3aba296f7a18b5251ee30fa5db42b2\/0\/M\/0MM11207_1_7bda.jpg\" alt=\"S\u00faper Gel French Manicure\">\r\n                        <\/div>\r\n\r\n                        <!-- Contenido de producto  -->\r\n                        <div>\r\n                            <div class=\"product-position\">\r\n                                #5                            <\/div>\r\n\r\n                            <h2>\r\n                                S\u00faper Gel French Manicure                            <\/h2>\r\n                        <\/div>\r\n\r\n                        <!-- Imagen y\/o nombre de la marca -->\r\n                        <div>\r\n                                                            <img decoding=\"async\" width=\"70\" src=\"https:\/\/www.primor.eu\/media\/catalog\/category\/rimmel.jpg\" alt=\"Rimmel\">\r\n                                                    <\/div>\r\n\r\n                        <!-- Puntuaci\u00f3n del producto  -->\r\n                        <div class=\"rating\">\r\n                                                            <div class=\"rate\" style=\"--p:90;\"><\/div>\r\n                                <b>4.5\/5<\/b>\r\n                                <div class=\"rate-stars\">\r\n                                                                            <div\r\n                                            class=\"rate-star  \">\r\n                                        <\/div>\r\n                                                                            <div\r\n                                            class=\"rate-star  \">\r\n                                        <\/div>\r\n                                                                            <div\r\n                                            class=\"rate-star  \">\r\n                                        <\/div>\r\n                                                                            <div\r\n                                            class=\"rate-star  \">\r\n                                        <\/div>\r\n                                                                            <div\r\n                                            class=\"rate-star  middle\">\r\n                                        <\/div>\r\n                                                                    <\/div>\r\n                                                    <\/div>\r\n\r\n                        <!-- Bot\u00f3n de producto  -->\r\n                        <div>\r\n                            <span class=\"price-claim\">\r\n                                VER PRECIO                            <\/span>\r\n                        <\/div>\r\n                    <\/a>\r\n                            <\/product-list>\r\n        <\/product-table>\r\n\r\n        \n\n\n\n<h3 class=\"wp-block-heading\">Ed\u00e9n Set 2 Limas de U\u00f1as de You Are The Princess<\/h3>\n\n\n\n<p>Set de 2 limas de u\u00f1as rosas con estampado fantas\u00eda. Su textura de grano es perfecta para poder limar, perfilar y pulir.<\/p>\n\n\n    <a class='product' target='_blank' href='https:\/\/www.primor.eu\/es_es\/you-are-the-princess-eden-set-2-limas-de-unas-72610.html'>\r\n        <img loading='async' src='https:\/\/cdn2.primor.eu\/media\/catalog\/product\/cache\/8d3aba296f7a18b5251ee30fa5db42b2\/6\/V\/6VA34050_1_1755.jpg' alt='COMPRAR AHORA'>\r\n            <div class=\"claim\">\r\n                COMPRAR AHORA            <\/div>\r\n        <\/a>\r\n    \n\n\n<h3 class=\"wp-block-heading\">Gel Removedor de Cut\u00edculas Instant Cuticle Remover de Sally Hansen<\/h3>\n\n\n\n<p>act\u00faa en solo 15 segundos. Su f\u00f3rmula ayuda a suavizar y eliminar las cut\u00edculas sin necesidad de utilizar herramientas de manicura, facilitando el cuidado de las u\u00f1as en casa. Mantener las u\u00f1as limpias y bien definidas es m\u00e1s sencillo. Este removedor de cut\u00edculas est\u00e1 dise\u00f1ado para una aplicaci\u00f3n r\u00e1pida y efectiva, permitiendo retirar el exceso de piel sin esfuerzo.<\/p>\n\n\n    <a class='product' target='_blank' href='https:\/\/www.primor.eu\/es_es\/sally-hansen-gel-removedor-de-cuticulas-94361.html'>\r\n        <img loading='async' src='https:\/\/cdn2.primor.eu\/media\/catalog\/product\/cache\/8d3aba296f7a18b5251ee30fa5db42b2\/M\/A\/MAIN_74170451290_12da.jpeg' alt='COMPRAR AHORA'>\r\n            <div class=\"claim\">\r\n                COMPRAR AHORA            <\/div>\r\n        <\/a>\r\n    \n\n\n<h3 class=\"wp-block-heading\">Set 2 Esponjas para Maquillaje de Woo Oow<\/h3>\n\n\n\n<p>2 Esponjas para Maquillaje para aplicar bases fluidas y en crema. Textura ultrasuave. Reparten de forma equilibrada el maquillaje, haci\u00e9ndolo llegar a todas las partes del rostro. Utiliza las esponja en forma de gota 360\u00ba para aplicar bases de maquillaje de forma uniforme por todo el rostro u otro tipo de producto fluido en zonas amplias. Y su punta que permite llegar a las zonas de m\u00e1s dif\u00edcil acceso, como los ojos y la nariz. La parte plana de la base te permite conseguir una mayor fijaci\u00f3n y cobertura en zonas m\u00e1s amplias, tambi\u00e9n para producto en polvo o para matificar.&nbsp;<\/p>\n\n\n\n<p>Modo de uso: sum\u00e9rgela en agua, esc\u00farrela y esperar a que aumenten su tama\u00f1o y consiga una textura adecuada. Aplica el producto sobre el rostro a toquecitos. Lavar con jab\u00f3n neutro y dejar secar al aire. Sin l\u00e1tex.<\/p>\n\n\n    <a class='product' target='_blank' href='https:\/\/www.primor.eu\/es_es\/woo-oow-set-2-esponjas-para-maquillaje-59912.html'>\r\n        <img loading='async' src='https:\/\/cdn2.primor.eu\/media\/catalog\/product\/cache\/8d3aba296f7a18b5251ee30fa5db42b2\/6\/V\/6VA31996_1_607d.jpg' alt='COMPRAR AHORA'>\r\n            <div class=\"claim\">\r\n                COMPRAR AHORA            <\/div>\r\n        <\/a>\r\n    \n\n\n<h3 class=\"wp-block-heading\">Set Esmaltes de U\u00f1as Mi Manicura Francesa de Beter<\/h3>\n\n\n\n<p>Set de esmaltes Youth color en tonos nude, perfectos para una manicura francesa.<\/p>\n\n\n\n<p>Veganos. Brillo extraordinario. Alta duraci\u00f3n.<\/p>\n\n\n\n<p>El kit contiene los siguientes tonos:<\/p>\n\n\n\n<ul class=\"wp-block-list\">\n<li>061 White French<\/li>\n\n\n\n<li>062 Beige French<\/li>\n\n\n\n<li>063 Pink French.<\/li>\n<\/ul>\n\n\n\n<p>El esmalte rejuvenecedor Youth Color protege a tus u\u00f1as del envejecimiento: f\u00f3rmula con Pro-Age Complex muy rico en Vitamina C de alto poder antioxidante, \u00e1cido hialur\u00f3nico de efecto antiedad y plancton foto reactivo que protege las u\u00f1as. Con filtro UV.<\/p>\n\n\n    <a class='product' target='_blank' href='https:\/\/www.primor.eu\/es_es\/beter-set-esmaltes-de-unas-mi-manicura-francesa-44506.html'>\r\n        <img loading='async' src='https:\/\/cdn2.primor.eu\/media\/catalog\/product\/cache\/8d3aba296f7a18b5251ee30fa5db42b2\/0\/M\/0MM15904_1_ff41.jpg' alt='COMPRAR AHORA'>\r\n            <div class=\"claim\">\r\n                COMPRAR AHORA            <\/div>\r\n        <\/a>\r\n    \n\n\n<h3 class=\"wp-block-heading\">S\u00faper Gel French Manicure de Rimmel<\/h3>\n\n\n\n<p>Innovador esmalte de 2 pasos para un efecto de gel manicura francesa impecable con el sistema Super Gel French Manicure de Rimmel: Resultado profesional de larga duraci\u00f3n de hasta 14 d\u00edas. Sin el uso de la l\u00e1mpara. Se elimina f\u00e1cilmente con cualquier quitaesmalte.<\/p>\n\n\n    <a class='product' target='_blank' href='https:\/\/www.primor.eu\/es_es\/rimmel-super-gel-french-manicure-109708.html?#803=47102'>\r\n        <img loading='async' src='https:\/\/cdn2.primor.eu\/media\/catalog\/product\/cache\/8d3aba296f7a18b5251ee30fa5db42b2\/0\/M\/0MM11207_1_7bda.jpg' alt='COMPRAR AHORA'>\r\n            <div class=\"claim\">\r\n                COMPRAR AHORA            <\/div>\r\n        <\/a>\r\n    \n\n<div class=\"kk-star-ratings kksr-auto kksr-align-center kksr-valign-bottom\"\n    data-payload='{&quot;align&quot;:&quot;center&quot;,&quot;id&quot;:&quot;123400&quot;,&quot;slug&quot;:&quot;default&quot;,&quot;valign&quot;:&quot;bottom&quot;,&quot;ignore&quot;:&quot;&quot;,&quot;reference&quot;:&quot;auto&quot;,&quot;class&quot;:&quot;&quot;,&quot;count&quot;:&quot;0&quot;,&quot;legendonly&quot;:&quot;&quot;,&quot;readonly&quot;:&quot;&quot;,&quot;score&quot;:&quot;0&quot;,&quot;starsonly&quot;:&quot;&quot;,&quot;best&quot;:&quot;5&quot;,&quot;gap&quot;:&quot;5&quot;,&quot;greet&quot;:&quot;Valora este art\u00edculo&quot;,&quot;legend&quot;:&quot;0\\\/5 - (0 votos)&quot;,&quot;size&quot;:&quot;24&quot;,&quot;title&quot;:&quot;La manicura tendencia de primavera ser\u00e1 el Glow French: as\u00ed se hace&quot;,&quot;width&quot;:&quot;0&quot;,&quot;_legend&quot;:&quot;{score}\\\/{best} - ({count} {votes})&quot;,&quot;font_factor&quot;:&quot;1.25&quot;}'>\n            \n<div class=\"kksr-stars\">\n    \n<div class=\"kksr-stars-inactive\">\n            <div class=\"kksr-star\" data-star=\"1\" style=\"padding-right: 5px\">\n            \n\n<div class=\"kksr-icon\" style=\"width: 24px; height: 24px;\"><\/div>\n        <\/div>\n            <div class=\"kksr-star\" data-star=\"2\" style=\"padding-right: 5px\">\n            \n\n<div class=\"kksr-icon\" style=\"width: 24px; height: 24px;\"><\/div>\n        <\/div>\n            <div class=\"kksr-star\" data-star=\"3\" style=\"padding-right: 5px\">\n            \n\n<div class=\"kksr-icon\" style=\"width: 24px; height: 24px;\"><\/div>\n        <\/div>\n            <div class=\"kksr-star\" data-star=\"4\" style=\"padding-right: 5px\">\n            \n\n<div class=\"kksr-icon\" style=\"width: 24px; height: 24px;\"><\/div>\n        <\/div>\n            <div class=\"kksr-star\" data-star=\"5\" style=\"padding-right: 5px\">\n            \n\n<div class=\"kksr-icon\" style=\"width: 24px; height: 24px;\"><\/div>\n        <\/div>\n    <\/div>\n    \n<div class=\"kksr-stars-active\" style=\"width: 0px;\">\n            <div class=\"kksr-star\" style=\"padding-right: 5px\">\n            \n\n<div class=\"kksr-icon\" style=\"width: 24px; height: 24px;\"><\/div>\n        <\/div>\n            <div class=\"kksr-star\" style=\"padding-right: 5px\">\n            \n\n<div class=\"kksr-icon\" style=\"width: 24px; height: 24px;\"><\/div>\n        <\/div>\n            <div class=\"kksr-star\" style=\"padding-right: 5px\">\n            \n\n<div class=\"kksr-icon\" style=\"width: 24px; height: 24px;\"><\/div>\n        <\/div>\n            <div class=\"kksr-star\" style=\"padding-right: 5px\">\n            \n\n<div class=\"kksr-icon\" style=\"width: 24px; height: 24px;\"><\/div>\n        <\/div>\n            <div class=\"kksr-star\" style=\"padding-right: 5px\">\n            \n\n<div class=\"kksr-icon\" style=\"width: 24px; height: 24px;\"><\/div>\n        <\/div>\n    <\/div>\n<\/div>\n                \n\n<div class=\"kksr-legend\" style=\"font-size: 19.2px;\">\n            <span class=\"kksr-muted\">Valora este art\u00edculo<\/span>\n    <\/div>\n    <\/div>\n","protected":false},"excerpt":{"rendered":"<p>El glow french es una tendencia de manicura que esta primavera ocupar\u00e1 las p\u00e1ginas de las revistas de moda y belleza y las redes sociales. Vamos a ver c\u00f3mo se hace esta manicura y todo lo que necesitas para ello. Sobre todo si quieres conseguirla en casa, tendr\u00e1s en nuestra tienda todo lo necesario para [&hellip;]<\/p>\n","protected":false},"author":30,"featured_media":123405,"comment_status":"closed","ping_status":"closed","sticky":false,"template":"","format":"standard","meta":{"jnews-multi-image_gallery":[],"jnews_single_post":{"format":"standard"},"jnews_primary_category":[],"jnews_social_meta":[],"jnews_override_counter":[],"footnotes":""},"categories":[1831],"tags":[],"class_list":["post-123400","post","type-post","status-publish","format-standard","has-post-thumbnail","hentry","category-manicuras"],"_links":{"self":[{"href":"https:\/\/www.primor.eu\/blog\/wp-json\/wp\/v2\/posts\/123400","targetHints":{"allow":["GET"]}}],"collection":[{"href":"https:\/\/www.primor.eu\/blog\/wp-json\/wp\/v2\/posts"}],"about":[{"href":"https:\/\/www.primor.eu\/blog\/wp-json\/wp\/v2\/types\/post"}],"author":[{"embeddable":true,"href":"https:\/\/www.primor.eu\/blog\/wp-json\/wp\/v2\/users\/30"}],"replies":[{"embeddable":true,"href":"https:\/\/www.primor.eu\/blog\/wp-json\/wp\/v2\/comments?post=123400"}],"version-history":[{"count":2,"href":"https:\/\/www.primor.eu\/blog\/wp-json\/wp\/v2\/posts\/123400\/revisions"}],"predecessor-version":[{"id":123408,"href":"https:\/\/www.primor.eu\/blog\/wp-json\/wp\/v2\/posts\/123400\/revisions\/123408"}],"wp:featuredmedia":[{"embeddable":true,"href":"https:\/\/www.primor.eu\/blog\/wp-json\/wp\/v2\/media\/123405"}],"wp:attachment":[{"href":"https:\/\/www.primor.eu\/blog\/wp-json\/wp\/v2\/media?parent=123400"}],"wp:term":[{"taxonomy":"category","embeddable":true,"href":"https:\/\/www.primor.eu\/blog\/wp-json\/wp\/v2\/categories?post=123400"},{"taxonomy":"post_tag","embeddable":true,"href":"https:\/\/www.primor.eu\/blog\/wp-json\/wp\/v2\/tags?post=123400"}],"curies":[{"name":"wp","href":"https:\/\/api.w.org\/{rel}","templated":true}]}}