{"id":123391,"date":"2025-03-22T21:00:00","date_gmt":"2025-03-22T21:00:00","guid":{"rendered":"https:\/\/www.primor.eu\/blog\/?p=123391"},"modified":"2025-03-13T13:28:06","modified_gmt":"2025-03-13T13:28:06","slug":"pelo-color-ebano","status":"publish","type":"post","link":"https:\/\/www.primor.eu\/blog\/pelo-color-ebano\/","title":{"rendered":"Las expertas han hablado y confirman que el pelo color \u00e9bano es tendencia este a\u00f1o"},"content":{"rendered":"\n<p>El <strong>pelo \u00e9bano<\/strong> es <strong>tendencia <\/strong>y si te gustan los <a href=\"https:\/\/www.primor.eu\/blog\/cabello-color-tendencia\/?srsltid=AfmBOork15QskThWgTlwdtT8cEACgseeSIJKxhUWuQarjYvLIgYiNqju\" data-type=\"link\" data-id=\"https:\/\/www.primor.eu\/blog\/cabello-color-tendencia\/?srsltid=AfmBOork15QskThWgTlwdtT8cEACgseeSIJKxhUWuQarjYvLIgYiNqju\">colores<\/a> oscuros, puede que te apetezca cambiar de aires y lanzarte a ser toda una morenaza. Tambi\u00e9n puede que lleves ya un tono casta\u00f1o u oscuro. Si este \u00faltimo es tu caso, llevar el pelo \u00e9bano no ser\u00e1 un cambio tan dr\u00e1stico para ti.<\/p>\n\n\n\n<p>Vamos a ver cu\u00e1les son las ventajas de llevar el pelo \u00e9bano y despu\u00e9s veremos algunas opciones de tonos de nuestra tienda por si te ti\u00f1es en casa o quieres hacerlo esta vez, por cualquier motivo.<\/p>\n\n\n\n<h2 class=\"wp-block-heading\">Ventajas de llevar el pelo \u00e9bano<\/h2>\n\n\n\n<p>El pelo \u00e9bano tiene varias ventajas. La mayor parte de ellas son con respecto a la est\u00e9tica y la expresi\u00f3n que le da a tus rasgos, pero tambi\u00e9n tiene algunas que ayudan a respetar tu cabello y no da\u00f1arlo. Las ventajas m\u00e1s destacadas son las siguientes:<\/p>\n\n\n\n<ul class=\"wp-block-list\">\n<li><strong>Lucir complementos con contraste<\/strong>: con el pelo \u00e9bano tanto el oro, como la plata o cualquier tonalidad destaca mucho m\u00e1s por contraste. Esto har\u00e1 que si llevas pendientes, por ejemplo, destaquen mucho aunque lleves el pelo suelto.\u00a0<\/li>\n\n\n\n<li><strong>No necesita decoloraci\u00f3n<\/strong>: en el caso de las melenas rubias o los tonos muy claros, necesitas decoloraci\u00f3n para que luzcan bien y se noten. Esto hace que tu cabello se vaya secando y que se estropee y reseque cada vez m\u00e1s. Sin embargo, puedes encontrar tintes de pelo \u00e9bano que te den el color que buscas sin necesidad de ning\u00fan producto m\u00e1s y dem\u00e1s hay opciones sin amoniaco que pueden cuidar tu cabello.<\/li>\n\n\n\n<li><strong>Resalta los rasgos<\/strong>: si eres morena sobre todo, le dar\u00e1 fuerza a tu mirada y har\u00e1 que otros rasgos como las cejas etc, destaquen m\u00e1s.<\/li>\n\n\n\n<li><strong>F\u00e1cil mantenimiento<\/strong>: el mantenimiento es muy sencillo porque solo tienes que darte el tinte cuando sea necesario y se vaya viendo la ra\u00edz. Cuando llevas mechas rubias claras o de cualquier otro color, este punto es m\u00e1s complicado.<\/li>\n<\/ul>\n\n\n\n<h2 class=\"wp-block-heading\">Los mejores tintes de pelo \u00e9bano<\/h2>\n\n\n        <product-table class=\"pr-slider\">\r\n            <product-headers class=\"grid-table-rows\">\r\n                <div>Foto<\/div>\r\n                <div>Producto<\/div>\r\n                <div>Marca<\/div>\r\n                <div>Valoraciones<\/div>\r\n                <div>Precio<\/div>\r\n            <\/product-headers>\r\n\r\n            <product-list>\r\n                                    <a href=\"https:\/\/www.primor.eu\/es_es\/l-oreal-paris-casting-creme-gloss-tintes-113068.html?#755=40031\" class=\"product-item grid-table-rows\" target=\"_blank\">\r\n                        <div>\r\n                            <img decoding=\"async\" class=\"product-img\" width=\"80px\" height=\"80px\" src=\"https:\/\/cdn2.primor.eu\/media\/catalog\/product\/cache\/8d3aba296f7a18b5251ee30fa5db42b2\/2\/C\/2CT00362_1_d53b.jpg\" alt=\"Casting Creme Gloss Tintes\">\r\n                        <\/div>\r\n\r\n                        <!-- Contenido de producto  -->\r\n                        <div>\r\n                            <div class=\"product-position\">\r\n                                #1 Top Ventas                            <\/div>\r\n\r\n                            <h2>\r\n                                Casting Creme Gloss Tintes                            <\/h2>\r\n                        <\/div>\r\n\r\n                        <!-- Imagen y\/o nombre de la marca -->\r\n                        <div>\r\n                                                            <img decoding=\"async\" width=\"70\" src=\"https:\/\/www.primor.eu\/media\/catalog\/category\/loreal-paris.png\" alt=\"L Or\u00e9al Par\u00eds\">\r\n                                                    <\/div>\r\n\r\n                        <!-- Puntuaci\u00f3n del producto  -->\r\n                        <div class=\"rating\">\r\n                                                            <div class=\"rate\" style=\"--p:94;\"><\/div>\r\n                                <b>4.7\/5<\/b>\r\n                                <div class=\"rate-stars\">\r\n                                                                            <div\r\n                                            class=\"rate-star  \">\r\n                                        <\/div>\r\n                                                                            <div\r\n                                            class=\"rate-star  \">\r\n                                        <\/div>\r\n                                                                            <div\r\n                                            class=\"rate-star  \">\r\n                                        <\/div>\r\n                                                                            <div\r\n                                            class=\"rate-star  \">\r\n                                        <\/div>\r\n                                                                            <div\r\n                                            class=\"rate-star  \">\r\n                                        <\/div>\r\n                                                                    <\/div>\r\n                                                    <\/div>\r\n\r\n                        <!-- Bot\u00f3n de producto  -->\r\n                        <div>\r\n                            <span class=\"price-claim\">\r\n                                VER PRECIO                            <\/span>\r\n                        <\/div>\r\n                    <\/a>\r\n                                    <a href=\"https:\/\/www.primor.eu\/es_es\/garnier-good-coloracion-permanente-sin-amoniaco-113100.html?#755=80075\" class=\"product-item grid-table-rows\" target=\"_blank\">\r\n                        <div>\r\n                            <img decoding=\"async\" class=\"product-img\" width=\"80px\" height=\"80px\" src=\"https:\/\/cdn2.primor.eu\/media\/catalog\/product\/cache\/8d3aba296f7a18b5251ee30fa5db42b2\/3\/6\/3600542518864_6670.jpg\" alt=\"Good Coloraci\u00f3n Permanente Sin Amoniaco\">\r\n                        <\/div>\r\n\r\n                        <!-- Contenido de producto  -->\r\n                        <div>\r\n                            <div class=\"product-position\">\r\n                                #2                            <\/div>\r\n\r\n                            <h2>\r\n                                Good Coloraci\u00f3n Permanente Sin Amoniaco                            <\/h2>\r\n                        <\/div>\r\n\r\n                        <!-- Imagen y\/o nombre de la marca -->\r\n                        <div>\r\n                                                            <img decoding=\"async\" width=\"70\" src=\"https:\/\/www.primor.eu\/media\/catalog\/category\/Garnier.jpg\" alt=\"Garnier\">\r\n                                                    <\/div>\r\n\r\n                        <!-- Puntuaci\u00f3n del producto  -->\r\n                        <div class=\"rating\">\r\n                                                            <div class=\"rate\" style=\"--p:96;\"><\/div>\r\n                                <b>4.8\/5<\/b>\r\n                                <div class=\"rate-stars\">\r\n                                                                            <div\r\n                                            class=\"rate-star  \">\r\n                                        <\/div>\r\n                                                                            <div\r\n                                            class=\"rate-star  \">\r\n                                        <\/div>\r\n                                                                            <div\r\n                                            class=\"rate-star  \">\r\n                                        <\/div>\r\n                                                                            <div\r\n                                            class=\"rate-star  \">\r\n                                        <\/div>\r\n                                                                            <div\r\n                                            class=\"rate-star  \">\r\n                                        <\/div>\r\n                                                                    <\/div>\r\n                                                    <\/div>\r\n\r\n                        <!-- Bot\u00f3n de producto  -->\r\n                        <div>\r\n                            <span class=\"price-claim\">\r\n                                VER PRECIO                            <\/span>\r\n                        <\/div>\r\n                    <\/a>\r\n                                    <a href=\"https:\/\/www.primor.eu\/es_es\/farmatint-gel-coloracion-permanente-113103.html?#755=39823\" class=\"product-item grid-table-rows\" target=\"_blank\">\r\n                        <div>\r\n                            <img decoding=\"async\" class=\"product-img\" width=\"80px\" height=\"80px\" src=\"https:\/\/cdn2.primor.eu\/media\/catalog\/product\/cache\/8d3aba296f7a18b5251ee30fa5db42b2\/6\/X\/6XS01266_1_7d26.jpg\" alt=\"Gel Coloraci\u00f3n Permanente\">\r\n                        <\/div>\r\n\r\n                        <!-- Contenido de producto  -->\r\n                        <div>\r\n                            <div class=\"product-position\">\r\n                                #3                            <\/div>\r\n\r\n                            <h2>\r\n                                Gel Coloraci\u00f3n Permanente                            <\/h2>\r\n                        <\/div>\r\n\r\n                        <!-- Imagen y\/o nombre de la marca -->\r\n                        <div>\r\n                                                            <img decoding=\"async\" width=\"70\" src=\"https:\/\/www.primor.eu\/media\/catalog\/category\/FARMATINT.jpg\" alt=\"Farmatint\">\r\n                                                    <\/div>\r\n\r\n                        <!-- Puntuaci\u00f3n del producto  -->\r\n                        <div class=\"rating\">\r\n                                                            <div class=\"rate\" style=\"--p:92;\"><\/div>\r\n                                <b>4.6\/5<\/b>\r\n                                <div class=\"rate-stars\">\r\n                                                                            <div\r\n                                            class=\"rate-star  \">\r\n                                        <\/div>\r\n                                                                            <div\r\n                                            class=\"rate-star  \">\r\n                                        <\/div>\r\n                                                                            <div\r\n                                            class=\"rate-star  \">\r\n                                        <\/div>\r\n                                                                            <div\r\n                                            class=\"rate-star  \">\r\n                                        <\/div>\r\n                                                                            <div\r\n                                            class=\"rate-star  \">\r\n                                        <\/div>\r\n                                                                    <\/div>\r\n                                                    <\/div>\r\n\r\n                        <!-- Bot\u00f3n de producto  -->\r\n                        <div>\r\n                            <span class=\"price-claim\">\r\n                                VER PRECIO                            <\/span>\r\n                        <\/div>\r\n                    <\/a>\r\n                                    <a href=\"https:\/\/www.primor.eu\/es_es\/llongueras-color-advance-color-repair-coloracion-permanente-113067.html?#755=39855\" class=\"product-item grid-table-rows\" target=\"_blank\">\r\n                        <div>\r\n                            <img decoding=\"async\" class=\"product-img\" width=\"80px\" height=\"80px\" src=\"https:\/\/cdn2.primor.eu\/media\/catalog\/product\/cache\/8d3aba296f7a18b5251ee30fa5db42b2\/2\/C\/2CT00260_1_8cf0.jpg\" alt=\"Color Advance Color - Repair Coloraci\u00f3n Permanente\">\r\n                        <\/div>\r\n\r\n                        <!-- Contenido de producto  -->\r\n                        <div>\r\n                            <div class=\"product-position\">\r\n                                #4                            <\/div>\r\n\r\n                            <h2>\r\n                                Color Advance Color - Repair Coloraci\u00f3n Permanente                            <\/h2>\r\n                        <\/div>\r\n\r\n                        <!-- Imagen y\/o nombre de la marca -->\r\n                        <div>\r\n                                                            <img decoding=\"async\" width=\"70\" src=\"https:\/\/www.primor.eu\/media\/catalog\/category\/367.jpg\" alt=\"Llongueras\">\r\n                                                    <\/div>\r\n\r\n                        <!-- Puntuaci\u00f3n del producto  -->\r\n                        <div class=\"rating\">\r\n                                                            <div class=\"rate\" style=\"--p:94;\"><\/div>\r\n                                <b>4.7\/5<\/b>\r\n                                <div class=\"rate-stars\">\r\n                                                                            <div\r\n                                            class=\"rate-star  \">\r\n                                        <\/div>\r\n                                                                            <div\r\n                                            class=\"rate-star  \">\r\n                                        <\/div>\r\n                                                                            <div\r\n                                            class=\"rate-star  \">\r\n                                        <\/div>\r\n                                                                            <div\r\n                                            class=\"rate-star  \">\r\n                                        <\/div>\r\n                                                                            <div\r\n                                            class=\"rate-star  \">\r\n                                        <\/div>\r\n                                                                    <\/div>\r\n                                                    <\/div>\r\n\r\n                        <!-- Bot\u00f3n de producto  -->\r\n                        <div>\r\n                            <span class=\"price-claim\">\r\n                                VER PRECIO                            <\/span>\r\n                        <\/div>\r\n                    <\/a>\r\n                                    <a href=\"https:\/\/www.primor.eu\/es_es\/bellefine-tinte-capilar-keratin-113086.html?#755=39775\" class=\"product-item grid-table-rows\" target=\"_blank\">\r\n                        <div>\r\n                            <img decoding=\"async\" class=\"product-img\" width=\"80px\" height=\"80px\" src=\"https:\/\/cdn2.primor.eu\/media\/catalog\/product\/cache\/8d3aba296f7a18b5251ee30fa5db42b2\/2\/C\/2CT01936_1_de65.jpg\" alt=\"Tinte Capilar Keratin\">\r\n                        <\/div>\r\n\r\n                        <!-- Contenido de producto  -->\r\n                        <div>\r\n                            <div class=\"product-position\">\r\n                                #5                            <\/div>\r\n\r\n                            <h2>\r\n                                Tinte Capilar Keratin                            <\/h2>\r\n                        <\/div>\r\n\r\n                        <!-- Imagen y\/o nombre de la marca -->\r\n                        <div>\r\n                                                            <img decoding=\"async\" width=\"70\" src=\"https:\/\/www.primor.eu\/media\/catalog\/category\/BELLEFINE.jpg\" alt=\"Bellefine\">\r\n                                                    <\/div>\r\n\r\n                        <!-- Puntuaci\u00f3n del producto  -->\r\n                        <div class=\"rating\">\r\n                                                            <div class=\"rate\" style=\"--p:94;\"><\/div>\r\n                                <b>4.7\/5<\/b>\r\n                                <div class=\"rate-stars\">\r\n                                                                            <div\r\n                                            class=\"rate-star  \">\r\n                                        <\/div>\r\n                                                                            <div\r\n                                            class=\"rate-star  \">\r\n                                        <\/div>\r\n                                                                            <div\r\n                                            class=\"rate-star  \">\r\n                                        <\/div>\r\n                                                                            <div\r\n                                            class=\"rate-star  \">\r\n                                        <\/div>\r\n                                                                            <div\r\n                                            class=\"rate-star  \">\r\n                                        <\/div>\r\n                                                                    <\/div>\r\n                                                    <\/div>\r\n\r\n                        <!-- Bot\u00f3n de producto  -->\r\n                        <div>\r\n                            <span class=\"price-claim\">\r\n                                VER PRECIO                            <\/span>\r\n                        <\/div>\r\n                    <\/a>\r\n                            <\/product-list>\r\n        <\/product-table>\r\n\r\n        \n\n\n\n<h3 class=\"wp-block-heading\">Casting Creme Gloss Tintes de L\u2019Or\u00e9al Par\u00eds<\/h3>\n\n\n\n<p>Descubre el ba\u00f1o de color sin amoniaco que transformar\u00e1 tu melena con su f\u00f3rmula cremosa y libre de qu\u00edmicos. Tinte Casting Creme Gloss es la elecci\u00f3n ideal. Con ingredientes naturales, garantiza una cobertura \u00f3ptima y un brillo sublime. Este tinte sin amoniaco, con ingredientes naturales, proporciona una cobertura intensa y duradera para esas canas rebeldes. Adem\u00e1s, su f\u00f3rmula cremosa aporta un brillo sublime que realza tu melena.<\/p>\n\n\n    <a class='product' target='_blank' href='https:\/\/www.primor.eu\/es_es\/l-oreal-paris-casting-creme-gloss-tintes-113068.html?#755=40031'>\r\n        <img loading='async' src='https:\/\/cdn2.primor.eu\/media\/catalog\/product\/cache\/8d3aba296f7a18b5251ee30fa5db42b2\/2\/C\/2CT00362_1_d53b.jpg' alt='COMPRAR AHORA'>\r\n            <div class=\"claim\">\r\n                COMPRAR AHORA            <\/div>\r\n        <\/a>\r\n    \n\n\n<h3 class=\"wp-block-heading\">Good Coloraci\u00f3n Permanente Sin Amoniaco de Garnier<\/h3>\n\n\n\n<p>Un innovador tinte que permite que mezcles el colorante con la crema directamente en el estuche y apliques la mezcla con tus manos, como si fuera una mascarilla, mientras disfrutas de un agradable aroma natural. Adem\u00e1s, est\u00e1 libre de amoniaco y es cruelty-free, lo que significa que no se ha probado en animales.<\/p>\n\n\n    <a class='product' target='_blank' href='https:\/\/www.primor.eu\/es_es\/garnier-good-coloracion-permanente-sin-amoniaco-113100.html?#755=80075'>\r\n        <img loading='async' src='https:\/\/cdn2.primor.eu\/media\/catalog\/product\/cache\/8d3aba296f7a18b5251ee30fa5db42b2\/3\/6\/3600542518864_6670.jpg' alt='COMPRAR AHORA'>\r\n            <div class=\"claim\">\r\n                COMPRAR AHORA            <\/div>\r\n        <\/a>\r\n    \n\n\n<h3 class=\"wp-block-heading\">Gel Coloraci\u00f3n Permanente de Farmatint<\/h3>\n\n\n\n<p>Est\u00e1 formulado con componentes vegetales y aceites naturales, y no contiene amon\u00edaco ni parafinas. Esta f\u00f3rmula garantiza una coloraci\u00f3n capilar de calidad, adecuada para su uso en casa y dise\u00f1ada para proporcionar resultados consistentes y satisfactorios.<\/p>\n\n\n    <a class='product' target='_blank' href='https:\/\/www.primor.eu\/es_es\/farmatint-gel-coloracion-permanente-113103.html?#755=39823'>\r\n        <img loading='async' src='https:\/\/cdn2.primor.eu\/media\/catalog\/product\/cache\/8d3aba296f7a18b5251ee30fa5db42b2\/6\/X\/6XS01266_1_7d26.jpg' alt='COMPRAR AHORA'>\r\n            <div class=\"claim\">\r\n                COMPRAR AHORA            <\/div>\r\n        <\/a>\r\n    \n\n\n<h3 class=\"wp-block-heading\">Color Advance Color &amp; Repair Coloraci\u00f3n Permanente de Llongueras<\/h3>\n\n\n\n<p>Garantiza una cobertura total de canas y un color excepcional gracias a su innovadora f\u00f3rmula que incluye una mol\u00e9cula de brillo. Adem\u00e1s, este tinte aporta un cuidado extra al cabello con su combinaci\u00f3n de ingredientes acondicionadores concentrados, ofreciendo nutrici\u00f3n intensiva con una mascarilla de tratamiento que contiene aceite natural, manteca de Karit\u00e9 y filtro UVA\/B.<\/p>\n\n\n    <a class='product' target='_blank' href='https:\/\/www.primor.eu\/es_es\/llongueras-color-advance-color-repair-coloracion-permanente-113067.html?#755=39855'>\r\n        <img loading='async' src='https:\/\/cdn2.primor.eu\/media\/catalog\/product\/cache\/8d3aba296f7a18b5251ee30fa5db42b2\/2\/C\/2CT00260_1_8cf0.jpg' alt='COMPRAR AHORA'>\r\n            <div class=\"claim\">\r\n                COMPRAR AHORA            <\/div>\r\n        <\/a>\r\n    \n\n\n<h3 class=\"wp-block-heading\">Tinte Capilar Keratin de Bellefine<\/h3>\n\n\n\n<p>Es un tinte de pelo en crema de larga duraci\u00f3n con f\u00f3rmula \u00fanica enriquecida con queratina. Su estructura cremosa permite una f\u00e1cil aplicaci\u00f3n mientras que el delicado perfume hace que la coloraci\u00f3n sea un proceso extremadamente agradable.<\/p>\n\n\n\n<p>Contiene tres aceites naturales:<\/p>\n\n\n\n<ul class=\"wp-block-list\">\n<li>Aceite de arg\u00e1n: revive y reconstruye el cabello y aporta nueva fuerza y vitalidad;<\/li>\n\n\n\n<li>Aceite de oliva: hidrata eficazmente, a\u00f1ade suavidad y brillo;<\/li>\n\n\n\n<li>Aceite de almendras: nutre el cabello, mejora el brillo y la elasticidad del cabello.<\/li>\n<\/ul>\n\n\n    <a class='product' target='_blank' href='https:\/\/www.primor.eu\/es_es\/bellefine-tinte-capilar-keratin-113086.html?#755=39775'>\r\n        <img loading='async' src='https:\/\/cdn2.primor.eu\/media\/catalog\/product\/cache\/8d3aba296f7a18b5251ee30fa5db42b2\/2\/C\/2CT01936_1_de65.jpg' alt='COMPRAR AHORA'>\r\n            <div class=\"claim\">\r\n                COMPRAR AHORA            <\/div>\r\n        <\/a>\r\n    \n\n<div class=\"kk-star-ratings kksr-auto kksr-align-center kksr-valign-bottom\"\n    data-payload='{&quot;align&quot;:&quot;center&quot;,&quot;id&quot;:&quot;123391&quot;,&quot;slug&quot;:&quot;default&quot;,&quot;valign&quot;:&quot;bottom&quot;,&quot;ignore&quot;:&quot;&quot;,&quot;reference&quot;:&quot;auto&quot;,&quot;class&quot;:&quot;&quot;,&quot;count&quot;:&quot;0&quot;,&quot;legendonly&quot;:&quot;&quot;,&quot;readonly&quot;:&quot;&quot;,&quot;score&quot;:&quot;0&quot;,&quot;starsonly&quot;:&quot;&quot;,&quot;best&quot;:&quot;5&quot;,&quot;gap&quot;:&quot;5&quot;,&quot;greet&quot;:&quot;Valora este art\u00edculo&quot;,&quot;legend&quot;:&quot;0\\\/5 - (0 votos)&quot;,&quot;size&quot;:&quot;24&quot;,&quot;title&quot;:&quot;Las expertas han hablado y confirman que el pelo color \u00e9bano es tendencia este a\u00f1o&quot;,&quot;width&quot;:&quot;0&quot;,&quot;_legend&quot;:&quot;{score}\\\/{best} - ({count} {votes})&quot;,&quot;font_factor&quot;:&quot;1.25&quot;}'>\n            \n<div class=\"kksr-stars\">\n    \n<div class=\"kksr-stars-inactive\">\n            <div class=\"kksr-star\" data-star=\"1\" style=\"padding-right: 5px\">\n            \n\n<div class=\"kksr-icon\" style=\"width: 24px; height: 24px;\"><\/div>\n        <\/div>\n            <div class=\"kksr-star\" data-star=\"2\" style=\"padding-right: 5px\">\n            \n\n<div class=\"kksr-icon\" style=\"width: 24px; height: 24px;\"><\/div>\n        <\/div>\n            <div class=\"kksr-star\" data-star=\"3\" style=\"padding-right: 5px\">\n            \n\n<div class=\"kksr-icon\" style=\"width: 24px; height: 24px;\"><\/div>\n        <\/div>\n            <div class=\"kksr-star\" data-star=\"4\" style=\"padding-right: 5px\">\n            \n\n<div class=\"kksr-icon\" style=\"width: 24px; height: 24px;\"><\/div>\n        <\/div>\n            <div class=\"kksr-star\" data-star=\"5\" style=\"padding-right: 5px\">\n            \n\n<div class=\"kksr-icon\" style=\"width: 24px; height: 24px;\"><\/div>\n        <\/div>\n    <\/div>\n    \n<div class=\"kksr-stars-active\" style=\"width: 0px;\">\n            <div class=\"kksr-star\" style=\"padding-right: 5px\">\n            \n\n<div class=\"kksr-icon\" style=\"width: 24px; height: 24px;\"><\/div>\n        <\/div>\n            <div class=\"kksr-star\" style=\"padding-right: 5px\">\n            \n\n<div class=\"kksr-icon\" style=\"width: 24px; height: 24px;\"><\/div>\n        <\/div>\n            <div class=\"kksr-star\" style=\"padding-right: 5px\">\n            \n\n<div class=\"kksr-icon\" style=\"width: 24px; height: 24px;\"><\/div>\n        <\/div>\n            <div class=\"kksr-star\" style=\"padding-right: 5px\">\n            \n\n<div class=\"kksr-icon\" style=\"width: 24px; height: 24px;\"><\/div>\n        <\/div>\n            <div class=\"kksr-star\" style=\"padding-right: 5px\">\n            \n\n<div class=\"kksr-icon\" style=\"width: 24px; height: 24px;\"><\/div>\n        <\/div>\n    <\/div>\n<\/div>\n                \n\n<div class=\"kksr-legend\" style=\"font-size: 19.2px;\">\n            <span class=\"kksr-muted\">Valora este art\u00edculo<\/span>\n    <\/div>\n    <\/div>\n","protected":false},"excerpt":{"rendered":"<p>El pelo \u00e9bano es tendencia y si te gustan los colores oscuros, puede que te apetezca cambiar de aires y lanzarte a ser toda una morenaza. Tambi\u00e9n puede que lleves ya un tono casta\u00f1o u oscuro. Si este \u00faltimo es tu caso, llevar el pelo \u00e9bano no ser\u00e1 un cambio tan dr\u00e1stico para ti. Vamos [&hellip;]<\/p>\n","protected":false},"author":30,"featured_media":123396,"comment_status":"closed","ping_status":"closed","sticky":false,"template":"","format":"standard","meta":{"jnews-multi-image_gallery":[],"jnews_single_post":{"format":"standard"},"jnews_primary_category":[],"jnews_social_meta":[],"jnews_override_counter":[],"footnotes":""},"categories":[35],"tags":[],"class_list":["post-123391","post","type-post","status-publish","format-standard","has-post-thumbnail","hentry","category-cabello"],"_links":{"self":[{"href":"https:\/\/www.primor.eu\/blog\/wp-json\/wp\/v2\/posts\/123391","targetHints":{"allow":["GET"]}}],"collection":[{"href":"https:\/\/www.primor.eu\/blog\/wp-json\/wp\/v2\/posts"}],"about":[{"href":"https:\/\/www.primor.eu\/blog\/wp-json\/wp\/v2\/types\/post"}],"author":[{"embeddable":true,"href":"https:\/\/www.primor.eu\/blog\/wp-json\/wp\/v2\/users\/30"}],"replies":[{"embeddable":true,"href":"https:\/\/www.primor.eu\/blog\/wp-json\/wp\/v2\/comments?post=123391"}],"version-history":[{"count":2,"href":"https:\/\/www.primor.eu\/blog\/wp-json\/wp\/v2\/posts\/123391\/revisions"}],"predecessor-version":[{"id":123399,"href":"https:\/\/www.primor.eu\/blog\/wp-json\/wp\/v2\/posts\/123391\/revisions\/123399"}],"wp:featuredmedia":[{"embeddable":true,"href":"https:\/\/www.primor.eu\/blog\/wp-json\/wp\/v2\/media\/123396"}],"wp:attachment":[{"href":"https:\/\/www.primor.eu\/blog\/wp-json\/wp\/v2\/media?parent=123391"}],"wp:term":[{"taxonomy":"category","embeddable":true,"href":"https:\/\/www.primor.eu\/blog\/wp-json\/wp\/v2\/categories?post=123391"},{"taxonomy":"post_tag","embeddable":true,"href":"https:\/\/www.primor.eu\/blog\/wp-json\/wp\/v2\/tags?post=123391"}],"curies":[{"name":"wp","href":"https:\/\/api.w.org\/{rel}","templated":true}]}}