{"id":122970,"date":"2026-03-11T15:22:59","date_gmt":"2026-03-11T15:22:59","guid":{"rendered":"https:\/\/www.primor.eu\/blog\/?p=122970"},"modified":"2026-03-11T15:23:01","modified_gmt":"2026-03-11T15:23:01","slug":"mejores-cortes-pelo-mujeres-primavera","status":"publish","type":"post","link":"https:\/\/www.primor.eu\/blog\/mejores-cortes-pelo-mujeres-primavera\/","title":{"rendered":"Los 6 mejores cortes de pelo para mujeres de esta primavera 2026"},"content":{"rendered":"\n<p>Los <a href=\"https:\/\/www.primor.eu\/blog\/mejores-cortes-de-pelo-mullet-mujer\/?srsltid=AfmBOoo5IEGQW3l-7eoufCftj3RZ_qaU_QHvwlYJLVt1x8Pg1hpXbH3Z\" data-type=\"link\" data-id=\"https:\/\/www.primor.eu\/blog\/mejores-cortes-de-pelo-mullet-mujer\/?srsltid=AfmBOoo5IEGQW3l-7eoufCftj3RZ_qaU_QHvwlYJLVt1x8Pg1hpXbH3Z\"><strong>cortes de pelo<\/strong> para <strong>mujeres<\/strong> <\/a>esta <strong>primavera <\/strong>en tendencia, son varios. Vamos a ver principalmente seis que son los que m\u00e1s est\u00e1n pegando en redes sociales y revistas de moda. Solo te vamos a decir algo. La tendencia en cortes de pelo para mujeres esta primavera la marcan sobre todo la <strong>androginia<\/strong> y la vuelta a <strong>d\u00e9cadas anteriores<\/strong> como los 90 o los 70, incluso un toque de 60\u2019s.<\/p>\n\n\n\n<p>Vamos a ver cu\u00e1les son esos cortes de pelo para mujeres esta primavera que van a arrasar esta temporada y que empiezan ya a despuntar como las flores de los almendros\u2026<\/p>\n\n\n\n<h3 class=\"wp-block-heading\">Tinkerbell Pixie<\/h3>\n\n\n\n<figure class=\"wp-block-image size-large is-resized\"><img decoding=\"async\" width=\"820\" height=\"1024\" src=\"https:\/\/www.primor.eu\/blog\/wp-content\/uploads\/2025\/03\/1-4-820x1024.jpg\" alt=\"\" class=\"wp-image-122979\" style=\"width:1032px;height:auto\" srcset=\"https:\/\/www.primor.eu\/blog\/wp-content\/uploads\/2025\/03\/1-4-820x1024.jpg 820w, https:\/\/www.primor.eu\/blog\/wp-content\/uploads\/2025\/03\/1-4-240x300.jpg 240w, https:\/\/www.primor.eu\/blog\/wp-content\/uploads\/2025\/03\/1-4-768x959.jpg 768w, https:\/\/www.primor.eu\/blog\/wp-content\/uploads\/2025\/03\/1-4-750x937.jpg 750w, https:\/\/www.primor.eu\/blog\/wp-content\/uploads\/2025\/03\/1-4.jpg 1088w\" sizes=\"(max-width: 820px) 100vw, 820px\" \/><\/figure>\n\n\n\n<p>Fuente Instagram: @johannaromrow<\/p>\n\n\n\n<p>Este tipo de pixie es menos radical que los que vemos m\u00e1s cortos. Dentro de los cortes de pelo para mujeres esta primavera, este es una variante de los pixies m\u00e1s cortitos y andr\u00f3ginos que hemos estado viendo en temporadas anteriores. Sin embargo, mantiene esta esencia y este sello. Es perfecto para lucir con grandes pendientes y un toque de rojo en los labios, as\u00ed se potencia la androginia\u2026&nbsp;<\/p>\n\n\n\n<h3 class=\"wp-block-heading\">Fairy Cut<\/h3>\n\n\n\n<figure class=\"wp-block-image size-large is-resized\"><img decoding=\"async\" width=\"935\" height=\"1024\" src=\"https:\/\/www.primor.eu\/blog\/wp-content\/uploads\/2025\/03\/2-4-935x1024.jpg\" alt=\"\" class=\"wp-image-122980\" style=\"width:1035px;height:auto\" srcset=\"https:\/\/www.primor.eu\/blog\/wp-content\/uploads\/2025\/03\/2-4-935x1024.jpg 935w, https:\/\/www.primor.eu\/blog\/wp-content\/uploads\/2025\/03\/2-4-274x300.jpg 274w, https:\/\/www.primor.eu\/blog\/wp-content\/uploads\/2025\/03\/2-4-768x841.jpg 768w, https:\/\/www.primor.eu\/blog\/wp-content\/uploads\/2025\/03\/2-4-750x822.jpg 750w, https:\/\/www.primor.eu\/blog\/wp-content\/uploads\/2025\/03\/2-4.jpg 1088w\" sizes=\"(max-width: 935px) 100vw, 935px\" \/><\/figure>\n\n\n\n<p>Fuente Instagram: @reagan.beauty444<\/p>\n\n\n\n<p>El fairy cut sigue siendo corto y c\u00f3modo, aunque de mecha m\u00e1s larga que los pixies. Es genial para mujeres con el rostro delgado o afilado, ya que permite enmarcarlo y darle otra sensaci\u00f3n m\u00e1s redondeada. Por otro lado, si tienes el cabello fino, liso o te gustar\u00eda tener m\u00e1s volumen, puede ser una genial opci\u00f3n para ti.<\/p>\n\n\n\n<h3 class=\"wp-block-heading\">Bixie estilo 90\u2019s<\/h3>\n\n\n\n<figure class=\"wp-block-image size-large is-resized\"><img decoding=\"async\" width=\"1024\" height=\"1024\" src=\"https:\/\/www.primor.eu\/blog\/wp-content\/uploads\/2025\/03\/3-4-1024x1024.jpg\" alt=\"\" class=\"wp-image-122981\" style=\"width:1037px;height:auto\" srcset=\"https:\/\/www.primor.eu\/blog\/wp-content\/uploads\/2025\/03\/3-4-1024x1024.jpg 1024w, https:\/\/www.primor.eu\/blog\/wp-content\/uploads\/2025\/03\/3-4-300x300.jpg 300w, https:\/\/www.primor.eu\/blog\/wp-content\/uploads\/2025\/03\/3-4-150x150.jpg 150w, https:\/\/www.primor.eu\/blog\/wp-content\/uploads\/2025\/03\/3-4-768x769.jpg 768w, https:\/\/www.primor.eu\/blog\/wp-content\/uploads\/2025\/03\/3-4-75x75.jpg 75w, https:\/\/www.primor.eu\/blog\/wp-content\/uploads\/2025\/03\/3-4-350x350.jpg 350w, https:\/\/www.primor.eu\/blog\/wp-content\/uploads\/2025\/03\/3-4-750x751.jpg 750w, https:\/\/www.primor.eu\/blog\/wp-content\/uploads\/2025\/03\/3-4.jpg 1088w\" sizes=\"(max-width: 1024px) 100vw, 1024px\" \/><\/figure>\n\n\n\n<p>Fuente Instagram: @marcoromanohair<\/p>\n\n\n\n<p>Si eres de las que se ha sumado a la moda de los noventa, seguro que esta tendencia es tu favorita dentro de los cortes de pelo para mujeres esta primavera que te vamos a ofrecer. Un corte elegante donde los haya, pero tambi\u00e9n con un toque c\u00f3modo y sencillo que no deja indiferente. Si quieres un total look, atr\u00e9vete con unos pendientes de aro dorados y un top palabra de honor.<\/p>\n\n\n\n<h3 class=\"wp-block-heading\">Shag&nbsp;<\/h3>\n\n\n\n<figure class=\"wp-block-image size-large is-resized\"><img decoding=\"async\" width=\"825\" height=\"1024\" src=\"https:\/\/www.primor.eu\/blog\/wp-content\/uploads\/2025\/03\/4-4-825x1024.jpg\" alt=\"\" class=\"wp-image-122983\" style=\"width:1046px;height:auto\" srcset=\"https:\/\/www.primor.eu\/blog\/wp-content\/uploads\/2025\/03\/4-4-825x1024.jpg 825w, https:\/\/www.primor.eu\/blog\/wp-content\/uploads\/2025\/03\/4-4-242x300.jpg 242w, https:\/\/www.primor.eu\/blog\/wp-content\/uploads\/2025\/03\/4-4-768x953.jpg 768w, https:\/\/www.primor.eu\/blog\/wp-content\/uploads\/2025\/03\/4-4-750x931.jpg 750w, https:\/\/www.primor.eu\/blog\/wp-content\/uploads\/2025\/03\/4-4.jpg 1088w\" sizes=\"(max-width: 825px) 100vw, 825px\" \/><\/figure>\n\n\n\n<p>Fuente Instagram: @carm_inthetresses<\/p>\n\n\n\n<p>Y nos vamos desde la d\u00e9cada de los 90 hasta la de los 70 casi escuchando acordes de rock psicod\u00e9lico para revisitar esta tendencia que tanta personalidad tiene. Muy de festivales de rock y est\u00e9tica hippie, pero si te atreves a combinarlo con otros looks, como uno masculino o sobrio, le estar\u00e1s dando un punto de personalidad\u2026 Con cortes como este siempre est\u00e1 la opci\u00f3n del total look o de innovar\u2026 seg\u00fan seamos cada una.<\/p>\n\n\n\n<h3 class=\"wp-block-heading\">Birkin&nbsp;<\/h3>\n\n\n\n<figure class=\"wp-block-image size-large is-resized\"><img decoding=\"async\" width=\"820\" height=\"1024\" src=\"https:\/\/www.primor.eu\/blog\/wp-content\/uploads\/2025\/03\/5-3-820x1024.jpg\" alt=\"\" class=\"wp-image-122984\" style=\"width:1048px;height:auto\" srcset=\"https:\/\/www.primor.eu\/blog\/wp-content\/uploads\/2025\/03\/5-3-820x1024.jpg 820w, https:\/\/www.primor.eu\/blog\/wp-content\/uploads\/2025\/03\/5-3-240x300.jpg 240w, https:\/\/www.primor.eu\/blog\/wp-content\/uploads\/2025\/03\/5-3-768x959.jpg 768w, https:\/\/www.primor.eu\/blog\/wp-content\/uploads\/2025\/03\/5-3-750x936.jpg 750w, https:\/\/www.primor.eu\/blog\/wp-content\/uploads\/2025\/03\/5-3.jpg 1088w\" sizes=\"(max-width: 820px) 100vw, 820px\" \/><\/figure>\n\n\n\n<p>Fuente Instagram: @marco.steri<\/p>\n\n\n\n<p>Este es uno de los cortes de pelo para mujeres esta primavera m\u00e1s sexys y femeninos que puedes elegir. El flequillo recto aporta dulzura a los rasgos y combinado con una melena como esta, queda ideal. Lo mejor es que este es uno de los cortes de pelo para mujeres esta primavera m\u00e1s vers\u00e1tiles de la lista. Se puede combinar con todo tipo de looks. Puede elevar un look casual, pero es suficiente para romper la seriedad de un look de evento. Con looks ejecutivos, \u00a1queda de muerte!, ya que les da un toque muy femenino que rompe con la seriedad que suelen tener.<\/p>\n\n\n\n<h3 class=\"wp-block-heading\">Butterfly<\/h3>\n\n\n\n<figure class=\"wp-block-image size-large is-resized\"><img decoding=\"async\" width=\"819\" height=\"1024\" src=\"https:\/\/www.primor.eu\/blog\/wp-content\/uploads\/2025\/03\/6-2-819x1024.jpg\" alt=\"\" class=\"wp-image-122985\" style=\"width:1049px;height:auto\" srcset=\"https:\/\/www.primor.eu\/blog\/wp-content\/uploads\/2025\/03\/6-2-819x1024.jpg 819w, https:\/\/www.primor.eu\/blog\/wp-content\/uploads\/2025\/03\/6-2-240x300.jpg 240w, https:\/\/www.primor.eu\/blog\/wp-content\/uploads\/2025\/03\/6-2-768x960.jpg 768w, https:\/\/www.primor.eu\/blog\/wp-content\/uploads\/2025\/03\/6-2-750x938.jpg 750w, https:\/\/www.primor.eu\/blog\/wp-content\/uploads\/2025\/03\/6-2.jpg 1088w\" sizes=\"(max-width: 819px) 100vw, 819px\" \/><\/figure>\n\n\n\n<p>Fuente Instagram: @glamcatt<\/p>\n\n\n\n<p>Pero si hay un corte que sea femenino y hasta con un toque felino dentro de esta lista de cortes de pelo para mujeres esta primavera, es este cuyo nombre explica perfectamente su efecto. Se le llama mariposa porque crea el efecto de las alas de una mariposa con las m\u00faltiples capas y la escala delantera, \u00a1solo para divas! Si eres una de ellas, seguro que te apetece probarlo\u2026<\/p>\n\n\n<div class=\"kk-star-ratings kksr-auto kksr-align-center kksr-valign-bottom\"\n    data-payload='{&quot;align&quot;:&quot;center&quot;,&quot;id&quot;:&quot;122970&quot;,&quot;slug&quot;:&quot;default&quot;,&quot;valign&quot;:&quot;bottom&quot;,&quot;ignore&quot;:&quot;&quot;,&quot;reference&quot;:&quot;auto&quot;,&quot;class&quot;:&quot;&quot;,&quot;count&quot;:&quot;0&quot;,&quot;legendonly&quot;:&quot;&quot;,&quot;readonly&quot;:&quot;&quot;,&quot;score&quot;:&quot;0&quot;,&quot;starsonly&quot;:&quot;&quot;,&quot;best&quot;:&quot;5&quot;,&quot;gap&quot;:&quot;5&quot;,&quot;greet&quot;:&quot;Valora este art\u00edculo&quot;,&quot;legend&quot;:&quot;0\\\/5 - (0 votos)&quot;,&quot;size&quot;:&quot;24&quot;,&quot;title&quot;:&quot;Los 6 mejores cortes de pelo para mujeres de esta primavera 2026&quot;,&quot;width&quot;:&quot;0&quot;,&quot;_legend&quot;:&quot;{score}\\\/{best} - ({count} {votes})&quot;,&quot;font_factor&quot;:&quot;1.25&quot;}'>\n            \n<div class=\"kksr-stars\">\n    \n<div class=\"kksr-stars-inactive\">\n            <div class=\"kksr-star\" data-star=\"1\" style=\"padding-right: 5px\">\n            \n\n<div class=\"kksr-icon\" style=\"width: 24px; height: 24px;\"><\/div>\n        <\/div>\n            <div class=\"kksr-star\" data-star=\"2\" style=\"padding-right: 5px\">\n            \n\n<div class=\"kksr-icon\" style=\"width: 24px; height: 24px;\"><\/div>\n        <\/div>\n            <div class=\"kksr-star\" data-star=\"3\" style=\"padding-right: 5px\">\n            \n\n<div class=\"kksr-icon\" style=\"width: 24px; height: 24px;\"><\/div>\n        <\/div>\n            <div class=\"kksr-star\" data-star=\"4\" style=\"padding-right: 5px\">\n            \n\n<div class=\"kksr-icon\" style=\"width: 24px; height: 24px;\"><\/div>\n        <\/div>\n            <div class=\"kksr-star\" data-star=\"5\" style=\"padding-right: 5px\">\n            \n\n<div class=\"kksr-icon\" style=\"width: 24px; height: 24px;\"><\/div>\n        <\/div>\n    <\/div>\n    \n<div class=\"kksr-stars-active\" style=\"width: 0px;\">\n            <div class=\"kksr-star\" style=\"padding-right: 5px\">\n            \n\n<div class=\"kksr-icon\" style=\"width: 24px; height: 24px;\"><\/div>\n        <\/div>\n            <div class=\"kksr-star\" style=\"padding-right: 5px\">\n            \n\n<div class=\"kksr-icon\" style=\"width: 24px; height: 24px;\"><\/div>\n        <\/div>\n            <div class=\"kksr-star\" style=\"padding-right: 5px\">\n            \n\n<div class=\"kksr-icon\" style=\"width: 24px; height: 24px;\"><\/div>\n        <\/div>\n            <div class=\"kksr-star\" style=\"padding-right: 5px\">\n            \n\n<div class=\"kksr-icon\" style=\"width: 24px; height: 24px;\"><\/div>\n        <\/div>\n            <div class=\"kksr-star\" style=\"padding-right: 5px\">\n            \n\n<div class=\"kksr-icon\" style=\"width: 24px; height: 24px;\"><\/div>\n        <\/div>\n    <\/div>\n<\/div>\n                \n\n<div class=\"kksr-legend\" style=\"font-size: 19.2px;\">\n            <span class=\"kksr-muted\">Valora este art\u00edculo<\/span>\n    <\/div>\n    <\/div>\n","protected":false},"excerpt":{"rendered":"<p>Los cortes de pelo para mujeres esta primavera en tendencia, son varios. Vamos a ver principalmente seis que son los que m\u00e1s est\u00e1n pegando en redes sociales y revistas de moda. Solo te vamos a decir algo. La tendencia en cortes de pelo para mujeres esta primavera la marcan sobre todo la androginia y la [&hellip;]<\/p>\n","protected":false},"author":30,"featured_media":122977,"comment_status":"closed","ping_status":"closed","sticky":false,"template":"","format":"standard","meta":{"jnews-multi-image_gallery":[],"jnews_single_post":{"format":"standard"},"jnews_primary_category":[],"jnews_social_meta":[],"jnews_override_counter":[],"footnotes":""},"categories":[35],"tags":[],"class_list":["post-122970","post","type-post","status-publish","format-standard","has-post-thumbnail","hentry","category-cabello"],"_links":{"self":[{"href":"https:\/\/www.primor.eu\/blog\/wp-json\/wp\/v2\/posts\/122970","targetHints":{"allow":["GET"]}}],"collection":[{"href":"https:\/\/www.primor.eu\/blog\/wp-json\/wp\/v2\/posts"}],"about":[{"href":"https:\/\/www.primor.eu\/blog\/wp-json\/wp\/v2\/types\/post"}],"author":[{"embeddable":true,"href":"https:\/\/www.primor.eu\/blog\/wp-json\/wp\/v2\/users\/30"}],"replies":[{"embeddable":true,"href":"https:\/\/www.primor.eu\/blog\/wp-json\/wp\/v2\/comments?post=122970"}],"version-history":[{"count":4,"href":"https:\/\/www.primor.eu\/blog\/wp-json\/wp\/v2\/posts\/122970\/revisions"}],"predecessor-version":[{"id":140202,"href":"https:\/\/www.primor.eu\/blog\/wp-json\/wp\/v2\/posts\/122970\/revisions\/140202"}],"wp:featuredmedia":[{"embeddable":true,"href":"https:\/\/www.primor.eu\/blog\/wp-json\/wp\/v2\/media\/122977"}],"wp:attachment":[{"href":"https:\/\/www.primor.eu\/blog\/wp-json\/wp\/v2\/media?parent=122970"}],"wp:term":[{"taxonomy":"category","embeddable":true,"href":"https:\/\/www.primor.eu\/blog\/wp-json\/wp\/v2\/categories?post=122970"},{"taxonomy":"post_tag","embeddable":true,"href":"https:\/\/www.primor.eu\/blog\/wp-json\/wp\/v2\/tags?post=122970"}],"curies":[{"name":"wp","href":"https:\/\/api.w.org\/{rel}","templated":true}]}}