{"id":122743,"date":"2025-03-05T10:00:28","date_gmt":"2025-03-05T10:00:28","guid":{"rendered":"https:\/\/www.primor.eu\/blog\/?p=122743"},"modified":"2025-03-01T10:14:43","modified_gmt":"2025-03-01T10:14:43","slug":"origen-dia-del-padre","status":"publish","type":"post","link":"https:\/\/www.primor.eu\/blog\/origen-dia-del-padre\/","title":{"rendered":"Cu\u00e1l es el origen del D\u00eda del Padre y por qu\u00e9 se celebra el 19 de marzo"},"content":{"rendered":"\n<p>Cada a\u00f1o, el <strong>19 de marzo<\/strong>, muchas familias se re\u00fanen para celebrar el <strong>D\u00eda del Padre<\/strong>. Es una fecha en la que honramos a esas figuras paternas que nos han acompa\u00f1ado con su amor, consejos y paciencia infinita. Pero, \u00bfalguna vez te has preguntado de d\u00f3nde viene esta tradici\u00f3n y por qu\u00e9 se celebra en esta fecha? Prep\u00e1rate para un viaje al pasado porque la historia y el origen del D\u00eda del Padre es m\u00e1s interesante de lo que imaginas; y te lo contamos en este art\u00edculo de Primor.<\/p>\n\n\n\n<h2 class=\"wp-block-heading\">El origen del D\u00eda del Padre, \u00bfy si te dijera que es religioso?<\/h2>\n\n\n\n<p><strong>El 19 de marzo no es una fecha escogida al azar.<\/strong> En pa\u00edses de <strong>tradici\u00f3n cat\u00f3lica<\/strong>, como Espa\u00f1a, Italia y Portugal, esta celebraci\u00f3n coincide con<strong> el d\u00eda de San Jos\u00e9,<\/strong> el padre terrenal de Jes\u00fas. San Jos\u00e9 es un s\u00edmbolo de humildad, trabajo y dedicaci\u00f3n, lo que llev\u00f3 a la Iglesia a convertir este d\u00eda en un homenaje a todos los padres.<\/p>\n\n\n\n<p>La festividad comenz\u00f3 a popularizarse en Europa y, con el tiempo, se extendi\u00f3 a otras partes del mundo. En algunos pa\u00edses, la fecha var\u00eda, como en Estados Unidos, donde se celebra en junio, pero el esp\u00edritu de la conmemoraci\u00f3n sigue siendo el mismo: reconocer la labor de los padres en la crianza y el bienestar de sus hijos.&nbsp;<\/p>\n\n\n\n<h2 class=\"wp-block-heading\">\u00bfC\u00f3mo empez\u00f3 la celebraci\u00f3n en Espa\u00f1a?<\/h2>\n\n\n\n<p>Aunque el D\u00eda del Padre <strong>tiene ra\u00edces religiosas<\/strong>, su celebraci\u00f3n tal y como la conocemos hoy en Espa\u00f1a tiene un origen m\u00e1s <strong>reciente<\/strong>. Fue en 1948 cuando <strong>Manuela Vicente Ferrero<\/strong>, una maestra de una escuela en Madrid, decidi\u00f3 organizar un d\u00eda especial para homenajear a los <strong>padres de sus alumnas<\/strong>, inspirada en el D\u00eda de la Madre. Su iniciativa tuvo tanto \u00e9xito que, poco a poco, la idea se extendi\u00f3 y se convirti\u00f3 en una festividad nacional.<\/p>\n\n\n\n<h2 class=\"wp-block-heading\">\u00bfC\u00f3mo se celebra el D\u00eda del Padre?<\/h2>\n\n\n\n<p>Cada pa\u00eds tiene sus propias costumbres, pero en Espa\u00f1a es habitual regalar detalles especiales, escribir cartas emotivas o simplemente pasar tiempo en familia. Desde perfumes hasta experiencias inolvidables, los regalos buscan agradecer el esfuerzo y el amor incondicional de los padres.<\/p>\n\n\n\n<p>En otras partes del mundo, la celebraci\u00f3n puede incluir desde comidas familiares hasta eventos comunitarios en honor a los padres. Y aunque los regalos materiales son un bonito gesto, lo m\u00e1s importante es reconocer el papel fundamental que juegan en nuestras vidas.<\/p>\n\n\n\n<h2 class=\"wp-block-heading\">Un d\u00eda para recordar<\/h2>\n\n\n\n<p>M\u00e1s all\u00e1 de las fechas y las tradiciones, el D\u00eda del Padre es una oportunidad para reflexionar sobre la importancia de la figura paterna y expresar nuestro cari\u00f1o de una manera especial. Ya sea con un abrazo, unas palabras sentidas o un peque\u00f1o detalle, lo importante es demostrarles cu\u00e1nto los valoramos. As\u00ed que este 19 de marzo, no olvides celebrar a lo grande a ese hombre que ha estado siempre a tu lado.<\/p>\n\n\n<div class=\"kk-star-ratings kksr-auto kksr-align-center kksr-valign-bottom\"\n    data-payload='{&quot;align&quot;:&quot;center&quot;,&quot;id&quot;:&quot;122743&quot;,&quot;slug&quot;:&quot;default&quot;,&quot;valign&quot;:&quot;bottom&quot;,&quot;ignore&quot;:&quot;&quot;,&quot;reference&quot;:&quot;auto&quot;,&quot;class&quot;:&quot;&quot;,&quot;count&quot;:&quot;0&quot;,&quot;legendonly&quot;:&quot;&quot;,&quot;readonly&quot;:&quot;&quot;,&quot;score&quot;:&quot;0&quot;,&quot;starsonly&quot;:&quot;&quot;,&quot;best&quot;:&quot;5&quot;,&quot;gap&quot;:&quot;5&quot;,&quot;greet&quot;:&quot;Valora este art\u00edculo&quot;,&quot;legend&quot;:&quot;0\\\/5 - (0 votos)&quot;,&quot;size&quot;:&quot;24&quot;,&quot;title&quot;:&quot;Cu\u00e1l es el origen del D\u00eda del Padre y por qu\u00e9 se celebra el 19 de marzo&quot;,&quot;width&quot;:&quot;0&quot;,&quot;_legend&quot;:&quot;{score}\\\/{best} - ({count} {votes})&quot;,&quot;font_factor&quot;:&quot;1.25&quot;}'>\n            \n<div class=\"kksr-stars\">\n    \n<div class=\"kksr-stars-inactive\">\n            <div class=\"kksr-star\" data-star=\"1\" style=\"padding-right: 5px\">\n            \n\n<div class=\"kksr-icon\" style=\"width: 24px; height: 24px;\"><\/div>\n        <\/div>\n            <div class=\"kksr-star\" data-star=\"2\" style=\"padding-right: 5px\">\n            \n\n<div class=\"kksr-icon\" style=\"width: 24px; height: 24px;\"><\/div>\n        <\/div>\n            <div class=\"kksr-star\" data-star=\"3\" style=\"padding-right: 5px\">\n            \n\n<div class=\"kksr-icon\" style=\"width: 24px; height: 24px;\"><\/div>\n        <\/div>\n            <div class=\"kksr-star\" data-star=\"4\" style=\"padding-right: 5px\">\n            \n\n<div class=\"kksr-icon\" style=\"width: 24px; height: 24px;\"><\/div>\n        <\/div>\n            <div class=\"kksr-star\" data-star=\"5\" style=\"padding-right: 5px\">\n            \n\n<div class=\"kksr-icon\" style=\"width: 24px; height: 24px;\"><\/div>\n        <\/div>\n    <\/div>\n    \n<div class=\"kksr-stars-active\" style=\"width: 0px;\">\n            <div class=\"kksr-star\" style=\"padding-right: 5px\">\n            \n\n<div class=\"kksr-icon\" style=\"width: 24px; height: 24px;\"><\/div>\n        <\/div>\n            <div class=\"kksr-star\" style=\"padding-right: 5px\">\n            \n\n<div class=\"kksr-icon\" style=\"width: 24px; height: 24px;\"><\/div>\n        <\/div>\n            <div class=\"kksr-star\" style=\"padding-right: 5px\">\n            \n\n<div class=\"kksr-icon\" style=\"width: 24px; height: 24px;\"><\/div>\n        <\/div>\n            <div class=\"kksr-star\" style=\"padding-right: 5px\">\n            \n\n<div class=\"kksr-icon\" style=\"width: 24px; height: 24px;\"><\/div>\n        <\/div>\n            <div class=\"kksr-star\" style=\"padding-right: 5px\">\n            \n\n<div class=\"kksr-icon\" style=\"width: 24px; height: 24px;\"><\/div>\n        <\/div>\n    <\/div>\n<\/div>\n                \n\n<div class=\"kksr-legend\" style=\"font-size: 19.2px;\">\n            <span class=\"kksr-muted\">Valora este art\u00edculo<\/span>\n    <\/div>\n    <\/div>\n","protected":false},"excerpt":{"rendered":"<p>Cada a\u00f1o, el 19 de marzo, muchas familias se re\u00fanen para celebrar el D\u00eda del Padre. Es una fecha en la que honramos a esas figuras paternas que nos han acompa\u00f1ado con su amor, consejos y paciencia infinita. Pero, \u00bfalguna vez te has preguntado de d\u00f3nde viene esta tradici\u00f3n y por qu\u00e9 se celebra en [&hellip;]<\/p>\n","protected":false},"author":14,"featured_media":122758,"comment_status":"closed","ping_status":"closed","sticky":false,"template":"","format":"standard","meta":{"jnews-multi-image_gallery":[],"jnews_single_post":{"format":"standard"},"jnews_primary_category":[],"jnews_social_meta":[],"jnews_override_counter":[],"footnotes":""},"categories":[6299],"tags":[],"class_list":["post-122743","post","type-post","status-publish","format-standard","has-post-thumbnail","hentry","category-bienestar"],"_links":{"self":[{"href":"https:\/\/www.primor.eu\/blog\/wp-json\/wp\/v2\/posts\/122743","targetHints":{"allow":["GET"]}}],"collection":[{"href":"https:\/\/www.primor.eu\/blog\/wp-json\/wp\/v2\/posts"}],"about":[{"href":"https:\/\/www.primor.eu\/blog\/wp-json\/wp\/v2\/types\/post"}],"author":[{"embeddable":true,"href":"https:\/\/www.primor.eu\/blog\/wp-json\/wp\/v2\/users\/14"}],"replies":[{"embeddable":true,"href":"https:\/\/www.primor.eu\/blog\/wp-json\/wp\/v2\/comments?post=122743"}],"version-history":[{"count":1,"href":"https:\/\/www.primor.eu\/blog\/wp-json\/wp\/v2\/posts\/122743\/revisions"}],"predecessor-version":[{"id":122775,"href":"https:\/\/www.primor.eu\/blog\/wp-json\/wp\/v2\/posts\/122743\/revisions\/122775"}],"wp:featuredmedia":[{"embeddable":true,"href":"https:\/\/www.primor.eu\/blog\/wp-json\/wp\/v2\/media\/122758"}],"wp:attachment":[{"href":"https:\/\/www.primor.eu\/blog\/wp-json\/wp\/v2\/media?parent=122743"}],"wp:term":[{"taxonomy":"category","embeddable":true,"href":"https:\/\/www.primor.eu\/blog\/wp-json\/wp\/v2\/categories?post=122743"},{"taxonomy":"post_tag","embeddable":true,"href":"https:\/\/www.primor.eu\/blog\/wp-json\/wp\/v2\/tags?post=122743"}],"curies":[{"name":"wp","href":"https:\/\/api.w.org\/{rel}","templated":true}]}}