{"id":122631,"date":"2026-03-10T11:11:19","date_gmt":"2026-03-10T11:11:19","guid":{"rendered":"https:\/\/www.primor.eu\/blog\/?p=122631"},"modified":"2026-03-10T11:11:21","modified_gmt":"2026-03-10T11:11:21","slug":"como-crear-kit-dia-del-padre","status":"publish","type":"post","link":"https:\/\/www.primor.eu\/blog\/como-crear-kit-dia-del-padre\/","title":{"rendered":"Crea el kit perfecto para regalar en el D\u00eda del Padre: todo lo que debe tener"},"content":{"rendered":"\n<p>Si est\u00e1s pensando en crear un <strong>kit para el <a href=\"https:\/\/www.primor.eu\/es_es\/regalos-originales-dia-del-padre\" data-type=\"link\" data-id=\"https:\/\/www.primor.eu\/es_es\/regalos-originales-dia-del-padre?srsltid=AfmBOopHx-PNd2gfmL2HjxqalAsKTqoMygvBUBKcqakerIh5rjP4IrF5\">D\u00eda del Padre<\/a><\/strong> para ofrecerle a esa persona tan especial un regalo de autocuidado, te decimos que es una idea perfecta y original. Muchas veces no hay tanta cultura de cuidado y mimo de la piel o el cabello en los hombres, aunque cada vez la hay m\u00e1s.<\/p>\n\n\n\n<p>Por eso un kit para el D\u00eda del Padre puede ser un regalo genial ya seas su hijo\/a o su pareja y quieras que esa persona que tanto quieres y tanto te da, se dedique unos minutos diarios <strong>para cuidarse.<\/strong><\/p>\n\n\n\n<h2 class=\"wp-block-heading\">Lo que debe tener un kit para el D\u00eda del Padre<\/h2>\n\n\n\n<p>Un kit para el D\u00eda del Padre es aquel que re\u00fane los productos para el rinc\u00f3n beauty de un hombre. Estos son algunos para el cuidado facial, por ejemplo, pero tambi\u00e9n para el cuidado de la barba o el cabello. Te contamos los imprescindibles que deber\u00eda tener un kit para el D\u00eda del Padre:<\/p>\n\n\n\n<ul class=\"wp-block-list\">\n<li><strong>Un perfume<\/strong>: que sepas que le guste y que siempre haya llevado o que creas que le va a gustar, aunque es un regalo muy personal si conoces sus gustos, te puedes arriesgar.<\/li>\n\n\n\n<li><strong>Productos de cuidado facial<\/strong>: como una crema hidratante o un s\u00e9rum para pieles masculinas.<\/li>\n\n\n\n<li><strong>Productos para el afeitado<\/strong> o la barba y el bigote: como aceite para barba, una buena cuchilla de afeitar y una espuma.<\/li>\n<\/ul>\n\n\n\n<h2 class=\"wp-block-heading\">Productos para tu kit para el D\u00eda del Padre<\/h2>\n\n\n        <product-table class=\"pr-slider\">\r\n            <product-headers class=\"grid-table-rows\">\r\n                <div>Foto<\/div>\r\n                <div>Producto<\/div>\r\n                <div>Marca<\/div>\r\n                <div>Valoraciones<\/div>\r\n                <div>Precio<\/div>\r\n            <\/product-headers>\r\n\r\n            <product-list>\r\n                                    <a href=\"https:\/\/www.primor.eu\/es_es\/hugo-boss-boss-bottled-edt-112267.html?#854=66330\" class=\"product-item grid-table-rows\" target=\"_blank\">\r\n                        <div>\r\n                            <img decoding=\"async\" class=\"product-img\" width=\"80px\" height=\"80px\" src=\"https:\/\/cdn2.primor.eu\/media\/catalog\/product\/cache\/8d3aba296f7a18b5251ee30fa5db42b2\/M\/A\/MAIN_737052351018_48b7.jpeg\" alt=\"Boss Bottled EDT\">\r\n                        <\/div>\r\n\r\n                        <!-- Contenido de producto  -->\r\n                        <div>\r\n                            <div class=\"product-position\">\r\n                                #1 Top Ventas                            <\/div>\r\n\r\n                            <h2>\r\n                                Boss Bottled EDT                            <\/h2>\r\n                        <\/div>\r\n\r\n                        <!-- Imagen y\/o nombre de la marca -->\r\n                        <div>\r\n                                                            <img decoding=\"async\" width=\"70\" src=\"https:\/\/www.primor.eu\/media\/catalog\/category\/HBO_ALV_PARF_23_Logo_House.manualRendition.png\" alt=\"Hugo Boss\">\r\n                                                    <\/div>\r\n\r\n                        <!-- Puntuaci\u00f3n del producto  -->\r\n                        <div class=\"rating\">\r\n                                                            <div class=\"rate\" style=\"--p:96;\"><\/div>\r\n                                <b>4.8\/5<\/b>\r\n                                <div class=\"rate-stars\">\r\n                                                                            <div\r\n                                            class=\"rate-star  \">\r\n                                        <\/div>\r\n                                                                            <div\r\n                                            class=\"rate-star  \">\r\n                                        <\/div>\r\n                                                                            <div\r\n                                            class=\"rate-star  \">\r\n                                        <\/div>\r\n                                                                            <div\r\n                                            class=\"rate-star  \">\r\n                                        <\/div>\r\n                                                                            <div\r\n                                            class=\"rate-star  \">\r\n                                        <\/div>\r\n                                                                    <\/div>\r\n                                                    <\/div>\r\n\r\n                        <!-- Bot\u00f3n de producto  -->\r\n                        <div>\r\n                            <span class=\"price-claim\">\r\n                                VER PRECIO                            <\/span>\r\n                        <\/div>\r\n                    <\/a>\r\n                                    <a href=\"https:\/\/www.primor.eu\/es_es\/kiehl-s-micro-dose-anti-aging-retinol-serum-with-ceramides-and-peptide-serum-antiedad-106328.html?#854=66334\" class=\"product-item grid-table-rows\" target=\"_blank\">\r\n                        <div>\r\n                            <img decoding=\"async\" class=\"product-img\" width=\"80px\" height=\"80px\" src=\"https:\/\/cdn2.primor.eu\/media\/catalog\/product\/cache\/8d3aba296f7a18b5251ee30fa5db42b2\/0\/T\/0TF21314_1_0514.jpg\" alt=\"Micro-Dose Anti-Aging Retinol Serum with Ceramides and Peptide Serum Antiedad\">\r\n                        <\/div>\r\n\r\n                        <!-- Contenido de producto  -->\r\n                        <div>\r\n                            <div class=\"product-position\">\r\n                                #2                            <\/div>\r\n\r\n                            <h2>\r\n                                Micro-Dose Anti-Aging Retinol Serum with Ceramides and Peptide Serum Antiedad                            <\/h2>\r\n                        <\/div>\r\n\r\n                        <!-- Imagen y\/o nombre de la marca -->\r\n                        <div>\r\n                                                            <img decoding=\"async\" width=\"70\" src=\"https:\/\/www.primor.eu\/media\/catalog\/category\/Kiehls.png\" alt=\"Kiehl s\">\r\n                                                    <\/div>\r\n\r\n                        <!-- Puntuaci\u00f3n del producto  -->\r\n                        <div class=\"rating\">\r\n                                                            <div class=\"rate\" style=\"--p:96;\"><\/div>\r\n                                <b>4.8\/5<\/b>\r\n                                <div class=\"rate-stars\">\r\n                                                                            <div\r\n                                            class=\"rate-star  \">\r\n                                        <\/div>\r\n                                                                            <div\r\n                                            class=\"rate-star  \">\r\n                                        <\/div>\r\n                                                                            <div\r\n                                            class=\"rate-star  \">\r\n                                        <\/div>\r\n                                                                            <div\r\n                                            class=\"rate-star  \">\r\n                                        <\/div>\r\n                                                                            <div\r\n                                            class=\"rate-star  \">\r\n                                        <\/div>\r\n                                                                    <\/div>\r\n                                                    <\/div>\r\n\r\n                        <!-- Bot\u00f3n de producto  -->\r\n                        <div>\r\n                            <span class=\"price-claim\">\r\n                                VER PRECIO                            <\/span>\r\n                        <\/div>\r\n                    <\/a>\r\n                                    <a href=\"https:\/\/www.primor.eu\/es_es\/nivea-gym-pack-para-hombres-132895.html\" class=\"product-item grid-table-rows\" target=\"_blank\">\r\n                        <div>\r\n                            <img decoding=\"async\" class=\"product-img\" width=\"80px\" height=\"80px\" src=\"https:\/\/cdn2.primor.eu\/media\/catalog\/product\/cache\/8d3aba296f7a18b5251ee30fa5db42b2\/8\/4\/8412300054621_4754.jpg\" alt=\"Gym Pack para Hombres\">\r\n                        <\/div>\r\n\r\n                        <!-- Contenido de producto  -->\r\n                        <div>\r\n                            <div class=\"product-position\">\r\n                                #3                            <\/div>\r\n\r\n                            <h2>\r\n                                Gym Pack para Hombres                            <\/h2>\r\n                        <\/div>\r\n\r\n                        <!-- Imagen y\/o nombre de la marca -->\r\n                        <div>\r\n                                                            <img decoding=\"async\" width=\"70\" src=\"https:\/\/www.primor.eu\/media\/catalog\/category\/nivea.png\" alt=\"\">\r\n                                                    <\/div>\r\n\r\n                        <!-- Puntuaci\u00f3n del producto  -->\r\n                        <div class=\"rating\">\r\n                                                            <div class=\"rate\" style=\"--p:90;\"><\/div>\r\n                                <b>4.5\/5<\/b>\r\n                                <div class=\"rate-stars\">\r\n                                                                            <div\r\n                                            class=\"rate-star  \">\r\n                                        <\/div>\r\n                                                                            <div\r\n                                            class=\"rate-star  \">\r\n                                        <\/div>\r\n                                                                            <div\r\n                                            class=\"rate-star  \">\r\n                                        <\/div>\r\n                                                                            <div\r\n                                            class=\"rate-star  \">\r\n                                        <\/div>\r\n                                                                            <div\r\n                                            class=\"rate-star  middle\">\r\n                                        <\/div>\r\n                                                                    <\/div>\r\n                                                    <\/div>\r\n\r\n                        <!-- Bot\u00f3n de producto  -->\r\n                        <div>\r\n                            <span class=\"price-claim\">\r\n                                VER PRECIO                            <\/span>\r\n                        <\/div>\r\n                    <\/a>\r\n                                    <a href=\"https:\/\/www.primor.eu\/es_es\/philips-oneblade-pack-original-blade-recambio-360-99157.html\" class=\"product-item grid-table-rows\" target=\"_blank\">\r\n                        <div>\r\n                            <img decoding=\"async\" class=\"product-img\" width=\"80px\" height=\"80px\" src=\"https:\/\/cdn2.primor.eu\/media\/catalog\/product\/cache\/8d3aba296f7a18b5251ee30fa5db42b2\/O\/n\/OneBlade_cd66.JPG\" alt=\"OneBlade Pack Original Blade + Recambio 360\u00ba\">\r\n                        <\/div>\r\n\r\n                        <!-- Contenido de producto  -->\r\n                        <div>\r\n                            <div class=\"product-position\">\r\n                                #4                            <\/div>\r\n\r\n                            <h2>\r\n                                OneBlade Pack Original Blade + Recambio 360\u00ba                            <\/h2>\r\n                        <\/div>\r\n\r\n                        <!-- Imagen y\/o nombre de la marca -->\r\n                        <div>\r\n                                                            <img decoding=\"async\" width=\"70\" src=\"https:\/\/www.primor.eu\/media\/catalog\/category\/771.jpg\" alt=\"\">\r\n                                                    <\/div>\r\n\r\n                        <!-- Puntuaci\u00f3n del producto  -->\r\n                        <div class=\"rating\">\r\n                                                            <div class=\"rate\" style=\"--p:100;\"><\/div>\r\n                                <b>5\/5<\/b>\r\n                                <div class=\"rate-stars\">\r\n                                                                            <div\r\n                                            class=\"rate-star  \">\r\n                                        <\/div>\r\n                                                                            <div\r\n                                            class=\"rate-star  \">\r\n                                        <\/div>\r\n                                                                            <div\r\n                                            class=\"rate-star  \">\r\n                                        <\/div>\r\n                                                                            <div\r\n                                            class=\"rate-star  \">\r\n                                        <\/div>\r\n                                                                            <div\r\n                                            class=\"rate-star  \">\r\n                                        <\/div>\r\n                                                                    <\/div>\r\n                                                    <\/div>\r\n\r\n                        <!-- Bot\u00f3n de producto  -->\r\n                        <div>\r\n                            <span class=\"price-claim\">\r\n                                VER PRECIO                            <\/span>\r\n                        <\/div>\r\n                    <\/a>\r\n                                    <a href=\"https:\/\/www.primor.eu\/es_es\/dior-sauvage-kit-ritual-de-tratamiento-122105.html\" class=\"product-item grid-table-rows\" target=\"_blank\">\r\n                        <div>\r\n                            <img decoding=\"async\" class=\"product-img\" width=\"80px\" height=\"80px\" src=\"https:\/\/cdn2.primor.eu\/media\/catalog\/product\/cache\/8d3aba296f7a18b5251ee30fa5db42b2\/3\/3\/3348901749244_c7f8.jpg\" alt=\"Sauvage Kit Ritual de Tratamiento\">\r\n                        <\/div>\r\n\r\n                        <!-- Contenido de producto  -->\r\n                        <div>\r\n                            <div class=\"product-position\">\r\n                                #5                            <\/div>\r\n\r\n                            <h2>\r\n                                Sauvage Kit Ritual de Tratamiento                            <\/h2>\r\n                        <\/div>\r\n\r\n                        <!-- Imagen y\/o nombre de la marca -->\r\n                        <div>\r\n                                                            <p class=\"brand-name\"><b><\/b><\/p>\r\n                                                    <\/div>\r\n\r\n                        <!-- Puntuaci\u00f3n del producto  -->\r\n                        <div class=\"rating\">\r\n                                                            <div class=\"rate\" style=\"--p:80;\"><\/div>\r\n                                <b>4\/5<\/b>\r\n                                <div class=\"rate-stars\">\r\n                                                                            <div\r\n                                            class=\"rate-star  \">\r\n                                        <\/div>\r\n                                                                            <div\r\n                                            class=\"rate-star  \">\r\n                                        <\/div>\r\n                                                                            <div\r\n                                            class=\"rate-star  \">\r\n                                        <\/div>\r\n                                                                            <div\r\n                                            class=\"rate-star  \">\r\n                                        <\/div>\r\n                                                                            <div\r\n                                            class=\"rate-star disable \">\r\n                                        <\/div>\r\n                                                                    <\/div>\r\n                                                    <\/div>\r\n\r\n                        <!-- Bot\u00f3n de producto  -->\r\n                        <div>\r\n                            <span class=\"price-claim\">\r\n                                VER PRECIO                            <\/span>\r\n                        <\/div>\r\n                    <\/a>\r\n                            <\/product-list>\r\n        <\/product-table>\r\n\r\n        \n\n\n\n<h3 class=\"wp-block-heading\">Boss Bottled EDT de Hugo Boss<\/h3>\n\n\n\n<p>Inspirado en los esp\u00edritus masculinos, ecl\u00e9cticos y misteriosos, Boss Bottled EDT con un aroma fresco y amaderado, redefine los c\u00f3digos de la masculinidad, en l\u00ednea con la filosof\u00eda de su campa\u00f1a, \u201cMan of Today\u201d (Hombre de Hoy). El objetivo es motivar a cada hombre a expresar su aut\u00e9ntico ser a trav\u00e9s de sus acciones, valores y una fragancia que haga la diferencia.<\/p>\n\n\n    <a class='product' target='_blank' href='https:\/\/www.primor.eu\/es_es\/hugo-boss-boss-bottled-edt-112267.html?#854=66330'>\r\n        <img loading='async' src='https:\/\/cdn2.primor.eu\/media\/catalog\/product\/cache\/8d3aba296f7a18b5251ee30fa5db42b2\/M\/A\/MAIN_737052351018_48b7.jpeg' alt='COMPRAR AHORA'>\r\n            <div class=\"claim\">\r\n                COMPRAR AHORA            <\/div>\r\n        <\/a>\r\n    \n\n\n<h3 class=\"wp-block-heading\">Micro-Dose Anti-Aging Retinol Serum with Ceramides and Peptide Serum Antiedad de Kiehl\u2019s<\/h3>\n\n\n\n<p>Est\u00e1 formulado con retinol puro en una micro dosis diaria, junto con ceramidas y p\u00e9ptidos, para promover la renovaci\u00f3n suave de la superficie de la piel para una piel de aspecto juvenil. La formulaci\u00f3n precisa de microdosis de Serum Antiedad de Retinol, Ceramidas y P\u00e9ptidos ofrece resultados visibles con un m\u00ednimo de enrojecimiento, sequedad o descamaci\u00f3n visibles. Las arrugas se reducen visiblemente, la piel est\u00e1 m\u00e1s firme, los poros aparecen minimizados y el tono y la textura de la piel son m\u00e1s uniformes.<\/p>\n\n\n    <a class='product' target='_blank' href='https:\/\/www.primor.eu\/es_es\/kiehl-s-micro-dose-anti-aging-retinol-serum-with-ceramides-and-peptide-serum-antiedad-106328.html?#854=66334'>\r\n        <img loading='async' src='https:\/\/cdn2.primor.eu\/media\/catalog\/product\/cache\/8d3aba296f7a18b5251ee30fa5db42b2\/0\/T\/0TF21314_1_0514.jpg' alt='COMPRAR AHORA'>\r\n            <div class=\"claim\">\r\n                COMPRAR AHORA            <\/div>\r\n        <\/a>\r\n    \n\n\n<h3 class=\"wp-block-heading\">Gym Pack para Hombres de Nivea<\/h3>\n\n\n\n<p>Re\u00fane los esenciales de cuidado masculino para acompa\u00f1arte en tu d\u00eda a d\u00eda, tanto en la rutina deportiva como en el cuidado personal. Este pack contiene:<\/p>\n\n\n\n<ul class=\"wp-block-list\">\n<li><strong>B\u00e1lsamo After Shave Sensitive (100 ml)<\/strong><\/li>\n\n\n\n<li><strong>Desodorante Black &amp; White Invisible Original Spray (200 ml)<\/strong><\/li>\n\n\n\n<li><strong>Gel de Ducha Cool Kick (250 ml)<\/strong><\/li>\n\n\n\n<li><strong>NIVEA MEN Creme (75 ml)<\/strong><\/li>\n<\/ul>\n\n\n    <a class='product' target='_blank' href='https:\/\/www.primor.eu\/es_es\/nivea-gym-pack-para-hombres-132895.html'>\r\n        <img loading='async' src='https:\/\/cdn2.primor.eu\/media\/catalog\/product\/cache\/8d3aba296f7a18b5251ee30fa5db42b2\/8\/4\/8412300054621_4754.jpg' alt='COMPRAR AHORA'>\r\n            <div class=\"claim\">\r\n                COMPRAR AHORA            <\/div>\r\n        <\/a>\r\n    \n\n\n<h3 class=\"wp-block-heading\">OneBlade Pack Original Blade + Recambio 360\u00ba de Philips<\/h3>\n\n\n\n<p>Su sistema de protecci\u00f3n doble que consiste en un revestimiento deslizante en combinaci\u00f3n con puntas redondeadas hace que el afeitado sea m\u00e1s f\u00e1cil y c\u00f3modo. Su tecnolog\u00eda de afeitado dispone de una unidad de corte r\u00e1pida realmente eficiente, incluso con el vello m\u00e1s largo.<\/p>\n\n\n\n<p>Se mueve en todas las direcciones para mantener un contacto constante sobre la piel, a la vez que garantiza el control en todo momento, incluso en las zonas m\u00e1s dif\u00edciles de alcanzar.<\/p>\n\n\n    <a class='product' target='_blank' href='https:\/\/www.primor.eu\/es_es\/philips-oneblade-pack-original-blade-recambio-360-99157.html'>\r\n        <img loading='async' src='https:\/\/cdn2.primor.eu\/media\/catalog\/product\/cache\/8d3aba296f7a18b5251ee30fa5db42b2\/O\/n\/OneBlade_cd66.JPG' alt='COMPRAR AHORA'>\r\n            <div class=\"claim\">\r\n                COMPRAR AHORA            <\/div>\r\n        <\/a>\r\n    \n\n\n<h3 class=\"wp-block-heading\">Sauvage Kit Ritual de Tratamiento de Dior<\/h3>\n\n\n\n<p>Este conjunto est\u00e1 compuesto por tres productos esenciales: un limpiador, una loci\u00f3n y un s\u00e9rum, dise\u00f1ados espec\u00edficamente para las necesidades de la piel masculina.<\/p>\n\n\n\n<p>En el primer paso de la rutina de cuidado facial masculino, el limpiador Sauvage, 45 ml, purifica la piel sin resecar, eliminando el exceso de sebo gracias a su f\u00f3rmula enriquecida con carb\u00f3n negro de origen natural. El segundo paso, la loci\u00f3n Sauvage de DIOR, 45 ml, energiza la piel y combate los signos de fatiga, dejando la piel m\u00e1s fresca y calmada despu\u00e9s del afeitado. Su extracto de cactus aporta una sensaci\u00f3n de confort. El tercer paso, el s\u00e9rum Sauvage de DIOR, 45 ml, hidrata la piel durante 100 horas y ayuda a reducir los primeros signos de la edad. Con aceite de cactus, refuerza la barrera cut\u00e1nea, dejando la piel revitalizada.<\/p>\n\n\n    <a class='product' target='_blank' href='https:\/\/www.primor.eu\/es_es\/dior-sauvage-kit-ritual-de-tratamiento-122105.html'>\r\n        <img loading='async' src='https:\/\/cdn2.primor.eu\/media\/catalog\/product\/cache\/8d3aba296f7a18b5251ee30fa5db42b2\/3\/3\/3348901749244_c7f8.jpg' alt='COMPRAR AHORA'>\r\n            <div class=\"claim\">\r\n                COMPRAR AHORA            <\/div>\r\n        <\/a>\r\n    \n\n<div class=\"kk-star-ratings kksr-auto kksr-align-center kksr-valign-bottom\"\n    data-payload='{&quot;align&quot;:&quot;center&quot;,&quot;id&quot;:&quot;122631&quot;,&quot;slug&quot;:&quot;default&quot;,&quot;valign&quot;:&quot;bottom&quot;,&quot;ignore&quot;:&quot;&quot;,&quot;reference&quot;:&quot;auto&quot;,&quot;class&quot;:&quot;&quot;,&quot;count&quot;:&quot;0&quot;,&quot;legendonly&quot;:&quot;&quot;,&quot;readonly&quot;:&quot;&quot;,&quot;score&quot;:&quot;0&quot;,&quot;starsonly&quot;:&quot;&quot;,&quot;best&quot;:&quot;5&quot;,&quot;gap&quot;:&quot;5&quot;,&quot;greet&quot;:&quot;Valora este art\u00edculo&quot;,&quot;legend&quot;:&quot;0\\\/5 - (0 votos)&quot;,&quot;size&quot;:&quot;24&quot;,&quot;title&quot;:&quot;Crea el kit perfecto para regalar en el D\u00eda del Padre: todo lo que debe tener&quot;,&quot;width&quot;:&quot;0&quot;,&quot;_legend&quot;:&quot;{score}\\\/{best} - ({count} {votes})&quot;,&quot;font_factor&quot;:&quot;1.25&quot;}'>\n            \n<div class=\"kksr-stars\">\n    \n<div class=\"kksr-stars-inactive\">\n            <div class=\"kksr-star\" data-star=\"1\" style=\"padding-right: 5px\">\n            \n\n<div class=\"kksr-icon\" style=\"width: 24px; height: 24px;\"><\/div>\n        <\/div>\n            <div class=\"kksr-star\" data-star=\"2\" style=\"padding-right: 5px\">\n            \n\n<div class=\"kksr-icon\" style=\"width: 24px; height: 24px;\"><\/div>\n        <\/div>\n            <div class=\"kksr-star\" data-star=\"3\" style=\"padding-right: 5px\">\n            \n\n<div class=\"kksr-icon\" style=\"width: 24px; height: 24px;\"><\/div>\n        <\/div>\n            <div class=\"kksr-star\" data-star=\"4\" style=\"padding-right: 5px\">\n            \n\n<div class=\"kksr-icon\" style=\"width: 24px; height: 24px;\"><\/div>\n        <\/div>\n            <div class=\"kksr-star\" data-star=\"5\" style=\"padding-right: 5px\">\n            \n\n<div class=\"kksr-icon\" style=\"width: 24px; height: 24px;\"><\/div>\n        <\/div>\n    <\/div>\n    \n<div class=\"kksr-stars-active\" style=\"width: 0px;\">\n            <div class=\"kksr-star\" style=\"padding-right: 5px\">\n            \n\n<div class=\"kksr-icon\" style=\"width: 24px; height: 24px;\"><\/div>\n        <\/div>\n            <div class=\"kksr-star\" style=\"padding-right: 5px\">\n            \n\n<div class=\"kksr-icon\" style=\"width: 24px; height: 24px;\"><\/div>\n        <\/div>\n            <div class=\"kksr-star\" style=\"padding-right: 5px\">\n            \n\n<div class=\"kksr-icon\" style=\"width: 24px; height: 24px;\"><\/div>\n        <\/div>\n            <div class=\"kksr-star\" style=\"padding-right: 5px\">\n            \n\n<div class=\"kksr-icon\" style=\"width: 24px; height: 24px;\"><\/div>\n        <\/div>\n            <div class=\"kksr-star\" style=\"padding-right: 5px\">\n            \n\n<div class=\"kksr-icon\" style=\"width: 24px; height: 24px;\"><\/div>\n        <\/div>\n    <\/div>\n<\/div>\n                \n\n<div class=\"kksr-legend\" style=\"font-size: 19.2px;\">\n            <span class=\"kksr-muted\">Valora este art\u00edculo<\/span>\n    <\/div>\n    <\/div>\n","protected":false},"excerpt":{"rendered":"<p>Si est\u00e1s pensando en crear un kit para el D\u00eda del Padre para ofrecerle a esa persona tan especial un regalo de autocuidado, te decimos que es una idea perfecta y original. Muchas veces no hay tanta cultura de cuidado y mimo de la piel o el cabello en los hombres, aunque cada vez la [&hellip;]<\/p>\n","protected":false},"author":30,"featured_media":122635,"comment_status":"closed","ping_status":"closed","sticky":false,"template":"","format":"standard","meta":{"jnews-multi-image_gallery":[],"jnews_single_post":{"format":"standard"},"jnews_primary_category":[],"jnews_social_meta":[],"jnews_override_counter":[],"footnotes":""},"categories":[6315],"tags":[],"class_list":["post-122631","post","type-post","status-publish","format-standard","has-post-thumbnail","hentry","category-campanas"],"_links":{"self":[{"href":"https:\/\/www.primor.eu\/blog\/wp-json\/wp\/v2\/posts\/122631","targetHints":{"allow":["GET"]}}],"collection":[{"href":"https:\/\/www.primor.eu\/blog\/wp-json\/wp\/v2\/posts"}],"about":[{"href":"https:\/\/www.primor.eu\/blog\/wp-json\/wp\/v2\/types\/post"}],"author":[{"embeddable":true,"href":"https:\/\/www.primor.eu\/blog\/wp-json\/wp\/v2\/users\/30"}],"replies":[{"embeddable":true,"href":"https:\/\/www.primor.eu\/blog\/wp-json\/wp\/v2\/comments?post=122631"}],"version-history":[{"count":3,"href":"https:\/\/www.primor.eu\/blog\/wp-json\/wp\/v2\/posts\/122631\/revisions"}],"predecessor-version":[{"id":140135,"href":"https:\/\/www.primor.eu\/blog\/wp-json\/wp\/v2\/posts\/122631\/revisions\/140135"}],"wp:featuredmedia":[{"embeddable":true,"href":"https:\/\/www.primor.eu\/blog\/wp-json\/wp\/v2\/media\/122635"}],"wp:attachment":[{"href":"https:\/\/www.primor.eu\/blog\/wp-json\/wp\/v2\/media?parent=122631"}],"wp:term":[{"taxonomy":"category","embeddable":true,"href":"https:\/\/www.primor.eu\/blog\/wp-json\/wp\/v2\/categories?post=122631"},{"taxonomy":"post_tag","embeddable":true,"href":"https:\/\/www.primor.eu\/blog\/wp-json\/wp\/v2\/tags?post=122631"}],"curies":[{"name":"wp","href":"https:\/\/api.w.org\/{rel}","templated":true}]}}