{"id":122497,"date":"2025-03-02T21:00:00","date_gmt":"2025-03-02T21:00:00","guid":{"rendered":"https:\/\/www.primor.eu\/blog\/?p=122497"},"modified":"2025-02-25T10:54:25","modified_gmt":"2025-02-25T10:54:25","slug":"consejos-afeitado-piel-sensible","status":"publish","type":"post","link":"https:\/\/www.primor.eu\/blog\/consejos-afeitado-piel-sensible\/","title":{"rendered":"Si tienes la piel sensible, necesitas tener en cuenta estos consejos en el afeitado"},"content":{"rendered":"\n<p>Si necesitas un <strong>afeitado para piel sensible<\/strong>, has de tener en cuenta que tus<strong> rutinas y productos <\/strong>tendr\u00e1n que adaptarse a \u00e9l. Tener la piel sensible implica andar con mucho m\u00e1s cuidado a la hora de <a href=\"https:\/\/www.primor.eu\/blog\/como-afeitarse-correctamente\/?srsltid=AfmBOooYZnk67KDB8J0PxiooikDBt6BIptGu1dL7lefWVOSA-lv3pR4A\" data-type=\"link\" data-id=\"https:\/\/www.primor.eu\/blog\/como-afeitarse-correctamente\/?srsltid=AfmBOooYZnk67KDB8J0PxiooikDBt6BIptGu1dL7lefWVOSA-lv3pR4A\">afeitarte<\/a>. Es por eso que vamos a darte unos consejos espec\u00edficos basados en el afeitado para piel sensible, adem\u00e1s de recomendarte los mejores productos de nuestra tienda.<\/p>\n\n\n\n<h2 class=\"wp-block-heading\">Afeitado para piel sensible: consejos<\/h2>\n\n\n\n<p>Como hemos dicho, no es lo mismo un afeitado para piel sensible que uno para piel normal. Apunta los consejos que necesitas seguir si tienes este tipo de piel a la hora de ponerte manos a la obra:<\/p>\n\n\n\n<ul class=\"wp-block-list\">\n<li><strong>Aftershave sin alcohol<\/strong>: es muy importante porque el alcohol es altamente irritante. Si no encuentras ninguno elige b\u00e1lsamos calmantes que hidraten.<\/li>\n\n\n\n<li><strong>Productos especiales<\/strong>: como geles o espumas de afeitado para piel sensible, tambi\u00e9n sin alcohol e ingredientes agresivos.<\/li>\n\n\n\n<li><strong>Hidrataci\u00f3n<\/strong>: para mantener su barrera protectora y hacer que sea menos propensa a irritaciones.<\/li>\n\n\n\n<li><strong>Higiene en las cuchillas<\/strong>: siempre elige cuchillas nuevas o bien afiladas si tienes la piel muy sensible. De otro modo, necesitar\u00e1s m\u00e1s pasadas de cuchilla y esto irrita.\u00a0<\/li>\n\n\n\n<li><strong>Afeitado correcto<\/strong>: y no a contrapelo en las primeras pasadas, para reducir riesgos como cortes e irritaci\u00f3n.<\/li>\n\n\n\n<li><strong>No presiones demasiado<\/strong> a la hora de afeitarte porque esto puede producir microcortes y enrojecimiento.<\/li>\n<\/ul>\n\n\n\n<h2 class=\"wp-block-heading\">Los mejores productos para el afeitado con la piel sensible<\/h2>\n\n\n        <product-table class=\"pr-slider\">\r\n            <product-headers class=\"grid-table-rows\">\r\n                <div>Foto<\/div>\r\n                <div>Producto<\/div>\r\n                <div>Marca<\/div>\r\n                <div>Valoraciones<\/div>\r\n                <div>Precio<\/div>\r\n            <\/product-headers>\r\n\r\n            <product-list>\r\n                                    <a href=\"https:\/\/www.primor.eu\/es_es\/proraso-crema-pre-afeitado-piel-sensible-26119.html\" class=\"product-item grid-table-rows\" target=\"_blank\">\r\n                        <div>\r\n                            <img decoding=\"async\" class=\"product-img\" width=\"80px\" height=\"80px\" src=\"https:\/\/cdn2.primor.eu\/media\/catalog\/product\/cache\/8d3aba296f7a18b5251ee30fa5db42b2\/1\/S\/1SU00278_1_fb50.jpg\" alt=\"Crema Pre Afeitado Piel Sensible\">\r\n                        <\/div>\r\n\r\n                        <!-- Contenido de producto  -->\r\n                        <div>\r\n                            <div class=\"product-position\">\r\n                                #1 Top Ventas                            <\/div>\r\n\r\n                            <h2>\r\n                                Crema Pre Afeitado Piel Sensible                            <\/h2>\r\n                        <\/div>\r\n\r\n                        <!-- Imagen y\/o nombre de la marca -->\r\n                        <div>\r\n                                                            <img decoding=\"async\" width=\"70\" src=\"https:\/\/www.primor.eu\/media\/catalog\/category\/1831.jpg\" alt=\"\">\r\n                                                    <\/div>\r\n\r\n                        <!-- Puntuaci\u00f3n del producto  -->\r\n                        <div class=\"rating\">\r\n                                                            <div class=\"rate\" style=\"--p:100;\"><\/div>\r\n                                <b>5\/5<\/b>\r\n                                <div class=\"rate-stars\">\r\n                                                                            <div\r\n                                            class=\"rate-star  \">\r\n                                        <\/div>\r\n                                                                            <div\r\n                                            class=\"rate-star  \">\r\n                                        <\/div>\r\n                                                                            <div\r\n                                            class=\"rate-star  \">\r\n                                        <\/div>\r\n                                                                            <div\r\n                                            class=\"rate-star  \">\r\n                                        <\/div>\r\n                                                                            <div\r\n                                            class=\"rate-star  \">\r\n                                        <\/div>\r\n                                                                    <\/div>\r\n                                                    <\/div>\r\n\r\n                        <!-- Bot\u00f3n de producto  -->\r\n                        <div>\r\n                            <span class=\"price-claim\">\r\n                                VER PRECIO                            <\/span>\r\n                        <\/div>\r\n                    <\/a>\r\n                                    <a href=\"https:\/\/www.primor.eu\/es_es\/biotherm-homme-espuma-afeitado-piel-sensible-24846.html\" class=\"product-item grid-table-rows\" target=\"_blank\">\r\n                        <div>\r\n                            <img decoding=\"async\" class=\"product-img\" width=\"80px\" height=\"80px\" src=\"https:\/\/cdn2.primor.eu\/media\/catalog\/product\/cache\/8d3aba296f7a18b5251ee30fa5db42b2\/0\/T\/0TM00272_1_66da.jpg\" alt=\"Espuma Afeitado Piel Sensible\">\r\n                        <\/div>\r\n\r\n                        <!-- Contenido de producto  -->\r\n                        <div>\r\n                            <div class=\"product-position\">\r\n                                #2                            <\/div>\r\n\r\n                            <h2>\r\n                                Espuma Afeitado Piel Sensible                            <\/h2>\r\n                        <\/div>\r\n\r\n                        <!-- Imagen y\/o nombre de la marca -->\r\n                        <div>\r\n                                                            <img decoding=\"async\" width=\"70\" src=\"https:\/\/www.primor.eu\/media\/catalog\/category\/biotherm.png\" alt=\"\">\r\n                                                    <\/div>\r\n\r\n                        <!-- Puntuaci\u00f3n del producto  -->\r\n                        <div class=\"rating\">\r\n                                                            <div class=\"rate\" style=\"--p:94;\"><\/div>\r\n                                <b>4.7\/5<\/b>\r\n                                <div class=\"rate-stars\">\r\n                                                                            <div\r\n                                            class=\"rate-star  \">\r\n                                        <\/div>\r\n                                                                            <div\r\n                                            class=\"rate-star  \">\r\n                                        <\/div>\r\n                                                                            <div\r\n                                            class=\"rate-star  \">\r\n                                        <\/div>\r\n                                                                            <div\r\n                                            class=\"rate-star  \">\r\n                                        <\/div>\r\n                                                                            <div\r\n                                            class=\"rate-star  \">\r\n                                        <\/div>\r\n                                                                    <\/div>\r\n                                                    <\/div>\r\n\r\n                        <!-- Bot\u00f3n de producto  -->\r\n                        <div>\r\n                            <span class=\"price-claim\">\r\n                                VER PRECIO                            <\/span>\r\n                        <\/div>\r\n                    <\/a>\r\n                                    <a href=\"https:\/\/www.primor.eu\/es_es\/babaria-espuma-de-afeitar-pieles-sensibles-25064.html\" class=\"product-item grid-table-rows\" target=\"_blank\">\r\n                        <div>\r\n                            <img decoding=\"async\" class=\"product-img\" width=\"80px\" height=\"80px\" src=\"https:\/\/cdn2.primor.eu\/media\/catalog\/product\/cache\/8d3aba296f7a18b5251ee30fa5db42b2\/1\/S\/1SU00079_1_4dd1.jpg\" alt=\"Espuma de Afeitar Pieles Sensibles\">\r\n                        <\/div>\r\n\r\n                        <!-- Contenido de producto  -->\r\n                        <div>\r\n                            <div class=\"product-position\">\r\n                                #3                            <\/div>\r\n\r\n                            <h2>\r\n                                Espuma de Afeitar Pieles Sensibles                            <\/h2>\r\n                        <\/div>\r\n\r\n                        <!-- Imagen y\/o nombre de la marca -->\r\n                        <div>\r\n                                                            <img decoding=\"async\" width=\"70\" src=\"https:\/\/www.primor.eu\/media\/catalog\/category\/Babaria.jpg\" alt=\"\">\r\n                                                    <\/div>\r\n\r\n                        <!-- Puntuaci\u00f3n del producto  -->\r\n                        <div class=\"rating\">\r\n                                                            <div class=\"rate\" style=\"--p:94;\"><\/div>\r\n                                <b>4.7\/5<\/b>\r\n                                <div class=\"rate-stars\">\r\n                                                                            <div\r\n                                            class=\"rate-star  \">\r\n                                        <\/div>\r\n                                                                            <div\r\n                                            class=\"rate-star  \">\r\n                                        <\/div>\r\n                                                                            <div\r\n                                            class=\"rate-star  \">\r\n                                        <\/div>\r\n                                                                            <div\r\n                                            class=\"rate-star  \">\r\n                                        <\/div>\r\n                                                                            <div\r\n                                            class=\"rate-star  \">\r\n                                        <\/div>\r\n                                                                    <\/div>\r\n                                                    <\/div>\r\n\r\n                        <!-- Bot\u00f3n de producto  -->\r\n                        <div>\r\n                            <span class=\"price-claim\">\r\n                                VER PRECIO                            <\/span>\r\n                        <\/div>\r\n                    <\/a>\r\n                                    <a href=\"https:\/\/www.primor.eu\/es_es\/vichy-homme-baume-piel-sensible-24926.html\" class=\"product-item grid-table-rows\" target=\"_blank\">\r\n                        <div>\r\n                            <img decoding=\"async\" class=\"product-img\" width=\"80px\" height=\"80px\" src=\"https:\/\/cdn2.primor.eu\/media\/catalog\/product\/cache\/8d3aba296f7a18b5251ee30fa5db42b2\/3\/3\/3337871318888_c06d.jpg\" alt=\"Homme Baume Piel Sensible\">\r\n                        <\/div>\r\n\r\n                        <!-- Contenido de producto  -->\r\n                        <div>\r\n                            <div class=\"product-position\">\r\n                                #4                            <\/div>\r\n\r\n                            <h2>\r\n                                Homme Baume Piel Sensible                            <\/h2>\r\n                        <\/div>\r\n\r\n                        <!-- Imagen y\/o nombre de la marca -->\r\n                        <div>\r\n                                                            <img decoding=\"async\" width=\"70\" src=\"https:\/\/www.primor.eu\/media\/catalog\/category\/vichy.png\" alt=\"\">\r\n                                                    <\/div>\r\n\r\n                        <!-- Puntuaci\u00f3n del producto  -->\r\n                        <div class=\"rating\">\r\n                                                            <div class=\"rate\" style=\"--p:100;\"><\/div>\r\n                                <b>5\/5<\/b>\r\n                                <div class=\"rate-stars\">\r\n                                                                            <div\r\n                                            class=\"rate-star  \">\r\n                                        <\/div>\r\n                                                                            <div\r\n                                            class=\"rate-star  \">\r\n                                        <\/div>\r\n                                                                            <div\r\n                                            class=\"rate-star  \">\r\n                                        <\/div>\r\n                                                                            <div\r\n                                            class=\"rate-star  \">\r\n                                        <\/div>\r\n                                                                            <div\r\n                                            class=\"rate-star  \">\r\n                                        <\/div>\r\n                                                                    <\/div>\r\n                                                    <\/div>\r\n\r\n                        <!-- Bot\u00f3n de producto  -->\r\n                        <div>\r\n                            <span class=\"price-claim\">\r\n                                VER PRECIO                            <\/span>\r\n                        <\/div>\r\n                    <\/a>\r\n                                    <a href=\"https:\/\/www.primor.eu\/es_es\/avene-men-espuma-de-afeitar-107749.html?#854=66337\" class=\"product-item grid-table-rows\" target=\"_blank\">\r\n                        <div>\r\n                            <img decoding=\"async\" class=\"product-img\" width=\"80px\" height=\"80px\" src=\"https:\/\/cdn2.primor.eu\/media\/catalog\/product\/cache\/8d3aba296f7a18b5251ee30fa5db42b2\/6\/X\/6XS01666_1_ad5d.jpg\" alt=\"Men Espuma de Afeitar\">\r\n                        <\/div>\r\n\r\n                        <!-- Contenido de producto  -->\r\n                        <div>\r\n                            <div class=\"product-position\">\r\n                                #5                            <\/div>\r\n\r\n                            <h2>\r\n                                Men Espuma de Afeitar                            <\/h2>\r\n                        <\/div>\r\n\r\n                        <!-- Imagen y\/o nombre de la marca -->\r\n                        <div>\r\n                                                            <img decoding=\"async\" width=\"70\" src=\"https:\/\/www.primor.eu\/media\/catalog\/category\/Avene.png\" alt=\"Avene\">\r\n                                                    <\/div>\r\n\r\n                        <!-- Puntuaci\u00f3n del producto  -->\r\n                        <div class=\"rating\">\r\n                                                            <div class=\"rate\" style=\"--p:98;\"><\/div>\r\n                                <b>4.9\/5<\/b>\r\n                                <div class=\"rate-stars\">\r\n                                                                            <div\r\n                                            class=\"rate-star  \">\r\n                                        <\/div>\r\n                                                                            <div\r\n                                            class=\"rate-star  \">\r\n                                        <\/div>\r\n                                                                            <div\r\n                                            class=\"rate-star  \">\r\n                                        <\/div>\r\n                                                                            <div\r\n                                            class=\"rate-star  \">\r\n                                        <\/div>\r\n                                                                            <div\r\n                                            class=\"rate-star  \">\r\n                                        <\/div>\r\n                                                                    <\/div>\r\n                                                    <\/div>\r\n\r\n                        <!-- Bot\u00f3n de producto  -->\r\n                        <div>\r\n                            <span class=\"price-claim\">\r\n                                VER PRECIO                            <\/span>\r\n                        <\/div>\r\n                    <\/a>\r\n                            <\/product-list>\r\n        <\/product-table>\r\n\r\n        \n\n\n\n<h3 class=\"wp-block-heading\">Crema Pre Afeitado Piel Sensible de Proraso<\/h3>\n\n\n\n<p>Suaviza el rastrojo y protege la piel sensible y ayuda a que la maquinilla de afeitar se deslice suavemente sobre la piel evitando da\u00f1os e irritaciones. Su f\u00f3rmula ha sido espec\u00edficamente dise\u00f1ada para pieles sensibles, est\u00e1 enriquecida con Extracto de Avena y T\u00e9 Verde para suavizar la barba, defender la piel de la maquinilla de afeitar y ayudar a prevenir el enrojecimiento. El Extracto de Avena tiene un efecto hidratante y calmante que no altera el pH de la piel. El t\u00e9 verde es un antioxidante natural rico en polifenoles y minerales.<\/p>\n\n\n    <a class='product' target='_blank' href='https:\/\/www.primor.eu\/es_es\/proraso-crema-pre-afeitado-piel-sensible-26119.html'>\r\n        <img loading='async' src='https:\/\/cdn2.primor.eu\/media\/catalog\/product\/cache\/8d3aba296f7a18b5251ee30fa5db42b2\/1\/S\/1SU00278_1_fb50.jpg' alt='COMPRAR AHORA'>\r\n            <div class=\"claim\">\r\n                COMPRAR AHORA            <\/div>\r\n        <\/a>\r\n    \n\n\n<h3 class=\"wp-block-heading\">Espuma Afeitado Piel Sensible de Biotherm<\/h3>\n\n\n\n<p>Se recomienda para pieles especialmente sensibles por el efecto calmante que proporciona uno de sus componentes: el Plancton Termal Puro. Adem\u00e1s, Men Rasage contiene el complejo Bio Precisi\u00f3n que hace que la cuchilla se deslice a\u00fan m\u00e1s suavemente sobre la piel.<\/p>\n\n\n    <a class='product' target='_blank' href='https:\/\/www.primor.eu\/es_es\/biotherm-homme-espuma-afeitado-piel-sensible-24846.html'>\r\n        <img loading='async' src='https:\/\/cdn2.primor.eu\/media\/catalog\/product\/cache\/8d3aba296f7a18b5251ee30fa5db42b2\/0\/T\/0TM00272_1_66da.jpg' alt='COMPRAR AHORA'>\r\n            <div class=\"claim\">\r\n                COMPRAR AHORA            <\/div>\r\n        <\/a>\r\n    \n\n\n<h3 class=\"wp-block-heading\">Espuma de Afeitar Pieles Sensibles de Babaria<\/h3>\n\n\n\n<p>Espuma de afeitar de Babaria enriquecida con aloe vera. Especial pieles sensibles. La Glicerina es un producto que retiene la humedad de la piel manteni\u00e9ndola tersa y suave. El Aloe Vera disminuye las irritaciones provocadas por el afeitado, mejorando la hidrataci\u00f3n de la piel.<\/p>\n\n\n    <a class='product' target='_blank' href='https:\/\/www.primor.eu\/es_es\/babaria-espuma-de-afeitar-pieles-sensibles-25064.html'>\r\n        <img loading='async' src='https:\/\/cdn2.primor.eu\/media\/catalog\/product\/cache\/8d3aba296f7a18b5251ee30fa5db42b2\/1\/S\/1SU00079_1_4dd1.jpg' alt='COMPRAR AHORA'>\r\n            <div class=\"claim\">\r\n                COMPRAR AHORA            <\/div>\r\n        <\/a>\r\n    \n\n\n<h3 class=\"wp-block-heading\">Homme Baume Piel Sensible de Vichy<\/h3>\n\n\n\n<p>Es un b\u00e1lsamo para despu\u00e9s del afeitado, especialmente recomendado para pieles sensibles y que se irritan con facilidad. Este b\u00e1lsamo para despu\u00e9s del afeitado de Vichy fortalece la piel, gracias a su composici\u00f3n con Agua Termal rica en minerales, y calma la piel gracias al Calcio derma reparador. Tu piel se calmar\u00e1 al instante y se ir\u00e1 fortaleciendo d\u00eda tras d\u00eda.<\/p>\n\n\n    <a class='product' target='_blank' href='https:\/\/www.primor.eu\/es_es\/vichy-homme-baume-piel-sensible-24926.html'>\r\n        <img loading='async' src='https:\/\/cdn2.primor.eu\/media\/catalog\/product\/cache\/8d3aba296f7a18b5251ee30fa5db42b2\/3\/3\/3337871318888_c06d.jpg' alt='COMPRAR AHORA'>\r\n            <div class=\"claim\">\r\n                COMPRAR AHORA            <\/div>\r\n        <\/a>\r\n    \n\n\n<h3 class=\"wp-block-heading\">Men Espuma de Afeitar de Av\u00e9ne<\/h3>\n\n\n\n<p>Es una espuma ligera que hace m\u00e1s f\u00e1cil el afeitado y facilita el deslizamiento de la hoja de afeitar, especialmente creada para hombres. Contiene glicerina que act\u00faa como agente hidratante que suaviza y calma tu delicada piel. La espuma ayuda a limpiar la piel y reduce el riesgo bacteriano asociado a los micro cortes, con una sensaci\u00f3n de bienestar gracias al Agua termal de Av\u00e8ne.<\/p>\n\n\n\n<p>Men Espuma de Afeitar de Av\u00e8ne no contiene alcohol y sin parabenos, ideal para barbas normales.<\/p>\n\n\n\n<p>Es hipoalerg\u00e9nico y no comedog\u00e9nico.<\/p>\n\n\n    <a class='product' target='_blank' href='https:\/\/www.primor.eu\/es_es\/avene-men-espuma-de-afeitar-107749.html?#854=66337'>\r\n        <img loading='async' src='https:\/\/cdn2.primor.eu\/media\/catalog\/product\/cache\/8d3aba296f7a18b5251ee30fa5db42b2\/6\/X\/6XS01666_1_ad5d.jpg' alt='COMPRAR AHORA'>\r\n            <div class=\"claim\">\r\n                COMPRAR AHORA            <\/div>\r\n        <\/a>\r\n    \n\n<div class=\"kk-star-ratings kksr-auto kksr-align-center kksr-valign-bottom\"\n    data-payload='{&quot;align&quot;:&quot;center&quot;,&quot;id&quot;:&quot;122497&quot;,&quot;slug&quot;:&quot;default&quot;,&quot;valign&quot;:&quot;bottom&quot;,&quot;ignore&quot;:&quot;&quot;,&quot;reference&quot;:&quot;auto&quot;,&quot;class&quot;:&quot;&quot;,&quot;count&quot;:&quot;0&quot;,&quot;legendonly&quot;:&quot;&quot;,&quot;readonly&quot;:&quot;&quot;,&quot;score&quot;:&quot;0&quot;,&quot;starsonly&quot;:&quot;&quot;,&quot;best&quot;:&quot;5&quot;,&quot;gap&quot;:&quot;5&quot;,&quot;greet&quot;:&quot;Valora este art\u00edculo&quot;,&quot;legend&quot;:&quot;0\\\/5 - (0 votos)&quot;,&quot;size&quot;:&quot;24&quot;,&quot;title&quot;:&quot;Si tienes la piel sensible, necesitas tener en cuenta estos consejos en el afeitado&quot;,&quot;width&quot;:&quot;0&quot;,&quot;_legend&quot;:&quot;{score}\\\/{best} - ({count} {votes})&quot;,&quot;font_factor&quot;:&quot;1.25&quot;}'>\n            \n<div class=\"kksr-stars\">\n    \n<div class=\"kksr-stars-inactive\">\n            <div class=\"kksr-star\" data-star=\"1\" style=\"padding-right: 5px\">\n            \n\n<div class=\"kksr-icon\" style=\"width: 24px; height: 24px;\"><\/div>\n        <\/div>\n            <div class=\"kksr-star\" data-star=\"2\" style=\"padding-right: 5px\">\n            \n\n<div class=\"kksr-icon\" style=\"width: 24px; height: 24px;\"><\/div>\n        <\/div>\n            <div class=\"kksr-star\" data-star=\"3\" style=\"padding-right: 5px\">\n            \n\n<div class=\"kksr-icon\" style=\"width: 24px; height: 24px;\"><\/div>\n        <\/div>\n            <div class=\"kksr-star\" data-star=\"4\" style=\"padding-right: 5px\">\n            \n\n<div class=\"kksr-icon\" style=\"width: 24px; height: 24px;\"><\/div>\n        <\/div>\n            <div class=\"kksr-star\" data-star=\"5\" style=\"padding-right: 5px\">\n            \n\n<div class=\"kksr-icon\" style=\"width: 24px; height: 24px;\"><\/div>\n        <\/div>\n    <\/div>\n    \n<div class=\"kksr-stars-active\" style=\"width: 0px;\">\n            <div class=\"kksr-star\" style=\"padding-right: 5px\">\n            \n\n<div class=\"kksr-icon\" style=\"width: 24px; height: 24px;\"><\/div>\n        <\/div>\n            <div class=\"kksr-star\" style=\"padding-right: 5px\">\n            \n\n<div class=\"kksr-icon\" style=\"width: 24px; height: 24px;\"><\/div>\n        <\/div>\n            <div class=\"kksr-star\" style=\"padding-right: 5px\">\n            \n\n<div class=\"kksr-icon\" style=\"width: 24px; height: 24px;\"><\/div>\n        <\/div>\n            <div class=\"kksr-star\" style=\"padding-right: 5px\">\n            \n\n<div class=\"kksr-icon\" style=\"width: 24px; height: 24px;\"><\/div>\n        <\/div>\n            <div class=\"kksr-star\" style=\"padding-right: 5px\">\n            \n\n<div class=\"kksr-icon\" style=\"width: 24px; height: 24px;\"><\/div>\n        <\/div>\n    <\/div>\n<\/div>\n                \n\n<div class=\"kksr-legend\" style=\"font-size: 19.2px;\">\n            <span class=\"kksr-muted\">Valora este art\u00edculo<\/span>\n    <\/div>\n    <\/div>\n","protected":false},"excerpt":{"rendered":"<p>Si necesitas un afeitado para piel sensible, has de tener en cuenta que tus rutinas y productos tendr\u00e1n que adaptarse a \u00e9l. Tener la piel sensible implica andar con mucho m\u00e1s cuidado a la hora de afeitarte. Es por eso que vamos a darte unos consejos espec\u00edficos basados en el afeitado para piel sensible, adem\u00e1s [&hellip;]<\/p>\n","protected":false},"author":30,"featured_media":122503,"comment_status":"closed","ping_status":"closed","sticky":false,"template":"","format":"standard","meta":{"jnews-multi-image_gallery":[],"jnews_single_post":{"format":"standard"},"jnews_primary_category":[],"jnews_social_meta":[],"jnews_override_counter":[],"footnotes":""},"categories":[6311],"tags":[],"class_list":["post-122497","post","type-post","status-publish","format-standard","has-post-thumbnail","hentry","category-hombres"],"_links":{"self":[{"href":"https:\/\/www.primor.eu\/blog\/wp-json\/wp\/v2\/posts\/122497","targetHints":{"allow":["GET"]}}],"collection":[{"href":"https:\/\/www.primor.eu\/blog\/wp-json\/wp\/v2\/posts"}],"about":[{"href":"https:\/\/www.primor.eu\/blog\/wp-json\/wp\/v2\/types\/post"}],"author":[{"embeddable":true,"href":"https:\/\/www.primor.eu\/blog\/wp-json\/wp\/v2\/users\/30"}],"replies":[{"embeddable":true,"href":"https:\/\/www.primor.eu\/blog\/wp-json\/wp\/v2\/comments?post=122497"}],"version-history":[{"count":2,"href":"https:\/\/www.primor.eu\/blog\/wp-json\/wp\/v2\/posts\/122497\/revisions"}],"predecessor-version":[{"id":122506,"href":"https:\/\/www.primor.eu\/blog\/wp-json\/wp\/v2\/posts\/122497\/revisions\/122506"}],"wp:featuredmedia":[{"embeddable":true,"href":"https:\/\/www.primor.eu\/blog\/wp-json\/wp\/v2\/media\/122503"}],"wp:attachment":[{"href":"https:\/\/www.primor.eu\/blog\/wp-json\/wp\/v2\/media?parent=122497"}],"wp:term":[{"taxonomy":"category","embeddable":true,"href":"https:\/\/www.primor.eu\/blog\/wp-json\/wp\/v2\/categories?post=122497"},{"taxonomy":"post_tag","embeddable":true,"href":"https:\/\/www.primor.eu\/blog\/wp-json\/wp\/v2\/tags?post=122497"}],"curies":[{"name":"wp","href":"https:\/\/api.w.org\/{rel}","templated":true}]}}