{"id":122487,"date":"2025-03-02T15:00:00","date_gmt":"2025-03-02T15:00:00","guid":{"rendered":"https:\/\/www.primor.eu\/blog\/?p=122487"},"modified":"2025-02-25T10:53:57","modified_gmt":"2025-02-25T10:53:57","slug":"motivos-solucion-picor-barba","status":"publish","type":"post","link":"https:\/\/www.primor.eu\/blog\/motivos-solucion-picor-barba\/","title":{"rendered":"Los motivos por los que puedes sentir picor en la barba y qu\u00e9 es lo que puedes hacer para solucionarlo"},"content":{"rendered":"\n<p>El <strong>picor en la barba<\/strong> es algo habitual. El hecho de afeitarse hace que muchas veces se d\u00e9 este picor en la zona de la <a href=\"https:\/\/www.primor.eu\/blog\/pasos-perfilar-barba\/?srsltid=AfmBOoqHCsonfDi0GJMnYGrAkqcONtz2tH9qrYdGviirKkTwZJSqD1Az\" data-type=\"link\" data-id=\"https:\/\/www.primor.eu\/blog\/pasos-perfilar-barba\/?srsltid=AfmBOoqHCsonfDi0GJMnYGrAkqcONtz2tH9qrYdGviirKkTwZJSqD1Az\">barba<\/a>, aunque no haya una gran irritaci\u00f3n. Esto se debe simplemente a la naturaleza del<strong> vello facial <\/strong>y su dureza. Hay diferentes motivos por los que se puede dar picor en la barba. Tambi\u00e9n hay <strong>soluciones<\/strong> para este problema. Hoy en Primor ahondamos en este tema, para que puedas aliviar el problema.<\/p>\n\n\n\n<h2 class=\"wp-block-heading\">Motivos del picor en la barba<\/h2>\n\n\n\n<p>Como hemos dicho, el <strong>picor en la barba<\/strong> se da normalmente sin que esto sea un problema espec\u00edfico de la piel o la barba de un hombre. Estos son los <strong>principales motivos<\/strong> por los que ocurre:<\/p>\n\n\n\n<ul class=\"wp-block-list\">\n<li><strong>Dermatitis seborreica<\/strong>: que se manifiesta en forma de caspa en la barba, lo que hace que pique la zona.<\/li>\n\n\n\n<li><strong>Por foliculitis<\/strong>: que es debida a la inflamaci\u00f3n de los fol\u00edculos pilosos. Esto suele darse por la proliferaci\u00f3n de bacterias u hongos que causan picor e irritaci\u00f3n.&nbsp;<\/li>\n\n\n\n<li><strong>Afecciones o alergias<\/strong>: en la piel que se pueden dar por productos que contengan ingredientes que las causen.<\/li>\n\n\n\n<li><strong>Por vellos encarnados<\/strong>: que crecen hacia dentro en vez de salir al exterior.<\/li>\n\n\n\n<li><strong>Crecimiento del vello<\/strong>: simplemente porque el vello facial crece y los bordes afilados del pelo reci\u00e9n cortado pueden irritar la piel.<\/li>\n\n\n\n<li><strong>Sequedad en la piel<\/strong>: por distintos motivos como falta de hidrataci\u00f3n o determinados climas.<\/li>\n\n\n\n<li><strong>Suciedad acumulada<\/strong>: o c\u00e9lulas muertas que no se han limpiado o exfoliado correctamente. Puede ser sudor y restos de piel muerta que pueden obstruir los poros y causar irritaci\u00f3n.<\/li>\n<\/ul>\n\n\n\n<h2 class=\"wp-block-heading\">Soluciones para el picor en la barba<\/h2>\n\n\n\n<p>Al igual que hemos visto las <strong>causas del picor en la barba<\/strong>, vamos a ver las <strong>soluciones <\/strong>que ponen fin al problema en cada caso.&nbsp;<\/p>\n\n\n\n<ul class=\"wp-block-list\">\n<li><strong>Lavado<\/strong>: con un champ\u00fa para la barba que evite que se ensucie y acabe picando por acumulaci\u00f3n de residuos.<\/li>\n\n\n\n<li><strong>Exfoliaci\u00f3n<\/strong>: al menos una vez por semana en la zona para evitar c\u00e9lulas muertas y vellos encarnados.&nbsp;<\/li>\n\n\n\n<li><strong>Hidrataci\u00f3n<\/strong>: con productos espec\u00edficos para evitar esa sequedad en la piel despu\u00e9s de los afeitados y que acaba generando picor en la barba.<\/li>\n\n\n\n<li><strong>Cepillado<\/strong>: con cepillos y peines indicados que permita que se distribuyan los aceites naturales del vello y se hidrate la barba de forma natural.<\/li>\n\n\n\n<li><strong>Productos indicados<\/strong>: sobre todo en los casos en los que se tiene alergia o sensibilidad a determinados ingredientes.<\/li>\n<\/ul>\n\n\n\n<h2 class=\"wp-block-heading\">Los productos que ayudan con el picor en la barba<\/h2>\n\n\n        <product-table class=\"pr-slider\">\r\n            <product-headers class=\"grid-table-rows\">\r\n                <div>Foto<\/div>\r\n                <div>Producto<\/div>\r\n                <div>Marca<\/div>\r\n                <div>Valoraciones<\/div>\r\n                <div>Precio<\/div>\r\n            <\/product-headers>\r\n\r\n            <product-list>\r\n                                    <a href=\"https:\/\/www.primor.eu\/es_es\/bulldog-original-balsamo-para-barba-24693.html\" class=\"product-item grid-table-rows\" target=\"_blank\">\r\n                        <div>\r\n                            <img decoding=\"async\" class=\"product-img\" width=\"80px\" height=\"80px\" src=\"https:\/\/cdn2.primor.eu\/media\/catalog\/product\/cache\/8d3aba296f7a18b5251ee30fa5db42b2\/0\/T\/0TM01047_1_ebb1.jpg\" alt=\"Original B\u00e1lsamo para Barba\">\r\n                        <\/div>\r\n\r\n                        <!-- Contenido de producto  -->\r\n                        <div>\r\n                            <div class=\"product-position\">\r\n                                #1 Top Ventas                            <\/div>\r\n\r\n                            <h2>\r\n                                Original B\u00e1lsamo para Barba                            <\/h2>\r\n                        <\/div>\r\n\r\n                        <!-- Imagen y\/o nombre de la marca -->\r\n                        <div>\r\n                                                            <img decoding=\"async\" width=\"70\" src=\"https:\/\/www.primor.eu\/media\/catalog\/category\/Bull_Dog_Personalizado_.jpg\" alt=\"\">\r\n                                                    <\/div>\r\n\r\n                        <!-- Puntuaci\u00f3n del producto  -->\r\n                        <div class=\"rating\">\r\n                                                            <div class=\"rate\" style=\"--p:88;\"><\/div>\r\n                                <b>4.4\/5<\/b>\r\n                                <div class=\"rate-stars\">\r\n                                                                            <div\r\n                                            class=\"rate-star  \">\r\n                                        <\/div>\r\n                                                                            <div\r\n                                            class=\"rate-star  \">\r\n                                        <\/div>\r\n                                                                            <div\r\n                                            class=\"rate-star  \">\r\n                                        <\/div>\r\n                                                                            <div\r\n                                            class=\"rate-star  \">\r\n                                        <\/div>\r\n                                                                            <div\r\n                                            class=\"rate-star  \">\r\n                                        <\/div>\r\n                                                                    <\/div>\r\n                                                    <\/div>\r\n\r\n                        <!-- Bot\u00f3n de producto  -->\r\n                        <div>\r\n                            <span class=\"price-claim\">\r\n                                VER PRECIO                            <\/span>\r\n                        <\/div>\r\n                    <\/a>\r\n                                    <a href=\"https:\/\/www.primor.eu\/es_es\/revuele-aceite-para-barba-15394.html\" class=\"product-item grid-table-rows\" target=\"_blank\">\r\n                        <div>\r\n                            <img decoding=\"async\" class=\"product-img\" width=\"80px\" height=\"80px\" src=\"https:\/\/cdn2.primor.eu\/media\/catalog\/product\/cache\/8d3aba296f7a18b5251ee30fa5db42b2\/1\/S\/1SU00204_1_6b78.jpg\" alt=\"Aceite para Barba\">\r\n                        <\/div>\r\n\r\n                        <!-- Contenido de producto  -->\r\n                        <div>\r\n                            <div class=\"product-position\">\r\n                                #2                            <\/div>\r\n\r\n                            <h2>\r\n                                Aceite para Barba                            <\/h2>\r\n                        <\/div>\r\n\r\n                        <!-- Imagen y\/o nombre de la marca -->\r\n                        <div>\r\n                                                            <img decoding=\"async\" width=\"70\" src=\"https:\/\/www.primor.eu\/media\/catalog\/category\/989_revuele_1.png\" alt=\"\">\r\n                                                    <\/div>\r\n\r\n                        <!-- Puntuaci\u00f3n del producto  -->\r\n                        <div class=\"rating\">\r\n                                                            <div class=\"rate\" style=\"--p:90;\"><\/div>\r\n                                <b>4.5\/5<\/b>\r\n                                <div class=\"rate-stars\">\r\n                                                                            <div\r\n                                            class=\"rate-star  \">\r\n                                        <\/div>\r\n                                                                            <div\r\n                                            class=\"rate-star  \">\r\n                                        <\/div>\r\n                                                                            <div\r\n                                            class=\"rate-star  \">\r\n                                        <\/div>\r\n                                                                            <div\r\n                                            class=\"rate-star  \">\r\n                                        <\/div>\r\n                                                                            <div\r\n                                            class=\"rate-star  middle\">\r\n                                        <\/div>\r\n                                                                    <\/div>\r\n                                                    <\/div>\r\n\r\n                        <!-- Bot\u00f3n de producto  -->\r\n                        <div>\r\n                            <span class=\"price-claim\">\r\n                                VER PRECIO                            <\/span>\r\n                        <\/div>\r\n                    <\/a>\r\n                                    <a href=\"https:\/\/www.primor.eu\/es_es\/l-oreal-paris-barber-club-crema-definidora-barba-y-cabello-25226.html\" class=\"product-item grid-table-rows\" target=\"_blank\">\r\n                        <div>\r\n                            <img decoding=\"async\" class=\"product-img\" width=\"80px\" height=\"80px\" src=\"https:\/\/cdn2.primor.eu\/media\/catalog\/product\/cache\/8d3aba296f7a18b5251ee30fa5db42b2\/0\/T\/0TM01166_1_fc71.jpg\" alt=\"Barber Club Crema definidora barba y cabello\">\r\n                        <\/div>\r\n\r\n                        <!-- Contenido de producto  -->\r\n                        <div>\r\n                            <div class=\"product-position\">\r\n                                #3                            <\/div>\r\n\r\n                            <h2>\r\n                                Barber Club Crema definidora barba y cabello                            <\/h2>\r\n                        <\/div>\r\n\r\n                        <!-- Imagen y\/o nombre de la marca -->\r\n                        <div>\r\n                                                            <img decoding=\"async\" width=\"70\" src=\"https:\/\/www.primor.eu\/media\/catalog\/category\/loreal-paris.png\" alt=\"\">\r\n                                                    <\/div>\r\n\r\n                        <!-- Puntuaci\u00f3n del producto  -->\r\n                        <div class=\"rating\">\r\n                                                            <div class=\"rate\" style=\"--p:90;\"><\/div>\r\n                                <b>4.5\/5<\/b>\r\n                                <div class=\"rate-stars\">\r\n                                                                            <div\r\n                                            class=\"rate-star  \">\r\n                                        <\/div>\r\n                                                                            <div\r\n                                            class=\"rate-star  \">\r\n                                        <\/div>\r\n                                                                            <div\r\n                                            class=\"rate-star  \">\r\n                                        <\/div>\r\n                                                                            <div\r\n                                            class=\"rate-star  \">\r\n                                        <\/div>\r\n                                                                            <div\r\n                                            class=\"rate-star  middle\">\r\n                                        <\/div>\r\n                                                                    <\/div>\r\n                                                    <\/div>\r\n\r\n                        <!-- Bot\u00f3n de producto  -->\r\n                        <div>\r\n                            <span class=\"price-claim\">\r\n                                VER PRECIO                            <\/span>\r\n                        <\/div>\r\n                    <\/a>\r\n                            <\/product-list>\r\n        <\/product-table>\r\n\r\n        \n\n\n\n<h3 class=\"wp-block-heading\">Original B\u00e1lsamo para Barba de Bulldog<\/h3>\n\n\n\n<p>B\u00e1lsamo Original para cuidar y dar forma a la barba. Combate la sequedad, la descamaci\u00f3n y el picor de la piel y deja una barba m\u00e1s luminosa.&nbsp;<\/p>\n\n\n\n<p>Fragancia Original: Nuestra combinaci\u00f3n \u00fanica de 8 aceites esenciales le da un aroma masculino, ligero y fresco. Las notas c\u00edtricas de bergamota, lim\u00f3n y lima se superponen sobre el geranio y pachul\u00ed con notas de base de madera de cedro, artemisia vulgaris y vetiver.<\/p>\n\n\n\n<p>Ingredientes naturales: Aloe Vera, Aceite de Camelia y T\u00e9 Verde.<\/p>\n\n\n    <a class='product' target='_blank' href='https:\/\/www.primor.eu\/es_es\/bulldog-original-balsamo-para-barba-24693.html'>\r\n        <img loading='async' src='https:\/\/cdn2.primor.eu\/media\/catalog\/product\/cache\/8d3aba296f7a18b5251ee30fa5db42b2\/0\/T\/0TM01047_1_ebb1.jpg' alt='COMPRAR AHORA'>\r\n            <div class=\"claim\">\r\n                COMPRAR AHORA            <\/div>\r\n        <\/a>\r\n    \n\n\n<h3 class=\"wp-block-heading\">Aceite para Barba de Revuele<\/h3>\n\n\n\n<p>Suaviza el cabello de la barba, evitando que este se enrede. As\u00ed mismo ayuda a reducir las molestias o picores que produce el crecimiento del pelo, hidratando la piel para que no llegue a secarse en ning\u00fan momento. Est\u00e1 compuesto por ingredientes naturales que promueven la activaci\u00f3n del crecimiento del cabello.&nbsp;<\/p>\n\n\n    <a class='product' target='_blank' href='https:\/\/www.primor.eu\/es_es\/revuele-aceite-para-barba-15394.html'>\r\n        <img loading='async' src='https:\/\/cdn2.primor.eu\/media\/catalog\/product\/cache\/8d3aba296f7a18b5251ee30fa5db42b2\/1\/S\/1SU00204_1_6b78.jpg' alt='COMPRAR AHORA'>\r\n            <div class=\"claim\">\r\n                COMPRAR AHORA            <\/div>\r\n        <\/a>\r\n    \n\n\n<h3 class=\"wp-block-heading\">Barber Club Crema definidora barba y cabello de L\u2019Or\u00e9al Par\u00eds<\/h3>\n\n\n\n<p>Te ayuda a controlar hasta el \u00faltimo pelo de tu barba. La Crema Definidora de barba y cabello har\u00e1 que luzcas una barba perfecta durante todo el d\u00eda.<\/p>\n\n\n\n<p>Enriquecida con aceite esencial de madera de cedro, conocido por sus propiedades suavizantes y nutritivas, te ayudar\u00e1 a evitar la desagradable sensaci\u00f3n \u00e1spera as\u00ed como el picor que puedas sentir en tu barba.<\/p>\n\n\n    <a class='product' target='_blank' href='https:\/\/www.primor.eu\/es_es\/l-oreal-paris-barber-club-crema-definidora-barba-y-cabello-25226.html'>\r\n        <img loading='async' src='https:\/\/cdn2.primor.eu\/media\/catalog\/product\/cache\/8d3aba296f7a18b5251ee30fa5db42b2\/0\/T\/0TM01166_1_fc71.jpg' alt='COMPRAR AHORA'>\r\n            <div class=\"claim\">\r\n                COMPRAR AHORA            <\/div>\r\n        <\/a>\r\n    \n\n<div class=\"kk-star-ratings kksr-auto kksr-align-center kksr-valign-bottom\"\n    data-payload='{&quot;align&quot;:&quot;center&quot;,&quot;id&quot;:&quot;122487&quot;,&quot;slug&quot;:&quot;default&quot;,&quot;valign&quot;:&quot;bottom&quot;,&quot;ignore&quot;:&quot;&quot;,&quot;reference&quot;:&quot;auto&quot;,&quot;class&quot;:&quot;&quot;,&quot;count&quot;:&quot;0&quot;,&quot;legendonly&quot;:&quot;&quot;,&quot;readonly&quot;:&quot;&quot;,&quot;score&quot;:&quot;0&quot;,&quot;starsonly&quot;:&quot;&quot;,&quot;best&quot;:&quot;5&quot;,&quot;gap&quot;:&quot;5&quot;,&quot;greet&quot;:&quot;Valora este art\u00edculo&quot;,&quot;legend&quot;:&quot;0\\\/5 - (0 votos)&quot;,&quot;size&quot;:&quot;24&quot;,&quot;title&quot;:&quot;Los motivos por los que puedes sentir picor en la barba y qu\u00e9 es lo que puedes hacer para solucionarlo&quot;,&quot;width&quot;:&quot;0&quot;,&quot;_legend&quot;:&quot;{score}\\\/{best} - ({count} {votes})&quot;,&quot;font_factor&quot;:&quot;1.25&quot;}'>\n            \n<div class=\"kksr-stars\">\n    \n<div class=\"kksr-stars-inactive\">\n            <div class=\"kksr-star\" data-star=\"1\" style=\"padding-right: 5px\">\n            \n\n<div class=\"kksr-icon\" style=\"width: 24px; height: 24px;\"><\/div>\n        <\/div>\n            <div class=\"kksr-star\" data-star=\"2\" style=\"padding-right: 5px\">\n            \n\n<div class=\"kksr-icon\" style=\"width: 24px; height: 24px;\"><\/div>\n        <\/div>\n            <div class=\"kksr-star\" data-star=\"3\" style=\"padding-right: 5px\">\n            \n\n<div class=\"kksr-icon\" style=\"width: 24px; height: 24px;\"><\/div>\n        <\/div>\n            <div class=\"kksr-star\" data-star=\"4\" style=\"padding-right: 5px\">\n            \n\n<div class=\"kksr-icon\" style=\"width: 24px; height: 24px;\"><\/div>\n        <\/div>\n            <div class=\"kksr-star\" data-star=\"5\" style=\"padding-right: 5px\">\n            \n\n<div class=\"kksr-icon\" style=\"width: 24px; height: 24px;\"><\/div>\n        <\/div>\n    <\/div>\n    \n<div class=\"kksr-stars-active\" style=\"width: 0px;\">\n            <div class=\"kksr-star\" style=\"padding-right: 5px\">\n            \n\n<div class=\"kksr-icon\" style=\"width: 24px; height: 24px;\"><\/div>\n        <\/div>\n            <div class=\"kksr-star\" style=\"padding-right: 5px\">\n            \n\n<div class=\"kksr-icon\" style=\"width: 24px; height: 24px;\"><\/div>\n        <\/div>\n            <div class=\"kksr-star\" style=\"padding-right: 5px\">\n            \n\n<div class=\"kksr-icon\" style=\"width: 24px; height: 24px;\"><\/div>\n        <\/div>\n            <div class=\"kksr-star\" style=\"padding-right: 5px\">\n            \n\n<div class=\"kksr-icon\" style=\"width: 24px; height: 24px;\"><\/div>\n        <\/div>\n            <div class=\"kksr-star\" style=\"padding-right: 5px\">\n            \n\n<div class=\"kksr-icon\" style=\"width: 24px; height: 24px;\"><\/div>\n        <\/div>\n    <\/div>\n<\/div>\n                \n\n<div class=\"kksr-legend\" style=\"font-size: 19.2px;\">\n            <span class=\"kksr-muted\">Valora este art\u00edculo<\/span>\n    <\/div>\n    <\/div>\n","protected":false},"excerpt":{"rendered":"<p>El picor en la barba es algo habitual. El hecho de afeitarse hace que muchas veces se d\u00e9 este picor en la zona de la barba, aunque no haya una gran irritaci\u00f3n. Esto se debe simplemente a la naturaleza del vello facial y su dureza. Hay diferentes motivos por los que se puede dar picor [&hellip;]<\/p>\n","protected":false},"author":30,"featured_media":122491,"comment_status":"closed","ping_status":"closed","sticky":false,"template":"","format":"standard","meta":{"jnews-multi-image_gallery":[],"jnews_single_post":{"format":"standard"},"jnews_primary_category":[],"jnews_social_meta":[],"jnews_override_counter":[],"footnotes":""},"categories":[6311],"tags":[],"class_list":["post-122487","post","type-post","status-publish","format-standard","has-post-thumbnail","hentry","category-hombres"],"_links":{"self":[{"href":"https:\/\/www.primor.eu\/blog\/wp-json\/wp\/v2\/posts\/122487","targetHints":{"allow":["GET"]}}],"collection":[{"href":"https:\/\/www.primor.eu\/blog\/wp-json\/wp\/v2\/posts"}],"about":[{"href":"https:\/\/www.primor.eu\/blog\/wp-json\/wp\/v2\/types\/post"}],"author":[{"embeddable":true,"href":"https:\/\/www.primor.eu\/blog\/wp-json\/wp\/v2\/users\/30"}],"replies":[{"embeddable":true,"href":"https:\/\/www.primor.eu\/blog\/wp-json\/wp\/v2\/comments?post=122487"}],"version-history":[{"count":4,"href":"https:\/\/www.primor.eu\/blog\/wp-json\/wp\/v2\/posts\/122487\/revisions"}],"predecessor-version":[{"id":122496,"href":"https:\/\/www.primor.eu\/blog\/wp-json\/wp\/v2\/posts\/122487\/revisions\/122496"}],"wp:featuredmedia":[{"embeddable":true,"href":"https:\/\/www.primor.eu\/blog\/wp-json\/wp\/v2\/media\/122491"}],"wp:attachment":[{"href":"https:\/\/www.primor.eu\/blog\/wp-json\/wp\/v2\/media?parent=122487"}],"wp:term":[{"taxonomy":"category","embeddable":true,"href":"https:\/\/www.primor.eu\/blog\/wp-json\/wp\/v2\/categories?post=122487"},{"taxonomy":"post_tag","embeddable":true,"href":"https:\/\/www.primor.eu\/blog\/wp-json\/wp\/v2\/tags?post=122487"}],"curies":[{"name":"wp","href":"https:\/\/api.w.org\/{rel}","templated":true}]}}