{"id":122289,"date":"2026-01-15T11:55:00","date_gmt":"2026-01-15T11:55:00","guid":{"rendered":"https:\/\/www.primor.eu\/blog\/?p=122289"},"modified":"2026-01-15T11:55:01","modified_gmt":"2026-01-15T11:55:01","slug":"talones-agrietados-invierno","status":"publish","type":"post","link":"https:\/\/www.primor.eu\/blog\/talones-agrietados-invierno\/","title":{"rendered":"C\u00f3mo evitar o ponerles fin a los talones agrietados en invierno: recomendaciones de experto"},"content":{"rendered":"\n<p>Los<strong> <a href=\"https:\/\/www.primor.eu\/blog\/rutina-semanal-cuidado-pies\/?srsltid=AfmBOoqyE69571UzjKIgnvw5J_SBG9rc-Vx42iZrfIwfmf2gd3U5Nig1\" data-type=\"link\" data-id=\"https:\/\/www.primor.eu\/blog\/rutina-semanal-cuidado-pies\/?srsltid=AfmBOoqyE69571UzjKIgnvw5J_SBG9rc-Vx42iZrfIwfmf2gd3U5Nig1\">talones agrietados<\/a><\/strong> en <strong>invierno<\/strong> son un problema que se va dando por llevar los <a href=\"https:\/\/www.primor.eu\/es_es\/tratamientos-calmantes-y-para-piel-sensible\" data-type=\"link\" data-id=\"https:\/\/www.primor.eu\/es_es\/tratamientos-calmantes-y-para-piel-sensible\">pies tapados<\/a> todo el tiempo. Cuando llevamos los <strong>pies cubiertos<\/strong>, no pueden respirar, a diferencia de lo que ocurre en verano que los vamos hidratando con ba\u00f1os en la playa o en la piscina o cremas.\u00a0<\/p>\n\n\n\n<p>Adem\u00e1s en verano, llevamos los <a href=\"https:\/\/www.primor.eu\/es_es\/?query=crema%20pies\" data-type=\"link\" data-id=\"https:\/\/www.primor.eu\/es_es\/?query=crema%20pies\">pies <\/a>m\u00e1s al aire libre, lo que permite que puedan respirar mejor. Sin embargo, adem\u00e1s de estar cubiertos los talones agrietados en invierno se estropean debido al <strong>aire seco <\/strong>y el <strong>uso de calefacci\u00f3n<\/strong>. Todos estos factores van resecando la piel.<\/p>\n\n\n\n<h2 class=\"wp-block-heading\">Tratamiento para talones agrietados en invierno&nbsp;<\/h2>\n\n\n\n<p>Como hemos dicho, los <strong>talones agrietados<\/strong> en <strong>invierno<\/strong> son un problema m\u00e1s que com\u00fan. Sin embargo, tienen f\u00e1cil soluci\u00f3n. Vamos a darte algunas de las m\u00e1s recomendadas para que vayas poniendo fin a este problema o previniendo esos primeros signos de talones agrietados. Estos son los trucos para ponerle fin a este problema:<\/p>\n\n\n\n<ul class=\"wp-block-list\">\n<li><strong>Exfoliaci\u00f3n<\/strong>: con una piedra p\u00f3mez cuando existen muchas durezas. Lo mejor es hacerlo despu\u00e9s de la ducha, cuando la piel est\u00e1 blanda y para eliminar c\u00e9lulas muertas. Hay que tener cuidado de no exfoliar en exceso para no irritar los pies.<\/li>\n\n\n\n<li><strong>Hidrataci\u00f3n<\/strong>: tambi\u00e9n a diario. Un buen momento es cuando se ha exfoliado y tambi\u00e9n al salir de la ducha cuando la piel est\u00e1 receptiva a los tratamientos.&nbsp;<\/li>\n\n\n\n<li><strong>Mascarillas<\/strong>: cuando los talones est\u00e1n demasiado agrietados, lo mejor es incluso recurrir a mascarillas. Estas pueden ser naturales, como las que se pueden preparar con miel y avena o estar ya hechas con este fin espec\u00edfico. Tambi\u00e9n son buenos los aceites vegetales como el de coco, por su gran poder hidratante.<\/li>\n\n\n\n<li><strong>Cremas reparadoras<\/strong>: intensivas como pueden ser las que llevan ingredientes como la urea o las que est\u00e1n dise\u00f1adas para este problema en particular.<\/li>\n\n\n\n<li><strong>Calcetines de algod\u00f3n<\/strong>: porque permiten que los pies transpiren mucho m\u00e1s que cuando llevamos otros de materiales sint\u00e9ticos.<\/li>\n<\/ul>\n\n\n\n<h2 class=\"wp-block-heading\">Mejores productos para los talones agrietados<\/h2>\n\n\n        <product-table class=\"pr-slider\">\r\n            <product-headers class=\"grid-table-rows\">\r\n                <div>Foto<\/div>\r\n                <div>Producto<\/div>\r\n                <div>Marca<\/div>\r\n                <div>Valoraciones<\/div>\r\n                <div>Precio<\/div>\r\n            <\/product-headers>\r\n\r\n            <product-list>\r\n                                    <a href=\"https:\/\/www.primor.eu\/es_es\/instituto-espanol-crema-reparadora-avena-codos-rodillas-talones-12027.html\" class=\"product-item grid-table-rows\" target=\"_blank\">\r\n                        <div>\r\n                            <img decoding=\"async\" class=\"product-img\" width=\"80px\" height=\"80px\" src=\"https:\/\/cdn2.primor.eu\/media\/catalog\/product\/cache\/8d3aba296f7a18b5251ee30fa5db42b2\/0\/T\/0TN00126_1_f51b.jpg\" alt=\"Crema Reparadora Avena Codos, Rodillas, Talones\">\r\n                        <\/div>\r\n\r\n                        <!-- Contenido de producto  -->\r\n                        <div>\r\n                            <div class=\"product-position\">\r\n                                #1 Top Ventas                            <\/div>\r\n\r\n                            <h2>\r\n                                Crema Reparadora Avena Codos, Rodillas, Talones                            <\/h2>\r\n                        <\/div>\r\n\r\n                        <!-- Imagen y\/o nombre de la marca -->\r\n                        <div>\r\n                                                            <img decoding=\"async\" width=\"70\" src=\"https:\/\/www.primor.eu\/media\/catalog\/category\/INSTITUTO_ESPA_OL.jpg\" alt=\"\">\r\n                                                    <\/div>\r\n\r\n                        <!-- Puntuaci\u00f3n del producto  -->\r\n                        <div class=\"rating\">\r\n                                                            <div class=\"rate\" style=\"--p:98;\"><\/div>\r\n                                <b>4.9\/5<\/b>\r\n                                <div class=\"rate-stars\">\r\n                                                                            <div\r\n                                            class=\"rate-star  \">\r\n                                        <\/div>\r\n                                                                            <div\r\n                                            class=\"rate-star  \">\r\n                                        <\/div>\r\n                                                                            <div\r\n                                            class=\"rate-star  \">\r\n                                        <\/div>\r\n                                                                            <div\r\n                                            class=\"rate-star  \">\r\n                                        <\/div>\r\n                                                                            <div\r\n                                            class=\"rate-star  \">\r\n                                        <\/div>\r\n                                                                    <\/div>\r\n                                                    <\/div>\r\n\r\n                        <!-- Bot\u00f3n de producto  -->\r\n                        <div>\r\n                            <span class=\"price-claim\">\r\n                                VER PRECIO                            <\/span>\r\n                        <\/div>\r\n                    <\/a>\r\n                                    <a href=\"https:\/\/www.primor.eu\/es_es\/arganour-aceite-de-coco-100-puro-12365.html\" class=\"product-item grid-table-rows\" target=\"_blank\">\r\n                        <div>\r\n                            <img decoding=\"async\" class=\"product-img\" width=\"80px\" height=\"80px\" src=\"https:\/\/cdn2.primor.eu\/media\/catalog\/product\/cache\/8d3aba296f7a18b5251ee30fa5db42b2\/8\/4\/8435438600317_3ddf.png\" alt=\"Aceite de Coco BIO\">\r\n                        <\/div>\r\n\r\n                        <!-- Contenido de producto  -->\r\n                        <div>\r\n                            <div class=\"product-position\">\r\n                                #2                            <\/div>\r\n\r\n                            <h2>\r\n                                Aceite de Coco BIO                            <\/h2>\r\n                        <\/div>\r\n\r\n                        <!-- Imagen y\/o nombre de la marca -->\r\n                        <div>\r\n                                                            <img decoding=\"async\" width=\"70\" src=\"https:\/\/www.primor.eu\/media\/catalog\/category\/arganour.jpg\" alt=\"\">\r\n                                                    <\/div>\r\n\r\n                        <!-- Puntuaci\u00f3n del producto  -->\r\n                        <div class=\"rating\">\r\n                                                            <div class=\"rate\" style=\"--p:92;\"><\/div>\r\n                                <b>4.6\/5<\/b>\r\n                                <div class=\"rate-stars\">\r\n                                                                            <div\r\n                                            class=\"rate-star  \">\r\n                                        <\/div>\r\n                                                                            <div\r\n                                            class=\"rate-star  \">\r\n                                        <\/div>\r\n                                                                            <div\r\n                                            class=\"rate-star  \">\r\n                                        <\/div>\r\n                                                                            <div\r\n                                            class=\"rate-star  \">\r\n                                        <\/div>\r\n                                                                            <div\r\n                                            class=\"rate-star  \">\r\n                                        <\/div>\r\n                                                                    <\/div>\r\n                                                    <\/div>\r\n\r\n                        <!-- Bot\u00f3n de producto  -->\r\n                        <div>\r\n                            <span class=\"price-claim\">\r\n                                VER PRECIO                            <\/span>\r\n                        <\/div>\r\n                    <\/a>\r\n                                    <a href=\"https:\/\/www.primor.eu\/es_es\/neutrogena-crema-de-pies-ultra-hidratante-106116.html?#846=66171\" class=\"product-item grid-table-rows\" target=\"_blank\">\r\n                        <div>\r\n                            <img decoding=\"async\" class=\"product-img\" width=\"80px\" height=\"80px\" src=\"https:\/\/cdn2.primor.eu\/media\/catalog\/product\/cache\/8d3aba296f7a18b5251ee30fa5db42b2\/3\/5\/3574661325163_01_9637.png\" alt=\"Crema Pies Ultra Hidratante Pies Secos y \u00c1speros\">\r\n                        <\/div>\r\n\r\n                        <!-- Contenido de producto  -->\r\n                        <div>\r\n                            <div class=\"product-position\">\r\n                                #3                            <\/div>\r\n\r\n                            <h2>\r\n                                Crema Pies Ultra Hidratante Pies Secos y \u00c1speros                            <\/h2>\r\n                        <\/div>\r\n\r\n                        <!-- Imagen y\/o nombre de la marca -->\r\n                        <div>\r\n                                                            <img decoding=\"async\" width=\"70\" src=\"https:\/\/www.primor.eu\/media\/catalog\/category\/Neutrogena.jpg\" alt=\"Neutrogena\">\r\n                                                    <\/div>\r\n\r\n                        <!-- Puntuaci\u00f3n del producto  -->\r\n                        <div class=\"rating\">\r\n                                                            <div class=\"rate\" style=\"--p:98;\"><\/div>\r\n                                <b>4.9\/5<\/b>\r\n                                <div class=\"rate-stars\">\r\n                                                                            <div\r\n                                            class=\"rate-star  \">\r\n                                        <\/div>\r\n                                                                            <div\r\n                                            class=\"rate-star  \">\r\n                                        <\/div>\r\n                                                                            <div\r\n                                            class=\"rate-star  \">\r\n                                        <\/div>\r\n                                                                            <div\r\n                                            class=\"rate-star  \">\r\n                                        <\/div>\r\n                                                                            <div\r\n                                            class=\"rate-star  \">\r\n                                        <\/div>\r\n                                                                    <\/div>\r\n                                                    <\/div>\r\n\r\n                        <!-- Bot\u00f3n de producto  -->\r\n                        <div>\r\n                            <span class=\"price-claim\">\r\n                                VER PRECIO                            <\/span>\r\n                        <\/div>\r\n                    <\/a>\r\n                            <\/product-list>\r\n        <\/product-table>\r\n\r\n        \n\n\n\n<h3 class=\"wp-block-heading\">Crema Reparadora Avena Codos, Rodillas, Talones de Instituto Espa\u00f1ol<\/h3>\n\n\n\n<p>Es la respuesta eficaz a la extrema sequedad de codos, rodillas y talones. Su acci\u00f3n reparadora intensa, se debe a una formulaci\u00f3n concentrada de Glicerina y Avena enriquecida con Alantolina. Mejora el contenido e incrementa las reservas de agua fortaleciendo la barrera natural de la dermis. Produce una normalizaci\u00f3n de la descamaci\u00f3n.<\/p>\n\n\n\n<ul class=\"wp-block-list\">\n<li>Hidrataci\u00f3n<\/li>\n\n\n\n<li>Acci\u00f3n reparadora<\/li>\n\n\n\n<li>Protecci\u00f3n de la piel<\/li>\n\n\n\n<li>Suavidad<\/li>\n<\/ul>\n\n\n    <a class='product' target='_blank' href='https:\/\/www.primor.eu\/es_es\/instituto-espanol-crema-reparadora-avena-codos-rodillas-talones-12027.html'>\r\n        <img loading='async' src='https:\/\/cdn2.primor.eu\/media\/catalog\/product\/cache\/8d3aba296f7a18b5251ee30fa5db42b2\/0\/T\/0TN00126_1_f51b.jpg' alt='COMPRAR AHORA'>\r\n            <div class=\"claim\">\r\n                COMPRAR AHORA            <\/div>\r\n        <\/a>\r\n    \n\n\n<h3 class=\"wp-block-heading\">Aceite de Coco BIO de Arganour<\/h3>\n\n\n\n<p>El aceite de coco BIO es muy conocido por sus propiedades hidratantes, calmantes y cicatrizantes, convirti\u00e9ndose en el aliado perfecto de las pieles y los cabellos secos y da\u00f1ados. De hecho, es un b\u00e1sico en la cosm\u00e9tica natural. El aceite de coco natural contiene hasta un 90% de \u00e1cidos grasos saturados y vitaminas: \u00e1cido l\u00e1urico, \u00e1cido capr\u00edlico, \u00e1cido mir\u00edstico, vitamina E y vitamina B, entre otros. Gracias a ello, consigue hidratar, nutrir, calmar y suavizar intensamente todos los tipos de pieles, adem\u00e1s de protegerlas de las agresiones externas como los cambios de temperatura o el viento.<\/p>\n\n\n    <a class='product' target='_blank' href='https:\/\/www.primor.eu\/es_es\/arganour-aceite-de-coco-100-puro-12365.html'>\r\n        <img loading='async' src='https:\/\/cdn2.primor.eu\/media\/catalog\/product\/cache\/8d3aba296f7a18b5251ee30fa5db42b2\/8\/4\/8435438600317_3ddf.png' alt='COMPRAR AHORA'>\r\n            <div class=\"claim\">\r\n                COMPRAR AHORA            <\/div>\r\n        <\/a>\r\n    \n\n\n<h3 class=\"wp-block-heading\">Crema de Pies Ultra-Hidratante de Neutrogena<\/h3>\n\n\n\n<p>Est\u00e1 especialmente desarrollada para reparar los talones agrietados y proteger la barrera natural de la piel, consiguiendo unos pies sanos y suaves, y proporcionando una agradable sensaci\u00f3n de alivio. El cuidado de los pies no es s\u00f3lo una cuesti\u00f3n est\u00e9tica, sino tambi\u00e9n una cuesti\u00f3n de salud, y es que la salud de los pies empieza con una buena hidrataci\u00f3n.<\/p>\n\n\n\n<p>Su f\u00f3rmula, rica en Glicerina, es altamente hidratante y retarda la p\u00e9rdida de agua. Adem\u00e1s, contiene Alanto\u00edna, un ingrediente que promueve y acelera los procesos de regeneraci\u00f3n natural de la piel, es decir, ayuda a la piel a regenerarse a s\u00ed misma para conseguir una mayor suavidad. Tambi\u00e9n contiene el Bisabolol, que alivia inmediatamente los pies que sufren, Vitamina B5 (DPantenol), que suaviza, y Linoleato de Vitamina E (o Tocoferol), que protege la piel.<\/p>\n\n\n    <a class='product' target='_blank' href='https:\/\/www.primor.eu\/es_es\/neutrogena-crema-de-pies-ultra-hidratante-106116.html?#846=66171'>\r\n        <img loading='async' src='https:\/\/cdn2.primor.eu\/media\/catalog\/product\/cache\/8d3aba296f7a18b5251ee30fa5db42b2\/3\/5\/3574661325163_01_9637.png' alt='COMPRAR AHORA'>\r\n            <div class=\"claim\">\r\n                COMPRAR AHORA            <\/div>\r\n        <\/a>\r\n    \n\n\n<h3 class=\"wp-block-heading\">Crema Pies Secos Y Agrietados de Babaria<\/h3>\n\n\n\n<p>La combinaci\u00f3n del aloe vera y el aceite de almendras dulces hace a esta crema una gran hidratante y reparadora de los pies y talones. La urea es un activo altamente hidratante. Crema Pies Secos Y Agrietados de Babaria alivia inmediatamente los pies, incluso los m\u00e1s secos y estropeados. Testado bajo control dermatol\u00f3gico.<\/p>\n\n\n    <a class='product' target='_blank' href='https:\/\/www.primor.eu\/es_es\/babaria-crema-pies-secos-y-agrietados-11959.html'>\r\n        <img loading='async' src='https:\/\/cdn2.primor.eu\/media\/catalog\/product\/cache\/8d3aba296f7a18b5251ee30fa5db42b2\/8\/4\/8410412027083_1_0248.jpg' alt='COMPRAR AHORA'>\r\n            <div class=\"claim\">\r\n                COMPRAR AHORA            <\/div>\r\n        <\/a>\r\n    \n\n<div class=\"kk-star-ratings kksr-auto kksr-align-center kksr-valign-bottom\"\n    data-payload='{&quot;align&quot;:&quot;center&quot;,&quot;id&quot;:&quot;122289&quot;,&quot;slug&quot;:&quot;default&quot;,&quot;valign&quot;:&quot;bottom&quot;,&quot;ignore&quot;:&quot;&quot;,&quot;reference&quot;:&quot;auto&quot;,&quot;class&quot;:&quot;&quot;,&quot;count&quot;:&quot;0&quot;,&quot;legendonly&quot;:&quot;&quot;,&quot;readonly&quot;:&quot;&quot;,&quot;score&quot;:&quot;0&quot;,&quot;starsonly&quot;:&quot;&quot;,&quot;best&quot;:&quot;5&quot;,&quot;gap&quot;:&quot;5&quot;,&quot;greet&quot;:&quot;Valora este art\u00edculo&quot;,&quot;legend&quot;:&quot;0\\\/5 - (0 votos)&quot;,&quot;size&quot;:&quot;24&quot;,&quot;title&quot;:&quot;C\u00f3mo evitar o ponerles fin a los talones agrietados en invierno: recomendaciones de experto&quot;,&quot;width&quot;:&quot;0&quot;,&quot;_legend&quot;:&quot;{score}\\\/{best} - ({count} {votes})&quot;,&quot;font_factor&quot;:&quot;1.25&quot;}'>\n            \n<div class=\"kksr-stars\">\n    \n<div class=\"kksr-stars-inactive\">\n            <div class=\"kksr-star\" data-star=\"1\" style=\"padding-right: 5px\">\n            \n\n<div class=\"kksr-icon\" style=\"width: 24px; height: 24px;\"><\/div>\n        <\/div>\n            <div class=\"kksr-star\" data-star=\"2\" style=\"padding-right: 5px\">\n            \n\n<div class=\"kksr-icon\" style=\"width: 24px; height: 24px;\"><\/div>\n        <\/div>\n            <div class=\"kksr-star\" data-star=\"3\" style=\"padding-right: 5px\">\n            \n\n<div class=\"kksr-icon\" style=\"width: 24px; height: 24px;\"><\/div>\n        <\/div>\n            <div class=\"kksr-star\" data-star=\"4\" style=\"padding-right: 5px\">\n            \n\n<div class=\"kksr-icon\" style=\"width: 24px; height: 24px;\"><\/div>\n        <\/div>\n            <div class=\"kksr-star\" data-star=\"5\" style=\"padding-right: 5px\">\n            \n\n<div class=\"kksr-icon\" style=\"width: 24px; height: 24px;\"><\/div>\n        <\/div>\n    <\/div>\n    \n<div class=\"kksr-stars-active\" style=\"width: 0px;\">\n            <div class=\"kksr-star\" style=\"padding-right: 5px\">\n            \n\n<div class=\"kksr-icon\" style=\"width: 24px; height: 24px;\"><\/div>\n        <\/div>\n            <div class=\"kksr-star\" style=\"padding-right: 5px\">\n            \n\n<div class=\"kksr-icon\" style=\"width: 24px; height: 24px;\"><\/div>\n        <\/div>\n            <div class=\"kksr-star\" style=\"padding-right: 5px\">\n            \n\n<div class=\"kksr-icon\" style=\"width: 24px; height: 24px;\"><\/div>\n        <\/div>\n            <div class=\"kksr-star\" style=\"padding-right: 5px\">\n            \n\n<div class=\"kksr-icon\" style=\"width: 24px; height: 24px;\"><\/div>\n        <\/div>\n            <div class=\"kksr-star\" style=\"padding-right: 5px\">\n            \n\n<div class=\"kksr-icon\" style=\"width: 24px; height: 24px;\"><\/div>\n        <\/div>\n    <\/div>\n<\/div>\n                \n\n<div class=\"kksr-legend\" style=\"font-size: 19.2px;\">\n            <span class=\"kksr-muted\">Valora este art\u00edculo<\/span>\n    <\/div>\n    <\/div>\n","protected":false},"excerpt":{"rendered":"<p>Los talones agrietados en invierno son un problema que se va dando por llevar los pies tapados todo el tiempo. Cuando llevamos los pies cubiertos, no pueden respirar, a diferencia de lo que ocurre en verano que los vamos hidratando con ba\u00f1os en la playa o en la piscina o cremas.\u00a0 Adem\u00e1s en verano, llevamos [&hellip;]<\/p>\n","protected":false},"author":30,"featured_media":122292,"comment_status":"closed","ping_status":"closed","sticky":false,"template":"","format":"standard","meta":{"jnews-multi-image_gallery":[],"jnews_single_post":{"format":"standard"},"jnews_primary_category":[],"jnews_social_meta":[],"jnews_override_counter":[],"footnotes":""},"categories":[151],"tags":[],"class_list":["post-122289","post","type-post","status-publish","format-standard","has-post-thumbnail","hentry","category-corporales"],"_links":{"self":[{"href":"https:\/\/www.primor.eu\/blog\/wp-json\/wp\/v2\/posts\/122289","targetHints":{"allow":["GET"]}}],"collection":[{"href":"https:\/\/www.primor.eu\/blog\/wp-json\/wp\/v2\/posts"}],"about":[{"href":"https:\/\/www.primor.eu\/blog\/wp-json\/wp\/v2\/types\/post"}],"author":[{"embeddable":true,"href":"https:\/\/www.primor.eu\/blog\/wp-json\/wp\/v2\/users\/30"}],"replies":[{"embeddable":true,"href":"https:\/\/www.primor.eu\/blog\/wp-json\/wp\/v2\/comments?post=122289"}],"version-history":[{"count":5,"href":"https:\/\/www.primor.eu\/blog\/wp-json\/wp\/v2\/posts\/122289\/revisions"}],"predecessor-version":[{"id":137394,"href":"https:\/\/www.primor.eu\/blog\/wp-json\/wp\/v2\/posts\/122289\/revisions\/137394"}],"wp:featuredmedia":[{"embeddable":true,"href":"https:\/\/www.primor.eu\/blog\/wp-json\/wp\/v2\/media\/122292"}],"wp:attachment":[{"href":"https:\/\/www.primor.eu\/blog\/wp-json\/wp\/v2\/media?parent=122289"}],"wp:term":[{"taxonomy":"category","embeddable":true,"href":"https:\/\/www.primor.eu\/blog\/wp-json\/wp\/v2\/categories?post=122289"},{"taxonomy":"post_tag","embeddable":true,"href":"https:\/\/www.primor.eu\/blog\/wp-json\/wp\/v2\/tags?post=122289"}],"curies":[{"name":"wp","href":"https:\/\/api.w.org\/{rel}","templated":true}]}}