{"id":122220,"date":"2025-03-01T12:00:00","date_gmt":"2025-03-01T12:00:00","guid":{"rendered":"https:\/\/www.primor.eu\/blog\/?p=122220"},"modified":"2025-12-15T17:10:50","modified_gmt":"2025-12-15T17:10:50","slug":"mejores-manicuras-novia-invierno","status":"publish","type":"post","link":"https:\/\/www.primor.eu\/blog\/mejores-manicuras-novia-invierno\/","title":{"rendered":"Atenci\u00f3n novias: si te casas en invierno, esta es la manicura que deber\u00e1s llevar"},"content":{"rendered":"\n<p>Una<a href=\"https:\/\/www.primor.eu\/blog\/tendencias-unas-manicuras-pedicuras-invierno\/?srsltid=AfmBOorDbRx3iN4iJG6kurGtpCRvnvnKiwuyRMp-CaUPuzjW9P1D3xjK\" data-type=\"link\" data-id=\"https:\/\/www.primor.eu\/blog\/tendencias-unas-manicuras-pedicuras-invierno\/?srsltid=AfmBOorDbRx3iN4iJG6kurGtpCRvnvnKiwuyRMp-CaUPuzjW9P1D3xjK\"> <strong>manicura <\/strong><\/a><strong>de novia <\/strong>para<strong> invierno<\/strong> es algo que hay que elegir con gran cuidado y mimo. El hecho de que te cases en esta \u00e9poca del a\u00f1o, hace que los tonos y estilos que elijas para tu <a href=\"https:\/\/www.primor.eu\/es_es\/esmaltes-de-unas-lujo\" data-type=\"link\" data-id=\"https:\/\/www.primor.eu\/es_es\/esmaltes-de-unas-lujo\">manicura<\/a> de novia para invierno est\u00e9n determinados por varios factores. Vamos a ver cu\u00e1les son esos factores y tambi\u00e9n, cu\u00e1les son las<strong> mejores opciones<\/strong> de manicura de novia para invierno.\u00a0<\/p>\n\n\n\n<h2 class=\"wp-block-heading\">Factores para elegir manicura de novia para invierno<\/h2>\n\n\n\n<p>El hecho de que est\u00e9s pregunt\u00e1ndote cu\u00e1l es la mejor <strong><a href=\"https:\/\/www.primor.eu\/es_es\/cuidado-de-unas-lujo\" data-type=\"link\" data-id=\"https:\/\/www.primor.eu\/es_es\/cuidado-de-unas-lujo\">manicura <\/a>de novia<\/strong> para<strong> invierno<\/strong>, quiere decir que ese d\u00eda es muy importante para ti y quieres lucir como la diosa que eres, pero tienes en cuenta que el invierno tiene sus propias<strong> reglas<\/strong> en materia de belleza.<\/p>\n\n\n\n<p>Lo primero que hay que tener en cuenta es que, en invierno, puede que lleves un <strong>vestido <\/strong>mucho <strong>m\u00e1s cubierto<\/strong> de lo que lo llevar\u00edas en primavera o en verano. Esto quiere decir que la manicura que elijas tendr\u00e1 que tener esto en cuenta.<\/p>\n\n\n\n<p>Por otro lado, puedes <strong>combinar <\/strong>tu manicura de novia para invierno <strong>con los complementos <\/strong>que vayas a lucir el d\u00eda de la boda. Los zapatos, alg\u00fan tocado, coronas de flores y dem\u00e1s pueden ser una pista para que elijas tu mejor manicura. No obstante, a continuaci\u00f3n vamos a ver cu\u00e1les son las opciones m\u00e1s seguras y recomendables para tu manicura de novia para invierno.<\/p>\n\n\n\n<h2 class=\"wp-block-heading\">Manicura de novia para invierno: mejores opciones<\/h2>\n\n\n\n<p>Vamos a darte algunas ideas sobre las que nos parecen las mejores opciones de manicura de novia para invierno. Recuerda, como siempre te decimos, que te sirvan de inspiraci\u00f3n pero que no te limiten. Siempre puedes elegir la que m\u00e1s te guste pero a\u00f1adirle tu propio toque o modificarla:<\/p>\n\n\n\n<h3 class=\"wp-block-heading\">Manicura francesa<\/h3>\n\n\n\n<p>Es una opci\u00f3n genial si eres de las cl\u00e1sicas y quieres quedarte en la sofisticaci\u00f3n de lo natural el d\u00eda de tu boda. Puedes elegir llevar la manicura francesa con las u\u00f1as de largo medio, es decir, ni muy cortas ni extremadamente largas. Realmente es como mejor queda esta manicura que nunca falla.&nbsp;<\/p>\n\n\n\n<h3 class=\"wp-block-heading\">Con detalles joya<\/h3>\n\n\n\n<p>Una de las mejores opciones de manicura de novia para invierno es la que integra detalles joya en ella. Por ejemplo, peque\u00f1os cristales Swarovski que puedan darle un toque de elegancia sin recargar la manicura o llegar a ser ostentosos. Tambi\u00e9n puedes elegir otros detalles que sean, por ejemplo, plateados o dorados. O unas peque\u00f1as perlas en algunas u\u00f1as.<\/p>\n\n\n\n<h3 class=\"wp-block-heading\">En n\u00e1car<\/h3>\n\n\n\n<p>Una novia todo de blanco es algo bonito y cl\u00e1sico. Si has pensado en algo as\u00ed para tu manicura, te recomendamos que les des a tus u\u00f1as un toque en n\u00e1car. Como si fueran esas perlas de las sirenas. Esta opci\u00f3n es femenina y delicada, as\u00ed que si estas son bases que van con tu personalidad, \u00a1l\u00e1nzate!<\/p>\n\n\n\n<h3 class=\"wp-block-heading\">En nude y los rosados<\/h3>\n\n\n\n<p>Aunque el vestido sea blanco, las u\u00f1as nude son una genial idea. Claro que tambi\u00e9n lo son si los tonos de tu vestido van en esta l\u00ednea. Los tonos champagne, arena claros y similares ser\u00e1n ideales para este d\u00eda tan especial. Los tonos nude tienen la ventaja de ser elegantes a la vez que sofisticados y sencillos. Por eso, para el d\u00eda de tu boda son una de las opciones m\u00e1s seguras si quieres salir de lo com\u00fan. Tambi\u00e9n tienes la opci\u00f3n de escoger por ejemplo, un rosa p\u00e1lido o palo.<\/p>\n\n\n\n<h3 class=\"wp-block-heading\">Tonos grises, azulados o plateados<\/h3>\n\n\n\n<p>Aunque son una de las opciones m\u00e1s atrevidas, entran dentro de lo que puede ser sencillo para tu manicura en tu boda. Elige algunos como el azul hielo, el gris perla o un plata metalizada si buscas algo un poco m\u00e1s atrevido. Los tonos fr\u00edos siempre son una buena opci\u00f3n para el invierno.<\/p>\n\n\n\n<h2 class=\"wp-block-heading\">Los mejores esmaltes para tu manicura de novia para invierno<\/h2>\n\n\n\n<h3 class=\"wp-block-heading\">Esmalte de U\u00f1as 60 Seconds Super Shine de Rimmel<\/h3>\n\n\n\n<p>Este esmalte de secado r\u00e1pido ofrece una manicura de calidad profesional que perdura por m\u00e1s de una semana. El amplio cepillo de precisi\u00f3n de este esmalte de u\u00f1as facilita la aplicaci\u00f3n, extendiendo el color de alto impacto en las puntas y logrando un acabado brillante impecable. Aplica una segunda capa y disfruta de un color ultra brillante con buen impacto y un acabado glossy.<\/p>\n\n\n    <a class='product' target='_blank' href='https:\/\/www.primor.eu\/es_es\/rimmel-esmalte-de-unas-60-seconds-super-shine-110227.html?#803=52708'>\r\n        <img loading='async' src='https:\/\/cdn2.primor.eu\/media\/catalog\/product\/cache\/8d3aba296f7a18b5251ee30fa5db42b2\/0\/M\/0MM14004_1_839f.jpg' alt='COMPRAR AHORA'>\r\n            <div class=\"claim\">\r\n                COMPRAR AHORA            <\/div>\r\n        <\/a>\r\n    \n\n\n<h3 class=\"wp-block-heading\">Nail Care Youth color Esmalte de U\u00f1as Rejuvenecedor de Beter<\/h3>\n\n\n\n<p>El color y el tratamiento de u\u00f1as se unen para dar lugar a los esmaltes de u\u00f1as Youth Color de Beter.<\/p>\n\n\n\n<p>Brillo extraordinario con una \u00f3ptima cobertura y duraci\u00f3n que protege del envejecimiento: u\u00f1as m\u00e1s fuertes y suaves en cada aplicaci\u00f3n.<\/p>\n\n\n\n<p>Su f\u00f3rmula est\u00e1 dise\u00f1ada con Pro-Age Complex, muy rico en Vitamina C de alto poder antioxidante, \u00e1cido hialur\u00f3nico de efecto antiedad y plancton foto reactivo que protege las u\u00f1as. Con filtro UV.<\/p>\n\n\n    <a class='product' target='_blank' href='https:\/\/www.primor.eu\/es_es\/beter-nail-care-youth-color-esmalte-de-unas-rejuvenecedor-111132.html?#803=52532'>\r\n        <img loading='async' src='https:\/\/cdn2.primor.eu\/media\/catalog\/product\/cache\/8d3aba296f7a18b5251ee30fa5db42b2\/8\/4\/8412122400699__1__6e2c.png' alt='COMPRAR AHORA'>\r\n            <div class=\"claim\">\r\n                COMPRAR AHORA            <\/div>\r\n        <\/a>\r\n    \n\n<div class=\"kk-star-ratings kksr-auto kksr-align-center kksr-valign-bottom\"\n    data-payload='{&quot;align&quot;:&quot;center&quot;,&quot;id&quot;:&quot;122220&quot;,&quot;slug&quot;:&quot;default&quot;,&quot;valign&quot;:&quot;bottom&quot;,&quot;ignore&quot;:&quot;&quot;,&quot;reference&quot;:&quot;auto&quot;,&quot;class&quot;:&quot;&quot;,&quot;count&quot;:&quot;0&quot;,&quot;legendonly&quot;:&quot;&quot;,&quot;readonly&quot;:&quot;&quot;,&quot;score&quot;:&quot;0&quot;,&quot;starsonly&quot;:&quot;&quot;,&quot;best&quot;:&quot;5&quot;,&quot;gap&quot;:&quot;5&quot;,&quot;greet&quot;:&quot;Valora este art\u00edculo&quot;,&quot;legend&quot;:&quot;0\\\/5 - (0 votos)&quot;,&quot;size&quot;:&quot;24&quot;,&quot;title&quot;:&quot;Atenci\u00f3n novias: si te casas en invierno, esta es la manicura que deber\u00e1s llevar&quot;,&quot;width&quot;:&quot;0&quot;,&quot;_legend&quot;:&quot;{score}\\\/{best} - ({count} {votes})&quot;,&quot;font_factor&quot;:&quot;1.25&quot;}'>\n            \n<div class=\"kksr-stars\">\n    \n<div class=\"kksr-stars-inactive\">\n            <div class=\"kksr-star\" data-star=\"1\" style=\"padding-right: 5px\">\n            \n\n<div class=\"kksr-icon\" style=\"width: 24px; height: 24px;\"><\/div>\n        <\/div>\n            <div class=\"kksr-star\" data-star=\"2\" style=\"padding-right: 5px\">\n            \n\n<div class=\"kksr-icon\" style=\"width: 24px; height: 24px;\"><\/div>\n        <\/div>\n            <div class=\"kksr-star\" data-star=\"3\" style=\"padding-right: 5px\">\n            \n\n<div class=\"kksr-icon\" style=\"width: 24px; height: 24px;\"><\/div>\n        <\/div>\n            <div class=\"kksr-star\" data-star=\"4\" style=\"padding-right: 5px\">\n            \n\n<div class=\"kksr-icon\" style=\"width: 24px; height: 24px;\"><\/div>\n        <\/div>\n            <div class=\"kksr-star\" data-star=\"5\" style=\"padding-right: 5px\">\n            \n\n<div class=\"kksr-icon\" style=\"width: 24px; height: 24px;\"><\/div>\n        <\/div>\n    <\/div>\n    \n<div class=\"kksr-stars-active\" style=\"width: 0px;\">\n            <div class=\"kksr-star\" style=\"padding-right: 5px\">\n            \n\n<div class=\"kksr-icon\" style=\"width: 24px; height: 24px;\"><\/div>\n        <\/div>\n            <div class=\"kksr-star\" style=\"padding-right: 5px\">\n            \n\n<div class=\"kksr-icon\" style=\"width: 24px; height: 24px;\"><\/div>\n        <\/div>\n            <div class=\"kksr-star\" style=\"padding-right: 5px\">\n            \n\n<div class=\"kksr-icon\" style=\"width: 24px; height: 24px;\"><\/div>\n        <\/div>\n            <div class=\"kksr-star\" style=\"padding-right: 5px\">\n            \n\n<div class=\"kksr-icon\" style=\"width: 24px; height: 24px;\"><\/div>\n        <\/div>\n            <div class=\"kksr-star\" style=\"padding-right: 5px\">\n            \n\n<div class=\"kksr-icon\" style=\"width: 24px; height: 24px;\"><\/div>\n        <\/div>\n    <\/div>\n<\/div>\n                \n\n<div class=\"kksr-legend\" style=\"font-size: 19.2px;\">\n            <span class=\"kksr-muted\">Valora este art\u00edculo<\/span>\n    <\/div>\n    <\/div>\n","protected":false},"excerpt":{"rendered":"<p>Una manicura de novia para invierno es algo que hay que elegir con gran cuidado y mimo. El hecho de que te cases en esta \u00e9poca del a\u00f1o, hace que los tonos y estilos que elijas para tu manicura de novia para invierno est\u00e9n determinados por varios factores. Vamos a ver cu\u00e1les son esos factores [&hellip;]<\/p>\n","protected":false},"author":30,"featured_media":122221,"comment_status":"closed","ping_status":"closed","sticky":false,"template":"","format":"standard","meta":{"jnews-multi-image_gallery":[],"jnews_single_post":{"format":"standard"},"jnews_primary_category":[],"jnews_social_meta":[],"jnews_override_counter":[],"footnotes":""},"categories":[1831],"tags":[],"class_list":["post-122220","post","type-post","status-publish","format-standard","has-post-thumbnail","hentry","category-manicuras"],"_links":{"self":[{"href":"https:\/\/www.primor.eu\/blog\/wp-json\/wp\/v2\/posts\/122220","targetHints":{"allow":["GET"]}}],"collection":[{"href":"https:\/\/www.primor.eu\/blog\/wp-json\/wp\/v2\/posts"}],"about":[{"href":"https:\/\/www.primor.eu\/blog\/wp-json\/wp\/v2\/types\/post"}],"author":[{"embeddable":true,"href":"https:\/\/www.primor.eu\/blog\/wp-json\/wp\/v2\/users\/30"}],"replies":[{"embeddable":true,"href":"https:\/\/www.primor.eu\/blog\/wp-json\/wp\/v2\/comments?post=122220"}],"version-history":[{"count":3,"href":"https:\/\/www.primor.eu\/blog\/wp-json\/wp\/v2\/posts\/122220\/revisions"}],"predecessor-version":[{"id":136273,"href":"https:\/\/www.primor.eu\/blog\/wp-json\/wp\/v2\/posts\/122220\/revisions\/136273"}],"wp:featuredmedia":[{"embeddable":true,"href":"https:\/\/www.primor.eu\/blog\/wp-json\/wp\/v2\/media\/122221"}],"wp:attachment":[{"href":"https:\/\/www.primor.eu\/blog\/wp-json\/wp\/v2\/media?parent=122220"}],"wp:term":[{"taxonomy":"category","embeddable":true,"href":"https:\/\/www.primor.eu\/blog\/wp-json\/wp\/v2\/categories?post=122220"},{"taxonomy":"post_tag","embeddable":true,"href":"https:\/\/www.primor.eu\/blog\/wp-json\/wp\/v2\/tags?post=122220"}],"curies":[{"name":"wp","href":"https:\/\/api.w.org\/{rel}","templated":true}]}}