{"id":122149,"date":"2025-02-23T21:00:00","date_gmt":"2025-02-23T21:00:00","guid":{"rendered":"https:\/\/www.primor.eu\/blog\/?p=122149"},"modified":"2025-06-30T06:27:29","modified_gmt":"2025-06-30T06:27:29","slug":"nape-bob","status":"publish","type":"post","link":"https:\/\/www.primor.eu\/blog\/nape-bob\/","title":{"rendered":"El nape bob es la nueva tendencia en pelo corto y estas son todas las posibilidades para llevarlo"},"content":{"rendered":"\n<p>El <strong>nape <a href=\"https:\/\/www.primor.eu\/blog\/corte-pelo-bob\/?srsltid=AfmBOorw1Arq7afvlliEe1WDehqNTX2LOltJCmeN-RwdcbjFHoLwNDa8\" data-type=\"link\" data-id=\"https:\/\/www.primor.eu\/blog\/corte-pelo-bob\/?srsltid=AfmBOorw1Arq7afvlliEe1WDehqNTX2LOltJCmeN-RwdcbjFHoLwNDa8\">bob<\/a> <\/strong>es una variante del bob cl\u00e1sico. Si bien el bob cl\u00e1sico en muchos casos se queda en la barbilla, el nape bob es como una especie de media melena corta que se queda a ras de la nuca. Una opci\u00f3n con un<strong> toque noventero<\/strong> y <strong>grunge <\/strong>que sin duda va muy acorde con las tendencias urbanas del momento.<\/p>\n\n\n\n<p>Sin embargo, el nape bob, al ser un tipo de bob, no deja de ser una opci\u00f3n elegante y sofisticada como todos los bobs. Vamos a ver a continuaci\u00f3n cu\u00e1les son las opciones de nape bob que puedes lucir.&nbsp;<\/p>\n\n\n\n<p>Como siempre que te traemos una nueva tendencia, nos hemos recorrido las redes sociales para traerte unas cuantas<strong> inspiraciones<\/strong> para que elijas c\u00f3mo lucir en este caso, el <strong>nape bob<\/strong>.<\/p>\n\n\n\n<h3 class=\"wp-block-heading\">Nape bob a escala<\/h3>\n\n\n\n<figure class=\"wp-block-image size-large\"><img decoding=\"async\" width=\"1024\" height=\"1024\" src=\"https:\/\/www.primor.eu\/blog\/wp-content\/uploads\/2025\/02\/1-3-1024x1024.jpg\" alt=\"\" class=\"wp-image-122150\" srcset=\"https:\/\/www.primor.eu\/blog\/wp-content\/uploads\/2025\/02\/1-3-1024x1024.jpg 1024w, https:\/\/www.primor.eu\/blog\/wp-content\/uploads\/2025\/02\/1-3-300x300.jpg 300w, https:\/\/www.primor.eu\/blog\/wp-content\/uploads\/2025\/02\/1-3-150x150.jpg 150w, https:\/\/www.primor.eu\/blog\/wp-content\/uploads\/2025\/02\/1-3-768x768.jpg 768w, https:\/\/www.primor.eu\/blog\/wp-content\/uploads\/2025\/02\/1-3-75x75.jpg 75w, https:\/\/www.primor.eu\/blog\/wp-content\/uploads\/2025\/02\/1-3-350x350.jpg 350w, https:\/\/www.primor.eu\/blog\/wp-content\/uploads\/2025\/02\/1-3-750x750.jpg 750w, https:\/\/www.primor.eu\/blog\/wp-content\/uploads\/2025\/02\/1-3.jpg 1080w\" sizes=\"(max-width: 1024px) 100vw, 1024px\" \/><\/figure>\n\n\n\n<p>Fuente Instagram: @mariopeluqueria<\/p>\n\n\n\n<p>Esta opci\u00f3n de media melena a escala es alternativa y fresca. Es perfecta para llevar con looks casual, pero tambi\u00e9n para darle frescura a looks ejecutivos o masculinos, por ejemplo. Tambi\u00e9n es una buena idea si no se tiene una personalidad muy recta o r\u00edgida, ya que un bob cl\u00e1sico de esos rectos o perfectamente peinados, transmiten m\u00e1s bien esta sensaci\u00f3n. Estos tonos platinos le dan a este nape bob un color amable y alternativo, \u00a1incluso londinense!<\/p>\n\n\n\n<h3 class=\"wp-block-heading\">Nape bob con flequillo recto<\/h3>\n\n\n\n<figure class=\"wp-block-image size-large\"><img decoding=\"async\" width=\"1024\" height=\"1024\" src=\"https:\/\/www.primor.eu\/blog\/wp-content\/uploads\/2025\/02\/2-3-1024x1024.jpg\" alt=\"\" class=\"wp-image-122151\" srcset=\"https:\/\/www.primor.eu\/blog\/wp-content\/uploads\/2025\/02\/2-3-1024x1024.jpg 1024w, https:\/\/www.primor.eu\/blog\/wp-content\/uploads\/2025\/02\/2-3-300x300.jpg 300w, https:\/\/www.primor.eu\/blog\/wp-content\/uploads\/2025\/02\/2-3-150x150.jpg 150w, https:\/\/www.primor.eu\/blog\/wp-content\/uploads\/2025\/02\/2-3-768x768.jpg 768w, https:\/\/www.primor.eu\/blog\/wp-content\/uploads\/2025\/02\/2-3-75x75.jpg 75w, https:\/\/www.primor.eu\/blog\/wp-content\/uploads\/2025\/02\/2-3-350x350.jpg 350w, https:\/\/www.primor.eu\/blog\/wp-content\/uploads\/2025\/02\/2-3-750x750.jpg 750w, https:\/\/www.primor.eu\/blog\/wp-content\/uploads\/2025\/02\/2-3.jpg 1080w\" sizes=\"(max-width: 1024px) 100vw, 1024px\" \/><\/figure>\n\n\n\n<p>Fuente Instagram: @beautiful_bob_hairstyles<\/p>\n\n\n\n<p>El flequillo recto es una opci\u00f3n perfecta para una media melena o un bob as\u00ed. El flequillo tambi\u00e9n aporta mucha personalidad. Se trata de un elemento con el que se puede jugar y que da mucha gracia y marco a la cara, por ejemplo, cuando se elige llevar una coleta y se puede dejar el flequillo suelto. Un nape bob como este da para hacerse una peque\u00f1a coleta o un mo\u00f1ito alto y el flequillo puede dar un toque muy personal, ya que siempre es una se\u00f1a de identidad.&nbsp;<\/p>\n\n\n\n<h3 class=\"wp-block-heading\">Nape bob con ondas<\/h3>\n\n\n\n<figure class=\"wp-block-image size-large is-resized\"><img decoding=\"async\" width=\"822\" height=\"1024\" src=\"https:\/\/www.primor.eu\/blog\/wp-content\/uploads\/2025\/02\/3-3-822x1024.jpg\" alt=\"\" class=\"wp-image-122152\" style=\"width:1027px;height:auto\" srcset=\"https:\/\/www.primor.eu\/blog\/wp-content\/uploads\/2025\/02\/3-3-822x1024.jpg 822w, https:\/\/www.primor.eu\/blog\/wp-content\/uploads\/2025\/02\/3-3-241x300.jpg 241w, https:\/\/www.primor.eu\/blog\/wp-content\/uploads\/2025\/02\/3-3-768x957.jpg 768w, https:\/\/www.primor.eu\/blog\/wp-content\/uploads\/2025\/02\/3-3-750x935.jpg 750w, https:\/\/www.primor.eu\/blog\/wp-content\/uploads\/2025\/02\/3-3.jpg 1080w\" sizes=\"(max-width: 822px) 100vw, 822px\" \/><\/figure>\n\n\n\n<p>Fuente Instagram: @carocaresani_<\/p>\n\n\n\n<p>Una nape bob como este es de lo m\u00e1s casual que se puede elegir dentro de los tipos que estamos viendo. Estas ondas le dan movimiento a la melena y son una de las mejores opciones si no quieres pasar todo el d\u00eda con el secador o la plancha en la mano. Los bobs m\u00e1s cortos, sin embargo, suelen quedar mejor lisos y si tienes ondas lo mejor es que te des tiempo para peinarlos a diario. Sin embargo, esta longitud y esas ondas sutiles, le dan una vuelta al bob de toda la vida para traer frescura y movimiento.&nbsp;<\/p>\n\n\n\n<p>Si tienes el pelo suelto, puedes conseguir esas ondas con una plancha fina y enrrollando los mechones de pelo en esta. Y es que puede que est\u00e9s cansada de llevar el pelo totalmente liso y si es as\u00ed, esta tambi\u00e9n es una genial opci\u00f3n para ti.<\/p>\n\n\n\n<h3 class=\"wp-block-heading\">Nape bob recto<\/h3>\n\n\n\n<figure class=\"wp-block-image size-large\"><img decoding=\"async\" width=\"1024\" height=\"1024\" src=\"https:\/\/www.primor.eu\/blog\/wp-content\/uploads\/2025\/02\/4-3-1024x1024.jpg\" alt=\"\" class=\"wp-image-122154\" srcset=\"https:\/\/www.primor.eu\/blog\/wp-content\/uploads\/2025\/02\/4-3-1024x1024.jpg 1024w, https:\/\/www.primor.eu\/blog\/wp-content\/uploads\/2025\/02\/4-3-300x300.jpg 300w, https:\/\/www.primor.eu\/blog\/wp-content\/uploads\/2025\/02\/4-3-150x150.jpg 150w, https:\/\/www.primor.eu\/blog\/wp-content\/uploads\/2025\/02\/4-3-768x768.jpg 768w, https:\/\/www.primor.eu\/blog\/wp-content\/uploads\/2025\/02\/4-3-75x75.jpg 75w, https:\/\/www.primor.eu\/blog\/wp-content\/uploads\/2025\/02\/4-3-350x350.jpg 350w, https:\/\/www.primor.eu\/blog\/wp-content\/uploads\/2025\/02\/4-3-750x750.jpg 750w, https:\/\/www.primor.eu\/blog\/wp-content\/uploads\/2025\/02\/4-3.jpg 1080w\" sizes=\"(max-width: 1024px) 100vw, 1024px\" \/><\/figure>\n\n\n\n<p>Fuente Instagram: @bobbedhaircuts<\/p>\n\n\n\n<p>Tambi\u00e9n se puede llevar un nape bob como este al m\u00e1s puro estilo oriental. El nape bob con el pelo completamente liso puede quedar genial si te gustan los looks asi\u00e1ticos. Este ejemplo se lleva completamente liso y recto, manteniendo toda la elegancia y sofisticaci\u00f3n del bob cl\u00e1sico, pero un poquito m\u00e1s largo.<\/p>\n\n\n\n<h3 class=\"wp-block-heading\">Nape bob que enmarca la cara<\/h3>\n\n\n\n<figure class=\"wp-block-image size-large\"><img decoding=\"async\" width=\"1024\" height=\"1024\" src=\"https:\/\/www.primor.eu\/blog\/wp-content\/uploads\/2025\/02\/5-3-1024x1024.jpg\" alt=\"\" class=\"wp-image-122155\" srcset=\"https:\/\/www.primor.eu\/blog\/wp-content\/uploads\/2025\/02\/5-3-1024x1024.jpg 1024w, https:\/\/www.primor.eu\/blog\/wp-content\/uploads\/2025\/02\/5-3-300x300.jpg 300w, https:\/\/www.primor.eu\/blog\/wp-content\/uploads\/2025\/02\/5-3-150x150.jpg 150w, https:\/\/www.primor.eu\/blog\/wp-content\/uploads\/2025\/02\/5-3-768x768.jpg 768w, https:\/\/www.primor.eu\/blog\/wp-content\/uploads\/2025\/02\/5-3-75x75.jpg 75w, https:\/\/www.primor.eu\/blog\/wp-content\/uploads\/2025\/02\/5-3-350x350.jpg 350w, https:\/\/www.primor.eu\/blog\/wp-content\/uploads\/2025\/02\/5-3-750x750.jpg 750w, https:\/\/www.primor.eu\/blog\/wp-content\/uploads\/2025\/02\/5-3.jpg 1080w\" sizes=\"(max-width: 1024px) 100vw, 1024px\" \/><\/figure>\n\n\n\n<p>Fuente Instagram: @hairsprayer<\/p>\n\n\n\n<p>Otra de las opciones que es similar a la anterior, pero enmarcando m\u00e1s el rostro. Llevar un nape bob como en este caso enmarcando el rostro, requiere que sea m\u00e1s pegado y con menos volumen. El truco es peinar las puntas hacia dentro. Es tan sencillo como usar la plancha y girarla cuando llegues al final, si prefieres usar plancha a secador.<\/p>\n\n\n<div class=\"kk-star-ratings kksr-auto kksr-align-center kksr-valign-bottom\"\n    data-payload='{&quot;align&quot;:&quot;center&quot;,&quot;id&quot;:&quot;122149&quot;,&quot;slug&quot;:&quot;default&quot;,&quot;valign&quot;:&quot;bottom&quot;,&quot;ignore&quot;:&quot;&quot;,&quot;reference&quot;:&quot;auto&quot;,&quot;class&quot;:&quot;&quot;,&quot;count&quot;:&quot;0&quot;,&quot;legendonly&quot;:&quot;&quot;,&quot;readonly&quot;:&quot;&quot;,&quot;score&quot;:&quot;0&quot;,&quot;starsonly&quot;:&quot;&quot;,&quot;best&quot;:&quot;5&quot;,&quot;gap&quot;:&quot;5&quot;,&quot;greet&quot;:&quot;Valora este art\u00edculo&quot;,&quot;legend&quot;:&quot;0\\\/5 - (0 votos)&quot;,&quot;size&quot;:&quot;24&quot;,&quot;title&quot;:&quot;El nape bob es la nueva tendencia en pelo corto y estas son todas las posibilidades para llevarlo&quot;,&quot;width&quot;:&quot;0&quot;,&quot;_legend&quot;:&quot;{score}\\\/{best} - ({count} {votes})&quot;,&quot;font_factor&quot;:&quot;1.25&quot;}'>\n            \n<div class=\"kksr-stars\">\n    \n<div class=\"kksr-stars-inactive\">\n            <div class=\"kksr-star\" data-star=\"1\" style=\"padding-right: 5px\">\n            \n\n<div class=\"kksr-icon\" style=\"width: 24px; height: 24px;\"><\/div>\n        <\/div>\n            <div class=\"kksr-star\" data-star=\"2\" style=\"padding-right: 5px\">\n            \n\n<div class=\"kksr-icon\" style=\"width: 24px; height: 24px;\"><\/div>\n        <\/div>\n            <div class=\"kksr-star\" data-star=\"3\" style=\"padding-right: 5px\">\n            \n\n<div class=\"kksr-icon\" style=\"width: 24px; height: 24px;\"><\/div>\n        <\/div>\n            <div class=\"kksr-star\" data-star=\"4\" style=\"padding-right: 5px\">\n            \n\n<div class=\"kksr-icon\" style=\"width: 24px; height: 24px;\"><\/div>\n        <\/div>\n            <div class=\"kksr-star\" data-star=\"5\" style=\"padding-right: 5px\">\n            \n\n<div class=\"kksr-icon\" style=\"width: 24px; height: 24px;\"><\/div>\n        <\/div>\n    <\/div>\n    \n<div class=\"kksr-stars-active\" style=\"width: 0px;\">\n            <div class=\"kksr-star\" style=\"padding-right: 5px\">\n            \n\n<div class=\"kksr-icon\" style=\"width: 24px; height: 24px;\"><\/div>\n        <\/div>\n            <div class=\"kksr-star\" style=\"padding-right: 5px\">\n            \n\n<div class=\"kksr-icon\" style=\"width: 24px; height: 24px;\"><\/div>\n        <\/div>\n            <div class=\"kksr-star\" style=\"padding-right: 5px\">\n            \n\n<div class=\"kksr-icon\" style=\"width: 24px; height: 24px;\"><\/div>\n        <\/div>\n            <div class=\"kksr-star\" style=\"padding-right: 5px\">\n            \n\n<div class=\"kksr-icon\" style=\"width: 24px; height: 24px;\"><\/div>\n        <\/div>\n            <div class=\"kksr-star\" style=\"padding-right: 5px\">\n            \n\n<div class=\"kksr-icon\" style=\"width: 24px; height: 24px;\"><\/div>\n        <\/div>\n    <\/div>\n<\/div>\n                \n\n<div class=\"kksr-legend\" style=\"font-size: 19.2px;\">\n            <span class=\"kksr-muted\">Valora este art\u00edculo<\/span>\n    <\/div>\n    <\/div>\n","protected":false},"excerpt":{"rendered":"<p>El nape bob es una variante del bob cl\u00e1sico. Si bien el bob cl\u00e1sico en muchos casos se queda en la barbilla, el nape bob es como una especie de media melena corta que se queda a ras de la nuca. Una opci\u00f3n con un toque noventero y grunge que sin duda va muy acorde [&hellip;]<\/p>\n","protected":false},"author":30,"featured_media":122156,"comment_status":"closed","ping_status":"closed","sticky":false,"template":"","format":"standard","meta":{"jnews-multi-image_gallery":[],"jnews_single_post":{"format":"standard"},"jnews_primary_category":[],"jnews_social_meta":[],"jnews_override_counter":[],"footnotes":""},"categories":[35],"tags":[],"class_list":["post-122149","post","type-post","status-publish","format-standard","has-post-thumbnail","hentry","category-cabello"],"_links":{"self":[{"href":"https:\/\/www.primor.eu\/blog\/wp-json\/wp\/v2\/posts\/122149","targetHints":{"allow":["GET"]}}],"collection":[{"href":"https:\/\/www.primor.eu\/blog\/wp-json\/wp\/v2\/posts"}],"about":[{"href":"https:\/\/www.primor.eu\/blog\/wp-json\/wp\/v2\/types\/post"}],"author":[{"embeddable":true,"href":"https:\/\/www.primor.eu\/blog\/wp-json\/wp\/v2\/users\/30"}],"replies":[{"embeddable":true,"href":"https:\/\/www.primor.eu\/blog\/wp-json\/wp\/v2\/comments?post=122149"}],"version-history":[{"count":1,"href":"https:\/\/www.primor.eu\/blog\/wp-json\/wp\/v2\/posts\/122149\/revisions"}],"predecessor-version":[{"id":122157,"href":"https:\/\/www.primor.eu\/blog\/wp-json\/wp\/v2\/posts\/122149\/revisions\/122157"}],"wp:featuredmedia":[{"embeddable":true,"href":"https:\/\/www.primor.eu\/blog\/wp-json\/wp\/v2\/media\/122156"}],"wp:attachment":[{"href":"https:\/\/www.primor.eu\/blog\/wp-json\/wp\/v2\/media?parent=122149"}],"wp:term":[{"taxonomy":"category","embeddable":true,"href":"https:\/\/www.primor.eu\/blog\/wp-json\/wp\/v2\/categories?post=122149"},{"taxonomy":"post_tag","embeddable":true,"href":"https:\/\/www.primor.eu\/blog\/wp-json\/wp\/v2\/tags?post=122149"}],"curies":[{"name":"wp","href":"https:\/\/api.w.org\/{rel}","templated":true}]}}