{"id":122067,"date":"2025-02-24T09:34:53","date_gmt":"2025-02-24T09:34:53","guid":{"rendered":"https:\/\/www.primor.eu\/blog\/?p=122067"},"modified":"2026-04-16T08:18:22","modified_gmt":"2026-04-16T08:18:22","slug":"aminoacidos-cabello","status":"publish","type":"post","link":"https:\/\/www.primor.eu\/blog\/aminoacidos-cabello\/","title":{"rendered":"Los 5 mejores amino\u00e1cidos para tu cabello y todos los beneficios que tienen"},"content":{"rendered":"\n<p>El cabello es mucho m\u00e1s que una cuesti\u00f3n est\u00e9tica. <strong>Es una extensi\u00f3n de nuestra personalidad,<\/strong> un escudo invisible que nos acompa\u00f1a en cada etapa de la vida. Y, como todo lo que nos importa, necesita <strong>cuidados<\/strong>. No basta con champ\u00fas de \u00faltima generaci\u00f3n ni con tratamientos milagrosos; lo que realmente marca la diferencia es lo que hay detr\u00e1s: <strong>la <a href=\"https:\/\/www.primor.eu\/es_es\/cabello\" data-type=\"link\" data-id=\"https:\/\/www.primor.eu\/es_es\/cabello\">salud capilar<\/a>. <\/strong>Y aqu\u00ed es donde entran los <strong><a href=\"https:\/\/www.primor.eu\/blog\/proteina-whey\/\" data-type=\"link\" data-id=\"https:\/\/www.primor.eu\/blog\/proteina-whey\/\">amino\u00e1cidos<\/a><\/strong>.<\/p>\n\n\n\n<p>Son los verdaderos <strong>arquitectos del cabello<\/strong>. Si alguna vez te has preguntado qu\u00e9 hace que una melena sea fuerte, el\u00e1stica y brillante, la respuesta est\u00e1 en ellos. Son los <strong>bloques de construcci\u00f3n de la queratina<\/strong>, la prote\u00edna que compone el 90% de la fibra capilar. Y s\u00ed, elegir los adecuados puede ser el punto de inflexi\u00f3n entre un pelo sin vida y una melena de ensue\u00f1o.<\/p>\n\n\n\n<h2 class=\"wp-block-heading\">\u00bfPor qu\u00e9 los amino\u00e1cidos son clave para tu cabello?<\/h2>\n\n\n\n<p>Imag\u00ednate construyendo una casa con ladrillos defectuosos. El <strong>resultado<\/strong> ser\u00eda una estructura d\u00e9bil y fr\u00e1gil. Pues bien, <strong>el cabello funciona igual.<\/strong> Sin una cantidad suficiente de amino\u00e1cidos esenciales, la fibra capilar se vuelve quebradiza, pierde densidad y dice adi\u00f3s al brillo.<\/p>\n\n\n\n<p>Los amino\u00e1cidos no solo ayudan a fortalecer el cabello desde dentro, sino que tambi\u00e9n <strong>potencian su crecimiento<\/strong>, mejoran su hidrataci\u00f3n y protegen contra agresiones externas. Si notas que tu pelo ha perdido fuerza o simplemente quieres darle un extra de vitalidad, incluir estos ingredientes en tu rutina puede marcar un antes y un despu\u00e9s.<\/p>\n\n\n\n<h2 class=\"wp-block-heading\">Los amino\u00e1cidos que tu melena necesita<\/h2>\n\n\n\n<p><strong>No todos los amino\u00e1cidos son iguales<\/strong>, y algunos tienen un papel m\u00e1s relevante en la salud capilar. Estos son los imprescindibles:<\/p>\n\n\n\n<ul class=\"wp-block-list\">\n<li><strong>Ciste\u00edna<\/strong>: El as bajo la manga cuando hablamos de fortalecer el cabello. Es la responsable de formar los famosos enlaces de queratina, lo que se traduce en un pelo m\u00e1s resistente y menos propenso a la rotura.<\/li>\n\n\n\n<li><strong>Arginina<\/strong>: La clave para un crecimiento sano. Favorece la circulaci\u00f3n en el cuero cabelludo, asegurando que los fol\u00edculos reciban los nutrientes necesarios para producir cabello fuerte y denso.<\/li>\n\n\n\n<li><strong>Metionina<\/strong>: Esencial para la producci\u00f3n de queratina. Adem\u00e1s, aporta elasticidad al cabello, evitando que se vuelva r\u00edgido y quebradizo.<\/li>\n\n\n\n<li><strong>Lisina<\/strong>: Si buscas volumen, este es tu amino\u00e1cido. Participa en la formaci\u00f3n del col\u00e1geno, lo que ayuda a que el cabello tenga m\u00e1s cuerpo y sea menos propenso a la ca\u00edda.<\/li>\n\n\n\n<li><strong>Prolina<\/strong>: Un must para reparar el da\u00f1o capilar. Mejora la estructura de la fibra capilar y ayuda a regenerar el cabello debilitado por el calor o los procesos qu\u00edmicos.<\/li>\n<\/ul>\n\n\n\n<h2 class=\"wp-block-heading\">\u00bfC\u00f3mo incorporar los amino\u00e1cidos a tu rutina capilar?<\/h2>\n\n\n\n<p>Los amino\u00e1cidos pueden llegar a tu melena de dos maneras: a trav\u00e9s de la alimentaci\u00f3n o con tratamientos capilares espec\u00edficos.<\/p>\n\n\n\n<ul class=\"wp-block-list\">\n<li><strong>Desde dentro:<\/strong> Alimentos como huevos, pescado, carne magra, legumbres y frutos secos son fuentes naturales de amino\u00e1cidos. Incluirlos en tu dieta no solo beneficiar\u00e1 a tu cabello, sino tambi\u00e9n a tu piel y u\u00f1as.<\/li>\n\n\n\n<li><strong>Desde fuera:<\/strong> Cada vez m\u00e1s productos capilares incluyen amino\u00e1cidos en sus f\u00f3rmulas. Champ\u00fas, mascarillas y s\u00e9rums con ciste\u00edna, arginina o lisina pueden ser aliados poderosos para mejorar la calidad del cabello.<\/li>\n<\/ul>\n\n\n\n<h2 class=\"wp-block-heading\">Si quieres saber mi opini\u00f3n\u2026<\/h2>\n\n\n\n<p>Si quieres una melena m\u00e1s fuerte, brillante y resistente, los amino\u00e1cidos deber\u00edan estar en tu radar. No son una moda pasajera ni una soluci\u00f3n milagrosa, sino un b\u00e1sico en la ciencia del cabello. Una melena sana no se construye de la noche a la ma\u00f1ana, pero con los ingredientes adecuados, el resultado es inevitable: un cabello que no solo se ve bien, sino que est\u00e1 realmente saludable.<\/p>\n\n\n\n<h2 class=\"wp-block-heading\">Un producto de queratina de nuestra tienda<\/h2>\n\n\n\n<h3 class=\"wp-block-heading\">Max Queratina L\u00edquida de Novex<\/h3>\n\n\n\n<p>Ideal para fortalecer el cabello. Su f\u00f3rmula contiene queratina , que es absorbida m\u00e1s r\u00e1pidamente por la fibra capilar, fortaleci\u00e9ndola y revitaliz\u00e1ndola. Adem\u00e1s es hidratante, aporta brillo y un movimiento natural.<\/p>\n\n\n    <a class='product' target='_blank' href='https:\/\/www.primor.eu\/es_es\/novex-max-queratina-liquida-83735.html'>\r\n        <img loading='async' src='https:\/\/cdn2.primor.eu\/media\/catalog\/product\/cache\/8d3aba296f7a18b5251ee30fa5db42b2\/n\/o\/novex_max_keratin_queratina_liquida_brasilena_250ml_e586.jpg' alt='COMPRAR AHORA'>\r\n            <div class=\"claim\">\r\n                COMPRAR AHORA            <\/div>\r\n        <\/a>\r\n    \n\n<div class=\"kk-star-ratings kksr-auto kksr-align-center kksr-valign-bottom\"\n    data-payload='{&quot;align&quot;:&quot;center&quot;,&quot;id&quot;:&quot;122067&quot;,&quot;slug&quot;:&quot;default&quot;,&quot;valign&quot;:&quot;bottom&quot;,&quot;ignore&quot;:&quot;&quot;,&quot;reference&quot;:&quot;auto&quot;,&quot;class&quot;:&quot;&quot;,&quot;count&quot;:&quot;1&quot;,&quot;legendonly&quot;:&quot;&quot;,&quot;readonly&quot;:&quot;&quot;,&quot;score&quot;:&quot;3&quot;,&quot;starsonly&quot;:&quot;&quot;,&quot;best&quot;:&quot;5&quot;,&quot;gap&quot;:&quot;5&quot;,&quot;greet&quot;:&quot;Valora este art\u00edculo&quot;,&quot;legend&quot;:&quot;3\\\/5 - (1 voto)&quot;,&quot;size&quot;:&quot;24&quot;,&quot;title&quot;:&quot;Los 5 mejores amino\u00e1cidos para tu cabello y todos los beneficios que tienen&quot;,&quot;width&quot;:&quot;84.5&quot;,&quot;_legend&quot;:&quot;{score}\\\/{best} - ({count} {votes})&quot;,&quot;font_factor&quot;:&quot;1.25&quot;}'>\n            \n<div class=\"kksr-stars\">\n    \n<div class=\"kksr-stars-inactive\">\n            <div class=\"kksr-star\" data-star=\"1\" style=\"padding-right: 5px\">\n            \n\n<div class=\"kksr-icon\" style=\"width: 24px; height: 24px;\"><\/div>\n        <\/div>\n            <div class=\"kksr-star\" data-star=\"2\" style=\"padding-right: 5px\">\n            \n\n<div class=\"kksr-icon\" style=\"width: 24px; height: 24px;\"><\/div>\n        <\/div>\n            <div class=\"kksr-star\" data-star=\"3\" style=\"padding-right: 5px\">\n            \n\n<div class=\"kksr-icon\" style=\"width: 24px; height: 24px;\"><\/div>\n        <\/div>\n            <div class=\"kksr-star\" data-star=\"4\" style=\"padding-right: 5px\">\n            \n\n<div class=\"kksr-icon\" style=\"width: 24px; height: 24px;\"><\/div>\n        <\/div>\n            <div class=\"kksr-star\" data-star=\"5\" style=\"padding-right: 5px\">\n            \n\n<div class=\"kksr-icon\" style=\"width: 24px; height: 24px;\"><\/div>\n        <\/div>\n    <\/div>\n    \n<div class=\"kksr-stars-active\" style=\"width: 84.5px;\">\n            <div class=\"kksr-star\" style=\"padding-right: 5px\">\n            \n\n<div class=\"kksr-icon\" style=\"width: 24px; height: 24px;\"><\/div>\n        <\/div>\n            <div class=\"kksr-star\" style=\"padding-right: 5px\">\n            \n\n<div class=\"kksr-icon\" style=\"width: 24px; height: 24px;\"><\/div>\n        <\/div>\n            <div class=\"kksr-star\" style=\"padding-right: 5px\">\n            \n\n<div class=\"kksr-icon\" style=\"width: 24px; height: 24px;\"><\/div>\n        <\/div>\n            <div class=\"kksr-star\" style=\"padding-right: 5px\">\n            \n\n<div class=\"kksr-icon\" style=\"width: 24px; height: 24px;\"><\/div>\n        <\/div>\n            <div class=\"kksr-star\" style=\"padding-right: 5px\">\n            \n\n<div class=\"kksr-icon\" style=\"width: 24px; height: 24px;\"><\/div>\n        <\/div>\n    <\/div>\n<\/div>\n                \n\n<div class=\"kksr-legend\" style=\"font-size: 19.2px;\">\n            3\/5 - (1 voto)    <\/div>\n    <\/div>\n","protected":false},"excerpt":{"rendered":"<p>El cabello es mucho m\u00e1s que una cuesti\u00f3n est\u00e9tica. Es una extensi\u00f3n de nuestra personalidad, un escudo invisible que nos acompa\u00f1a en cada etapa de la vida. Y, como todo lo que nos importa, necesita cuidados. No basta con champ\u00fas de \u00faltima generaci\u00f3n ni con tratamientos milagrosos; lo que realmente marca la diferencia es lo [&hellip;]<\/p>\n","protected":false},"author":14,"featured_media":122094,"comment_status":"closed","ping_status":"closed","sticky":false,"template":"","format":"standard","meta":{"jnews-multi-image_gallery":[],"jnews_single_post":{"format":"standard"},"jnews_primary_category":[],"jnews_social_meta":[],"jnews_override_counter":[],"footnotes":""},"categories":[35],"tags":[],"class_list":["post-122067","post","type-post","status-publish","format-standard","has-post-thumbnail","hentry","category-cabello"],"_links":{"self":[{"href":"https:\/\/www.primor.eu\/blog\/wp-json\/wp\/v2\/posts\/122067","targetHints":{"allow":["GET"]}}],"collection":[{"href":"https:\/\/www.primor.eu\/blog\/wp-json\/wp\/v2\/posts"}],"about":[{"href":"https:\/\/www.primor.eu\/blog\/wp-json\/wp\/v2\/types\/post"}],"author":[{"embeddable":true,"href":"https:\/\/www.primor.eu\/blog\/wp-json\/wp\/v2\/users\/14"}],"replies":[{"embeddable":true,"href":"https:\/\/www.primor.eu\/blog\/wp-json\/wp\/v2\/comments?post=122067"}],"version-history":[{"count":2,"href":"https:\/\/www.primor.eu\/blog\/wp-json\/wp\/v2\/posts\/122067\/revisions"}],"predecessor-version":[{"id":141367,"href":"https:\/\/www.primor.eu\/blog\/wp-json\/wp\/v2\/posts\/122067\/revisions\/141367"}],"wp:featuredmedia":[{"embeddable":true,"href":"https:\/\/www.primor.eu\/blog\/wp-json\/wp\/v2\/media\/122094"}],"wp:attachment":[{"href":"https:\/\/www.primor.eu\/blog\/wp-json\/wp\/v2\/media?parent=122067"}],"wp:term":[{"taxonomy":"category","embeddable":true,"href":"https:\/\/www.primor.eu\/blog\/wp-json\/wp\/v2\/categories?post=122067"},{"taxonomy":"post_tag","embeddable":true,"href":"https:\/\/www.primor.eu\/blog\/wp-json\/wp\/v2\/tags?post=122067"}],"curies":[{"name":"wp","href":"https:\/\/api.w.org\/{rel}","templated":true}]}}