{"id":122066,"date":"2025-02-24T09:34:51","date_gmt":"2025-02-24T09:34:51","guid":{"rendered":"https:\/\/www.primor.eu\/blog\/?p=122066"},"modified":"2025-02-19T09:39:46","modified_gmt":"2025-02-19T09:39:46","slug":"prevenir-caida-cabello-infancia","status":"publish","type":"post","link":"https:\/\/www.primor.eu\/blog\/prevenir-caida-cabello-infancia\/","title":{"rendered":"Empezar a tratar la ca\u00edda del cabello desde la infancia: todo lo que debes saber"},"content":{"rendered":"\n<p>Dicen que el cabello es el <strong>reflejo de tu salud<\/strong>, y raz\u00f3n no les falta. Desde la infancia, el pelo experimenta <strong>cambios<\/strong> que pueden marcar su <strong>densidad<\/strong> y fortaleza en la edad adulta. Pero, aunque solemos asociar la<strong> ca\u00edda con un problema que llega con los a\u00f1os<\/strong>, la realidad es que el cabello empieza a debilitarse mucho antes de lo que imaginamos. Es m\u00e1s, la ca\u00edda del cabello en la infancia es m\u00e1s com\u00fan de lo que crees, y en este art\u00edculo de Primor te contamos por qu\u00e9.<\/p>\n\n\n\n<p>La <strong>gen\u00e9tica<\/strong>, la <strong>alimentaci\u00f3n<\/strong> y los <strong>h\u00e1bitos diarios<\/strong> influyen m\u00e1s de lo que creemos en la salud capilar, y empezar a cuidarla desde la infancia es <strong>clave<\/strong> para <strong>prevenir problemas futuros<\/strong>. No se trata de obsesionarse con rutinas interminables ni de llenar el ba\u00f1o de productos, sino de entender que el cuero cabelludo necesita atenci\u00f3n desde siempre.<\/p>\n\n\n\n<h1 class=\"wp-block-heading\">\u00bfPor qu\u00e9 se cae el pelo en la infancia?<\/h1>\n\n\n\n<p>Antes de alarmarnos, hay que diferenciar entre la<strong> ca\u00edda natural del cabello <\/strong>y una<strong> p\u00e9rdida excesiva.<\/strong> En los primeros a\u00f1os de vida, el ciclo capilar est\u00e1 en constante <strong>renovaci\u00f3n<\/strong>, y es normal que los ni\u00f1os pierdan pelo. Sin embargo, cuando la ca\u00edda es notable, prolongada o deja zonas despobladas, puede deberse a diferentes factores:<\/p>\n\n\n\n<ul class=\"wp-block-list\">\n<li><strong>Gen\u00e9tica<\/strong>: Si hay antecedentes de alopecia o cabello fino en la familia, es probable que el ni\u00f1o herede esa predisposici\u00f3n.<\/li>\n\n\n\n<li><strong>Estr\u00e9s o ansiedad:<\/strong> S\u00ed, los ni\u00f1os tambi\u00e9n sufren estr\u00e9s, y este puede manifestarse con la ca\u00edda del cabello.<\/li>\n\n\n\n<li><strong>Deficiencias nutricionales:<\/strong> La falta de hierro, zinc o biotina puede hacer que el pelo se vuelva m\u00e1s fr\u00e1gil y quebradizo.<\/li>\n\n\n\n<li><strong>H\u00e1bitos capilares agresivos:<\/strong> Peinados muy tirantes, productos inadecuados o lavado excesivo pueden debilitar el fol\u00edculo.<\/li>\n<\/ul>\n\n\n\n<h2 class=\"wp-block-heading\">Cuidar el cabello desde peque\u00f1os: lo que s\u00ed y lo que no<\/h2>\n\n\n\n<p>Empezar a tratar la ca\u00edda del cabello en la infancia no significa recurrir a tratamientos agresivos ni llenar su rutina de productos. Se trata de establecer h\u00e1bitos saludables que fortalezcan el cuero cabelludo y ayuden a prevenir problemas a largo plazo.<\/p>\n\n\n\n<ul class=\"wp-block-list\">\n<li><strong>Usar champ\u00fas suaves y adaptados a su edad<\/strong>. Nada de sulfatos agresivos ni f\u00f3rmulas pesadas.<\/li>\n\n\n\n<li><strong>Cepillar con cuidado, evitando tirones y utilizando cepillos de cerdas naturales<\/strong> o peines de p\u00faas anchas.<\/li>\n\n\n\n<li><strong>Nutrir el cabello desde dentro<\/strong>, con una dieta rica en frutas, verduras, prote\u00ednas y \u00e1cidos grasos esenciales.<\/li>\n\n\n\n<li><strong>Respetar su ciclo capilar,<\/strong> sin obsesionarse con la ca\u00edda normal ni recurrir a tratamientos innecesarios.<\/li>\n\n\n\n<li><strong>Evitar peinados que tensionen el cuero cabelludo<\/strong>, como coletas muy tirantes o trenzas apretadas.<\/li>\n\n\n\n<li><strong>No abusar de productos capilares como lacas<\/strong>, espumas o geles fijadores, que pueden debilitar el fol\u00edculo.<\/li>\n\n\n\n<li><strong>No lavar el cabello en exceso,<\/strong> ya que esto puede alterar el equilibrio del cuero cabelludo y provocar m\u00e1s ca\u00edda.<\/li>\n<\/ul>\n\n\n\n<h2 class=\"wp-block-heading\">\u00bfCu\u00e1ndo preocuparse?<\/h2>\n\n\n\n<p>Si la ca\u00edda del cabello es <strong>abundante<\/strong>, aparecen<strong> zonas despobladas<\/strong> o el pelo se vuelve extremadamente fino y quebradizo, es<strong> recomendable consultar con un especialista<\/strong>. En algunos casos, puede haber un problema subyacente que requiera atenci\u00f3n m\u00e9dica, como una deficiencia nutricional o un trastorno capilar.<\/p>\n\n\n\n<p>El cabello es un reflejo de nuestro bienestar, y su cuidado empieza mucho antes de lo que imaginamos. No se trata de frenar lo inevitable, sino de darle las mejores herramientas para que crezca fuerte y sano desde la infancia.&nbsp;<\/p>\n\n\n<div class=\"kk-star-ratings kksr-auto kksr-align-center kksr-valign-bottom\"\n    data-payload='{&quot;align&quot;:&quot;center&quot;,&quot;id&quot;:&quot;122066&quot;,&quot;slug&quot;:&quot;default&quot;,&quot;valign&quot;:&quot;bottom&quot;,&quot;ignore&quot;:&quot;&quot;,&quot;reference&quot;:&quot;auto&quot;,&quot;class&quot;:&quot;&quot;,&quot;count&quot;:&quot;1&quot;,&quot;legendonly&quot;:&quot;&quot;,&quot;readonly&quot;:&quot;&quot;,&quot;score&quot;:&quot;5&quot;,&quot;starsonly&quot;:&quot;&quot;,&quot;best&quot;:&quot;5&quot;,&quot;gap&quot;:&quot;5&quot;,&quot;greet&quot;:&quot;Valora este art\u00edculo&quot;,&quot;legend&quot;:&quot;5\\\/5 - (1 voto)&quot;,&quot;size&quot;:&quot;24&quot;,&quot;title&quot;:&quot;Empezar a tratar la ca\u00edda del cabello desde la infancia: todo lo que debes saber&quot;,&quot;width&quot;:&quot;142.5&quot;,&quot;_legend&quot;:&quot;{score}\\\/{best} - ({count} {votes})&quot;,&quot;font_factor&quot;:&quot;1.25&quot;}'>\n            \n<div class=\"kksr-stars\">\n    \n<div class=\"kksr-stars-inactive\">\n            <div class=\"kksr-star\" data-star=\"1\" style=\"padding-right: 5px\">\n            \n\n<div class=\"kksr-icon\" style=\"width: 24px; height: 24px;\"><\/div>\n        <\/div>\n            <div class=\"kksr-star\" data-star=\"2\" style=\"padding-right: 5px\">\n            \n\n<div class=\"kksr-icon\" style=\"width: 24px; height: 24px;\"><\/div>\n        <\/div>\n            <div class=\"kksr-star\" data-star=\"3\" style=\"padding-right: 5px\">\n            \n\n<div class=\"kksr-icon\" style=\"width: 24px; height: 24px;\"><\/div>\n        <\/div>\n            <div class=\"kksr-star\" data-star=\"4\" style=\"padding-right: 5px\">\n            \n\n<div class=\"kksr-icon\" style=\"width: 24px; height: 24px;\"><\/div>\n        <\/div>\n            <div class=\"kksr-star\" data-star=\"5\" style=\"padding-right: 5px\">\n            \n\n<div class=\"kksr-icon\" style=\"width: 24px; height: 24px;\"><\/div>\n        <\/div>\n    <\/div>\n    \n<div class=\"kksr-stars-active\" style=\"width: 142.5px;\">\n            <div class=\"kksr-star\" style=\"padding-right: 5px\">\n            \n\n<div class=\"kksr-icon\" style=\"width: 24px; height: 24px;\"><\/div>\n        <\/div>\n            <div class=\"kksr-star\" style=\"padding-right: 5px\">\n            \n\n<div class=\"kksr-icon\" style=\"width: 24px; height: 24px;\"><\/div>\n        <\/div>\n            <div class=\"kksr-star\" style=\"padding-right: 5px\">\n            \n\n<div class=\"kksr-icon\" style=\"width: 24px; height: 24px;\"><\/div>\n        <\/div>\n            <div class=\"kksr-star\" style=\"padding-right: 5px\">\n            \n\n<div class=\"kksr-icon\" style=\"width: 24px; height: 24px;\"><\/div>\n        <\/div>\n            <div class=\"kksr-star\" style=\"padding-right: 5px\">\n            \n\n<div class=\"kksr-icon\" style=\"width: 24px; height: 24px;\"><\/div>\n        <\/div>\n    <\/div>\n<\/div>\n                \n\n<div class=\"kksr-legend\" style=\"font-size: 19.2px;\">\n            5\/5 - (1 voto)    <\/div>\n    <\/div>\n","protected":false},"excerpt":{"rendered":"<p>Dicen que el cabello es el reflejo de tu salud, y raz\u00f3n no les falta. Desde la infancia, el pelo experimenta cambios que pueden marcar su densidad y fortaleza en la edad adulta. Pero, aunque solemos asociar la ca\u00edda con un problema que llega con los a\u00f1os, la realidad es que el cabello empieza a [&hellip;]<\/p>\n","protected":false},"author":14,"featured_media":122095,"comment_status":"closed","ping_status":"closed","sticky":false,"template":"","format":"standard","meta":{"jnews-multi-image_gallery":[],"jnews_single_post":{"format":"standard"},"jnews_primary_category":[],"jnews_social_meta":[],"jnews_override_counter":[],"footnotes":""},"categories":[35,6317],"tags":[],"class_list":["post-122066","post","type-post","status-publish","format-standard","has-post-thumbnail","hentry","category-cabello","category-ninos"],"_links":{"self":[{"href":"https:\/\/www.primor.eu\/blog\/wp-json\/wp\/v2\/posts\/122066","targetHints":{"allow":["GET"]}}],"collection":[{"href":"https:\/\/www.primor.eu\/blog\/wp-json\/wp\/v2\/posts"}],"about":[{"href":"https:\/\/www.primor.eu\/blog\/wp-json\/wp\/v2\/types\/post"}],"author":[{"embeddable":true,"href":"https:\/\/www.primor.eu\/blog\/wp-json\/wp\/v2\/users\/14"}],"replies":[{"embeddable":true,"href":"https:\/\/www.primor.eu\/blog\/wp-json\/wp\/v2\/comments?post=122066"}],"version-history":[{"count":1,"href":"https:\/\/www.primor.eu\/blog\/wp-json\/wp\/v2\/posts\/122066\/revisions"}],"predecessor-version":[{"id":122096,"href":"https:\/\/www.primor.eu\/blog\/wp-json\/wp\/v2\/posts\/122066\/revisions\/122096"}],"wp:featuredmedia":[{"embeddable":true,"href":"https:\/\/www.primor.eu\/blog\/wp-json\/wp\/v2\/media\/122095"}],"wp:attachment":[{"href":"https:\/\/www.primor.eu\/blog\/wp-json\/wp\/v2\/media?parent=122066"}],"wp:term":[{"taxonomy":"category","embeddable":true,"href":"https:\/\/www.primor.eu\/blog\/wp-json\/wp\/v2\/categories?post=122066"},{"taxonomy":"post_tag","embeddable":true,"href":"https:\/\/www.primor.eu\/blog\/wp-json\/wp\/v2\/tags?post=122066"}],"curies":[{"name":"wp","href":"https:\/\/api.w.org\/{rel}","templated":true}]}}