{"id":121888,"date":"2026-02-06T15:05:15","date_gmt":"2026-02-06T15:05:15","guid":{"rendered":"https:\/\/www.primor.eu\/blog\/?p=121888"},"modified":"2026-02-23T13:07:29","modified_gmt":"2026-02-23T13:07:29","slug":"colores-mas-bonitos-manicura-san-valentin","status":"publish","type":"post","link":"https:\/\/www.primor.eu\/blog\/colores-mas-bonitos-manicura-san-valentin\/","title":{"rendered":"Los colores m\u00e1s bonitos que podr\u00e1s poner en tu manicura este San Valent\u00edn 2026"},"content":{"rendered":"\n<p>Los <strong>mejores colores<\/strong> para la <strong>manicura <\/strong>en <strong><a href=\"https:\/\/www.primor.eu\/blog\/mejores-regalos-low-cost-san-valentin\/\" data-type=\"link\" data-id=\"https:\/\/www.primor.eu\/blog\/mejores-regalos-low-cost-san-valentin\/?srsltid=AfmBOooubaB2j4JfgT5aKQ0OMlhaTY_WhfAW6V-IGbElpuKjT-9VUpW3\">San Valent\u00edn<\/a><\/strong>, son aquellos que comunicar\u00e1n sutilmente aquello que desees llevar a tu cita de San Valent\u00edn este a\u00f1o. Hay que tener en cuenta que no hay mejores colores para la manicura, sino que esto tiene que ver con los gustos y estilo de cada una.\u00a0<\/p>\n\n\n\n<p>Esta fiesta del amor puede ser o no importante para ti, pero seguro que si est\u00e1s buscando <strong>inspiraci\u00f3n<\/strong> sobre cu\u00e1les son los mejores colores para la manicura en San Valent\u00edn, es posible que este a\u00f1o quieras algo <strong>especial para tus <a href=\"https:\/\/www.primor.eu\/es_es\/unas\">u\u00f1as<\/a><\/strong>. Vamos a ver cu\u00e1les son las sugerencias.<\/p>\n\n\n\n<h2 class=\"wp-block-heading\">Mejores colores para la manicura en San Valent\u00edn<\/h2>\n\n\n\n<p>Como hemos dicho, no es que haya unos mejores <strong>colores<\/strong> para la <strong>manicura <\/strong>en <strong>San Valent\u00edn <\/strong>que otros. Sin embargo, hay algunos que <strong>consiguen subcomunicar<\/strong> lo que buscas generar en cada cita.<\/p>\n\n\n\n<p>En algunos casos ser\u00e1 pasi\u00f3n, en otros amor o dulzura. En otros incluso, que eres una chica atrevida y original. Ya sea que tengas una cita con tu pareja o con alguien que est\u00e1s conociendo desde hace poco tiempo, f\u00edjate en estas opciones de mejores colores para la manicura en San Valent\u00edn:<\/p>\n\n\n\n<ul class=\"wp-block-list\">\n<li><strong>Blanco<\/strong>: con un toque brillante, como de perla, es una opci\u00f3n elegante y de lo m\u00e1s femenino si quieres una cita serena y sencilla.<\/li>\n\n\n\n<li><strong>Rosa palo<\/strong>: es un color tierno y rom\u00e1ntico, con el que transmitir\u00e1s una personalidad dulce y emp\u00e1tica. Este color es vers\u00e1til y combina genial con atuendos de colores nude o, incluso, negrs y blancos.&nbsp;<\/li>\n\n\n\n<li><strong>Nudes<\/strong>: siempre son neutros, casual y hablan de una personalidad sencilla y sofisticada.&nbsp;<\/li>\n\n\n\n<li><strong>Rojo intenso<\/strong>: color del amor y la pasi\u00f3n, ser\u00e1 genial si buscas dar un aspecto sexy y apasionado.&nbsp;<\/li>\n\n\n\n<li><strong>Rosa fucsia o coral<\/strong>: que tambi\u00e9n guarda una personalidad femenina, pero con toques m\u00e1s atrevidos.<\/li>\n\n\n\n<li><strong>Lila:<\/strong> que tambi\u00e9n es dulce y rom\u00e1ntico pero se sale de los rosados suaves de siempre.<\/li>\n\n\n\n<li><strong>Met\u00e1licos<\/strong>: como los dorados, plateados si quieres dar una imagen de queen.<\/li>\n\n\n\n<li><strong>Marrones y tierra<\/strong>: aportan calidez a la vez que muestran personalidad y una conexi\u00f3n con la naturaleza.<\/li>\n<\/ul>\n\n\n\n<h2 class=\"wp-block-heading\">Estos colores est\u00e1n en Primor<\/h2>\n\n\n        <product-table class=\"pr-slider\">\r\n            <product-headers class=\"grid-table-rows\">\r\n                <div>Foto<\/div>\r\n                <div>Producto<\/div>\r\n                <div>Marca<\/div>\r\n                <div>Valoraciones<\/div>\r\n                <div>Precio<\/div>\r\n            <\/product-headers>\r\n\r\n            <product-list>\r\n                                    <a href=\"https:\/\/www.primor.eu\/es_es\/rimmel-esmalte-de-unas-60-seconds-super-shine-110227.html?#803=52708\" class=\"product-item grid-table-rows\" target=\"_blank\">\r\n                        <div>\r\n                            <img decoding=\"async\" class=\"product-img\" width=\"80px\" height=\"80px\" src=\"https:\/\/cdn2.primor.eu\/media\/catalog\/product\/cache\/8d3aba296f7a18b5251ee30fa5db42b2\/0\/M\/0MM14004_1_839f.jpg\" alt=\"Esmalte de U\u00f1as 60 Seconds Super Shine\">\r\n                        <\/div>\r\n\r\n                        <!-- Contenido de producto  -->\r\n                        <div>\r\n                            <div class=\"product-position\">\r\n                                #1 Top Ventas                            <\/div>\r\n\r\n                            <h2>\r\n                                Esmalte de U\u00f1as 60 Seconds Super Shine                            <\/h2>\r\n                        <\/div>\r\n\r\n                        <!-- Imagen y\/o nombre de la marca -->\r\n                        <div>\r\n                                                            <img decoding=\"async\" width=\"70\" src=\"https:\/\/www.primor.eu\/media\/catalog\/category\/rimmel.jpg\" alt=\"Rimmel\">\r\n                                                    <\/div>\r\n\r\n                        <!-- Puntuaci\u00f3n del producto  -->\r\n                        <div class=\"rating\">\r\n                                                            <div class=\"rate\" style=\"--p:90;\"><\/div>\r\n                                <b>4.5\/5<\/b>\r\n                                <div class=\"rate-stars\">\r\n                                                                            <div\r\n                                            class=\"rate-star  \">\r\n                                        <\/div>\r\n                                                                            <div\r\n                                            class=\"rate-star  \">\r\n                                        <\/div>\r\n                                                                            <div\r\n                                            class=\"rate-star  \">\r\n                                        <\/div>\r\n                                                                            <div\r\n                                            class=\"rate-star  \">\r\n                                        <\/div>\r\n                                                                            <div\r\n                                            class=\"rate-star  middle\">\r\n                                        <\/div>\r\n                                                                    <\/div>\r\n                                                    <\/div>\r\n\r\n                        <!-- Bot\u00f3n de producto  -->\r\n                        <div>\r\n                            <span class=\"price-claim\">\r\n                                VER PRECIO                            <\/span>\r\n                        <\/div>\r\n                    <\/a>\r\n                                    <a href=\"https:\/\/www.primor.eu\/es_es\/essence-shine-last-go-esmalte-de-unas-110536.html?#803=48954\" class=\"product-item grid-table-rows\" target=\"_blank\">\r\n                        <div>\r\n                            <img decoding=\"async\" class=\"product-img\" width=\"80px\" height=\"80px\" src=\"https:\/\/cdn2.primor.eu\/media\/catalog\/product\/cache\/8d3aba296f7a18b5251ee30fa5db42b2\/4\/0\/4059729348913_1essence_gel_nail_colour_20_38e7.jpg\" alt=\"Shine Last - Go Esmalte de U\u00f1as\">\r\n                        <\/div>\r\n\r\n                        <!-- Contenido de producto  -->\r\n                        <div>\r\n                            <div class=\"product-position\">\r\n                                #2                            <\/div>\r\n\r\n                            <h2>\r\n                                Shine Last - Go Esmalte de U\u00f1as                            <\/h2>\r\n                        <\/div>\r\n\r\n                        <!-- Imagen y\/o nombre de la marca -->\r\n                        <div>\r\n                                                            <img decoding=\"async\" width=\"70\" src=\"https:\/\/www.primor.eu\/media\/catalog\/category\/essence.png\" alt=\"Essence\">\r\n                                                    <\/div>\r\n\r\n                        <!-- Puntuaci\u00f3n del producto  -->\r\n                        <div class=\"rating\">\r\n                                                            <div class=\"rate\" style=\"--p:92;\"><\/div>\r\n                                <b>4.6\/5<\/b>\r\n                                <div class=\"rate-stars\">\r\n                                                                            <div\r\n                                            class=\"rate-star  \">\r\n                                        <\/div>\r\n                                                                            <div\r\n                                            class=\"rate-star  \">\r\n                                        <\/div>\r\n                                                                            <div\r\n                                            class=\"rate-star  \">\r\n                                        <\/div>\r\n                                                                            <div\r\n                                            class=\"rate-star  \">\r\n                                        <\/div>\r\n                                                                            <div\r\n                                            class=\"rate-star  \">\r\n                                        <\/div>\r\n                                                                    <\/div>\r\n                                                    <\/div>\r\n\r\n                        <!-- Bot\u00f3n de producto  -->\r\n                        <div>\r\n                            <span class=\"price-claim\">\r\n                                VER PRECIO                            <\/span>\r\n                        <\/div>\r\n                    <\/a>\r\n                                    <a href=\"https:\/\/www.primor.eu\/es_es\/jovo-kraft-esmalte-de-unas-111136.html?#779=41222\" class=\"product-item grid-table-rows\" target=\"_blank\">\r\n                        <div>\r\n                            <img decoding=\"async\" class=\"product-img\" width=\"80px\" height=\"80px\" src=\"https:\/\/cdn2.primor.eu\/media\/catalog\/product\/cache\/8d3aba296f7a18b5251ee30fa5db42b2\/0\/M\/0MM16576_1_40e9.jpg\" alt=\"Kraft Esmalte de U\u00f1as\">\r\n                        <\/div>\r\n\r\n                        <!-- Contenido de producto  -->\r\n                        <div>\r\n                            <div class=\"product-position\">\r\n                                #3                            <\/div>\r\n\r\n                            <h2>\r\n                                Kraft Esmalte de U\u00f1as                            <\/h2>\r\n                        <\/div>\r\n\r\n                        <!-- Imagen y\/o nombre de la marca -->\r\n                        <div>\r\n                                                            <p class=\"brand-name\"><b>J\u00d6V\u0150<\/b><\/p>\r\n                                                    <\/div>\r\n\r\n                        <!-- Puntuaci\u00f3n del producto  -->\r\n                        <div class=\"rating\">\r\n                                                            <div class=\"rate\" style=\"--p:60;\"><\/div>\r\n                                <b>3\/5<\/b>\r\n                                <div class=\"rate-stars\">\r\n                                                                            <div\r\n                                            class=\"rate-star  \">\r\n                                        <\/div>\r\n                                                                            <div\r\n                                            class=\"rate-star  \">\r\n                                        <\/div>\r\n                                                                            <div\r\n                                            class=\"rate-star  \">\r\n                                        <\/div>\r\n                                                                            <div\r\n                                            class=\"rate-star disable \">\r\n                                        <\/div>\r\n                                                                            <div\r\n                                            class=\"rate-star disable \">\r\n                                        <\/div>\r\n                                                                    <\/div>\r\n                                                    <\/div>\r\n\r\n                        <!-- Bot\u00f3n de producto  -->\r\n                        <div>\r\n                            <span class=\"price-claim\">\r\n                                VER PRECIO                            <\/span>\r\n                        <\/div>\r\n                    <\/a>\r\n                            <\/product-list>\r\n        <\/product-table>\r\n\r\n        \n\n\n\n<h3 class=\"wp-block-heading\">Esmalte de U\u00f1as 60 Seconds Super Shine de Rimmel<\/h3>\n\n\n\n<p>El amplio cepillo de precisi\u00f3n de este esmalte de u\u00f1as facilita la aplicaci\u00f3n, extendiendo el color de alto impacto en las puntas y logrando un acabado brillante impecable. Aplica una segunda capa y disfruta de un color ultra brillante con buen impacto y un acabado glossy. Incluye base, color y top coat glossy en cada pasada, proporcionando una base de color y un acabado protector brillante. Experimenta una aplicaci\u00f3n r\u00e1pida y uniforme gracias al cepillo dise\u00f1ado para un resultado impecable. Este esmalte de secado r\u00e1pido ofrece una manicura de calidad profesional que perdura por m\u00e1s de una semana.<\/p>\n\n\n    <a class='product' target='_blank' href='https:\/\/www.primor.eu\/es_es\/rimmel-esmalte-de-unas-60-seconds-super-shine-110227.html?#803=52708'>\r\n        <img loading='async' src='https:\/\/cdn2.primor.eu\/media\/catalog\/product\/cache\/8d3aba296f7a18b5251ee30fa5db42b2\/0\/M\/0MM14004_1_839f.jpg' alt='COMPRAR AHORA'>\r\n            <div class=\"claim\">\r\n                COMPRAR AHORA            <\/div>\r\n        <\/a>\r\n    \n\n\n<h3 class=\"wp-block-heading\">Shine Last &amp; Go Esmalte de U\u00f1as de Essence<\/h3>\n\n\n\n<p>Una opci\u00f3n imprescindible para lucir unas u\u00f1as perfectas durante m\u00e1s tiempo. Este esmalte de u\u00f1as presenta una f\u00f3rmula de acabado tipo gel que ofrece una duraci\u00f3n excepcional y una pigmentaci\u00f3n sorprendente, garantizando resultados profesionales desde la comodidad de tu hogar.<\/p>\n\n\n\n<p>Los tonos brillantes de esmaltes te brindan un acabado de sal\u00f3n de belleza, pero sin la necesidad de salir de casa. Su f\u00f3rmula de secado s\u00faper r\u00e1pido te permite aplicarlo f\u00e1cilmente en tus u\u00f1as y continuar con tu d\u00eda sin esperas innecesarias. Opta por la durabilidad, la alta pigmentaci\u00f3n y la facilidad de aplicaci\u00f3n con Essence.<\/p>\n\n\n    <a class='product' target='_blank' href='https:\/\/www.primor.eu\/es_es\/essence-shine-last-go-esmalte-de-unas-110536.html?#803=48954'>\r\n        <img loading='async' src='https:\/\/cdn2.primor.eu\/media\/catalog\/product\/cache\/8d3aba296f7a18b5251ee30fa5db42b2\/4\/0\/4059729348913_1essence_gel_nail_colour_20_38e7.jpg' alt='COMPRAR AHORA'>\r\n            <div class=\"claim\">\r\n                COMPRAR AHORA            <\/div>\r\n        <\/a>\r\n    \n\n\n<h3 class=\"wp-block-heading\">Kraft Esmalte de U\u00f1as de J\u00f6v\u00f6<\/h3>\n\n\n\n<p>Esmaltes de u\u00f1as con una f\u00f3rmula eco y gran pigmentaci\u00f3n para tener las u\u00f1as perfectas durante m\u00e1s tiempo. Har\u00e1n que tus u\u00f1as est\u00e9n brillantes, fuertes y con un tono perfecto. 6 colores para elegir \u00a1aptos para cualquier ocasi\u00f3n!<\/p>\n\n\n    <a class='product' target='_blank' href='https:\/\/www.primor.eu\/es_es\/jovo-kraft-esmalte-de-unas-111136.html?#779=41222'>\r\n        <img loading='async' src='https:\/\/cdn2.primor.eu\/media\/catalog\/product\/cache\/8d3aba296f7a18b5251ee30fa5db42b2\/0\/M\/0MM16576_1_40e9.jpg' alt='COMPRAR AHORA'>\r\n            <div class=\"claim\">\r\n                COMPRAR AHORA            <\/div>\r\n        <\/a>\r\n    \n\n<div class=\"kk-star-ratings kksr-auto kksr-align-center kksr-valign-bottom\"\n    data-payload='{&quot;align&quot;:&quot;center&quot;,&quot;id&quot;:&quot;121888&quot;,&quot;slug&quot;:&quot;default&quot;,&quot;valign&quot;:&quot;bottom&quot;,&quot;ignore&quot;:&quot;&quot;,&quot;reference&quot;:&quot;auto&quot;,&quot;class&quot;:&quot;&quot;,&quot;count&quot;:&quot;0&quot;,&quot;legendonly&quot;:&quot;&quot;,&quot;readonly&quot;:&quot;&quot;,&quot;score&quot;:&quot;0&quot;,&quot;starsonly&quot;:&quot;&quot;,&quot;best&quot;:&quot;5&quot;,&quot;gap&quot;:&quot;5&quot;,&quot;greet&quot;:&quot;Valora este art\u00edculo&quot;,&quot;legend&quot;:&quot;0\\\/5 - (0 votos)&quot;,&quot;size&quot;:&quot;24&quot;,&quot;title&quot;:&quot;Los colores m\u00e1s bonitos que podr\u00e1s poner en tu manicura este San Valent\u00edn 2026&quot;,&quot;width&quot;:&quot;0&quot;,&quot;_legend&quot;:&quot;{score}\\\/{best} - ({count} {votes})&quot;,&quot;font_factor&quot;:&quot;1.25&quot;}'>\n            \n<div class=\"kksr-stars\">\n    \n<div class=\"kksr-stars-inactive\">\n            <div class=\"kksr-star\" data-star=\"1\" style=\"padding-right: 5px\">\n            \n\n<div class=\"kksr-icon\" style=\"width: 24px; height: 24px;\"><\/div>\n        <\/div>\n            <div class=\"kksr-star\" data-star=\"2\" style=\"padding-right: 5px\">\n            \n\n<div class=\"kksr-icon\" style=\"width: 24px; height: 24px;\"><\/div>\n        <\/div>\n            <div class=\"kksr-star\" data-star=\"3\" style=\"padding-right: 5px\">\n            \n\n<div class=\"kksr-icon\" style=\"width: 24px; height: 24px;\"><\/div>\n        <\/div>\n            <div class=\"kksr-star\" data-star=\"4\" style=\"padding-right: 5px\">\n            \n\n<div class=\"kksr-icon\" style=\"width: 24px; height: 24px;\"><\/div>\n        <\/div>\n            <div class=\"kksr-star\" data-star=\"5\" style=\"padding-right: 5px\">\n            \n\n<div class=\"kksr-icon\" style=\"width: 24px; height: 24px;\"><\/div>\n        <\/div>\n    <\/div>\n    \n<div class=\"kksr-stars-active\" style=\"width: 0px;\">\n            <div class=\"kksr-star\" style=\"padding-right: 5px\">\n            \n\n<div class=\"kksr-icon\" style=\"width: 24px; height: 24px;\"><\/div>\n        <\/div>\n            <div class=\"kksr-star\" style=\"padding-right: 5px\">\n            \n\n<div class=\"kksr-icon\" style=\"width: 24px; height: 24px;\"><\/div>\n        <\/div>\n            <div class=\"kksr-star\" style=\"padding-right: 5px\">\n            \n\n<div class=\"kksr-icon\" style=\"width: 24px; height: 24px;\"><\/div>\n        <\/div>\n            <div class=\"kksr-star\" style=\"padding-right: 5px\">\n            \n\n<div class=\"kksr-icon\" style=\"width: 24px; height: 24px;\"><\/div>\n        <\/div>\n            <div class=\"kksr-star\" style=\"padding-right: 5px\">\n            \n\n<div class=\"kksr-icon\" style=\"width: 24px; height: 24px;\"><\/div>\n        <\/div>\n    <\/div>\n<\/div>\n                \n\n<div class=\"kksr-legend\" style=\"font-size: 19.2px;\">\n            <span class=\"kksr-muted\">Valora este art\u00edculo<\/span>\n    <\/div>\n    <\/div>\n","protected":false},"excerpt":{"rendered":"<p>Los mejores colores para la manicura en San Valent\u00edn, son aquellos que comunicar\u00e1n sutilmente aquello que desees llevar a tu cita de San Valent\u00edn este a\u00f1o. Hay que tener en cuenta que no hay mejores colores para la manicura, sino que esto tiene que ver con los gustos y estilo de cada una.\u00a0 Esta fiesta [&hellip;]<\/p>\n","protected":false},"author":30,"featured_media":121890,"comment_status":"closed","ping_status":"closed","sticky":false,"template":"","format":"standard","meta":{"jnews-multi-image_gallery":[],"jnews_single_post":{"format":"standard"},"jnews_primary_category":[],"jnews_social_meta":[],"jnews_override_counter":[],"footnotes":""},"categories":[1831],"tags":[],"class_list":["post-121888","post","type-post","status-publish","format-standard","has-post-thumbnail","hentry","category-manicuras"],"_links":{"self":[{"href":"https:\/\/www.primor.eu\/blog\/wp-json\/wp\/v2\/posts\/121888","targetHints":{"allow":["GET"]}}],"collection":[{"href":"https:\/\/www.primor.eu\/blog\/wp-json\/wp\/v2\/posts"}],"about":[{"href":"https:\/\/www.primor.eu\/blog\/wp-json\/wp\/v2\/types\/post"}],"author":[{"embeddable":true,"href":"https:\/\/www.primor.eu\/blog\/wp-json\/wp\/v2\/users\/30"}],"replies":[{"embeddable":true,"href":"https:\/\/www.primor.eu\/blog\/wp-json\/wp\/v2\/comments?post=121888"}],"version-history":[{"count":3,"href":"https:\/\/www.primor.eu\/blog\/wp-json\/wp\/v2\/posts\/121888\/revisions"}],"predecessor-version":[{"id":139514,"href":"https:\/\/www.primor.eu\/blog\/wp-json\/wp\/v2\/posts\/121888\/revisions\/139514"}],"wp:featuredmedia":[{"embeddable":true,"href":"https:\/\/www.primor.eu\/blog\/wp-json\/wp\/v2\/media\/121890"}],"wp:attachment":[{"href":"https:\/\/www.primor.eu\/blog\/wp-json\/wp\/v2\/media?parent=121888"}],"wp:term":[{"taxonomy":"category","embeddable":true,"href":"https:\/\/www.primor.eu\/blog\/wp-json\/wp\/v2\/categories?post=121888"},{"taxonomy":"post_tag","embeddable":true,"href":"https:\/\/www.primor.eu\/blog\/wp-json\/wp\/v2\/tags?post=121888"}],"curies":[{"name":"wp","href":"https:\/\/api.w.org\/{rel}","templated":true}]}}