{"id":121763,"date":"2025-02-15T18:00:00","date_gmt":"2025-02-15T18:00:00","guid":{"rendered":"https:\/\/www.primor.eu\/blog\/?p=121763"},"modified":"2026-02-13T14:46:58","modified_gmt":"2026-02-13T14:46:58","slug":"mejores-ideas-maquillajes-romanticos-cita-san-valentin","status":"publish","type":"post","link":"https:\/\/www.primor.eu\/blog\/mejores-ideas-maquillajes-romanticos-cita-san-valentin\/","title":{"rendered":"Los maquillajes m\u00e1s rom\u00e1nticos para una cita perfecta en San Valent\u00edn"},"content":{"rendered":"\n<p>Las mejores ideas de <strong>maquillajes rom\u00e1nticos<\/strong> para<a href=\"https:\/\/www.primor.eu\/es_es\/regalos-san-valentin\" data-type=\"link\" data-id=\"https:\/\/www.primor.eu\/es_es\/regalos-san-valentin\"> <strong>San Valent\u00edn<\/strong><\/a>, son las que vamos a ver hoy. Para cada una puede tener una connotaci\u00f3n diferente el hecho de elegir un <a href=\"https:\/\/www.primor.eu\/blog\/maquillaje-natural\/?srsltid=AfmBOoptlZgTPRWxv_XY6IdVHOX-66XNFb_ScNJ1agfPYd94farTsWJC\" data-type=\"link\" data-id=\"https:\/\/www.primor.eu\/blog\/maquillaje-natural\/?srsltid=AfmBOoptlZgTPRWxv_XY6IdVHOX-66XNFb_ScNJ1agfPYd94farTsWJC\">maquillaje <\/a>rom\u00e1ntico. Sin embargo, respondiendo a este t\u00e9rmino hay varios tipos de maquillaje que son perfectos para una cita rom\u00e1ntica en San Valent\u00edn y que expresan diferentes cosas.\u00a0<\/p>\n\n\n\n<p>Te traemos inspiraci\u00f3n de maquillajes rom\u00e1nticos para <strong>San Valent\u00edn <\/strong>y te proponemos algunos. Tambi\u00e9n te comentamos cu\u00e1les son las <strong>bases para elegir maquillajes rom\u00e1nticos <\/strong>para esta fecha tan se\u00f1alada.<\/p>\n\n\n\n<h2 class=\"wp-block-heading\">C\u00f3mo elegir maquillajes rom\u00e1nticos para San Valent\u00edn<\/h2>\n\n\n\n<p>Los <strong>maquillajes rom\u00e1nticos para San Valent\u00edn <\/strong>son una gran idea. Para saber cu\u00e1l de los maquillajes rom\u00e1nticos para San Valent\u00edn elegir, es bueno que te plantees qu\u00e9 quieres ponerle a tu cita de ese d\u00eda.&nbsp;<\/p>\n\n\n\n<p>Lo primero es la intenci\u00f3n. Los colores y estilos sub comunican cosas. De este modo, si eliges tonos tostados, estar\u00e1s comunicando calidez. Si te decantas por un maquillaje en tonos rosados o nude, ser\u00e1s amorosa y suave ese d\u00eda a los ojos de tu cita. Si decides ponerte unos buenos labios rojos y un eyeliner, ser\u00e1s la m\u00e1s sexy.<\/p>\n\n\n\n<h2 class=\"wp-block-heading\">Los mejores maquillajes rom\u00e1nticos para San Valent\u00edn&nbsp;<\/h2>\n\n\n\n<p>Y ahora que tienes en cuenta cu\u00e1les son los colores y estilos que pueden apoyar tu intenci\u00f3n para <strong>San Valent\u00edn<\/strong>, te proponemos opciones de <strong>maquillajes rom\u00e1nticos<\/strong> seg\u00fan lo que busques:<\/p>\n\n\n\n<h3 class=\"wp-block-heading\">Maquillaje c\u00e1lido<\/h3>\n\n\n\n<figure class=\"wp-block-image size-large is-resized\"><img decoding=\"async\" width=\"929\" height=\"1024\" src=\"https:\/\/www.primor.eu\/blog\/wp-content\/uploads\/2025\/02\/1-929x1024.jpg\" alt=\"\" class=\"wp-image-121772\" style=\"width:1018px;height:auto\" srcset=\"https:\/\/www.primor.eu\/blog\/wp-content\/uploads\/2025\/02\/1-929x1024.jpg 929w, https:\/\/www.primor.eu\/blog\/wp-content\/uploads\/2025\/02\/1-272x300.jpg 272w, https:\/\/www.primor.eu\/blog\/wp-content\/uploads\/2025\/02\/1-768x847.jpg 768w, https:\/\/www.primor.eu\/blog\/wp-content\/uploads\/2025\/02\/1-750x827.jpg 750w, https:\/\/www.primor.eu\/blog\/wp-content\/uploads\/2025\/02\/1.jpg 1080w\" sizes=\"(max-width: 929px) 100vw, 929px\" \/><\/figure>\n\n\n\n<p>Fuente Instagram: @mina.jbrooks<\/p>\n\n\n\n<p>Con este maquillaje c\u00e1lido estar\u00e1s transmitiendo que lo que buscas son v\u00ednculos profundos y de coraz\u00f3n a coraz\u00f3n. Una paleta de colores en tonos arena y tierra ser\u00e1n perfectos. Los labios pueden quedar en tonos similares o tambi\u00e9n simplemente con un gloss. Incluso con un ligero toque rosado.<\/p>\n\n\n\n<h3 class=\"wp-block-heading\">Labios jugosos<\/h3>\n\n\n\n<figure class=\"wp-block-image size-large is-resized\"><img decoding=\"async\" width=\"819\" height=\"1024\" src=\"https:\/\/www.primor.eu\/blog\/wp-content\/uploads\/2025\/02\/2-819x1024.jpg\" alt=\"\" class=\"wp-image-121773\" style=\"width:1017px;height:auto\" srcset=\"https:\/\/www.primor.eu\/blog\/wp-content\/uploads\/2025\/02\/2-819x1024.jpg 819w, https:\/\/www.primor.eu\/blog\/wp-content\/uploads\/2025\/02\/2-240x300.jpg 240w, https:\/\/www.primor.eu\/blog\/wp-content\/uploads\/2025\/02\/2-768x960.jpg 768w, https:\/\/www.primor.eu\/blog\/wp-content\/uploads\/2025\/02\/2-750x938.jpg 750w, https:\/\/www.primor.eu\/blog\/wp-content\/uploads\/2025\/02\/2.jpg 1080w\" sizes=\"(max-width: 819px) 100vw, 819px\" \/><\/figure>\n\n\n\n<p>Fuente Instagram: @saragarciamuah<\/p>\n\n\n\n<p>Si eliges estos labios jugosos estar\u00e1s dando ganas de besarte a tu cita. Estos labios rosados y brillantes son dif\u00edcilmente resistibles para alguien. Por eso, si buscas estar sexy pero sencilla, un maquillaje as\u00ed con ropa rom\u00e1ntica y sombras en colores como estos, son la mejor opci\u00f3n.<\/p>\n\n\n\n<h3 class=\"wp-block-heading\">Como una diva<\/h3>\n\n\n\n<figure class=\"wp-block-image size-large is-resized\"><img decoding=\"async\" width=\"819\" height=\"1024\" src=\"https:\/\/www.primor.eu\/blog\/wp-content\/uploads\/2025\/02\/3-819x1024.jpg\" alt=\"\" class=\"wp-image-121774\" style=\"width:1019px;height:auto\" srcset=\"https:\/\/www.primor.eu\/blog\/wp-content\/uploads\/2025\/02\/3-819x1024.jpg 819w, https:\/\/www.primor.eu\/blog\/wp-content\/uploads\/2025\/02\/3-240x300.jpg 240w, https:\/\/www.primor.eu\/blog\/wp-content\/uploads\/2025\/02\/3-768x960.jpg 768w, https:\/\/www.primor.eu\/blog\/wp-content\/uploads\/2025\/02\/3-750x938.jpg 750w, https:\/\/www.primor.eu\/blog\/wp-content\/uploads\/2025\/02\/3.jpg 1080w\" sizes=\"(max-width: 819px) 100vw, 819px\" \/><\/figure>\n\n\n\n<p>Fuente Instagram: @jessicagarcia_makeup<\/p>\n\n\n\n<p>Con estos labios rojos y este pedazo de rabillo, ir\u00e1s a tu cita de San Valent\u00edn con uno de los maquillajes rom\u00e1nticos m\u00e1s de diva que puedas encontrar. Y es que, \u00bfqu\u00e9 mejor momento del a\u00f1o para ser una diva que San Valent\u00edn?<\/p>\n\n\n\n<p>Es un maquillaje al m\u00e1s puro estilo alfombra roja y, a la vez, sencillo y r\u00e1pido de hacer. Y es que ni siquiera necesitas aplicar sombras. Un buen eyeliner, pesta\u00f1as postizas o dos capas de r\u00edmel y unos labios rojo pasi\u00f3n ser\u00e1n suficientes para deslumbrar.<\/p>\n\n\n\n<h3 class=\"wp-block-heading\">Maquillaje met\u00e1lico sutil<\/h3>\n\n\n\n<figure class=\"wp-block-image size-large\"><img decoding=\"async\" width=\"1080\" height=\"1080\" src=\"https:\/\/www.primor.eu\/blog\/wp-content\/uploads\/2025\/02\/4-1024x1024.jpg\" alt=\"\" class=\"wp-image-121775\" srcset=\"https:\/\/www.primor.eu\/blog\/wp-content\/uploads\/2025\/02\/4-1024x1024.jpg 1024w, https:\/\/www.primor.eu\/blog\/wp-content\/uploads\/2025\/02\/4-300x300.jpg 300w, https:\/\/www.primor.eu\/blog\/wp-content\/uploads\/2025\/02\/4-150x150.jpg 150w, https:\/\/www.primor.eu\/blog\/wp-content\/uploads\/2025\/02\/4-768x768.jpg 768w, https:\/\/www.primor.eu\/blog\/wp-content\/uploads\/2025\/02\/4-75x75.jpg 75w, https:\/\/www.primor.eu\/blog\/wp-content\/uploads\/2025\/02\/4-350x350.jpg 350w, https:\/\/www.primor.eu\/blog\/wp-content\/uploads\/2025\/02\/4-750x750.jpg 750w, https:\/\/www.primor.eu\/blog\/wp-content\/uploads\/2025\/02\/4.jpg 1080w\" sizes=\"(max-width: 1080px) 100vw, 1080px\" \/><\/figure>\n\n\n\n<p>Fuente Instagram: @yuli_artistic<\/p>\n\n\n\n<p>Si lo que quieres es asistir a tu cita con una de las tendencias de la temporada en materia de maquillaje, escoge este maquillaje met\u00e1lico. Los maquillajes met\u00e1licos tambi\u00e9n pueden ser maquillajes rom\u00e1nticos para San Valent\u00edn, solo que con un toque de brilli brilli. Y es que si te gusta el brilli brilli no tienes porqu\u00e9 renunciar a \u00e9l.&nbsp;<\/p>\n\n\n\n<p>Los labios pueden quedar como en este caso, en tonos naturales y con brillo. De este modo quedan resaltados los ojos sobre todo. Y ese eyeliner es perfecto para tener una mirada de infarto.<\/p>\n\n\n\n<h3 class=\"wp-block-heading\">M\u00e1s natural imposible<\/h3>\n\n\n\n<figure class=\"wp-block-image size-large is-resized\"><img decoding=\"async\" width=\"819\" height=\"1024\" src=\"https:\/\/www.primor.eu\/blog\/wp-content\/uploads\/2025\/02\/5-819x1024.jpg\" alt=\"\" class=\"wp-image-121776\" style=\"width:1031px;height:auto\" srcset=\"https:\/\/www.primor.eu\/blog\/wp-content\/uploads\/2025\/02\/5-819x1024.jpg 819w, https:\/\/www.primor.eu\/blog\/wp-content\/uploads\/2025\/02\/5-240x300.jpg 240w, https:\/\/www.primor.eu\/blog\/wp-content\/uploads\/2025\/02\/5-768x960.jpg 768w, https:\/\/www.primor.eu\/blog\/wp-content\/uploads\/2025\/02\/5-750x938.jpg 750w, https:\/\/www.primor.eu\/blog\/wp-content\/uploads\/2025\/02\/5.jpg 1080w\" sizes=\"(max-width: 819px) 100vw, 819px\" \/><\/figure>\n\n\n\n<p>Fuente Instagram: @olayabrion.novias<\/p>\n\n\n\n<p>Otra opci\u00f3n de maquillajes rom\u00e1nticos para San Valent\u00edn es esta. Estos tonos suaves y casi imperceptibles pueden ayudarte a tener un rostro luminoso pero bien resaltado. Solo necesitar\u00e1s un poco de sombra en tonos nude, algo de m\u00e1scara de pesta\u00f1as y un toque de gloss.<\/p>\n\n\n\n<h2 class=\"wp-block-heading\">Dos productos infalibles para tus maquillajes rom\u00e1nticos este San Valent\u00edn<\/h2>\n\n\n\n<h3 class=\"wp-block-heading\">Paleta de Sombras de Ojos Nudes de Max Factor<\/h3>\n\n\n\n<p>La f\u00f3rmula cremosa de esta paleta permite una aplicaci\u00f3n suave y una f\u00e1cil difuminaci\u00f3n, incluso con los dedos. Los tonos se pueden mezclar entre s\u00ed para lograr transiciones sutiles y mayor profundidad en la mirada.<br><\/p>\n\n\n    <a class='product' target='_blank' href='https:\/\/www.primor.eu\/es_es\/max-factor-paleta-de-sombra-de-ojos-nudes-108872.html?#863=67388'>\r\n        <img loading='async' src='https:\/\/cdn2.primor.eu\/media\/catalog\/product\/cache\/8d3aba296f7a18b5251ee30fa5db42b2\/M\/A\/MAIN_3616302463893_6992.jpeg' alt='COMPRAR AHORA'>\r\n            <div class=\"claim\">\r\n                COMPRAR AHORA            <\/div>\r\n        <\/a>\r\n    \n\n\n<h3 class=\"wp-block-heading\">Barra de Labios Rouge Pur Couture The Slim de Yves Saint Laurent<\/h3>\n\n\n\n<p>La f\u00f3rmula de Rouge Pur Couture The Slim de YVES SAINT LAURENT incorpora tecnolog\u00edas que favorecen un acabado mate empolvado y una textura confortable. Gracias a la combinaci\u00f3n de pigmentos micronizados y un sistema difusor de luz, la barra de labios Rouge Pur Couture The Slim ayuda a lograr un aspecto homog\u00e9neo y bien definido durante su uso.<\/p>\n\n\n    <a class='product' target='_blank' href='https:\/\/www.primor.eu\/es_es\/yves-saint-laurent-barra-de-labios-rouge-pur-couture-the-slim-108160.html?#803=49778'>\r\n        <img loading='async' src='https:\/\/cdn2.primor.eu\/media\/catalog\/product\/cache\/8d3aba296f7a18b5251ee30fa5db42b2\/0\/M\/0ML25386_1_424d.jpg' alt='COMPRAR AHORA'>\r\n            <div class=\"claim\">\r\n                COMPRAR AHORA            <\/div>\r\n        <\/a>\r\n    \n\n<div class=\"kk-star-ratings kksr-auto kksr-align-center kksr-valign-bottom\"\n    data-payload='{&quot;align&quot;:&quot;center&quot;,&quot;id&quot;:&quot;121763&quot;,&quot;slug&quot;:&quot;default&quot;,&quot;valign&quot;:&quot;bottom&quot;,&quot;ignore&quot;:&quot;&quot;,&quot;reference&quot;:&quot;auto&quot;,&quot;class&quot;:&quot;&quot;,&quot;count&quot;:&quot;0&quot;,&quot;legendonly&quot;:&quot;&quot;,&quot;readonly&quot;:&quot;&quot;,&quot;score&quot;:&quot;0&quot;,&quot;starsonly&quot;:&quot;&quot;,&quot;best&quot;:&quot;5&quot;,&quot;gap&quot;:&quot;5&quot;,&quot;greet&quot;:&quot;Valora este art\u00edculo&quot;,&quot;legend&quot;:&quot;0\\\/5 - (0 votos)&quot;,&quot;size&quot;:&quot;24&quot;,&quot;title&quot;:&quot;Los maquillajes m\u00e1s rom\u00e1nticos para una cita perfecta en San Valent\u00edn&quot;,&quot;width&quot;:&quot;0&quot;,&quot;_legend&quot;:&quot;{score}\\\/{best} - ({count} {votes})&quot;,&quot;font_factor&quot;:&quot;1.25&quot;}'>\n            \n<div class=\"kksr-stars\">\n    \n<div class=\"kksr-stars-inactive\">\n            <div class=\"kksr-star\" data-star=\"1\" style=\"padding-right: 5px\">\n            \n\n<div class=\"kksr-icon\" style=\"width: 24px; height: 24px;\"><\/div>\n        <\/div>\n            <div class=\"kksr-star\" data-star=\"2\" style=\"padding-right: 5px\">\n            \n\n<div class=\"kksr-icon\" style=\"width: 24px; height: 24px;\"><\/div>\n        <\/div>\n            <div class=\"kksr-star\" data-star=\"3\" style=\"padding-right: 5px\">\n            \n\n<div class=\"kksr-icon\" style=\"width: 24px; height: 24px;\"><\/div>\n        <\/div>\n            <div class=\"kksr-star\" data-star=\"4\" style=\"padding-right: 5px\">\n            \n\n<div class=\"kksr-icon\" style=\"width: 24px; height: 24px;\"><\/div>\n        <\/div>\n            <div class=\"kksr-star\" data-star=\"5\" style=\"padding-right: 5px\">\n            \n\n<div class=\"kksr-icon\" style=\"width: 24px; height: 24px;\"><\/div>\n        <\/div>\n    <\/div>\n    \n<div class=\"kksr-stars-active\" style=\"width: 0px;\">\n            <div class=\"kksr-star\" style=\"padding-right: 5px\">\n            \n\n<div class=\"kksr-icon\" style=\"width: 24px; height: 24px;\"><\/div>\n        <\/div>\n            <div class=\"kksr-star\" style=\"padding-right: 5px\">\n            \n\n<div class=\"kksr-icon\" style=\"width: 24px; height: 24px;\"><\/div>\n        <\/div>\n            <div class=\"kksr-star\" style=\"padding-right: 5px\">\n            \n\n<div class=\"kksr-icon\" style=\"width: 24px; height: 24px;\"><\/div>\n        <\/div>\n            <div class=\"kksr-star\" style=\"padding-right: 5px\">\n            \n\n<div class=\"kksr-icon\" style=\"width: 24px; height: 24px;\"><\/div>\n        <\/div>\n            <div class=\"kksr-star\" style=\"padding-right: 5px\">\n            \n\n<div class=\"kksr-icon\" style=\"width: 24px; height: 24px;\"><\/div>\n        <\/div>\n    <\/div>\n<\/div>\n                \n\n<div class=\"kksr-legend\" style=\"font-size: 19.2px;\">\n            <span class=\"kksr-muted\">Valora este art\u00edculo<\/span>\n    <\/div>\n    <\/div>\n","protected":false},"excerpt":{"rendered":"<p>Las mejores ideas de maquillajes rom\u00e1nticos para San Valent\u00edn, son las que vamos a ver hoy. Para cada una puede tener una connotaci\u00f3n diferente el hecho de elegir un maquillaje rom\u00e1ntico. Sin embargo, respondiendo a este t\u00e9rmino hay varios tipos de maquillaje que son perfectos para una cita rom\u00e1ntica en San Valent\u00edn y que expresan [&hellip;]<\/p>\n","protected":false},"author":30,"featured_media":121769,"comment_status":"closed","ping_status":"closed","sticky":false,"template":"","format":"standard","meta":{"jnews-multi-image_gallery":[],"jnews_single_post":{"format":"standard"},"jnews_primary_category":[],"jnews_social_meta":[],"jnews_override_counter":[],"footnotes":""},"categories":[41],"tags":[],"class_list":["post-121763","post","type-post","status-publish","format-standard","has-post-thumbnail","hentry","category-maquillaje"],"_links":{"self":[{"href":"https:\/\/www.primor.eu\/blog\/wp-json\/wp\/v2\/posts\/121763","targetHints":{"allow":["GET"]}}],"collection":[{"href":"https:\/\/www.primor.eu\/blog\/wp-json\/wp\/v2\/posts"}],"about":[{"href":"https:\/\/www.primor.eu\/blog\/wp-json\/wp\/v2\/types\/post"}],"author":[{"embeddable":true,"href":"https:\/\/www.primor.eu\/blog\/wp-json\/wp\/v2\/users\/30"}],"replies":[{"embeddable":true,"href":"https:\/\/www.primor.eu\/blog\/wp-json\/wp\/v2\/comments?post=121763"}],"version-history":[{"count":3,"href":"https:\/\/www.primor.eu\/blog\/wp-json\/wp\/v2\/posts\/121763\/revisions"}],"predecessor-version":[{"id":139241,"href":"https:\/\/www.primor.eu\/blog\/wp-json\/wp\/v2\/posts\/121763\/revisions\/139241"}],"wp:featuredmedia":[{"embeddable":true,"href":"https:\/\/www.primor.eu\/blog\/wp-json\/wp\/v2\/media\/121769"}],"wp:attachment":[{"href":"https:\/\/www.primor.eu\/blog\/wp-json\/wp\/v2\/media?parent=121763"}],"wp:term":[{"taxonomy":"category","embeddable":true,"href":"https:\/\/www.primor.eu\/blog\/wp-json\/wp\/v2\/categories?post=121763"},{"taxonomy":"post_tag","embeddable":true,"href":"https:\/\/www.primor.eu\/blog\/wp-json\/wp\/v2\/tags?post=121763"}],"curies":[{"name":"wp","href":"https:\/\/api.w.org\/{rel}","templated":true}]}}