{"id":121759,"date":"2025-02-15T15:00:00","date_gmt":"2025-02-15T15:00:00","guid":{"rendered":"https:\/\/www.primor.eu\/blog\/?p=121759"},"modified":"2026-02-12T07:51:56","modified_gmt":"2026-02-12T07:51:56","slug":"mejores-ideas-dia-solo-autocuidado-san-valentin","status":"publish","type":"post","link":"https:\/\/www.primor.eu\/blog\/mejores-ideas-dia-solo-autocuidado-san-valentin\/","title":{"rendered":"Celebrar San Valent\u00edn en casa y sola tambi\u00e9n es rom\u00e1ntico: ideas para un d\u00eda de autocuidado perfecto"},"content":{"rendered":"\n<p>El <strong>autocuidado<\/strong> en <strong>San Valent\u00edn<\/strong> tambi\u00e9n puede ser un regalo estupendo para una misma. El hecho de no tener pareja o de haber terminado recientemente con una relaci\u00f3n, no tiene por qu\u00e9 ser un motivo para estar triste o acabar odiando este d\u00eda.&nbsp;<\/p>\n\n\n\n<p>Por eso, vamos a darte algunas ideas de planes de autocuidado para San Valent\u00edn. Porque quererte y cuidarte a ti misma es lo primero. Quieras o no quieras vincularte, este es el primer paso. Vamos a darte <strong>ideas<\/strong> de <strong><a href=\"https:\/\/www.primor.eu\/blog\/galentines-day\/?srsltid=AfmBOoqZ2ItlYw5BiVOMAIN7kyqyyqEvAATVV9McFOnfmcjBELxiH8w9\" data-type=\"link\" data-id=\"https:\/\/www.primor.eu\/blog\/galentines-day\/?srsltid=AfmBOoqZ2ItlYw5BiVOMAIN7kyqyyqEvAATVV9McFOnfmcjBELxiH8w9\">autocuidado para San Valent\u00edn<\/a><\/strong> seg\u00fan tus gustos:<\/p>\n\n\n\n<h3 class=\"wp-block-heading\">Date un paseo por la naturaleza<\/h3>\n\n\n\n<p>Un paseo por la naturaleza es lo m\u00e1s saludable que te puedes regalar. Somos naturaleza y, por eso, nos equilibramos con la naturaleza. Est\u00e1 comprobado que el hecho de caminar relaja y aclara las ideas. Una pr\u00e1ctica que sin duda es un soplo de aire fresco literal, porque adem\u00e1s se respira aire puro.<\/p>\n\n\n\n<p>Puedes irte al lugar de la sierra que te pille m\u00e1s cercano, pero tambi\u00e9n a un gran parque en la ciudad o a cualquier campo a las afueras de donde vives.<\/p>\n\n\n\n<h3 class=\"wp-block-heading\">Sesi\u00f3n de spa en casa<\/h3>\n\n\n\n<p>Una sesi\u00f3n de spa en casa tambi\u00e9n puede ser genial. Para ello no es necesario mucho lujo. Bastar\u00e1 con que prepares una ba\u00f1era y pongas dos pu\u00f1ados de agua con sal. La sal descarga las tensiones y es como un ba\u00f1o en el mar. No te olvides de que puedes a\u00f1adir al agua unas gotas de aceite esencial.<\/p>\n\n\n\n<p>Si est\u00e1s cansada, el mejor para la circulaci\u00f3n y la activaci\u00f3n es el romero. Si te quieres relajar elige uno como la lavanda.&nbsp;<\/p>\n\n\n\n<p>Aprovecha para ponerte una mascarilla purificante en el rostro. Despu\u00e9s exfolia suavemente y aplica tu s\u00e9rum m\u00e1s hidratante o tu crema de noche.<\/p>\n\n\n\n<h3 class=\"wp-block-heading\">Reg\u00e1late un masaje<\/h3>\n\n\n\n<p>No solamente pienses en masajes de espalda. Puedes darte un automasaje de piernas o de pies, por ejemplo. Las piernas son una parte de nuestro cuerpo muy importante. Por eso, si las mimas y las masajeas con un poco de aceite para masaje, seguro que te sentir\u00e1s recargada al d\u00eda siguiente.<\/p>\n\n\n\n<h3 class=\"wp-block-heading\">Ponte una peli bonita<\/h3>\n\n\n\n<p>Otra perfecta idea para darte un regalo de autocuidado en San Valent\u00edn es la de ver una pel\u00edcula positiva y que te traiga buenas emociones. Tambi\u00e9n puedes elegir un documental sobre naturaleza, f\u00edsica cu\u00e1ntica, desarrollo personal o todo aquello que te interese y te inspire para tener una vida de autocuidado y lo m\u00e1s feliz posible.<\/p>\n\n\n\n<p>No olvides prepararte algo rico para acompa\u00f1ar la peli o el docu si te apetece. Palomitas, chocolate o un pacer sin culpa si sabes c\u00f3mo preparar o d\u00f3nde encontrar dulces saludables, \u00bfhay un mejor autocuidado?<\/p>\n\n\n\n<h3 class=\"wp-block-heading\">Compra un libro que te inspire<\/h3>\n\n\n\n<p>Un libro que te inspire puede ser uno de los mejores regalos para San Valent\u00edn. El autocuidado no es solo f\u00edsico. No es solamente comprarte cremas hidratantes lo m\u00e1s naturales posible ni ir a yoga ni dar un paseo.&nbsp;<\/p>\n\n\n\n<p>Leer libros nutritivos que te apoyen en tu crecimiento personal y en tu vida es un acto de autocuidado que no debes pasar por alto. Para San Valent\u00edn, este es uno de los regalos que m\u00e1s feliz puede hacerte. Y lo mejor es que no tienes que esperar a que te lo haga nadie. Nadie mejor que t\u00fa conoce tus gustos ni sabe lo que puede hacerte feliz.<\/p>\n\n\n\n<h3 class=\"wp-block-heading\">Hazte tu cena favorita<\/h3>\n\n\n\n<p>Cenar contigo misma tambi\u00e9n est\u00e1 perfecto. Es bueno que te permitas licencias aunque est\u00e9s en el camino del autocuidado. Te puedes comer una pizza, unos tacos o aquella cena que no sueles tomar nunca. Tambi\u00e9n puedes prepararte algo rico para San Valent\u00edn que no se salga del camino del autocuidado. Aunque recuerda, la flexibilidad es autocuidado.<\/p>\n\n\n\n<h2 class=\"wp-block-heading\">Dos productos para tu spa y tu sesi\u00f3n de auto cuidado para San Valent\u00edn<\/h2>\n\n\n\n<h3 class=\"wp-block-heading\">Baltic Home Spa Crema Facial Hidratante y Oxigenante de Ziaja<\/h3>\n\n\n\n<p>Refresca y tonifica la piel. Hidrata con intensidad, suaviza las arrugas mejorando el tono de la piel.<\/p>\n\n\n\n<p>Brinda protecci\u00f3n contra los radicales libres, el estr\u00e9s oxidativo y la luz azul (HEV Light) gracias a las algas marinas que contiene.<\/p>\n\n\n\n<p>Formulada con un 95% de ingredientes de origen natural, \u00e1cido hialur\u00f3nico, manteca de illipe, alga marina Himanthalia elongata y vitaminas E y C.<\/p>\n\n\n    <a class='product' target='_blank' href='https:\/\/www.primor.eu\/es_es\/ziaja-baltic-home-spa-crema-facial-hidratante-y-oxigenante-14977.html'>\r\n        <img loading='async' src='https:\/\/cdn2.primor.eu\/media\/catalog\/product\/cache\/8d3aba296f7a18b5251ee30fa5db42b2\/0\/T\/0TF18966_1_6596.jpg' alt='COMPRAR AHORA'>\r\n            <div class=\"claim\">\r\n                COMPRAR AHORA            <\/div>\r\n        <\/a>\r\n    \n\n\n<h3 class=\"wp-block-heading\">Spa Crema Hidratante de Masaje de Kallos<\/h3>\n\n\n\n<p><strong>\u00a0<\/strong>Est\u00e1 formulada con\u00a0aceite de coco como ingrediente activo. Esta crema hidratante de masaje es\u00a0apta para todo tipo de pieles.\u00a0<\/p>\n\n\n\n<p>El \u00e1cido hialur\u00f3nico incluido en\u00a0Spa Crema Hidratante de Masaje de Kallos, alisa, suaviza y nutre profundamente la piel, mientras que el col\u00e1geno ejerce una actividad rejuvenecedora.<\/p>\n\n\n    <a class='product' target='_blank' href='https:\/\/www.primor.eu\/es_es\/kallos-spa-crema-hidratante-de-masaje-12132.html'>\r\n        <img loading='async' src='https:\/\/cdn2.primor.eu\/media\/catalog\/product\/cache\/8d3aba296f7a18b5251ee30fa5db42b2\/S\/P\/SPA_Massage_Cream_1000_ml_SPA1489_aea6.jpg' alt='COMPRAR AHORA'>\r\n            <div class=\"claim\">\r\n                COMPRAR AHORA            <\/div>\r\n        <\/a>\r\n    \n\n<div class=\"kk-star-ratings kksr-auto kksr-align-center kksr-valign-bottom\"\n    data-payload='{&quot;align&quot;:&quot;center&quot;,&quot;id&quot;:&quot;121759&quot;,&quot;slug&quot;:&quot;default&quot;,&quot;valign&quot;:&quot;bottom&quot;,&quot;ignore&quot;:&quot;&quot;,&quot;reference&quot;:&quot;auto&quot;,&quot;class&quot;:&quot;&quot;,&quot;count&quot;:&quot;0&quot;,&quot;legendonly&quot;:&quot;&quot;,&quot;readonly&quot;:&quot;&quot;,&quot;score&quot;:&quot;0&quot;,&quot;starsonly&quot;:&quot;&quot;,&quot;best&quot;:&quot;5&quot;,&quot;gap&quot;:&quot;5&quot;,&quot;greet&quot;:&quot;Valora este art\u00edculo&quot;,&quot;legend&quot;:&quot;0\\\/5 - (0 votos)&quot;,&quot;size&quot;:&quot;24&quot;,&quot;title&quot;:&quot;Celebrar San Valent\u00edn en casa y sola tambi\u00e9n es rom\u00e1ntico: ideas para un d\u00eda de autocuidado perfecto&quot;,&quot;width&quot;:&quot;0&quot;,&quot;_legend&quot;:&quot;{score}\\\/{best} - ({count} {votes})&quot;,&quot;font_factor&quot;:&quot;1.25&quot;}'>\n            \n<div class=\"kksr-stars\">\n    \n<div class=\"kksr-stars-inactive\">\n            <div class=\"kksr-star\" data-star=\"1\" style=\"padding-right: 5px\">\n            \n\n<div class=\"kksr-icon\" style=\"width: 24px; height: 24px;\"><\/div>\n        <\/div>\n            <div class=\"kksr-star\" data-star=\"2\" style=\"padding-right: 5px\">\n            \n\n<div class=\"kksr-icon\" style=\"width: 24px; height: 24px;\"><\/div>\n        <\/div>\n            <div class=\"kksr-star\" data-star=\"3\" style=\"padding-right: 5px\">\n            \n\n<div class=\"kksr-icon\" style=\"width: 24px; height: 24px;\"><\/div>\n        <\/div>\n            <div class=\"kksr-star\" data-star=\"4\" style=\"padding-right: 5px\">\n            \n\n<div class=\"kksr-icon\" style=\"width: 24px; height: 24px;\"><\/div>\n        <\/div>\n            <div class=\"kksr-star\" data-star=\"5\" style=\"padding-right: 5px\">\n            \n\n<div class=\"kksr-icon\" style=\"width: 24px; height: 24px;\"><\/div>\n        <\/div>\n    <\/div>\n    \n<div class=\"kksr-stars-active\" style=\"width: 0px;\">\n            <div class=\"kksr-star\" style=\"padding-right: 5px\">\n            \n\n<div class=\"kksr-icon\" style=\"width: 24px; height: 24px;\"><\/div>\n        <\/div>\n            <div class=\"kksr-star\" style=\"padding-right: 5px\">\n            \n\n<div class=\"kksr-icon\" style=\"width: 24px; height: 24px;\"><\/div>\n        <\/div>\n            <div class=\"kksr-star\" style=\"padding-right: 5px\">\n            \n\n<div class=\"kksr-icon\" style=\"width: 24px; height: 24px;\"><\/div>\n        <\/div>\n            <div class=\"kksr-star\" style=\"padding-right: 5px\">\n            \n\n<div class=\"kksr-icon\" style=\"width: 24px; height: 24px;\"><\/div>\n        <\/div>\n            <div class=\"kksr-star\" style=\"padding-right: 5px\">\n            \n\n<div class=\"kksr-icon\" style=\"width: 24px; height: 24px;\"><\/div>\n        <\/div>\n    <\/div>\n<\/div>\n                \n\n<div class=\"kksr-legend\" style=\"font-size: 19.2px;\">\n            <span class=\"kksr-muted\">Valora este art\u00edculo<\/span>\n    <\/div>\n    <\/div>\n","protected":false},"excerpt":{"rendered":"<p>El autocuidado en San Valent\u00edn tambi\u00e9n puede ser un regalo estupendo para una misma. El hecho de no tener pareja o de haber terminado recientemente con una relaci\u00f3n, no tiene por qu\u00e9 ser un motivo para estar triste o acabar odiando este d\u00eda.&nbsp; Por eso, vamos a darte algunas ideas de planes de autocuidado para [&hellip;]<\/p>\n","protected":false},"author":30,"featured_media":121760,"comment_status":"closed","ping_status":"closed","sticky":false,"template":"","format":"standard","meta":{"jnews-multi-image_gallery":[],"jnews_single_post":{"format":"standard"},"jnews_primary_category":[],"jnews_social_meta":[],"jnews_override_counter":[],"footnotes":""},"categories":[6299],"tags":[],"class_list":["post-121759","post","type-post","status-publish","format-standard","has-post-thumbnail","hentry","category-bienestar"],"_links":{"self":[{"href":"https:\/\/www.primor.eu\/blog\/wp-json\/wp\/v2\/posts\/121759","targetHints":{"allow":["GET"]}}],"collection":[{"href":"https:\/\/www.primor.eu\/blog\/wp-json\/wp\/v2\/posts"}],"about":[{"href":"https:\/\/www.primor.eu\/blog\/wp-json\/wp\/v2\/types\/post"}],"author":[{"embeddable":true,"href":"https:\/\/www.primor.eu\/blog\/wp-json\/wp\/v2\/users\/30"}],"replies":[{"embeddable":true,"href":"https:\/\/www.primor.eu\/blog\/wp-json\/wp\/v2\/comments?post=121759"}],"version-history":[{"count":3,"href":"https:\/\/www.primor.eu\/blog\/wp-json\/wp\/v2\/posts\/121759\/revisions"}],"predecessor-version":[{"id":139107,"href":"https:\/\/www.primor.eu\/blog\/wp-json\/wp\/v2\/posts\/121759\/revisions\/139107"}],"wp:featuredmedia":[{"embeddable":true,"href":"https:\/\/www.primor.eu\/blog\/wp-json\/wp\/v2\/media\/121760"}],"wp:attachment":[{"href":"https:\/\/www.primor.eu\/blog\/wp-json\/wp\/v2\/media?parent=121759"}],"wp:term":[{"taxonomy":"category","embeddable":true,"href":"https:\/\/www.primor.eu\/blog\/wp-json\/wp\/v2\/categories?post=121759"},{"taxonomy":"post_tag","embeddable":true,"href":"https:\/\/www.primor.eu\/blog\/wp-json\/wp\/v2\/tags?post=121759"}],"curies":[{"name":"wp","href":"https:\/\/api.w.org\/{rel}","templated":true}]}}