{"id":121232,"date":"2026-02-09T06:19:29","date_gmt":"2026-02-09T06:19:29","guid":{"rendered":"https:\/\/www.primor.eu\/blog\/?p=121232"},"modified":"2026-02-09T06:19:30","modified_gmt":"2026-02-09T06:19:30","slug":"mejores-perfumes-unisex-san-valentin","status":"publish","type":"post","link":"https:\/\/www.primor.eu\/blog\/mejores-perfumes-unisex-san-valentin\/","title":{"rendered":"Las 10 mejores ideas de regalo que sirven para \u00e9l y para ella por San Valent\u00edn"},"content":{"rendered":"\n<p><a href=\"https:\/\/www.primor.eu\/es_es\/regalos-san-valentin\">San Valent\u00edn<\/a> no siempre es blanco o negro, ni 'para \u00e9l' o 'para ella'. Cada vez buscamos m\u00e1s regalos que no<strong> entiendan de etiquetas<\/strong>, que funcionen para cualquier persona y que conecten con el momento vital, no con el g\u00e9nero. Porque lo que hace especial a un regalo no es a qui\u00e9n va dirigido, sino cu\u00e1nto encaja con quien lo recibe.<\/p>\n\n\n\n<p>Si este a\u00f1o quieres acertar sin complicarte, estas ideas funcionan igual de bien para cualquiera. Son regalos vers\u00e1tiles, emocionales y pensados para disfrutarse de verdad.<\/p>\n\n\n\n<h2 class=\"wp-block-heading\">Las mejores ideas de regalo unisex en San Valent\u00edn<\/h2>\n\n\n\n<h3 class=\"wp-block-heading\">1\/ Un perfume equilibrado y envolvente<\/h3>\n\n\n\n<p>Hay fragancias que no necesitan presentaci\u00f3n ni g\u00e9nero. Aromas c\u00e1lidos, limpios o ligeramente amaderados funcionan en cualquier piel y se adaptan a distintos estilos.<\/p>\n\n\n\n<p>Regalar perfume es regalar presencia. Y cuando eliges uno equilibrado, se convierte en un gesto \u00edntimo y duradero, independientemente de qui\u00e9n lo lleve.<\/p>\n\n\n\n<h3 class=\"wp-block-heading\">2\/ Productos de autocuidado<\/h3>\n\n\n\n<p>Cremas corporales, geles arom\u00e1ticos, aceites o b\u00e1lsamos que convierten la rutina diaria en un momento de pausa. El autocuidado ya no es exclusivo de nadie: es una necesidad compartida.<\/p>\n\n\n\n<p>Estos regalos hablan de bienestar, calma y atenci\u00f3n. Funcionan porque se usan, no porque se exhiben.<\/p>\n\n\n\n<h3 class=\"wp-block-heading\">3\/ Una vela arom\u00e1tica bien elegida<\/h3>\n\n\n\n<p>Las velas son uno de los regalos m\u00e1s universales. Crean ambiente, acompa\u00f1an momentos y transforman espacios sin imponer. Elegir un aroma suave y envolvente garantiza que encaje en cualquier casa y con cualquier personalidad. Es un regalo sencillo, pero muy efectivo.<\/p>\n\n\n\n<h3 class=\"wp-block-heading\">4\/ Un set de ba\u00f1o o ducha especial<\/h3>\n\n\n\n<p>Convertir algo cotidiano en un peque\u00f1o ritual es una de las formas m\u00e1s bonitas de regalar. Sets de ducha con aromas agradables o texturas cuidadas funcionan para cualquiera y elevan lo cotidiano.<\/p>\n\n\n\n<h3 class=\"wp-block-heading\">5\/ Una experiencia compartida<\/h3>\n\n\n\n<p>No todo tiene que ser f\u00edsico. Una cena en casa preparada con intenci\u00f3n, una noche de pel\u00edculas, un plan de autocuidado o incluso una escapada sencilla pueden ser regalos memorables.<\/p>\n\n\n\n<h3 class=\"wp-block-heading\">6\/ Cosm\u00e9tica c\u00f3moda y funcional<\/h3>\n\n\n\n<p>Productos que no complican la rutina, pero la mejoran. Hidratantes ligeros, limpiadores suaves o productos multifunci\u00f3n son regalos inteligentes y universales. Funcionan porque se adaptan al d\u00eda a d\u00eda sin exigir cambios dr\u00e1sticos.<\/p>\n\n\n\n<h3 class=\"wp-block-heading\">7\/ Un detalle emocional con mensaje<\/h3>\n\n\n\n<p>Una nota escrita a mano, una dedicatoria sencilla o una frase que tenga significado compartido puede convertir cualquier regalo en algo especial. El valor no est\u00e1 en el objeto, sino en la intenci\u00f3n. Y eso no entiende de g\u00e9nero.<\/p>\n\n\n\n<h3 class=\"wp-block-heading\">8\/ Un accesorio sencillo y atemporal<\/h3>\n\n\n\n<p>Algo peque\u00f1o, bien elegido y f\u00e1cil de integrar: una bolsa de tela bonita, un neceser, una manta suave o un objeto que acompa\u00f1e la rutina diaria. Son regalos que no pasan de moda y que se usan sin pensar demasiado.<\/p>\n\n\n\n<h3 class=\"wp-block-heading\">9\/ Un ritual para compartir<\/h3>\n\n\n\n<p>Regalar algo pensado para disfrutarse juntos, una mascarilla doble, un set de ba\u00f1o, una experiencia en casa, refuerza la idea de tiempo compartido.<\/p>\n\n\n\n<h3 class=\"wp-block-heading\">10\/ Tiempo (el regalo m\u00e1s infravalorado)<\/h3>\n\n\n\n<p>A veces, el mejor regalo es estar. Apagar el m\u00f3vil, escuchar, compartir sin prisas. No se envuelve, pero se siente.<\/p>\n\n\n\n<p><\/p>\n\n\n<div class=\"kk-star-ratings kksr-auto kksr-align-center kksr-valign-bottom\"\n    data-payload='{&quot;align&quot;:&quot;center&quot;,&quot;id&quot;:&quot;121232&quot;,&quot;slug&quot;:&quot;default&quot;,&quot;valign&quot;:&quot;bottom&quot;,&quot;ignore&quot;:&quot;&quot;,&quot;reference&quot;:&quot;auto&quot;,&quot;class&quot;:&quot;&quot;,&quot;count&quot;:&quot;0&quot;,&quot;legendonly&quot;:&quot;&quot;,&quot;readonly&quot;:&quot;&quot;,&quot;score&quot;:&quot;0&quot;,&quot;starsonly&quot;:&quot;&quot;,&quot;best&quot;:&quot;5&quot;,&quot;gap&quot;:&quot;5&quot;,&quot;greet&quot;:&quot;Valora este art\u00edculo&quot;,&quot;legend&quot;:&quot;0\\\/5 - (0 votos)&quot;,&quot;size&quot;:&quot;24&quot;,&quot;title&quot;:&quot;Las 10 mejores ideas de regalo que sirven para \u00e9l y para ella por San Valent\u00edn&quot;,&quot;width&quot;:&quot;0&quot;,&quot;_legend&quot;:&quot;{score}\\\/{best} - ({count} {votes})&quot;,&quot;font_factor&quot;:&quot;1.25&quot;}'>\n            \n<div class=\"kksr-stars\">\n    \n<div class=\"kksr-stars-inactive\">\n            <div class=\"kksr-star\" data-star=\"1\" style=\"padding-right: 5px\">\n            \n\n<div class=\"kksr-icon\" style=\"width: 24px; height: 24px;\"><\/div>\n        <\/div>\n            <div class=\"kksr-star\" data-star=\"2\" style=\"padding-right: 5px\">\n            \n\n<div class=\"kksr-icon\" style=\"width: 24px; height: 24px;\"><\/div>\n        <\/div>\n            <div class=\"kksr-star\" data-star=\"3\" style=\"padding-right: 5px\">\n            \n\n<div class=\"kksr-icon\" style=\"width: 24px; height: 24px;\"><\/div>\n        <\/div>\n            <div class=\"kksr-star\" data-star=\"4\" style=\"padding-right: 5px\">\n            \n\n<div class=\"kksr-icon\" style=\"width: 24px; height: 24px;\"><\/div>\n        <\/div>\n            <div class=\"kksr-star\" data-star=\"5\" style=\"padding-right: 5px\">\n            \n\n<div class=\"kksr-icon\" style=\"width: 24px; height: 24px;\"><\/div>\n        <\/div>\n    <\/div>\n    \n<div class=\"kksr-stars-active\" style=\"width: 0px;\">\n            <div class=\"kksr-star\" style=\"padding-right: 5px\">\n            \n\n<div class=\"kksr-icon\" style=\"width: 24px; height: 24px;\"><\/div>\n        <\/div>\n            <div class=\"kksr-star\" style=\"padding-right: 5px\">\n            \n\n<div class=\"kksr-icon\" style=\"width: 24px; height: 24px;\"><\/div>\n        <\/div>\n            <div class=\"kksr-star\" style=\"padding-right: 5px\">\n            \n\n<div class=\"kksr-icon\" style=\"width: 24px; height: 24px;\"><\/div>\n        <\/div>\n            <div class=\"kksr-star\" style=\"padding-right: 5px\">\n            \n\n<div class=\"kksr-icon\" style=\"width: 24px; height: 24px;\"><\/div>\n        <\/div>\n            <div class=\"kksr-star\" style=\"padding-right: 5px\">\n            \n\n<div class=\"kksr-icon\" style=\"width: 24px; height: 24px;\"><\/div>\n        <\/div>\n    <\/div>\n<\/div>\n                \n\n<div class=\"kksr-legend\" style=\"font-size: 19.2px;\">\n            <span class=\"kksr-muted\">Valora este art\u00edculo<\/span>\n    <\/div>\n    <\/div>\n","protected":false},"excerpt":{"rendered":"<p>San Valent\u00edn no siempre es blanco o negro, ni &#8216;para \u00e9l&#8217; o &#8216;para ella&#8217;. Cada vez buscamos m\u00e1s regalos que no entiendan de etiquetas, que funcionen para cualquier persona y que conecten con el momento vital, no con el g\u00e9nero. Porque lo que hace especial a un regalo no es a qui\u00e9n va dirigido, sino [&hellip;]<\/p>\n","protected":false},"author":14,"featured_media":121244,"comment_status":"closed","ping_status":"closed","sticky":false,"template":"","format":"standard","meta":{"jnews-multi-image_gallery":[],"jnews_single_post":{"format":"standard"},"jnews_primary_category":[],"jnews_social_meta":[],"jnews_override_counter":[],"footnotes":""},"categories":[33],"tags":[],"class_list":["post-121232","post","type-post","status-publish","format-standard","has-post-thumbnail","hentry","category-perfumes"],"_links":{"self":[{"href":"https:\/\/www.primor.eu\/blog\/wp-json\/wp\/v2\/posts\/121232","targetHints":{"allow":["GET"]}}],"collection":[{"href":"https:\/\/www.primor.eu\/blog\/wp-json\/wp\/v2\/posts"}],"about":[{"href":"https:\/\/www.primor.eu\/blog\/wp-json\/wp\/v2\/types\/post"}],"author":[{"embeddable":true,"href":"https:\/\/www.primor.eu\/blog\/wp-json\/wp\/v2\/users\/14"}],"replies":[{"embeddable":true,"href":"https:\/\/www.primor.eu\/blog\/wp-json\/wp\/v2\/comments?post=121232"}],"version-history":[{"count":2,"href":"https:\/\/www.primor.eu\/blog\/wp-json\/wp\/v2\/posts\/121232\/revisions"}],"predecessor-version":[{"id":138784,"href":"https:\/\/www.primor.eu\/blog\/wp-json\/wp\/v2\/posts\/121232\/revisions\/138784"}],"wp:featuredmedia":[{"embeddable":true,"href":"https:\/\/www.primor.eu\/blog\/wp-json\/wp\/v2\/media\/121244"}],"wp:attachment":[{"href":"https:\/\/www.primor.eu\/blog\/wp-json\/wp\/v2\/media?parent=121232"}],"wp:term":[{"taxonomy":"category","embeddable":true,"href":"https:\/\/www.primor.eu\/blog\/wp-json\/wp\/v2\/categories?post=121232"},{"taxonomy":"post_tag","embeddable":true,"href":"https:\/\/www.primor.eu\/blog\/wp-json\/wp\/v2\/tags?post=121232"}],"curies":[{"name":"wp","href":"https:\/\/api.w.org\/{rel}","templated":true}]}}