{"id":121224,"date":"2025-02-04T15:37:11","date_gmt":"2025-02-04T15:37:11","guid":{"rendered":"https:\/\/www.primor.eu\/blog\/?p=121224"},"modified":"2026-02-12T07:33:13","modified_gmt":"2026-02-12T07:33:13","slug":"mejores-planes-tu-sola-san-valentin","status":"publish","type":"post","link":"https:\/\/www.primor.eu\/blog\/mejores-planes-tu-sola-san-valentin\/","title":{"rendered":"No te quedes en casa este San Valent\u00edn: estos son los 6 mejores planes para disfrutar t\u00fa sola de este d\u00eda"},"content":{"rendered":"\n<p><\/p>\n\n\n\n<p>Lo sabemos, <strong><a href=\"https:\/\/www.primor.eu\/blog\/consejos-disfrutar-san-valentin-sin-presion\/\" data-type=\"link\" data-id=\"https:\/\/www.primor.eu\/blog\/consejos-disfrutar-san-valentin-sin-presion\/\">San Valent\u00edn<\/a><\/strong> suele estar asociado con <strong>cenas rom\u00e1nticas<\/strong>, ramos de flores y <strong>gestos de amor en pareja.<\/strong> Pero, \u00bfqui\u00e9n dijo que necesitas compa\u00f1\u00eda para celebrar? Este d\u00eda puede ser la oportunidad perfecta para <a href=\"https:\/\/www.primor.eu\/es_es\/regalos-san-valentin\" data-type=\"link\" data-id=\"https:\/\/www.primor.eu\/es_es\/regalos-san-valentin\">mimarte<\/a>, hacer lo que realmente te apetezca y, sobre todo, disfrutar de tu <strong>propia compa\u00f1\u00eda<\/strong>. Si este a\u00f1o has decidido pasar San Valent\u00edn contigo misma, en este art\u00edculo de Primor te dejamos los mejores planes.<\/p>\n\n\n\n<h2 class=\"wp-block-heading\">Planes para hacer con una misma en San Valent\u00edn<\/h2>\n\n\n\n<h3 class=\"wp-block-heading\">Reg\u00e1late una experiencia de bienestar<\/h3>\n\n\n\n<p>No hay mejor manera de celebrar el amor propio que dedic\u00e1ndote tiempo y cuidado. Reserva una sesi\u00f3n en un spa, date un masaje relajante o sum\u00e9rgete en un ba\u00f1o de burbujas con tu m\u00fasica favorita de fondo. Tambi\u00e9n puedes probar una clase de yoga o meditaci\u00f3n para reconectar contigo misma. Sentirte bien por dentro y por fuera es el mejor regalo que puedes hacerte.<\/p>\n\n\n\n<h3 class=\"wp-block-heading\">Date un capricho gastron\u00f3mico<\/h3>\n\n\n\n<p>San Valent\u00edn es la excusa perfecta para disfrutar de una comida especial, sin necesidad de compartirla. Puedes reservar en ese restaurante que siempre has querido probar, o si prefieres algo m\u00e1s casero, preparar una cena gourmet solo para ti. \u00bfUn consejo? Acompa\u00f1a el men\u00fa con una copa de vino y un postre decadente. Porque s\u00ed, te lo mereces.<\/p>\n\n\n\n<h3 class=\"wp-block-heading\">Marat\u00f3n de pelis (sin concesiones)<\/h3>\n\n\n\n<p>Cuando est\u00e1s sola, no hay que negociar qu\u00e9 ver en Netflix. Puedes hacerte un marat\u00f3n de tus pel\u00edculas o series favoritas sin interrupciones. Ya sea una sesi\u00f3n de comedias rom\u00e1nticas, thrillers de suspense o dramas que te hagan llorar, este plan es ideal para una noche de sof\u00e1, manta y palomitas.<\/p>\n\n\n\n<h3 class=\"wp-block-heading\">Disfruta de una escapada en solitario<\/h3>\n\n\n\n<p>Si el cuerpo te pide aventura, l\u00e1nzate a una escapada de un d\u00eda. Puedes visitar un pueblo cercano, descubrir un museo interesante o hacer una ruta de senderismo. Viajar sola es una experiencia enriquecedora que te permite conocer nuevos lugares a tu ritmo, sin depender de nadie m\u00e1s.<\/p>\n\n\n\n<h3 class=\"wp-block-heading\">Shopping o autorregalo de lujo<\/h3>\n\n\n\n<p>Si hay un momento perfecto para comprarte eso que llevas tiempo deseando, es ahora. Puede ser un perfume, una joya especial o ese labial que sabes que te quedar\u00e1 incre\u00edble. No necesitas que nadie te regale nada cuando puedes darte el mejor regalo: algo que realmente te haga feliz.<\/p>\n\n\n\n<h3 class=\"wp-block-heading\">Noche de autocuidado en casa<\/h3>\n\n\n\n<p>Si lo que te apetece es una noche tranquila, convi\u00e9rtela en una sesi\u00f3n de spa casero. Exfoliaci\u00f3n, mascarilla facial, manicura\u2026 Todo lo que te haga sentir renovada y lista para comerte el mundo. Acomp\u00e1\u00f1alo con una playlist relajante y una vela arom\u00e1tica para un ambiente perfecto.<\/p>\n\n\n\n<h2 class=\"wp-block-heading\">Dos auto regalos de lujo para San Valent\u00edn<\/h2>\n\n\n\n<h3 class=\"wp-block-heading\">Double Serum de Clarins<\/h3>\n\n\n\n<p>Double Serum trasciende los l\u00edmites de la innovaci\u00f3n antiedad y se reinventa en una nueva generaci\u00f3n inspirada en la ciencia de la epigen\u00e9tica. Su doble f\u00f3rmula \u00fanica, con un 95% de ingredientes de origen natural, concentra 27 potentes ingredientes.<\/p>\n\n\n\n<p>A los 22 extractos de plantas, entre ellos el ic\u00f3nico extracto de c\u00farcuma, se unen 5 nuevas mol\u00e9culas activas puras, para estimular las 5 funciones vitales de la piel y un ingrediente in\u00e9dito, el extracto de Ca\u00f1a de Provenza Bio, que protege la piel del epi-envejecimiento.<\/p>\n\n\n    <a class='product' target='_blank' href='https:\/\/www.primor.eu\/es_es\/clarins-double-serum-light-75948.html'>\r\n        <img loading='async' src='https:\/\/cdn2.primor.eu\/media\/catalog\/product\/cache\/8d3aba296f7a18b5251ee30fa5db42b2\/d\/o\/double_serum_ligera_5bf5.jpg' alt='COMPRAR AHORA'>\r\n            <div class=\"claim\">\r\n                COMPRAR AHORA            <\/div>\r\n        <\/a>\r\n    \n\n\n<h3 class=\"wp-block-heading\">Rouge Dior Barra de Labios Confort y Larga duraci\u00f3n de Dior<\/h3>\n\n\n\n<p>Disponible en una amplia gama de tonos mate o satinados, Rouge Dior proporciona hasta 24 horas de confort gracias a su f\u00f3rmula clean enriquecida con tratamiento floral hidratante.<\/p>\n\n\n\n<p>Los tonos mate dejan los labios pulposos y suaves, mientras que los satinados ofrecen un acabado radiante y fundente.<\/p>\n\n\n\n<p>Descubre la belleza \u00fanica de cada mujer con Rouge Dior Barra de labios, un imprescindible del maquillaje de DIOR que realza tus labios con estilo y sofisticaci\u00f3n.<\/p>\n\n\n    <a class='product' target='_blank' href='https:\/\/www.primor.eu\/es_es\/dior-rouge-dior-barra-de-labios-confort-y-larga-duracion-108696.html?#803=83467'>\r\n        <img loading='async' src='https:\/\/cdn2.primor.eu\/media\/catalog\/product\/cache\/8d3aba296f7a18b5251ee30fa5db42b2\/3\/3\/3348901658409_a5d7.jpg' alt='COMPRAR AHORA'>\r\n            <div class=\"claim\">\r\n                COMPRAR AHORA            <\/div>\r\n        <\/a>\r\n    \n\n<div class=\"kk-star-ratings kksr-auto kksr-align-center kksr-valign-bottom\"\n    data-payload='{&quot;align&quot;:&quot;center&quot;,&quot;id&quot;:&quot;121224&quot;,&quot;slug&quot;:&quot;default&quot;,&quot;valign&quot;:&quot;bottom&quot;,&quot;ignore&quot;:&quot;&quot;,&quot;reference&quot;:&quot;auto&quot;,&quot;class&quot;:&quot;&quot;,&quot;count&quot;:&quot;0&quot;,&quot;legendonly&quot;:&quot;&quot;,&quot;readonly&quot;:&quot;&quot;,&quot;score&quot;:&quot;0&quot;,&quot;starsonly&quot;:&quot;&quot;,&quot;best&quot;:&quot;5&quot;,&quot;gap&quot;:&quot;5&quot;,&quot;greet&quot;:&quot;Valora este art\u00edculo&quot;,&quot;legend&quot;:&quot;0\\\/5 - (0 votos)&quot;,&quot;size&quot;:&quot;24&quot;,&quot;title&quot;:&quot;No te quedes en casa este San Valent\u00edn: estos son los 6 mejores planes para disfrutar t\u00fa sola de este d\u00eda&quot;,&quot;width&quot;:&quot;0&quot;,&quot;_legend&quot;:&quot;{score}\\\/{best} - ({count} {votes})&quot;,&quot;font_factor&quot;:&quot;1.25&quot;}'>\n            \n<div class=\"kksr-stars\">\n    \n<div class=\"kksr-stars-inactive\">\n            <div class=\"kksr-star\" data-star=\"1\" style=\"padding-right: 5px\">\n            \n\n<div class=\"kksr-icon\" style=\"width: 24px; height: 24px;\"><\/div>\n        <\/div>\n            <div class=\"kksr-star\" data-star=\"2\" style=\"padding-right: 5px\">\n            \n\n<div class=\"kksr-icon\" style=\"width: 24px; height: 24px;\"><\/div>\n        <\/div>\n            <div class=\"kksr-star\" data-star=\"3\" style=\"padding-right: 5px\">\n            \n\n<div class=\"kksr-icon\" style=\"width: 24px; height: 24px;\"><\/div>\n        <\/div>\n            <div class=\"kksr-star\" data-star=\"4\" style=\"padding-right: 5px\">\n            \n\n<div class=\"kksr-icon\" style=\"width: 24px; height: 24px;\"><\/div>\n        <\/div>\n            <div class=\"kksr-star\" data-star=\"5\" style=\"padding-right: 5px\">\n            \n\n<div class=\"kksr-icon\" style=\"width: 24px; height: 24px;\"><\/div>\n        <\/div>\n    <\/div>\n    \n<div class=\"kksr-stars-active\" style=\"width: 0px;\">\n            <div class=\"kksr-star\" style=\"padding-right: 5px\">\n            \n\n<div class=\"kksr-icon\" style=\"width: 24px; height: 24px;\"><\/div>\n        <\/div>\n            <div class=\"kksr-star\" style=\"padding-right: 5px\">\n            \n\n<div class=\"kksr-icon\" style=\"width: 24px; height: 24px;\"><\/div>\n        <\/div>\n            <div class=\"kksr-star\" style=\"padding-right: 5px\">\n            \n\n<div class=\"kksr-icon\" style=\"width: 24px; height: 24px;\"><\/div>\n        <\/div>\n            <div class=\"kksr-star\" style=\"padding-right: 5px\">\n            \n\n<div class=\"kksr-icon\" style=\"width: 24px; height: 24px;\"><\/div>\n        <\/div>\n            <div class=\"kksr-star\" style=\"padding-right: 5px\">\n            \n\n<div class=\"kksr-icon\" style=\"width: 24px; height: 24px;\"><\/div>\n        <\/div>\n    <\/div>\n<\/div>\n                \n\n<div class=\"kksr-legend\" style=\"font-size: 19.2px;\">\n            <span class=\"kksr-muted\">Valora este art\u00edculo<\/span>\n    <\/div>\n    <\/div>\n","protected":false},"excerpt":{"rendered":"<p>Lo sabemos, San Valent\u00edn suele estar asociado con cenas rom\u00e1nticas, ramos de flores y gestos de amor en pareja. Pero, \u00bfqui\u00e9n dijo que necesitas compa\u00f1\u00eda para celebrar? Este d\u00eda puede ser la oportunidad perfecta para mimarte, hacer lo que realmente te apetezca y, sobre todo, disfrutar de tu propia compa\u00f1\u00eda. Si este a\u00f1o has decidido [&hellip;]<\/p>\n","protected":false},"author":14,"featured_media":121252,"comment_status":"closed","ping_status":"closed","sticky":false,"template":"","format":"standard","meta":{"jnews-multi-image_gallery":[],"jnews_single_post":{"format":"standard"},"jnews_primary_category":[],"jnews_social_meta":[],"jnews_override_counter":[],"footnotes":""},"categories":[6299],"tags":[],"class_list":["post-121224","post","type-post","status-publish","format-standard","has-post-thumbnail","hentry","category-bienestar"],"_links":{"self":[{"href":"https:\/\/www.primor.eu\/blog\/wp-json\/wp\/v2\/posts\/121224","targetHints":{"allow":["GET"]}}],"collection":[{"href":"https:\/\/www.primor.eu\/blog\/wp-json\/wp\/v2\/posts"}],"about":[{"href":"https:\/\/www.primor.eu\/blog\/wp-json\/wp\/v2\/types\/post"}],"author":[{"embeddable":true,"href":"https:\/\/www.primor.eu\/blog\/wp-json\/wp\/v2\/users\/14"}],"replies":[{"embeddable":true,"href":"https:\/\/www.primor.eu\/blog\/wp-json\/wp\/v2\/comments?post=121224"}],"version-history":[{"count":3,"href":"https:\/\/www.primor.eu\/blog\/wp-json\/wp\/v2\/posts\/121224\/revisions"}],"predecessor-version":[{"id":139099,"href":"https:\/\/www.primor.eu\/blog\/wp-json\/wp\/v2\/posts\/121224\/revisions\/139099"}],"wp:featuredmedia":[{"embeddable":true,"href":"https:\/\/www.primor.eu\/blog\/wp-json\/wp\/v2\/media\/121252"}],"wp:attachment":[{"href":"https:\/\/www.primor.eu\/blog\/wp-json\/wp\/v2\/media?parent=121224"}],"wp:term":[{"taxonomy":"category","embeddable":true,"href":"https:\/\/www.primor.eu\/blog\/wp-json\/wp\/v2\/categories?post=121224"},{"taxonomy":"post_tag","embeddable":true,"href":"https:\/\/www.primor.eu\/blog\/wp-json\/wp\/v2\/tags?post=121224"}],"curies":[{"name":"wp","href":"https:\/\/api.w.org\/{rel}","templated":true}]}}