{"id":120050,"date":"2025-01-24T09:03:22","date_gmt":"2025-01-24T09:03:22","guid":{"rendered":"https:\/\/www.primor.eu\/blog\/?p=120050"},"modified":"2025-01-15T09:20:41","modified_gmt":"2025-01-15T09:20:41","slug":"pustulas","status":"publish","type":"post","link":"https:\/\/www.primor.eu\/blog\/pustulas\/","title":{"rendered":"P\u00fastulas: qu\u00e9 son, por qu\u00e9 salen y c\u00f3mo tratarlas"},"content":{"rendered":"\n<p>La <strong>piel<\/strong> es nuestro \u00f3rgano m\u00e1s visible, y cuando algo no est\u00e1 del todo bien, no duda en manifestarlo. Una de las se\u00f1ales m\u00e1s comunes son las <strong>p\u00fastulas<\/strong>, peque\u00f1as lesiones cut\u00e1neas que, aunque pueden parecer inofensivas, suelen ser indicativas de un desequilibrio en nuestra piel. \u00bfQu\u00e9 son exactamente? \u00bfPor qu\u00e9 aparecen? Y lo m\u00e1s importante: \u00bfc\u00f3mo tratarlas? En este art\u00edculo de Primor te contamos todo lo que necesitas saber sobre las p\u00fastulas, este inc\u00f3modo, pero tratable, problema cut\u00e1neo.<\/p>\n\n\n\n<h2 class=\"wp-block-heading\">\u00bfQu\u00e9 son las p\u00fastulas?<\/h2>\n\n\n\n<p>Las <strong>p\u00fastulas<\/strong> son lesiones inflamatorias que se presentan como peque\u00f1as elevaciones en la piel, rellenas de pus. Suelen ser de color blanco o amarillento, rodeadas de enrojecimiento debido a la inflamaci\u00f3n. A menudo se asocian con el <strong>acn\u00e9<\/strong>, pero tambi\u00e9n pueden aparecer como resultado de<strong> otras afecciones cut\u00e1neas<\/strong> o <strong>infecciones<\/strong>.<\/p>\n\n\n\n<p>En t\u00e9rminos simples, las p\u00fastulas son una respuesta del cuerpo para <strong>combatir infecciones en los poros de la piel<\/strong>. Cuando los poros se obstruyen por<strong> exceso de sebo<\/strong>, <strong>c\u00e9lulas muertas <\/strong>o <strong>bacterias<\/strong>, el sistema inmunol\u00f3gico entra en acci\u00f3n, enviando<strong> gl\u00f3bulos blancos<\/strong> a la zona afectada. El resultado es esa <strong>protuberancia<\/strong> que tanto nos molesta frente al espejo.<\/p>\n\n\n\n<h2 class=\"wp-block-heading\">\u00bfPor qu\u00e9 salen las p\u00fastulas?<\/h2>\n\n\n\n<ol class=\"wp-block-list\">\n<li><strong>Acn\u00e9.<\/strong> El acn\u00e9 es una de las principales causas de las p\u00fastulas. Cuando los poros se obstruyen, las bacterias proliferan y provocan inflamaci\u00f3n, dando lugar a este tipo de lesiones.<\/li>\n\n\n\n<li><strong>Cambios hormonales.<\/strong> Las fluctuaciones hormonales, como las que ocurren durante la pubertad, el embarazo o el ciclo menstrual, pueden aumentar la producci\u00f3n de sebo en la piel, lo que a su vez fomenta la aparici\u00f3n de p\u00fastulas.<\/li>\n\n\n\n<li><strong>Productos comedog\u00e9nicos.<\/strong> El uso de productos cosm\u00e9ticos o de cuidado de la piel que obstruyen los poros puede contribuir al desarrollo de p\u00fastulas. Aseg\u00farate de elegir productos etiquetados como \u201cno comedog\u00e9nicos\u201d si tienes tendencia a este problema.<\/li>\n\n\n\n<li><strong>Alergias o irritaciones.<\/strong> Algunas reacciones al\u00e9rgicas o la exposici\u00f3n a agentes irritantes, como productos qu\u00edmicos agresivos, tambi\u00e9n pueden desencadenar p\u00fastulas en la piel.<\/li>\n\n\n\n<li><strong>Estr\u00e9s y alimentaci\u00f3n.<\/strong> El estr\u00e9s cr\u00f3nico y una dieta rica en az\u00facares, l\u00e1cteos o alimentos procesados pueden empeorar la salud de tu piel, favoreciendo la aparici\u00f3n de estas lesiones.<\/li>\n<\/ol>\n\n\n\n<h2 class=\"wp-block-heading\">\u00bfC\u00f3mo tratar las p\u00fastulas?<\/h2>\n\n\n\n<ul class=\"wp-block-list\">\n<li>La <strong>limpieza<\/strong> es clave para mantener los poros libres de obstrucciones. Utiliza un limpiador suave, adaptado a tu tipo de piel, que no reseque ni irrite. Ingredientes como el \u00e1cido salic\u00edlico o el per\u00f3xido de benzoilo son grandes aliados para controlar el exceso de grasa y combatir las bacterias.<\/li>\n\n\n\n<li><strong>No las manipules.<\/strong> Es tentador, lo sabemos. Pero apretar o reventar las p\u00fastulas solo empeorar\u00e1 la inflamaci\u00f3n, podr\u00eda causar cicatrices y favorecer la propagaci\u00f3n de bacterias. Deja que los productos adecuados hagan su trabajo.<\/li>\n\n\n\n<li><strong>Hidrataci\u00f3n equilibrada. <\/strong>Aunque tengas piel grasa, la hidrataci\u00f3n es fundamental. Opta por cremas ligeras y de textura gel, con ingredientes como el \u00e1cido hialur\u00f3nico, para mantener la piel hidratada sin obstruir los poros.<\/li>\n\n\n\n<li><strong>Tratamientos espec\u00edficos<\/strong>. El uso de productos dirigidos a tratar las p\u00fastulas puede marcar la diferencia. Busca f\u00f3rmulas con ingredientes como:\n<ul class=\"wp-block-list\">\n<li><strong>\u00c1cido azelaico,<\/strong> que ayuda a reducir la inflamaci\u00f3n y el enrojecimiento.<\/li>\n\n\n\n<li><strong>Niacinamida<\/strong>, para equilibrar la producci\u00f3n de sebo y mejorar la barrera cut\u00e1nea.<\/li>\n\n\n\n<li><strong>\u00c1cido glic\u00f3lico<\/strong>, que exfolia suavemente la piel y previene la acumulaci\u00f3n de c\u00e9lulas muertas.<\/li>\n<\/ul>\n<\/li>\n<\/ul>\n\n\n\n<h2 class=\"wp-block-heading\">\u00bfC\u00f3mo prevenir su aparici\u00f3n?<\/h2>\n\n\n\n<ul class=\"wp-block-list\">\n<li><strong>Limpia tu rostro dos veces al d\u00eda<\/strong> y retira siempre el maquillaje antes de dormir.<\/li>\n\n\n\n<li><strong>Exfolia tu piel una<\/strong> o dos veces por semana, dependiendo de tu tipo de piel.<\/li>\n\n\n\n<li><strong>Usa protector solar no comedog\u00e9nico<\/strong> para evitar la hiperpigmentaci\u00f3n postinflamatoria.<\/li>\n\n\n\n<li><strong>Adopta una dieta equilibrada<\/strong>, rica en frutas, verduras y alimentos antiinflamatorios.<\/li>\n<\/ul>\n\n\n<div class=\"kk-star-ratings kksr-auto kksr-align-center kksr-valign-bottom\"\n    data-payload='{&quot;align&quot;:&quot;center&quot;,&quot;id&quot;:&quot;120050&quot;,&quot;slug&quot;:&quot;default&quot;,&quot;valign&quot;:&quot;bottom&quot;,&quot;ignore&quot;:&quot;&quot;,&quot;reference&quot;:&quot;auto&quot;,&quot;class&quot;:&quot;&quot;,&quot;count&quot;:&quot;0&quot;,&quot;legendonly&quot;:&quot;&quot;,&quot;readonly&quot;:&quot;&quot;,&quot;score&quot;:&quot;0&quot;,&quot;starsonly&quot;:&quot;&quot;,&quot;best&quot;:&quot;5&quot;,&quot;gap&quot;:&quot;5&quot;,&quot;greet&quot;:&quot;Valora este art\u00edculo&quot;,&quot;legend&quot;:&quot;0\\\/5 - (0 votos)&quot;,&quot;size&quot;:&quot;24&quot;,&quot;title&quot;:&quot;P\u00fastulas: qu\u00e9 son, por qu\u00e9 salen y c\u00f3mo tratarlas&quot;,&quot;width&quot;:&quot;0&quot;,&quot;_legend&quot;:&quot;{score}\\\/{best} - ({count} {votes})&quot;,&quot;font_factor&quot;:&quot;1.25&quot;}'>\n            \n<div class=\"kksr-stars\">\n    \n<div class=\"kksr-stars-inactive\">\n            <div class=\"kksr-star\" data-star=\"1\" style=\"padding-right: 5px\">\n            \n\n<div class=\"kksr-icon\" style=\"width: 24px; height: 24px;\"><\/div>\n        <\/div>\n            <div class=\"kksr-star\" data-star=\"2\" style=\"padding-right: 5px\">\n            \n\n<div class=\"kksr-icon\" style=\"width: 24px; height: 24px;\"><\/div>\n        <\/div>\n            <div class=\"kksr-star\" data-star=\"3\" style=\"padding-right: 5px\">\n            \n\n<div class=\"kksr-icon\" style=\"width: 24px; height: 24px;\"><\/div>\n        <\/div>\n            <div class=\"kksr-star\" data-star=\"4\" style=\"padding-right: 5px\">\n            \n\n<div class=\"kksr-icon\" style=\"width: 24px; height: 24px;\"><\/div>\n        <\/div>\n            <div class=\"kksr-star\" data-star=\"5\" style=\"padding-right: 5px\">\n            \n\n<div class=\"kksr-icon\" style=\"width: 24px; height: 24px;\"><\/div>\n        <\/div>\n    <\/div>\n    \n<div class=\"kksr-stars-active\" style=\"width: 0px;\">\n            <div class=\"kksr-star\" style=\"padding-right: 5px\">\n            \n\n<div class=\"kksr-icon\" style=\"width: 24px; height: 24px;\"><\/div>\n        <\/div>\n            <div class=\"kksr-star\" style=\"padding-right: 5px\">\n            \n\n<div class=\"kksr-icon\" style=\"width: 24px; height: 24px;\"><\/div>\n        <\/div>\n            <div class=\"kksr-star\" style=\"padding-right: 5px\">\n            \n\n<div class=\"kksr-icon\" style=\"width: 24px; height: 24px;\"><\/div>\n        <\/div>\n            <div class=\"kksr-star\" style=\"padding-right: 5px\">\n            \n\n<div class=\"kksr-icon\" style=\"width: 24px; height: 24px;\"><\/div>\n        <\/div>\n            <div class=\"kksr-star\" style=\"padding-right: 5px\">\n            \n\n<div class=\"kksr-icon\" style=\"width: 24px; height: 24px;\"><\/div>\n        <\/div>\n    <\/div>\n<\/div>\n                \n\n<div class=\"kksr-legend\" style=\"font-size: 19.2px;\">\n            <span class=\"kksr-muted\">Valora este art\u00edculo<\/span>\n    <\/div>\n    <\/div>\n","protected":false},"excerpt":{"rendered":"<p>La piel es nuestro \u00f3rgano m\u00e1s visible, y cuando algo no est\u00e1 del todo bien, no duda en manifestarlo. Una de las se\u00f1ales m\u00e1s comunes son las p\u00fastulas, peque\u00f1as lesiones cut\u00e1neas que, aunque pueden parecer inofensivas, suelen ser indicativas de un desequilibrio en nuestra piel. \u00bfQu\u00e9 son exactamente? \u00bfPor qu\u00e9 aparecen? Y lo m\u00e1s importante: [&hellip;]<\/p>\n","protected":false},"author":14,"featured_media":120053,"comment_status":"closed","ping_status":"closed","sticky":false,"template":"","format":"standard","meta":{"jnews-multi-image_gallery":[],"jnews_single_post":{"format":"standard"},"jnews_primary_category":[],"jnews_social_meta":[],"jnews_override_counter":[],"footnotes":""},"categories":[6299],"tags":[],"class_list":["post-120050","post","type-post","status-publish","format-standard","has-post-thumbnail","hentry","category-bienestar"],"_links":{"self":[{"href":"https:\/\/www.primor.eu\/blog\/wp-json\/wp\/v2\/posts\/120050","targetHints":{"allow":["GET"]}}],"collection":[{"href":"https:\/\/www.primor.eu\/blog\/wp-json\/wp\/v2\/posts"}],"about":[{"href":"https:\/\/www.primor.eu\/blog\/wp-json\/wp\/v2\/types\/post"}],"author":[{"embeddable":true,"href":"https:\/\/www.primor.eu\/blog\/wp-json\/wp\/v2\/users\/14"}],"replies":[{"embeddable":true,"href":"https:\/\/www.primor.eu\/blog\/wp-json\/wp\/v2\/comments?post=120050"}],"version-history":[{"count":1,"href":"https:\/\/www.primor.eu\/blog\/wp-json\/wp\/v2\/posts\/120050\/revisions"}],"predecessor-version":[{"id":120079,"href":"https:\/\/www.primor.eu\/blog\/wp-json\/wp\/v2\/posts\/120050\/revisions\/120079"}],"wp:featuredmedia":[{"embeddable":true,"href":"https:\/\/www.primor.eu\/blog\/wp-json\/wp\/v2\/media\/120053"}],"wp:attachment":[{"href":"https:\/\/www.primor.eu\/blog\/wp-json\/wp\/v2\/media?parent=120050"}],"wp:term":[{"taxonomy":"category","embeddable":true,"href":"https:\/\/www.primor.eu\/blog\/wp-json\/wp\/v2\/categories?post=120050"},{"taxonomy":"post_tag","embeddable":true,"href":"https:\/\/www.primor.eu\/blog\/wp-json\/wp\/v2\/tags?post=120050"}],"curies":[{"name":"wp","href":"https:\/\/api.w.org\/{rel}","templated":true}]}}