{"id":120003,"date":"2025-01-19T12:00:00","date_gmt":"2025-01-19T12:00:00","guid":{"rendered":"https:\/\/www.primor.eu\/blog\/?p=120003"},"modified":"2025-06-30T06:09:11","modified_gmt":"2025-06-30T06:09:11","slug":"unas-martini","status":"publish","type":"post","link":"https:\/\/www.primor.eu\/blog\/unas-martini\/","title":{"rendered":"La incre\u00edble tendencia de este invierno: las u\u00f1as martini"},"content":{"rendered":"\n<p>Las <strong><a href=\"https:\/\/www.primor.eu\/blog\/tendencias-unas\/?srsltid=AfmBOop3NoPQ3wPLrPcLYj1A72JrX8LLJGIF_gCt1cx-wphXWhozO9E1\" data-type=\"link\" data-id=\"https:\/\/www.primor.eu\/blog\/tendencias-unas\/?srsltid=AfmBOop3NoPQ3wPLrPcLYj1A72JrX8LLJGIF_gCt1cx-wphXWhozO9E1\">u\u00f1as <\/a>martini<\/strong> est\u00e1n pegando fuerte. Despu\u00e9s de las navidades y a\u00fan con ambiente festivo en el cuerpo, esta nueva tendencia en manicura propone varios modelos de u\u00f1as que hacen honor a esta bebida tan particular.<\/p>\n\n\n\n<p>El Martini es <strong>elegancia<\/strong>,<strong> sofisticaci\u00f3n <\/strong>y clasicismo. No es casualidad que aparezca en muchas pel\u00edculas cl\u00e1sicas. Tampoco que sea emblema del Madrid castizo. El Martini se ha tomado de muchas formas. Blanco o rojo. Y estas manicuras muestran todas las posibilidades para disfrutar de \u00e9l.&nbsp;<\/p>\n\n\n\n<p>Hemos recorrido, como siempre, las redes sociales para traerte las opciones de u\u00f1as martini m\u00e1s cool y en tendencia, \u00bflas vemos?<\/p>\n\n\n\n<h3 class=\"wp-block-heading\">Manicura francesa y u\u00f1as martini<\/h3>\n\n\n\n<figure class=\"wp-block-image size-large\"><img decoding=\"async\" width=\"1024\" height=\"1024\" src=\"https:\/\/www.primor.eu\/blog\/wp-content\/uploads\/2025\/01\/1-2-1024x1024.jpg\" alt=\"\" class=\"wp-image-120012\" srcset=\"https:\/\/www.primor.eu\/blog\/wp-content\/uploads\/2025\/01\/1-2-1024x1024.jpg 1024w, https:\/\/www.primor.eu\/blog\/wp-content\/uploads\/2025\/01\/1-2-300x300.jpg 300w, https:\/\/www.primor.eu\/blog\/wp-content\/uploads\/2025\/01\/1-2-150x150.jpg 150w, https:\/\/www.primor.eu\/blog\/wp-content\/uploads\/2025\/01\/1-2-768x768.jpg 768w, https:\/\/www.primor.eu\/blog\/wp-content\/uploads\/2025\/01\/1-2-75x75.jpg 75w, https:\/\/www.primor.eu\/blog\/wp-content\/uploads\/2025\/01\/1-2-350x350.jpg 350w, https:\/\/www.primor.eu\/blog\/wp-content\/uploads\/2025\/01\/1-2-750x750.jpg 750w, https:\/\/www.primor.eu\/blog\/wp-content\/uploads\/2025\/01\/1-2.jpg 1080w\" sizes=\"(max-width: 1024px) 100vw, 1024px\" \/><\/figure>\n\n\n\n<p>Fuente Instagram: @vanityprojects<\/p>\n\n\n\n<p>La manicura francesa es un cl\u00e1sico. Pero si quieres innovar con esta manicura que nunca falla, te proponemos que le eches un vistazo a esta opci\u00f3n que representa la aceituna m\u00edtica del martini. Una est\u00e9tica que puede recordar a esas escenas elegantes del cine, que nos han acompa\u00f1ado por mucho tiempo.&nbsp;<\/p>\n\n\n\n<h3 class=\"wp-block-heading\">U\u00f1as basadas en el martini blanco<\/h3>\n\n\n\n<figure class=\"wp-block-image size-large\"><img decoding=\"async\" width=\"1024\" height=\"1024\" src=\"https:\/\/www.primor.eu\/blog\/wp-content\/uploads\/2025\/01\/2-2-1024x1024.jpg\" alt=\"\" class=\"wp-image-120014\" srcset=\"https:\/\/www.primor.eu\/blog\/wp-content\/uploads\/2025\/01\/2-2-1024x1024.jpg 1024w, https:\/\/www.primor.eu\/blog\/wp-content\/uploads\/2025\/01\/2-2-300x300.jpg 300w, https:\/\/www.primor.eu\/blog\/wp-content\/uploads\/2025\/01\/2-2-150x150.jpg 150w, https:\/\/www.primor.eu\/blog\/wp-content\/uploads\/2025\/01\/2-2-768x768.jpg 768w, https:\/\/www.primor.eu\/blog\/wp-content\/uploads\/2025\/01\/2-2-75x75.jpg 75w, https:\/\/www.primor.eu\/blog\/wp-content\/uploads\/2025\/01\/2-2-350x350.jpg 350w, https:\/\/www.primor.eu\/blog\/wp-content\/uploads\/2025\/01\/2-2-750x750.jpg 750w, https:\/\/www.primor.eu\/blog\/wp-content\/uploads\/2025\/01\/2-2.jpg 1080w\" sizes=\"(max-width: 1024px) 100vw, 1024px\" \/><\/figure>\n\n\n\n<p>Fuente Instagram: @j3nnailedit<\/p>\n\n\n\n<p>El martini blanco, suele tener ese color verdoso aunque se le conozca como blanco. Esta manicura representa esta variante del martini que es algo m\u00e1s suave que el m\u00edtico rojo. En este caso, la aceituna oscura est\u00e1 plasmada en rojo. Otra opci\u00f3n que no deja de ser original y de seguir la tendencia de las u\u00f1as martini, que no deja a nadie indiferente.<\/p>\n\n\n\n<h3 class=\"wp-block-heading\">U\u00f1as martini combinadas con otros estilos<\/h3>\n\n\n\n<figure class=\"wp-block-image size-large\"><img decoding=\"async\" width=\"1005\" height=\"1024\" src=\"https:\/\/www.primor.eu\/blog\/wp-content\/uploads\/2025\/01\/3-2-1005x1024.jpg\" alt=\"\" class=\"wp-image-120015\" srcset=\"https:\/\/www.primor.eu\/blog\/wp-content\/uploads\/2025\/01\/3-2-1005x1024.jpg 1005w, https:\/\/www.primor.eu\/blog\/wp-content\/uploads\/2025\/01\/3-2-295x300.jpg 295w, https:\/\/www.primor.eu\/blog\/wp-content\/uploads\/2025\/01\/3-2-768x782.jpg 768w, https:\/\/www.primor.eu\/blog\/wp-content\/uploads\/2025\/01\/3-2-75x75.jpg 75w, https:\/\/www.primor.eu\/blog\/wp-content\/uploads\/2025\/01\/3-2-750x764.jpg 750w, https:\/\/www.primor.eu\/blog\/wp-content\/uploads\/2025\/01\/3-2.jpg 1080w\" sizes=\"(max-width: 1005px) 100vw, 1005px\" \/><\/figure>\n\n\n\n<p>Fuente Instagram: @gotyoupolished<\/p>\n\n\n\n<p>\u00bfEres de las que prefiere no ce\u00f1irse a una tem\u00e1tica en tu manicura y adoras el pastiche? Entonces esta opci\u00f3n es genial para ti. En el caso de que te gusten las u\u00f1as martini, estas que van mezcladas con otros estilos como la tendencia que tambi\u00e9n est\u00e1 pegando fuerte, las u\u00f1as carey o toques dorados, puede ser una buena elecci\u00f3n. Si las pides en el sal\u00f3n, quiz\u00e1s hasta marques tendencia entre el resto de clientas.&nbsp;<\/p>\n\n\n\n<h3 class=\"wp-block-heading\">U\u00f1as martini con relieve<\/h3>\n\n\n\n<figure class=\"wp-block-image size-large is-resized\"><img decoding=\"async\" width=\"820\" height=\"1024\" src=\"https:\/\/www.primor.eu\/blog\/wp-content\/uploads\/2025\/01\/4-2-820x1024.jpg\" alt=\"\" class=\"wp-image-120016\" style=\"width:1007px;height:auto\" srcset=\"https:\/\/www.primor.eu\/blog\/wp-content\/uploads\/2025\/01\/4-2-820x1024.jpg 820w, https:\/\/www.primor.eu\/blog\/wp-content\/uploads\/2025\/01\/4-2-240x300.jpg 240w, https:\/\/www.primor.eu\/blog\/wp-content\/uploads\/2025\/01\/4-2-768x959.jpg 768w, https:\/\/www.primor.eu\/blog\/wp-content\/uploads\/2025\/01\/4-2-750x937.jpg 750w, https:\/\/www.primor.eu\/blog\/wp-content\/uploads\/2025\/01\/4-2.jpg 1080w\" sizes=\"(max-width: 820px) 100vw, 820px\" \/><\/figure>\n\n\n\n<p>Fuente Instagram: @nailsbyzaiiii<\/p>\n\n\n\n<p>\u00bfTe gustan esas u\u00f1as con relieve que hacen un efecto cristal dif\u00edcilmente ignorable para los ojos externos? Entonces, estas largas u\u00f1as martini en las que este elemento pasa a ser tambi\u00e9n crucial, son ideales. El detalle del palito con las aceitunas, le pone un acento que no tienen muchas manicuras con la tendencia u\u00f1as martini.<\/p>\n\n\n\n<h3 class=\"wp-block-heading\">U\u00f1as martini en nude<\/h3>\n\n\n\n<figure class=\"wp-block-image size-large is-resized\"><img decoding=\"async\" width=\"819\" height=\"1024\" src=\"https:\/\/www.primor.eu\/blog\/wp-content\/uploads\/2025\/01\/5-2-819x1024.jpg\" alt=\"\" class=\"wp-image-120017\" style=\"width:1015px;height:auto\" srcset=\"https:\/\/www.primor.eu\/blog\/wp-content\/uploads\/2025\/01\/5-2-819x1024.jpg 819w, https:\/\/www.primor.eu\/blog\/wp-content\/uploads\/2025\/01\/5-2-240x300.jpg 240w, https:\/\/www.primor.eu\/blog\/wp-content\/uploads\/2025\/01\/5-2-768x960.jpg 768w, https:\/\/www.primor.eu\/blog\/wp-content\/uploads\/2025\/01\/5-2-750x938.jpg 750w, https:\/\/www.primor.eu\/blog\/wp-content\/uploads\/2025\/01\/5-2.jpg 1080w\" sizes=\"(max-width: 819px) 100vw, 819px\" \/><\/figure>\n\n\n\n<p>Fuente Instagram: @meraki_nails.rw<\/p>\n\n\n\n<p>Si eres de las que se ha enamorado de las u\u00f1as nude o las u\u00f1as latte durante los \u00faltimos tiempo, no tienes porqu\u00e9 renunciar a las u\u00f1as nude. Ten en cuenta que la base en estos colores dice mucho de ti y de tus gustos. Quienes eligen u\u00f1as en estos tonos, suelen tener un car\u00e1cter suave y cl\u00e1sico. Casual y podr\u00eda decirse que sencillo, en contraposici\u00f3n con tonos de<em> femme fatale <\/em>como el rojo pasi\u00f3n o los dorados y negros.&nbsp;<\/p>\n\n\n\n<p>El toque de u\u00f1as martini tambi\u00e9n se centra en la aceituna de la m\u00edtica bebida en este caso. Un detalle sencillo que puede animar tus manicuras en estos tonos y, a la vez, el detalle de la copa la diferencia de otras.<\/p>\n\n\n\n<h3 class=\"wp-block-heading\">U\u00f1as martini minimal<\/h3>\n\n\n\n<figure class=\"wp-block-image size-large is-resized\"><img decoding=\"async\" width=\"819\" height=\"1024\" src=\"https:\/\/www.primor.eu\/blog\/wp-content\/uploads\/2025\/01\/6-2-819x1024.jpg\" alt=\"\" class=\"wp-image-120018\" style=\"width:1016px;height:auto\" srcset=\"https:\/\/www.primor.eu\/blog\/wp-content\/uploads\/2025\/01\/6-2-819x1024.jpg 819w, https:\/\/www.primor.eu\/blog\/wp-content\/uploads\/2025\/01\/6-2-240x300.jpg 240w, https:\/\/www.primor.eu\/blog\/wp-content\/uploads\/2025\/01\/6-2-768x960.jpg 768w, https:\/\/www.primor.eu\/blog\/wp-content\/uploads\/2025\/01\/6-2-750x938.jpg 750w, https:\/\/www.primor.eu\/blog\/wp-content\/uploads\/2025\/01\/6-2.jpg 1080w\" sizes=\"(max-width: 819px) 100vw, 819px\" \/><\/figure>\n\n\n\n<p>Fuente Instagram: @georgie_collins_<\/p>\n\n\n\n<p>Tambi\u00e9n puede que te gusten las u\u00f1as minimal y que ninguna de las opciones de u\u00f1as martini que te hemos dado hasta ahora, te convenza. Estas son de lo m\u00e1s minimal y entran dentro de la tendencia de u\u00f1as martini. Solo necesitas una base blanca, unas m\u00ednimas aceitunas y ese peque\u00f1o y original detalle de la copa en motivos casi geom\u00e9tricos que replican la tendencia de otros tipos de manicura minimal.<\/p>\n\n\n<div class=\"kk-star-ratings kksr-auto kksr-align-center kksr-valign-bottom\"\n    data-payload='{&quot;align&quot;:&quot;center&quot;,&quot;id&quot;:&quot;120003&quot;,&quot;slug&quot;:&quot;default&quot;,&quot;valign&quot;:&quot;bottom&quot;,&quot;ignore&quot;:&quot;&quot;,&quot;reference&quot;:&quot;auto&quot;,&quot;class&quot;:&quot;&quot;,&quot;count&quot;:&quot;0&quot;,&quot;legendonly&quot;:&quot;&quot;,&quot;readonly&quot;:&quot;&quot;,&quot;score&quot;:&quot;0&quot;,&quot;starsonly&quot;:&quot;&quot;,&quot;best&quot;:&quot;5&quot;,&quot;gap&quot;:&quot;5&quot;,&quot;greet&quot;:&quot;Valora este art\u00edculo&quot;,&quot;legend&quot;:&quot;0\\\/5 - (0 votos)&quot;,&quot;size&quot;:&quot;24&quot;,&quot;title&quot;:&quot;La incre\u00edble tendencia de este invierno: las u\u00f1as martini&quot;,&quot;width&quot;:&quot;0&quot;,&quot;_legend&quot;:&quot;{score}\\\/{best} - ({count} {votes})&quot;,&quot;font_factor&quot;:&quot;1.25&quot;}'>\n            \n<div class=\"kksr-stars\">\n    \n<div class=\"kksr-stars-inactive\">\n            <div class=\"kksr-star\" data-star=\"1\" style=\"padding-right: 5px\">\n            \n\n<div class=\"kksr-icon\" style=\"width: 24px; height: 24px;\"><\/div>\n        <\/div>\n            <div class=\"kksr-star\" data-star=\"2\" style=\"padding-right: 5px\">\n            \n\n<div class=\"kksr-icon\" style=\"width: 24px; height: 24px;\"><\/div>\n        <\/div>\n            <div class=\"kksr-star\" data-star=\"3\" style=\"padding-right: 5px\">\n            \n\n<div class=\"kksr-icon\" style=\"width: 24px; height: 24px;\"><\/div>\n        <\/div>\n            <div class=\"kksr-star\" data-star=\"4\" style=\"padding-right: 5px\">\n            \n\n<div class=\"kksr-icon\" style=\"width: 24px; height: 24px;\"><\/div>\n        <\/div>\n            <div class=\"kksr-star\" data-star=\"5\" style=\"padding-right: 5px\">\n            \n\n<div class=\"kksr-icon\" style=\"width: 24px; height: 24px;\"><\/div>\n        <\/div>\n    <\/div>\n    \n<div class=\"kksr-stars-active\" style=\"width: 0px;\">\n            <div class=\"kksr-star\" style=\"padding-right: 5px\">\n            \n\n<div class=\"kksr-icon\" style=\"width: 24px; height: 24px;\"><\/div>\n        <\/div>\n            <div class=\"kksr-star\" style=\"padding-right: 5px\">\n            \n\n<div class=\"kksr-icon\" style=\"width: 24px; height: 24px;\"><\/div>\n        <\/div>\n            <div class=\"kksr-star\" style=\"padding-right: 5px\">\n            \n\n<div class=\"kksr-icon\" style=\"width: 24px; height: 24px;\"><\/div>\n        <\/div>\n            <div class=\"kksr-star\" style=\"padding-right: 5px\">\n            \n\n<div class=\"kksr-icon\" style=\"width: 24px; height: 24px;\"><\/div>\n        <\/div>\n            <div class=\"kksr-star\" style=\"padding-right: 5px\">\n            \n\n<div class=\"kksr-icon\" style=\"width: 24px; height: 24px;\"><\/div>\n        <\/div>\n    <\/div>\n<\/div>\n                \n\n<div class=\"kksr-legend\" style=\"font-size: 19.2px;\">\n            <span class=\"kksr-muted\">Valora este art\u00edculo<\/span>\n    <\/div>\n    <\/div>\n","protected":false},"excerpt":{"rendered":"<p>Las u\u00f1as martini est\u00e1n pegando fuerte. Despu\u00e9s de las navidades y a\u00fan con ambiente festivo en el cuerpo, esta nueva tendencia en manicura propone varios modelos de u\u00f1as que hacen honor a esta bebida tan particular. El Martini es elegancia, sofisticaci\u00f3n y clasicismo. No es casualidad que aparezca en muchas pel\u00edculas cl\u00e1sicas. Tampoco que sea [&hellip;]<\/p>\n","protected":false},"author":30,"featured_media":120010,"comment_status":"closed","ping_status":"closed","sticky":false,"template":"","format":"standard","meta":{"jnews-multi-image_gallery":[],"jnews_single_post":{"format":"standard"},"jnews_primary_category":[],"jnews_social_meta":[],"jnews_override_counter":[],"footnotes":""},"categories":[1831],"tags":[],"class_list":["post-120003","post","type-post","status-publish","format-standard","has-post-thumbnail","hentry","category-manicuras"],"_links":{"self":[{"href":"https:\/\/www.primor.eu\/blog\/wp-json\/wp\/v2\/posts\/120003","targetHints":{"allow":["GET"]}}],"collection":[{"href":"https:\/\/www.primor.eu\/blog\/wp-json\/wp\/v2\/posts"}],"about":[{"href":"https:\/\/www.primor.eu\/blog\/wp-json\/wp\/v2\/types\/post"}],"author":[{"embeddable":true,"href":"https:\/\/www.primor.eu\/blog\/wp-json\/wp\/v2\/users\/30"}],"replies":[{"embeddable":true,"href":"https:\/\/www.primor.eu\/blog\/wp-json\/wp\/v2\/comments?post=120003"}],"version-history":[{"count":2,"href":"https:\/\/www.primor.eu\/blog\/wp-json\/wp\/v2\/posts\/120003\/revisions"}],"predecessor-version":[{"id":120019,"href":"https:\/\/www.primor.eu\/blog\/wp-json\/wp\/v2\/posts\/120003\/revisions\/120019"}],"wp:featuredmedia":[{"embeddable":true,"href":"https:\/\/www.primor.eu\/blog\/wp-json\/wp\/v2\/media\/120010"}],"wp:attachment":[{"href":"https:\/\/www.primor.eu\/blog\/wp-json\/wp\/v2\/media?parent=120003"}],"wp:term":[{"taxonomy":"category","embeddable":true,"href":"https:\/\/www.primor.eu\/blog\/wp-json\/wp\/v2\/categories?post=120003"},{"taxonomy":"post_tag","embeddable":true,"href":"https:\/\/www.primor.eu\/blog\/wp-json\/wp\/v2\/tags?post=120003"}],"curies":[{"name":"wp","href":"https:\/\/api.w.org\/{rel}","templated":true}]}}