{"id":119708,"date":"2025-01-14T15:14:42","date_gmt":"2025-01-14T15:14:42","guid":{"rendered":"https:\/\/www.primor.eu\/blog\/?p=119708"},"modified":"2026-01-05T12:30:50","modified_gmt":"2026-01-05T12:30:50","slug":"como-volver-rutina-enero","status":"publish","type":"post","link":"https:\/\/www.primor.eu\/blog\/como-volver-rutina-enero\/","title":{"rendered":"Las Navidades se acabaron: 6 consejos para volver a la rutina este enero"},"content":{"rendered":"\n<p>Las fiestas de fin de a\u00f1o son sin duda un par\u00e9ntesis m\u00e1gico, lleno de celebraciones, encuentros familiares y comidas deliciosas. Pero, como todo lo bueno, llega a su fin. Despu\u00e9s de tantos d\u00edas de relax, festines y desconexi\u00f3n, <strong>regresar a la rutina de <a href=\"https:\/\/www.primor.eu\/blog\/productos-novedades-enero\/?srsltid=AfmBOoqfnWIiWzJtJuUpLCS6qhj-w2CXGQwyogwn9vVbJYDXZRO2KigX\" data-type=\"link\" data-id=\"https:\/\/www.primor.eu\/blog\/productos-novedades-enero\/?srsltid=AfmBOoqfnWIiWzJtJuUpLCS6qhj-w2CXGQwyogwn9vVbJYDXZRO2KigX\">enero<\/a><\/strong> puede sentirse como un peque\u00f1o choque. La vuelta al trabajo, los compromisos diarios y, por supuesto, esa sensaci\u00f3n de que el <a href=\"https:\/\/www.primor.eu\/es_es\/suplementos-vitaminas-y-minerales-parafarmacia\" data-type=\"link\" data-id=\"https:\/\/www.primor.eu\/es_es\/suplementos-vitaminas-y-minerales-parafarmacia\">cuerpo<\/a> y la mente necesitan resetearse despu\u00e9s de las vacaciones se hace cuesta arriba. Si eres de las que ya empieza a sentir el baj\u00f3n post-<a href=\"https:\/\/www.primor.eu\/es_es\/navidad\" data-type=\"link\" data-id=\"https:\/\/www.primor.eu\/es_es\/navidad\">navide\u00f1o<\/a>, no te preocupes. En este art\u00edculo de Primor te damos los mejores consejos para hacer esta transici\u00f3n mucho m\u00e1s sencilla y volver a la rutina en enero de forma llevadera.<\/p>\n\n\n\n<h2 class=\"wp-block-heading\">Consejos para volver a la rutina sin que se haga cuesta arriba<\/h2>\n\n\n\n<h3 class=\"wp-block-heading\">1. Reinventa tu rutina de belleza<\/h3>\n\n\n\n<p>El primer paso para retomar el control es ponerte en modo self-care. Tras d\u00edas de excesos, tu piel y tu cuerpo te lo agradecer\u00e1n. Haz de enero el mes perfecto para reiniciar tu rutina de cuidado personal. Si has descuidado tu hidrataci\u00f3n durante las fiestas, empieza por aplicarte un buen s\u00e9rum o crema hidratante que repare los da\u00f1os del estr\u00e9s festivo. La piel suele estar m\u00e1s deshidratada por los cambios de temperatura, las comidas copiosas y la falta de descanso, as\u00ed que no escatimes en cuidados. Un buen exfoliante facial, seguido de una mascarilla hidratante, har\u00e1 maravillas. \u00a1Tu piel te lo agradecer\u00e1 y empezar\u00e1s el a\u00f1o con un brillo natural impresionante!<\/p>\n\n\n\n<h3 class=\"wp-block-heading\">2. Reconquista tu energ\u00eda con el desayuno perfecto<\/h3>\n\n\n\n<p>Uno de los efectos secundarios m\u00e1s comunes tras las Navidades es sentir que nuestra energ\u00eda est\u00e1 bajo m\u00ednimos. Y, si a eso le sumamos los prop\u00f3sitos de comenzar el a\u00f1o de manera saludable, una forma de arrancar bien el d\u00eda es con un desayuno lleno de energ\u00eda y nutrientes. Olv\u00eddate de las opciones pesadas que has estado comiendo en los d\u00edas de fiestas, y opta por opciones ligeras y saludables. Un bol de avena con fruta, frutos secos y un toque de miel o canela es perfecto para comenzar la jornada con energ\u00eda y vitalidad. Adem\u00e1s, la avena es excelente para tu digesti\u00f3n, te dar\u00e1 sensaci\u00f3n de saciedad y contribuir\u00e1 a tu bienestar general.<\/p>\n\n\n\n<h3 class=\"wp-block-heading\">3. Vuelve a hacer ejercicio (sin presi\u00f3n)<\/h3>\n\n\n\n<p>Si durante las fiestas dejaste de lado tu rutina de ejercicios, \u00a1no pasa nada! Enero es el mes ideal para volver a la actividad f\u00edsica, pero hazlo de manera gradual. No te exijas demasiado desde el principio, especialmente despu\u00e9s de d\u00edas de inactividad. Comienza con caminatas suaves o con sesiones de yoga para ir reactivando tu cuerpo sin agobiarte. Si prefieres algo m\u00e1s din\u00e1mico, prueba una clase de baile online o de pilates. Lo importante es volver a incorporar el movimiento a tu vida sin caer en la presi\u00f3n de hacer todo de golpe. Recuerda: lo que importa es sentirte bien, no hacerlo perfecto.<\/p>\n\n\n\n<h3 class=\"wp-block-heading\">4. Organiza tu espacio (y tu mente)<\/h3>\n\n\n\n<p>Con la vuelta a la rutina, puede ser que tu espacio se vea algo desordenado. Las decoraciones navide\u00f1as a\u00fan est\u00e1n por ah\u00ed, los regalos no se han guardado y tu escritorio sigue lleno de cosas. Este es un buen momento para hacer limpieza, tanto f\u00edsica como mental. Empieza por ordenar tu casa, especialmente esos espacios en los que sueles trabajar o descansar. Un entorno limpio y organizado contribuye a que tu mente tambi\u00e9n se ordene. Aprovecha para hacer una lista de tus objetivos para el a\u00f1o, \u00a1con calma y sin presi\u00f3n! Esto te ayudar\u00e1 a sentirte m\u00e1s en control y menos estresada.<\/p>\n\n\n\n<h3 class=\"wp-block-heading\">5. Recupera el sue\u00f1o (y la calma)<\/h3>\n\n\n\n<p>Las Navidades son sin\u00f3nimo de trasnochar, cenas tard\u00edas y cambios en nuestra rutina de descanso. El sue\u00f1o es uno de los aspectos m\u00e1s importantes cuando se trata de retomar la normalidad. Si te cuesta dormir despu\u00e9s de las fiestas, establece una rutina relajante antes de acostarte: apaga las pantallas una hora antes de dormir, haz una infusi\u00f3n de manzanilla o valeriana, y aprovecha ese tiempo para desconectar. Dormir bien es clave para que tu cuerpo y mente se recarguen y puedas empezar el nuevo a\u00f1o con energ\u00edas renovadas.<\/p>\n\n\n\n<h3 class=\"wp-block-heading\">6. Haz planes peque\u00f1os y alcanzables<\/h3>\n\n\n\n<p>En lugar de sumergirte en una lista interminable de prop\u00f3sitos de A\u00f1o Nuevo, opta por metas peque\u00f1as, alcanzables y realistas. \u00bfTe gustar\u00eda leer m\u00e1s este a\u00f1o? Empieza con 10 minutos diarios. \u00bfQuieres ponerte en forma? Comienza con una caminata de 15 minutos. El truco est\u00e1 en comenzar con algo que no te genere estr\u00e9s, pero que te ayude a avanzar paso a paso hacia tus objetivos. La clave est\u00e1 en la constancia, no en la perfecci\u00f3n.<\/p>\n\n\n\n<h2 class=\"wp-block-heading\">Dos imprescindibles para tu nueva rutina de belleza<\/h2>\n\n\n\n<h3 class=\"wp-block-heading\">Radiance S\u00e9rum Facial con \u00c1cido Hialur\u00f3nico y Centella Asi\u00e1tica de Arganour<\/h3>\n\n\n\n<p>Con 4 pesos moleculares diferentes en una concentraci\u00f3n total de 1,5%, penetra profundamente, alcanzando las 5 capas de la epidermis. Aumenta los niveles de \u00e1cido hialur\u00f3nico en la piel, redensifica, reduce visiblemente las l\u00edneas de expresi\u00f3n, y mejora la apariencia y textura de la piel. <\/p>\n\n\n\n<p>Centella Asi\u00e1tica: evita que el \u00e1cido hialur\u00f3nico se degrade con el tiempo. Adem\u00e1s, calma y repara la piel.<\/p>\n\n\n    <a class='product' target='_blank' href='https:\/\/www.primor.eu\/es_es\/arganour-radiance-serum-facial-con-acido-hialuronico-y-centella-asiatica-60448.html'>\r\n        <img loading='async' src='https:\/\/cdn2.primor.eu\/media\/catalog\/product\/cache\/8d3aba296f7a18b5251ee30fa5db42b2\/8\/4\/8435438600782_bd9c.png' alt='COMPRAR AHORA'>\r\n            <div class=\"claim\">\r\n                COMPRAR AHORA            <\/div>\r\n        <\/a>\r\n    \n\n\n<h3 class=\"wp-block-heading\">Rich &amp; Comfy Regeneration Contorno de Ojos Avocado de Nacomi<\/h3>\n\n\n\n<p>Este crema densa y lujosa, repleta de ingredientes activos, ofrece una hidrataci\u00f3n profunda, nutrici\u00f3n intensiva y una regeneraci\u00f3n completa para la delicada piel del contorno de ojos.<\/p>\n\n\n\n<p>Su f\u00f3rmula avanzada trabaja eficazmente para prevenir la formaci\u00f3n de arrugas, proporcionando a la piel un cuidado excepcional que ayuda a mantener su elasticidad y juventud. Un tratamiento enriquecedor que mimar\u00e1 y proteger\u00e1 la zona delicada alrededor de los ojos, dejando la piel suave, nutrida y visiblemente revitalizada.<\/p>\n\n\n    <a class='product' target='_blank' href='https:\/\/www.primor.eu\/es_es\/nacomi-rich-comfy-regeneration-contorno-de-ojos-avocado-94910.html'>\r\n        <img loading='async' src='https:\/\/cdn2.primor.eu\/media\/catalog\/product\/cache\/8d3aba296f7a18b5251ee30fa5db42b2\/R\/i\/Rich_comfy_regeneration___Krem_pod_oczy___Awokado_15ml_5901878687964__1__1f90.png' alt='COMPRAR AHORA'>\r\n            <div class=\"claim\">\r\n                COMPRAR AHORA            <\/div>\r\n        <\/a>\r\n    \n\n<div class=\"kk-star-ratings kksr-auto kksr-align-center kksr-valign-bottom\"\n    data-payload='{&quot;align&quot;:&quot;center&quot;,&quot;id&quot;:&quot;119708&quot;,&quot;slug&quot;:&quot;default&quot;,&quot;valign&quot;:&quot;bottom&quot;,&quot;ignore&quot;:&quot;&quot;,&quot;reference&quot;:&quot;auto&quot;,&quot;class&quot;:&quot;&quot;,&quot;count&quot;:&quot;0&quot;,&quot;legendonly&quot;:&quot;&quot;,&quot;readonly&quot;:&quot;&quot;,&quot;score&quot;:&quot;0&quot;,&quot;starsonly&quot;:&quot;&quot;,&quot;best&quot;:&quot;5&quot;,&quot;gap&quot;:&quot;5&quot;,&quot;greet&quot;:&quot;Valora este art\u00edculo&quot;,&quot;legend&quot;:&quot;0\\\/5 - (0 votos)&quot;,&quot;size&quot;:&quot;24&quot;,&quot;title&quot;:&quot;Las Navidades se acabaron: 6 consejos para volver a la rutina este enero&quot;,&quot;width&quot;:&quot;0&quot;,&quot;_legend&quot;:&quot;{score}\\\/{best} - ({count} {votes})&quot;,&quot;font_factor&quot;:&quot;1.25&quot;}'>\n            \n<div class=\"kksr-stars\">\n    \n<div class=\"kksr-stars-inactive\">\n            <div class=\"kksr-star\" data-star=\"1\" style=\"padding-right: 5px\">\n            \n\n<div class=\"kksr-icon\" style=\"width: 24px; height: 24px;\"><\/div>\n        <\/div>\n            <div class=\"kksr-star\" data-star=\"2\" style=\"padding-right: 5px\">\n            \n\n<div class=\"kksr-icon\" style=\"width: 24px; height: 24px;\"><\/div>\n        <\/div>\n            <div class=\"kksr-star\" data-star=\"3\" style=\"padding-right: 5px\">\n            \n\n<div class=\"kksr-icon\" style=\"width: 24px; height: 24px;\"><\/div>\n        <\/div>\n            <div class=\"kksr-star\" data-star=\"4\" style=\"padding-right: 5px\">\n            \n\n<div class=\"kksr-icon\" style=\"width: 24px; height: 24px;\"><\/div>\n        <\/div>\n            <div class=\"kksr-star\" data-star=\"5\" style=\"padding-right: 5px\">\n            \n\n<div class=\"kksr-icon\" style=\"width: 24px; height: 24px;\"><\/div>\n        <\/div>\n    <\/div>\n    \n<div class=\"kksr-stars-active\" style=\"width: 0px;\">\n            <div class=\"kksr-star\" style=\"padding-right: 5px\">\n            \n\n<div class=\"kksr-icon\" style=\"width: 24px; height: 24px;\"><\/div>\n        <\/div>\n            <div class=\"kksr-star\" style=\"padding-right: 5px\">\n            \n\n<div class=\"kksr-icon\" style=\"width: 24px; height: 24px;\"><\/div>\n        <\/div>\n            <div class=\"kksr-star\" style=\"padding-right: 5px\">\n            \n\n<div class=\"kksr-icon\" style=\"width: 24px; height: 24px;\"><\/div>\n        <\/div>\n            <div class=\"kksr-star\" style=\"padding-right: 5px\">\n            \n\n<div class=\"kksr-icon\" style=\"width: 24px; height: 24px;\"><\/div>\n        <\/div>\n            <div class=\"kksr-star\" style=\"padding-right: 5px\">\n            \n\n<div class=\"kksr-icon\" style=\"width: 24px; height: 24px;\"><\/div>\n        <\/div>\n    <\/div>\n<\/div>\n                \n\n<div class=\"kksr-legend\" style=\"font-size: 19.2px;\">\n            <span class=\"kksr-muted\">Valora este art\u00edculo<\/span>\n    <\/div>\n    <\/div>\n","protected":false},"excerpt":{"rendered":"<p>Las fiestas de fin de a\u00f1o son sin duda un par\u00e9ntesis m\u00e1gico, lleno de celebraciones, encuentros familiares y comidas deliciosas. Pero, como todo lo bueno, llega a su fin. Despu\u00e9s de tantos d\u00edas de relax, festines y desconexi\u00f3n, regresar a la rutina de enero puede sentirse como un peque\u00f1o choque. La vuelta al trabajo, los [&hellip;]<\/p>\n","protected":false},"author":14,"featured_media":119737,"comment_status":"closed","ping_status":"closed","sticky":false,"template":"","format":"standard","meta":{"jnews-multi-image_gallery":[],"jnews_single_post":{"format":"standard"},"jnews_primary_category":[],"jnews_social_meta":[],"jnews_override_counter":[],"footnotes":""},"categories":[6299],"tags":[],"class_list":["post-119708","post","type-post","status-publish","format-standard","has-post-thumbnail","hentry","category-bienestar"],"_links":{"self":[{"href":"https:\/\/www.primor.eu\/blog\/wp-json\/wp\/v2\/posts\/119708","targetHints":{"allow":["GET"]}}],"collection":[{"href":"https:\/\/www.primor.eu\/blog\/wp-json\/wp\/v2\/posts"}],"about":[{"href":"https:\/\/www.primor.eu\/blog\/wp-json\/wp\/v2\/types\/post"}],"author":[{"embeddable":true,"href":"https:\/\/www.primor.eu\/blog\/wp-json\/wp\/v2\/users\/14"}],"replies":[{"embeddable":true,"href":"https:\/\/www.primor.eu\/blog\/wp-json\/wp\/v2\/comments?post=119708"}],"version-history":[{"count":2,"href":"https:\/\/www.primor.eu\/blog\/wp-json\/wp\/v2\/posts\/119708\/revisions"}],"predecessor-version":[{"id":136889,"href":"https:\/\/www.primor.eu\/blog\/wp-json\/wp\/v2\/posts\/119708\/revisions\/136889"}],"wp:featuredmedia":[{"embeddable":true,"href":"https:\/\/www.primor.eu\/blog\/wp-json\/wp\/v2\/media\/119737"}],"wp:attachment":[{"href":"https:\/\/www.primor.eu\/blog\/wp-json\/wp\/v2\/media?parent=119708"}],"wp:term":[{"taxonomy":"category","embeddable":true,"href":"https:\/\/www.primor.eu\/blog\/wp-json\/wp\/v2\/categories?post=119708"},{"taxonomy":"post_tag","embeddable":true,"href":"https:\/\/www.primor.eu\/blog\/wp-json\/wp\/v2\/tags?post=119708"}],"curies":[{"name":"wp","href":"https:\/\/api.w.org\/{rel}","templated":true}]}}