{"id":119647,"date":"2025-01-04T12:00:00","date_gmt":"2025-01-04T12:00:00","guid":{"rendered":"https:\/\/www.primor.eu\/blog\/?p=119647"},"modified":"2026-04-28T08:32:35","modified_gmt":"2026-04-28T08:32:35","slug":"mejores-cortes-pelo-mujeres-invierno","status":"publish","type":"post","link":"https:\/\/www.primor.eu\/blog\/mejores-cortes-pelo-mujeres-invierno\/","title":{"rendered":"Los 6 mejores cortes de pelo para mujeres durante este invierno de 2026"},"content":{"rendered":"\n<p>Las <strong>mejores opciones<\/strong> de <strong><a href=\"https:\/\/www.primor.eu\/blog\/cortes-de-pelo\/?srsltid=AfmBOoqZee10GExdZ6q5QbBxbgbrv8nNnAfSj9Id6_SxG9LNC0w68y1z\" data-type=\"link\" data-id=\"https:\/\/www.primor.eu\/blog\/cortes-de-pelo\/?srsltid=AfmBOoqZee10GExdZ6q5QbBxbgbrv8nNnAfSj9Id6_SxG9LNC0w68y1z\">corte de pelo<\/a><\/strong> para <strong>mujeres<\/strong> este <strong>invierno <\/strong>son varias. Dentro de las que vamos a ver, lo ideal es que elijas aquellas que van con tu estilo, tus preferencias y tu d\u00eda a d\u00eda. Porque te puede gustar mucho un corte de <a href=\"https:\/\/www.primor.eu\/es_es\/banos-de-color\" data-type=\"link\" data-id=\"https:\/\/www.primor.eu\/es_es\/banos-de-color\"><strong>pelo<\/strong><\/a>, pero, por ejemplo, puede llevar m\u00e1s tiempo del que tienes llevarlo bien peinado. Tambi\u00e9n puede que te guste un corte de pelo, pero que este no quede del todo bien con la naturaleza de tu <a href=\"https:\/\/www.primor.eu\/es_es\/mascarillas-para-pelo-graso\" data-type=\"link\" data-id=\"https:\/\/www.primor.eu\/es_es\/mascarillas-para-pelo-graso\"><strong>cabello<\/strong><\/a>, es decir, con un cabello rizado o demasiado liso, por ejemplo.\u00a0<\/p>\n\n\n\n<p>Por ello y sin m\u00e1s dilaci\u00f3n, vamos a ver cu\u00e1les son las <strong>mejores elecciones de corte de pelo<\/strong> para mujeres este invierno que puedes hacer seg\u00fan nuestras especialistas de <strong><a href=\"https:\/\/www.primor.eu\/es_es\/\">Primor<\/a><\/strong>.<\/p>\n\n\n\n<h2 class=\"wp-block-heading\">Corte de pelo para mujeres este invierno: 6 opciones<\/h2>\n\n\n\n<p>Vamos a ver las seis<strong> mejores opciones<\/strong> de corte<strong> de pelo<\/strong> para <strong>mujeres<\/strong> este invierno. Ver\u00e1s que hay una para cada mujer, de manera que alguna de ellas puede gustarte para ti y otras puede que no encajen con tu estilo personal. No obstante, \u00a1puede que encuentres alguna opci\u00f3n que te anime a hacer un cambio <strong>de cara a 2026<\/strong>!<\/p>\n\n\n\n<h3 class=\"wp-block-heading\">Media melena<\/h3>\n\n\n\n<figure class=\"wp-block-image size-full\"><img decoding=\"async\" width=\"1016\" height=\"1016\" src=\"https:\/\/www.primor.eu\/blog\/wp-content\/uploads\/2025\/01\/1.jpg\" alt=\"\" class=\"wp-image-119654\" srcset=\"https:\/\/www.primor.eu\/blog\/wp-content\/uploads\/2025\/01\/1.jpg 1016w, https:\/\/www.primor.eu\/blog\/wp-content\/uploads\/2025\/01\/1-300x300.jpg 300w, https:\/\/www.primor.eu\/blog\/wp-content\/uploads\/2025\/01\/1-150x150.jpg 150w, https:\/\/www.primor.eu\/blog\/wp-content\/uploads\/2025\/01\/1-768x768.jpg 768w, https:\/\/www.primor.eu\/blog\/wp-content\/uploads\/2025\/01\/1-75x75.jpg 75w, https:\/\/www.primor.eu\/blog\/wp-content\/uploads\/2025\/01\/1-350x350.jpg 350w, https:\/\/www.primor.eu\/blog\/wp-content\/uploads\/2025\/01\/1-750x750.jpg 750w\" sizes=\"(max-width: 1016px) 100vw, 1016px\" \/><\/figure>\n\n\n\n<p>Fuente Instagram: @peluqueria_alejandromartinez<\/p>\n\n\n\n<p>La <strong>media melena<\/strong> no es que sea tendencia este invierno, es que siempre lo ha sido y lo ser\u00e1. Por eso es un corte perfecto, ya sea que la lleves desde hace tiempo y quieras seguir siendo fiel a este estilo cl\u00e1sico y sofisticado, o ya sea que te apetezca llevarla, pero no sabes si es adecuado con la moda actual, \u00a1siempre ser\u00e1 un cl\u00e1sico!<\/p>\n\n\n\n<h3 class=\"wp-block-heading\">Melena con flequillo recto<\/h3>\n\n\n\n<figure class=\"wp-block-image size-large\"><img decoding=\"async\" width=\"1024\" height=\"1024\" src=\"https:\/\/www.primor.eu\/blog\/wp-content\/uploads\/2025\/01\/2-1024x1024.jpg\" alt=\"\" class=\"wp-image-119655\" srcset=\"https:\/\/www.primor.eu\/blog\/wp-content\/uploads\/2025\/01\/2-1024x1024.jpg 1024w, https:\/\/www.primor.eu\/blog\/wp-content\/uploads\/2025\/01\/2-300x300.jpg 300w, https:\/\/www.primor.eu\/blog\/wp-content\/uploads\/2025\/01\/2-150x150.jpg 150w, https:\/\/www.primor.eu\/blog\/wp-content\/uploads\/2025\/01\/2-768x768.jpg 768w, https:\/\/www.primor.eu\/blog\/wp-content\/uploads\/2025\/01\/2-75x75.jpg 75w, https:\/\/www.primor.eu\/blog\/wp-content\/uploads\/2025\/01\/2-350x350.jpg 350w, https:\/\/www.primor.eu\/blog\/wp-content\/uploads\/2025\/01\/2-750x750.jpg 750w, https:\/\/www.primor.eu\/blog\/wp-content\/uploads\/2025\/01\/2.jpg 1080w\" sizes=\"(max-width: 1024px) 100vw, 1024px\" \/><\/figure>\n\n\n\n<p>Fuente Instagram: @glam__estilistas<\/p>\n\n\n\n<p>La melena con flequillo, ya sea larga como esta o m\u00e1s corta, siempre gana un toque de movimiento y de frescura. Un flequillo puede ser una buena idea si quieres darle un toque m\u00e1s enmarcado, dulce y diferente a tu rostro este 2026. Piensa que muchas prendas y maquillajes lucir\u00e1n mejor con \u00e9l.<\/p>\n\n\n\n<h3 class=\"wp-block-heading\">Corte a capas<\/h3>\n\n\n\n<figure class=\"wp-block-image size-large is-resized\"><img decoding=\"async\" width=\"819\" height=\"1024\" src=\"https:\/\/www.primor.eu\/blog\/wp-content\/uploads\/2025\/01\/3-819x1024.jpg\" alt=\"\" class=\"wp-image-119656\" style=\"width:1017px;height:auto\" srcset=\"https:\/\/www.primor.eu\/blog\/wp-content\/uploads\/2025\/01\/3-819x1024.jpg 819w, https:\/\/www.primor.eu\/blog\/wp-content\/uploads\/2025\/01\/3-240x300.jpg 240w, https:\/\/www.primor.eu\/blog\/wp-content\/uploads\/2025\/01\/3-768x960.jpg 768w, https:\/\/www.primor.eu\/blog\/wp-content\/uploads\/2025\/01\/3-750x938.jpg 750w, https:\/\/www.primor.eu\/blog\/wp-content\/uploads\/2025\/01\/3.jpg 1080w\" sizes=\"(max-width: 819px) 100vw, 819px\" \/><\/figure>\n\n\n\n<p>Fuente Instagram: @losangeles_peluqueria<\/p>\n\n\n\n<p>El corte a capas parece que no era tan com\u00fan en los \u00faltimos tiempos. Los pixies y los bobs hab\u00edan desbancado este corte que ha sido tendencia durante muchos a\u00f1os y que es genial para cabellos rizados o lisos que necesiten <strong><a href=\"https:\/\/www.primor.eu\/es_es\/lacas-y-fijadores\">volumen y movimiento<\/a><\/strong>. Si alguno de los dos es tu caso o te apetecen unas capas, \u00a1ya sabes que son tendencia este invierno!<\/p>\n\n\n\n<h3 class=\"wp-block-heading\">Bixie Cut<\/h3>\n\n\n\n<figure class=\"wp-block-image size-large\"><img decoding=\"async\" width=\"1080\" height=\"1080\" src=\"https:\/\/www.primor.eu\/blog\/wp-content\/uploads\/2025\/01\/4-1024x1024.jpg\" alt=\"\" class=\"wp-image-119657\" srcset=\"https:\/\/www.primor.eu\/blog\/wp-content\/uploads\/2025\/01\/4-1024x1024.jpg 1024w, https:\/\/www.primor.eu\/blog\/wp-content\/uploads\/2025\/01\/4-300x300.jpg 300w, https:\/\/www.primor.eu\/blog\/wp-content\/uploads\/2025\/01\/4-150x150.jpg 150w, https:\/\/www.primor.eu\/blog\/wp-content\/uploads\/2025\/01\/4-768x768.jpg 768w, https:\/\/www.primor.eu\/blog\/wp-content\/uploads\/2025\/01\/4-75x75.jpg 75w, https:\/\/www.primor.eu\/blog\/wp-content\/uploads\/2025\/01\/4-350x350.jpg 350w, https:\/\/www.primor.eu\/blog\/wp-content\/uploads\/2025\/01\/4-750x750.jpg 750w, https:\/\/www.primor.eu\/blog\/wp-content\/uploads\/2025\/01\/4.jpg 1080w\" sizes=\"(max-width: 1080px) 100vw, 1080px\" \/><\/figure>\n\n\n\n<p>Fuente Instagram: @gabbypvhair<\/p>\n\n\n\n<p>Este corte, no tan arriesgado como el pixie, es ideal para aquellas que quieran lanzarse a la moda andr\u00f3gina sin ver un cambio tan bestia en la est\u00e9tica de golpe. Sobre todo si llevas melena y est\u00e1s acostumbrada a verte con el pelo largo, pero quieres un pixie, un bixie puede ser la opci\u00f3n intermedia perfecta.<\/p>\n\n\n\n<h3 class=\"wp-block-heading\">Italian Bob<\/h3>\n\n\n\n<figure class=\"wp-block-image size-large is-resized\"><img decoding=\"async\" width=\"819\" height=\"1024\" src=\"https:\/\/www.primor.eu\/blog\/wp-content\/uploads\/2025\/01\/5-819x1024.jpg\" alt=\"\" class=\"wp-image-119658\" style=\"width:1016px;height:auto\" srcset=\"https:\/\/www.primor.eu\/blog\/wp-content\/uploads\/2025\/01\/5-819x1024.jpg 819w, https:\/\/www.primor.eu\/blog\/wp-content\/uploads\/2025\/01\/5-240x300.jpg 240w, https:\/\/www.primor.eu\/blog\/wp-content\/uploads\/2025\/01\/5-768x960.jpg 768w, https:\/\/www.primor.eu\/blog\/wp-content\/uploads\/2025\/01\/5-750x938.jpg 750w, https:\/\/www.primor.eu\/blog\/wp-content\/uploads\/2025\/01\/5.jpg 1080w\" sizes=\"(max-width: 819px) 100vw, 819px\" \/><\/figure>\n\n\n\n<p>Fuente Instagram: @emroya<\/p>\n\n\n\n<p>El <strong>Italian Bob<\/strong> es un h\u00edbrido perfecto entre un bob cl\u00e1sico y una media melena. Algo m\u00e1s corto que una media melena y con toda la elegancia del bob, llega esta temporada para engalanar los rostros m\u00e1s sofisticados y elevar cualquier look. Y es que un bob como este puede mejorar un look casual y rematar un look de evento o de ejecutiva.<\/p>\n\n\n\n<h3 class=\"wp-block-heading\">Bob a escala<\/h3>\n\n\n\n<figure class=\"wp-block-image size-large\"><img decoding=\"async\" width=\"1024\" height=\"1024\" src=\"https:\/\/www.primor.eu\/blog\/wp-content\/uploads\/2025\/01\/6-1024x1024.jpg\" alt=\"\" class=\"wp-image-119659\" srcset=\"https:\/\/www.primor.eu\/blog\/wp-content\/uploads\/2025\/01\/6-1024x1024.jpg 1024w, https:\/\/www.primor.eu\/blog\/wp-content\/uploads\/2025\/01\/6-300x300.jpg 300w, https:\/\/www.primor.eu\/blog\/wp-content\/uploads\/2025\/01\/6-150x150.jpg 150w, https:\/\/www.primor.eu\/blog\/wp-content\/uploads\/2025\/01\/6-768x768.jpg 768w, https:\/\/www.primor.eu\/blog\/wp-content\/uploads\/2025\/01\/6-75x75.jpg 75w, https:\/\/www.primor.eu\/blog\/wp-content\/uploads\/2025\/01\/6-350x350.jpg 350w, https:\/\/www.primor.eu\/blog\/wp-content\/uploads\/2025\/01\/6-750x750.jpg 750w, https:\/\/www.primor.eu\/blog\/wp-content\/uploads\/2025\/01\/6.jpg 1080w\" sizes=\"(max-width: 1024px) 100vw, 1024px\" \/><\/figure>\n\n\n\n<p>Fuente Instagram: @donnabellalda<\/p>\n\n\n\n<p>El bob a escala es una opci\u00f3n a\u00fan m\u00e1s cl\u00e1sica que el anterior bob. Lo bueno que tiene este corte es que, si tienes el pelo liso, parecer\u00e1s siempre reci\u00e9n salida de la peluquer\u00eda. Si es esto lo que buscas, no lo dudes y l\u00e1nzate con el que es una de las mejores opciones de corte de pelo para mujeres este invierno y esta temporada.<\/p>\n\n\n\n<h2 class=\"wp-block-heading\">Los mejores productos para peinar tu corte de pelo para invierno<\/h2>\n\n\n\n<h3 class=\"wp-block-heading\">Original Styler plancha de pelo de GHD<\/h3>\n\n\n\n<p>Cubre las necesidades de todos los tipos de cabello, tanto corto como largo y media melena. Gracias a su tecnolog\u00eda cer\u00e1mica, esta plancha es perfecta para conseguir un resultado brillante, suave y duradero. Tarda solo 30 segundos en alcanzar la temperatura \u00f3ptima de 185 \u00b0C. Una gran ventaja cuando buscamos rapidez en un producto de uso diario. Y no tienes que preocuparte de olvidos, esta styler GHD Original dispone del modo de suspensi\u00f3n, por el que se apaga de forma autom\u00e1tica tras 30 minutos de inactividad.<\/p>\n\n\n    <a class='product' target='_blank' href='https:\/\/www.primor.eu\/es_es\/ghd-original-styler-plancha-de-pelo-2056.html'>\r\n        <img loading='async' src='https:\/\/cdn2.primor.eu\/media\/catalog\/product\/cache\/8d3aba296f7a18b5251ee30fa5db42b2\/6\/V\/6VA17556_1_d5ce.jpg' alt='COMPRAR AHORA'>\r\n            <div class=\"claim\">\r\n                COMPRAR AHORA            <\/div>\r\n        <\/a>\r\n    \n\n\n<h3 class=\"wp-block-heading\">Secador de pelo profesional My Pro P3 3400 de Bellisima<\/h3>\n\n\n\n<p>Contribuye a reducir el encrespamiento y la sequedad. Ha integrado adem\u00e1s un difusor profesional adecuado para definir rizos y una boquilla enfocada en obtener un peinado m\u00e1s preciso, lo que ampl\u00eda las posibilidades de estilo. Ofrece hasta ocho combinaciones de temperatura y flujo de aire, lo que permite ajustar el secado seg\u00fan el tipo de cabello y la necesidad de cada momento. Con estas opciones, se convierte en una herramienta vers\u00e1til para el uso diario.<\/p>\n\n\n    <a class='product' target='_blank' href='https:\/\/www.primor.eu\/es_es\/bellissima-secador-de-pelo-profesional-my-pro-p3-3400-72185.html'>\r\n        <img loading='async' src='https:\/\/cdn2.primor.eu\/media\/catalog\/product\/cache\/8d3aba296f7a18b5251ee30fa5db42b2\/6\/V\/6VA34076_1_1457.jpg' alt='COMPRAR AHORA'>\r\n            <div class=\"claim\">\r\n                COMPRAR AHORA            <\/div>\r\n        <\/a>\r\n    \n\n<div class=\"kk-star-ratings kksr-auto kksr-align-center kksr-valign-bottom\"\n    data-payload='{&quot;align&quot;:&quot;center&quot;,&quot;id&quot;:&quot;119647&quot;,&quot;slug&quot;:&quot;default&quot;,&quot;valign&quot;:&quot;bottom&quot;,&quot;ignore&quot;:&quot;&quot;,&quot;reference&quot;:&quot;auto&quot;,&quot;class&quot;:&quot;&quot;,&quot;count&quot;:&quot;0&quot;,&quot;legendonly&quot;:&quot;&quot;,&quot;readonly&quot;:&quot;&quot;,&quot;score&quot;:&quot;0&quot;,&quot;starsonly&quot;:&quot;&quot;,&quot;best&quot;:&quot;5&quot;,&quot;gap&quot;:&quot;5&quot;,&quot;greet&quot;:&quot;Valora este art\u00edculo&quot;,&quot;legend&quot;:&quot;0\\\/5 - (0 votos)&quot;,&quot;size&quot;:&quot;24&quot;,&quot;title&quot;:&quot;Los 6 mejores cortes de pelo para mujeres durante este invierno de 2026&quot;,&quot;width&quot;:&quot;0&quot;,&quot;_legend&quot;:&quot;{score}\\\/{best} - ({count} {votes})&quot;,&quot;font_factor&quot;:&quot;1.25&quot;}'>\n            \n<div class=\"kksr-stars\">\n    \n<div class=\"kksr-stars-inactive\">\n            <div class=\"kksr-star\" data-star=\"1\" style=\"padding-right: 5px\">\n            \n\n<div class=\"kksr-icon\" style=\"width: 24px; height: 24px;\"><\/div>\n        <\/div>\n            <div class=\"kksr-star\" data-star=\"2\" style=\"padding-right: 5px\">\n            \n\n<div class=\"kksr-icon\" style=\"width: 24px; height: 24px;\"><\/div>\n        <\/div>\n            <div class=\"kksr-star\" data-star=\"3\" style=\"padding-right: 5px\">\n            \n\n<div class=\"kksr-icon\" style=\"width: 24px; height: 24px;\"><\/div>\n        <\/div>\n            <div class=\"kksr-star\" data-star=\"4\" style=\"padding-right: 5px\">\n            \n\n<div class=\"kksr-icon\" style=\"width: 24px; height: 24px;\"><\/div>\n        <\/div>\n            <div class=\"kksr-star\" data-star=\"5\" style=\"padding-right: 5px\">\n            \n\n<div class=\"kksr-icon\" style=\"width: 24px; height: 24px;\"><\/div>\n        <\/div>\n    <\/div>\n    \n<div class=\"kksr-stars-active\" style=\"width: 0px;\">\n            <div class=\"kksr-star\" style=\"padding-right: 5px\">\n            \n\n<div class=\"kksr-icon\" style=\"width: 24px; height: 24px;\"><\/div>\n        <\/div>\n            <div class=\"kksr-star\" style=\"padding-right: 5px\">\n            \n\n<div class=\"kksr-icon\" style=\"width: 24px; height: 24px;\"><\/div>\n        <\/div>\n            <div class=\"kksr-star\" style=\"padding-right: 5px\">\n            \n\n<div class=\"kksr-icon\" style=\"width: 24px; height: 24px;\"><\/div>\n        <\/div>\n            <div class=\"kksr-star\" style=\"padding-right: 5px\">\n            \n\n<div class=\"kksr-icon\" style=\"width: 24px; height: 24px;\"><\/div>\n        <\/div>\n            <div class=\"kksr-star\" style=\"padding-right: 5px\">\n            \n\n<div class=\"kksr-icon\" style=\"width: 24px; height: 24px;\"><\/div>\n        <\/div>\n    <\/div>\n<\/div>\n                \n\n<div class=\"kksr-legend\" style=\"font-size: 19.2px;\">\n            <span class=\"kksr-muted\">Valora este art\u00edculo<\/span>\n    <\/div>\n    <\/div>\n","protected":false},"excerpt":{"rendered":"<p>Las mejores opciones de corte de pelo para mujeres este invierno son varias. Dentro de las que vamos a ver, lo ideal es que elijas aquellas que van con tu estilo, tus preferencias y tu d\u00eda a d\u00eda. Porque te puede gustar mucho un corte de pelo, pero, por ejemplo, puede llevar m\u00e1s tiempo del [&hellip;]<\/p>\n","protected":false},"author":30,"featured_media":119660,"comment_status":"closed","ping_status":"closed","sticky":false,"template":"","format":"standard","meta":{"jnews-multi-image_gallery":[],"jnews_single_post":{"format":"standard"},"jnews_primary_category":[],"jnews_social_meta":[],"jnews_override_counter":[],"footnotes":""},"categories":[35],"tags":[],"class_list":["post-119647","post","type-post","status-publish","format-standard","has-post-thumbnail","hentry","category-cabello"],"_links":{"self":[{"href":"https:\/\/www.primor.eu\/blog\/wp-json\/wp\/v2\/posts\/119647","targetHints":{"allow":["GET"]}}],"collection":[{"href":"https:\/\/www.primor.eu\/blog\/wp-json\/wp\/v2\/posts"}],"about":[{"href":"https:\/\/www.primor.eu\/blog\/wp-json\/wp\/v2\/types\/post"}],"author":[{"embeddable":true,"href":"https:\/\/www.primor.eu\/blog\/wp-json\/wp\/v2\/users\/30"}],"replies":[{"embeddable":true,"href":"https:\/\/www.primor.eu\/blog\/wp-json\/wp\/v2\/comments?post=119647"}],"version-history":[{"count":5,"href":"https:\/\/www.primor.eu\/blog\/wp-json\/wp\/v2\/posts\/119647\/revisions"}],"predecessor-version":[{"id":141881,"href":"https:\/\/www.primor.eu\/blog\/wp-json\/wp\/v2\/posts\/119647\/revisions\/141881"}],"wp:featuredmedia":[{"embeddable":true,"href":"https:\/\/www.primor.eu\/blog\/wp-json\/wp\/v2\/media\/119660"}],"wp:attachment":[{"href":"https:\/\/www.primor.eu\/blog\/wp-json\/wp\/v2\/media?parent=119647"}],"wp:term":[{"taxonomy":"category","embeddable":true,"href":"https:\/\/www.primor.eu\/blog\/wp-json\/wp\/v2\/categories?post=119647"},{"taxonomy":"post_tag","embeddable":true,"href":"https:\/\/www.primor.eu\/blog\/wp-json\/wp\/v2\/tags?post=119647"}],"curies":[{"name":"wp","href":"https:\/\/api.w.org\/{rel}","templated":true}]}}