{"id":119440,"date":"2024-12-24T13:00:00","date_gmt":"2024-12-24T13:00:00","guid":{"rendered":"https:\/\/www.primor.eu\/blog\/?p=119440"},"modified":"2026-01-09T13:43:52","modified_gmt":"2026-01-09T13:43:52","slug":"como-saber-frecuencia-lavado-pelo","status":"publish","type":"post","link":"https:\/\/www.primor.eu\/blog\/como-saber-frecuencia-lavado-pelo\/","title":{"rendered":"\u00bfC\u00f3mo saber si me estoy lavando el pelo con la frecuencia adecuada?"},"content":{"rendered":"\n<p>Puede que te hayas hecho esta pregunta alguna vez. Y es que la<strong> frecuencia <\/strong>de<strong> lavado del <a href=\"https:\/\/www.primor.eu\/es_es\/cabello\" data-type=\"link\" data-id=\"https:\/\/www.primor.eu\/es_es\/cabello\">pelo<\/a> <\/strong>depende de varios factores, como tu <strong><a href=\"https:\/\/www.primor.eu\/blog\/tipos-cabello\/?srsltid=AfmBOooO4gvDBBvuIEGYFIQMAT9zzxA8hKgmyOLQRP1FFj089SmzCvSM\" data-type=\"link\" data-id=\"https:\/\/www.primor.eu\/blog\/tipos-cabello\/?srsltid=AfmBOooO4gvDBBvuIEGYFIQMAT9zzxA8hKgmyOLQRP1FFj089SmzCvSM\">tipo de pelo<\/a><\/strong> o los ambientes que frecuentas y tu estilo de vida.\u00a0<\/p>\n\n\n\n<p>Hoy vamos a ver estos dos factores m\u00e1s en profundidad, para que sepas c\u00f3mo detectar la frecuencia de lavado del pelo perfecta para ti. Porque no es lo mismo tener el pelo muy seco que<a href=\"https:\/\/www.primor.eu\/es_es\/mascarillas-para-pelo-graso\" data-type=\"link\" data-id=\"https:\/\/www.primor.eu\/es_es\/mascarillas-para-pelo-graso\"> graso<\/a>, al igual que no es lo mismo estar todos los d\u00edas en la oficina y comiendo fuera o en eventos, que trabajando en casa.\u00a0<\/p>\n\n\n\n<h2 class=\"wp-block-heading\">Frecuencia de lavado del pelo: seg\u00fan tu tipo de pelo<\/h2>\n\n\n\n<p>El primer factor que vamos a tener en cuenta para saber cu\u00e1l es la frecuencia de lavado del pelo perfecta para ti, es el tipo de cabello que tienes. No es lo mismo tener el pelo graso y tener que lavarlo muy a menudo que tenerlo seco. Si tienes el pelo seco, por ejemplo, adem\u00e1s de que no hace falta que te laves mucho el pelo, es que hacerlo es perjudicial para sus aceites naturales. Estos son los tres tipos de cabello que puedes tener y la frecuencia de lavado del pelo seg\u00fan cada uno:<\/p>\n\n\n\n<ul class=\"wp-block-list\">\n<li><strong>Pelo graso<\/strong>: sabes que tienes el pelo graso porque la ra\u00edz suele llenarse de grasa al poco de lav\u00e1rtelo. Incluso, en uno o dos d\u00edas. En este caso lo mejor es que uses champ\u00fas espec\u00edficos que regulen la producci\u00f3n de sebo en tu cuero cabelludo. Adem\u00e1s, en este caso es indicado por ello lavarte el pelo <strong>cada dos d\u00edas o a diario<\/strong>. Sobre todo porque necesitar\u00e1s hacerlo para eliminar el sebo de m\u00e1s.<\/li>\n\n\n\n<li><strong>Pelo normal<\/strong>: el cabello normal es ese que ni tiene mucha grasa en el cuero cabelludo, ni es demasiado seco. En este caso puedes lavarte el pelo <strong>cada tres d\u00edas <\/strong>y estar\u00e1 m\u00e1s o menos limpio y en buenas condiciones.<\/li>\n\n\n\n<li><strong>Pelo seco o rizado<\/strong>: este tipo de cabello es el que menos grasa produce y, por ende, el que menos frecuentemente hay que lavar. Pero no solamente porque no se vea sucio, sino por su cuidado. Cuando el cabello es muy seco o rizado, que tambi\u00e9n son cabellos siempre muy secos, lo mejor es lavarlos cuanto menos mejor. Es as\u00ed como se preservan sus aceites naturales y como est\u00e1n m\u00e1s cuidados. Lo mejor es lavarlo <strong>una o dos veces<\/strong> por <strong>semana<\/strong>. Eso s\u00ed, realiza una rutina de noche si lo lavas una vez a la semana o date productos hidratantes en medio sin aclarado.<\/li>\n<\/ul>\n\n\n\n<h2 class=\"wp-block-heading\">Frecuencia de lavado del pelo: seg\u00fan tu estilo de vida<\/h2>\n\n\n\n<p>Y ahora que hemos visto cu\u00e1l es la frecuencia de lavado del pelo para cada tipo de cabello, vamos con el estilo de vida. Por ejemplo, si haces <strong>deporte a diario<\/strong> y sudas mucho, necesitar\u00e1s lavarte el pelo mucho m\u00e1s a menudo o <strong>incluso a diario<\/strong>.&nbsp;<\/p>\n\n\n\n<p>Si<strong> trabajas fuera <\/strong>de casa o <strong>comes en restaurantes<\/strong> a menudo, tambi\u00e9n necesitar\u00e1s lavarte m\u00e1s el pelo porque se ensucia y coge olores de comidas. Sin embargo, si trabajas en casa o no sales mucho, tu pelo estar\u00e1 m\u00e1s limpio.&nbsp;<\/p>\n\n\n\n<p>Otro de los factores que debes tener en cuenta es el clima del lugar en el que vives. Sobre todo si tienes el pelo seco y vives en <strong>climas secos<\/strong>, espacia los lavados para que tu cuero cabelludo no se reseque demasiado.<\/p>\n\n\n\n<p>Por el contrario, en<strong> climas h\u00famedos <\/strong>puedes lavarte m\u00e1s el cabello. De hecho, tanto en climas h\u00famedos como c\u00e1lidos el pelo puede necesitar m\u00e1s lavados. Tambi\u00e9n si vives en sitios <strong>calurosos o en verano<\/strong>, ya que adem\u00e1s de sudar y necesitar lavar el pelo, este se reseca tanto que necesita de acondicionadores y tratamientos suavizantes.&nbsp;<\/p>\n\n\n\n<h2 class=\"wp-block-heading\">Champ\u00fas para tu tipo de pelo<\/h2>\n\n\n\n<h3 class=\"wp-block-heading\">Oblepikha Champ\u00fa para cabello normal y graso de Natura Siberica<\/h3>\n\n\n\n<p>Perfecto para el cabello fino y graso, este champ\u00fa vigoriza tu melena aport\u00e1ndole un aroma incre\u00edblemente fresco. Su f\u00f3rmula purificante incluye vitaminas y amino\u00e1cidos que nutren y reparan el cabello, aceite de Oblepikha de Alt\u00e1i y el aceite de Arg\u00e1n de Marruecos que ayudan a producir queratina natural, obteniendo un cabello brillante y fuerte.<\/p>\n\n\n    <a class='product' target='_blank' href='https:\/\/www.primor.eu\/es_es\/natura-siberica-oblepikha-champu-para-cabello-normal-y-graso-9069.html'>\r\n        <img loading='async' src='https:\/\/cdn2.primor.eu\/media\/catalog\/product\/cache\/8d3aba296f7a18b5251ee30fa5db42b2\/2\/C\/2CC02804_1_9e4f.jpg' alt='COMPRAR AHORA'>\r\n            <div class=\"claim\">\r\n                COMPRAR AHORA            <\/div>\r\n        <\/a>\r\n    \n\n\n<h3 class=\"wp-block-heading\">Champ\u00fa Reparador con Aceite de Arg\u00e1n Cabello Seco de OGX<\/h3>\n\n\n\n<p>El Champ\u00fa de Aceite Arg\u00e1n es un producto vegano que nutre y da brillo al cabello mientras lo fortalece y lo deja sedoso. Este producto est\u00e1 formulado para no contener surfactantes sulfatados, est\u00e1 libre de parabenos, microperlas de pl\u00e1stico y de ftalatos y proporciona resultados \u00f3ptimos cuando se usa con el Acondicionador de Arg\u00e1n de Marruecos de OGX.<br><\/p>\n\n\n    <a class='product' target='_blank' href='https:\/\/www.primor.eu\/es_es\/ogx-argan-oil-of-morocco-champu-105627.html?#854=66519'>\r\n        <img loading='async' src='https:\/\/cdn2.primor.eu\/media\/catalog\/product\/cache\/8d3aba296f7a18b5251ee30fa5db42b2\/0\/0\/0022796976116_01_5d1d.jpg' alt='COMPRAR AHORA'>\r\n            <div class=\"claim\">\r\n                COMPRAR AHORA            <\/div>\r\n        <\/a>\r\n    \n\n<div class=\"kk-star-ratings kksr-auto kksr-align-center kksr-valign-bottom\"\n    data-payload='{&quot;align&quot;:&quot;center&quot;,&quot;id&quot;:&quot;119440&quot;,&quot;slug&quot;:&quot;default&quot;,&quot;valign&quot;:&quot;bottom&quot;,&quot;ignore&quot;:&quot;&quot;,&quot;reference&quot;:&quot;auto&quot;,&quot;class&quot;:&quot;&quot;,&quot;count&quot;:&quot;5&quot;,&quot;legendonly&quot;:&quot;&quot;,&quot;readonly&quot;:&quot;&quot;,&quot;score&quot;:&quot;4.2&quot;,&quot;starsonly&quot;:&quot;&quot;,&quot;best&quot;:&quot;5&quot;,&quot;gap&quot;:&quot;5&quot;,&quot;greet&quot;:&quot;Valora este art\u00edculo&quot;,&quot;legend&quot;:&quot;4.2\\\/5 - (5 votos)&quot;,&quot;size&quot;:&quot;24&quot;,&quot;title&quot;:&quot;\u00bfC\u00f3mo saber si me estoy lavando el pelo con la frecuencia adecuada?&quot;,&quot;width&quot;:&quot;119.3&quot;,&quot;_legend&quot;:&quot;{score}\\\/{best} - ({count} {votes})&quot;,&quot;font_factor&quot;:&quot;1.25&quot;}'>\n            \n<div class=\"kksr-stars\">\n    \n<div class=\"kksr-stars-inactive\">\n            <div class=\"kksr-star\" data-star=\"1\" style=\"padding-right: 5px\">\n            \n\n<div class=\"kksr-icon\" style=\"width: 24px; height: 24px;\"><\/div>\n        <\/div>\n            <div class=\"kksr-star\" data-star=\"2\" style=\"padding-right: 5px\">\n            \n\n<div class=\"kksr-icon\" style=\"width: 24px; height: 24px;\"><\/div>\n        <\/div>\n            <div class=\"kksr-star\" data-star=\"3\" style=\"padding-right: 5px\">\n            \n\n<div class=\"kksr-icon\" style=\"width: 24px; height: 24px;\"><\/div>\n        <\/div>\n            <div class=\"kksr-star\" data-star=\"4\" style=\"padding-right: 5px\">\n            \n\n<div class=\"kksr-icon\" style=\"width: 24px; height: 24px;\"><\/div>\n        <\/div>\n            <div class=\"kksr-star\" data-star=\"5\" style=\"padding-right: 5px\">\n            \n\n<div class=\"kksr-icon\" style=\"width: 24px; height: 24px;\"><\/div>\n        <\/div>\n    <\/div>\n    \n<div class=\"kksr-stars-active\" style=\"width: 119.3px;\">\n            <div class=\"kksr-star\" style=\"padding-right: 5px\">\n            \n\n<div class=\"kksr-icon\" style=\"width: 24px; height: 24px;\"><\/div>\n        <\/div>\n            <div class=\"kksr-star\" style=\"padding-right: 5px\">\n            \n\n<div class=\"kksr-icon\" style=\"width: 24px; height: 24px;\"><\/div>\n        <\/div>\n            <div class=\"kksr-star\" style=\"padding-right: 5px\">\n            \n\n<div class=\"kksr-icon\" style=\"width: 24px; height: 24px;\"><\/div>\n        <\/div>\n            <div class=\"kksr-star\" style=\"padding-right: 5px\">\n            \n\n<div class=\"kksr-icon\" style=\"width: 24px; height: 24px;\"><\/div>\n        <\/div>\n            <div class=\"kksr-star\" style=\"padding-right: 5px\">\n            \n\n<div class=\"kksr-icon\" style=\"width: 24px; height: 24px;\"><\/div>\n        <\/div>\n    <\/div>\n<\/div>\n                \n\n<div class=\"kksr-legend\" style=\"font-size: 19.2px;\">\n            4.2\/5 - (5 votos)    <\/div>\n    <\/div>\n","protected":false},"excerpt":{"rendered":"<p>Puede que te hayas hecho esta pregunta alguna vez. Y es que la frecuencia de lavado del pelo depende de varios factores, como tu tipo de pelo o los ambientes que frecuentas y tu estilo de vida.\u00a0 Hoy vamos a ver estos dos factores m\u00e1s en profundidad, para que sepas c\u00f3mo detectar la frecuencia de [&hellip;]<\/p>\n","protected":false},"author":30,"featured_media":119441,"comment_status":"closed","ping_status":"closed","sticky":false,"template":"","format":"standard","meta":{"jnews-multi-image_gallery":[],"jnews_single_post":{"format":"standard"},"jnews_primary_category":[],"jnews_social_meta":[],"jnews_override_counter":[],"footnotes":""},"categories":[35],"tags":[],"class_list":["post-119440","post","type-post","status-publish","format-standard","has-post-thumbnail","hentry","category-cabello"],"_links":{"self":[{"href":"https:\/\/www.primor.eu\/blog\/wp-json\/wp\/v2\/posts\/119440","targetHints":{"allow":["GET"]}}],"collection":[{"href":"https:\/\/www.primor.eu\/blog\/wp-json\/wp\/v2\/posts"}],"about":[{"href":"https:\/\/www.primor.eu\/blog\/wp-json\/wp\/v2\/types\/post"}],"author":[{"embeddable":true,"href":"https:\/\/www.primor.eu\/blog\/wp-json\/wp\/v2\/users\/30"}],"replies":[{"embeddable":true,"href":"https:\/\/www.primor.eu\/blog\/wp-json\/wp\/v2\/comments?post=119440"}],"version-history":[{"count":2,"href":"https:\/\/www.primor.eu\/blog\/wp-json\/wp\/v2\/posts\/119440\/revisions"}],"predecessor-version":[{"id":137198,"href":"https:\/\/www.primor.eu\/blog\/wp-json\/wp\/v2\/posts\/119440\/revisions\/137198"}],"wp:featuredmedia":[{"embeddable":true,"href":"https:\/\/www.primor.eu\/blog\/wp-json\/wp\/v2\/media\/119441"}],"wp:attachment":[{"href":"https:\/\/www.primor.eu\/blog\/wp-json\/wp\/v2\/media?parent=119440"}],"wp:term":[{"taxonomy":"category","embeddable":true,"href":"https:\/\/www.primor.eu\/blog\/wp-json\/wp\/v2\/categories?post=119440"},{"taxonomy":"post_tag","embeddable":true,"href":"https:\/\/www.primor.eu\/blog\/wp-json\/wp\/v2\/tags?post=119440"}],"curies":[{"name":"wp","href":"https:\/\/api.w.org\/{rel}","templated":true}]}}