{"id":119331,"date":"2025-12-08T12:15:01","date_gmt":"2025-12-08T12:15:01","guid":{"rendered":"https:\/\/www.primor.eu\/blog\/?p=119331"},"modified":"2025-12-08T12:15:03","modified_gmt":"2025-12-08T12:15:03","slug":"mejores-frutas-temporada-invierno","status":"publish","type":"post","link":"https:\/\/www.primor.eu\/blog\/mejores-frutas-temporada-invierno\/","title":{"rendered":"Me lo ha dicho un experto: las 7 frutas de temporada que podr\u00e1s consumir en invierno"},"content":{"rendered":"\n<p>Las mejores <strong><a href=\"https:\/\/www.primor.eu\/blog\/cuida-tu-salud-con-snacks-de-fruta-con-fruta-pura\/\" data-type=\"link\" data-id=\"https:\/\/www.primor.eu\/blog\/cuida-tu-salud-con-snacks-de-fruta-con-fruta-pura\/\">frutas <\/a>de temporada <\/strong>en <strong>invierno<\/strong> son aquellas que da la naturaleza. La naturaleza da en cada temporada aquello que deber\u00edamos comer. Seg\u00fan principios de <strong>alimentaci\u00f3n macrobi\u00f3tica<\/strong>, que se centra en conseguir una cocina que equilibre al cuerpo, se recomienda comer lo que da la tierra en cada estaci\u00f3n.\u00a0<\/p>\n\n\n\n<p>Tambi\u00e9n, seg\u00fan esta disciplina de bienestar, se deber\u00eda comer lo que da la tierra en cada zona. Es decir, que si vivimos en Espa\u00f1a deber\u00edamos comer frutas y verduras t\u00edpicas de la <strong>zona mediterr\u00e1nea<\/strong> y no de lugares tropicales, por ejemplo. En invierno hay frutas de temporada que aportan lo que el cuerpo necesita. Hoy vemos cu\u00e1les son las frutas de temporada en invierno que puedes comer y c\u00f3mo incluirlas en tu d\u00eda a d\u00eda.&nbsp;<\/p>\n\n\n\n<h3 class=\"wp-block-heading\">Naranjas<\/h3>\n\n\n\n<p>Las naranjas son la fruta m\u00e1s t\u00edpica entre las frutas de temporada en invierno. En Espa\u00f1a tenemos naranjas deliciosas, como las que vienen de Valencia. En invierno, las naranjas alcanzan su m\u00e1ximo sabor y dulzor, por lo que es la mejor \u00e9poca para tomarlas no solo por sus nutrientes y propiedades, sino por esto.&nbsp;<\/p>\n\n\n\n<p>Aunque la forma m\u00e1s com\u00fan de tomar las naranjas es en el desayuno y en zumo sin pulpa, comer la pulpa es muy saludable. Por eso, es bueno comer la naranja entera o beberse el zumo incluyendo la pulpa. De esta manera se aprovechan al m\u00e1ximo las vitaminas de la fruta. Su alto contenido en vitamina C, es genial para reforzar el sistema inmune y prevenir resfriados.<\/p>\n\n\n\n<h3 class=\"wp-block-heading\">Mandarinas<\/h3>\n\n\n\n<p>Las mandarinas tienen propiedades muy similares a las de las naranjas, por lo que tambi\u00e9n aportan vitamina C y fibra. Son geniales para reforzar el sistema inmune tambi\u00e9n y para prevenir resfriados y afecciones que solemos sufrir en invierno. Las mandarinas tienen la ventaja de comerse de forma sencilla y poder transportarse, por lo que pueden ser geniales para llevarlas en una excursi\u00f3n, al trabajo o al colegio. No obstante, tambi\u00e9n se pueden tomar en zumo y en macedonias.<\/p>\n\n\n\n<h3 class=\"wp-block-heading\">Caquis<\/h3>\n\n\n\n<p>Los caquis son una de las frutas de temporada en invierno que se ha popularizado en los \u00faltimos a\u00f1os. Entre sus propiedades destaca que adem\u00e1s de ser ricos en vitamina C y antioxidantes, lo son en vitamina A. Se pueden tomar en macedonias o en pedacitos para la merienda, el desayuno o el postre. Tambi\u00e9n son perfectos para hacer mermeladas.<\/p>\n\n\n\n<h3 class=\"wp-block-heading\">Kiwis<\/h3>\n\n\n\n<p>Otra de las frutas de temporada en invierno que son muy conocidas por su aporte en vitamina C que incluso supera a las naranjas, lo son por la fibra que tienen. Adem\u00e1s de fibra, los kiwis tienen potasio, por lo que son perfectos para recuperarse despu\u00e9s de hacer ejercicio. Se pueden tomar como postre, en macedonias o en zumos mezclados con frutas m\u00e1s dulces.<\/p>\n\n\n\n<h3 class=\"wp-block-heading\">Granadas<\/h3>\n\n\n\n<p>Las granadas, como el resto de las frutas de invierno que estamos viendo, tambi\u00e9n aportan vitamina C y fibra. Aunque tienen un sabor \u00e1cido que no cautiva a todo el mundo, se pueden comer en macedonias mezcladas con otras frutas m\u00e1s dulces. Tambi\u00e9n es buena idea incluirlas en yogures o ensaladas como topping.&nbsp;<\/p>\n\n\n\n<h3 class=\"wp-block-heading\">Manzanas<\/h3>\n\n\n\n<p>Las manzanas est\u00e1n disponibles todo el a\u00f1o, pero son una de las mejores frutas que se pueden comer en invierno. Tienen una gran cantidad de antioxidantes y tambi\u00e9n aportan fibra y vitamina C. Una de las mejores formas de comerlas en invierno es asadas o en compota.&nbsp;<\/p>\n\n\n\n<h3 class=\"wp-block-heading\">Peras<\/h3>\n\n\n\n<p>Las peras s\u00ed que son una de las frutas de temporada en invierno porque alcanzan su mayor grado de madurez en esta \u00e9poca del a\u00f1o. Con su alto aporte de antioxidantes y fibra, se convierten en ideales para el postre o la merienda. Se pueden comer frescas, pero tambi\u00e9n van muy bien en ensaladas templadas en invierno y combinadas con queso y frutos secos.<\/p>\n\n\n<div class=\"kk-star-ratings kksr-auto kksr-align-center kksr-valign-bottom\"\n    data-payload='{&quot;align&quot;:&quot;center&quot;,&quot;id&quot;:&quot;119331&quot;,&quot;slug&quot;:&quot;default&quot;,&quot;valign&quot;:&quot;bottom&quot;,&quot;ignore&quot;:&quot;&quot;,&quot;reference&quot;:&quot;auto&quot;,&quot;class&quot;:&quot;&quot;,&quot;count&quot;:&quot;0&quot;,&quot;legendonly&quot;:&quot;&quot;,&quot;readonly&quot;:&quot;&quot;,&quot;score&quot;:&quot;0&quot;,&quot;starsonly&quot;:&quot;&quot;,&quot;best&quot;:&quot;5&quot;,&quot;gap&quot;:&quot;5&quot;,&quot;greet&quot;:&quot;Valora este art\u00edculo&quot;,&quot;legend&quot;:&quot;0\\\/5 - (0 votos)&quot;,&quot;size&quot;:&quot;24&quot;,&quot;title&quot;:&quot;Me lo ha dicho un experto: las 7 frutas de temporada que podr\u00e1s consumir en invierno&quot;,&quot;width&quot;:&quot;0&quot;,&quot;_legend&quot;:&quot;{score}\\\/{best} - ({count} {votes})&quot;,&quot;font_factor&quot;:&quot;1.25&quot;}'>\n            \n<div class=\"kksr-stars\">\n    \n<div class=\"kksr-stars-inactive\">\n            <div class=\"kksr-star\" data-star=\"1\" style=\"padding-right: 5px\">\n            \n\n<div class=\"kksr-icon\" style=\"width: 24px; height: 24px;\"><\/div>\n        <\/div>\n            <div class=\"kksr-star\" data-star=\"2\" style=\"padding-right: 5px\">\n            \n\n<div class=\"kksr-icon\" style=\"width: 24px; height: 24px;\"><\/div>\n        <\/div>\n            <div class=\"kksr-star\" data-star=\"3\" style=\"padding-right: 5px\">\n            \n\n<div class=\"kksr-icon\" style=\"width: 24px; height: 24px;\"><\/div>\n        <\/div>\n            <div class=\"kksr-star\" data-star=\"4\" style=\"padding-right: 5px\">\n            \n\n<div class=\"kksr-icon\" style=\"width: 24px; height: 24px;\"><\/div>\n        <\/div>\n            <div class=\"kksr-star\" data-star=\"5\" style=\"padding-right: 5px\">\n            \n\n<div class=\"kksr-icon\" style=\"width: 24px; height: 24px;\"><\/div>\n        <\/div>\n    <\/div>\n    \n<div class=\"kksr-stars-active\" style=\"width: 0px;\">\n            <div class=\"kksr-star\" style=\"padding-right: 5px\">\n            \n\n<div class=\"kksr-icon\" style=\"width: 24px; height: 24px;\"><\/div>\n        <\/div>\n            <div class=\"kksr-star\" style=\"padding-right: 5px\">\n            \n\n<div class=\"kksr-icon\" style=\"width: 24px; height: 24px;\"><\/div>\n        <\/div>\n            <div class=\"kksr-star\" style=\"padding-right: 5px\">\n            \n\n<div class=\"kksr-icon\" style=\"width: 24px; height: 24px;\"><\/div>\n        <\/div>\n            <div class=\"kksr-star\" style=\"padding-right: 5px\">\n            \n\n<div class=\"kksr-icon\" style=\"width: 24px; height: 24px;\"><\/div>\n        <\/div>\n            <div class=\"kksr-star\" style=\"padding-right: 5px\">\n            \n\n<div class=\"kksr-icon\" style=\"width: 24px; height: 24px;\"><\/div>\n        <\/div>\n    <\/div>\n<\/div>\n                \n\n<div class=\"kksr-legend\" style=\"font-size: 19.2px;\">\n            <span class=\"kksr-muted\">Valora este art\u00edculo<\/span>\n    <\/div>\n    <\/div>\n","protected":false},"excerpt":{"rendered":"<p>Las mejores frutas de temporada en invierno son aquellas que da la naturaleza. La naturaleza da en cada temporada aquello que deber\u00edamos comer. Seg\u00fan principios de alimentaci\u00f3n macrobi\u00f3tica, que se centra en conseguir una cocina que equilibre al cuerpo, se recomienda comer lo que da la tierra en cada estaci\u00f3n.\u00a0 Tambi\u00e9n, seg\u00fan esta disciplina de [&hellip;]<\/p>\n","protected":false},"author":30,"featured_media":119332,"comment_status":"closed","ping_status":"closed","sticky":false,"template":"","format":"standard","meta":{"jnews-multi-image_gallery":[],"jnews_single_post":{"format":"standard"},"jnews_primary_category":[],"jnews_social_meta":[],"jnews_override_counter":[],"footnotes":""},"categories":[6299],"tags":[],"class_list":["post-119331","post","type-post","status-publish","format-standard","has-post-thumbnail","hentry","category-bienestar"],"_links":{"self":[{"href":"https:\/\/www.primor.eu\/blog\/wp-json\/wp\/v2\/posts\/119331","targetHints":{"allow":["GET"]}}],"collection":[{"href":"https:\/\/www.primor.eu\/blog\/wp-json\/wp\/v2\/posts"}],"about":[{"href":"https:\/\/www.primor.eu\/blog\/wp-json\/wp\/v2\/types\/post"}],"author":[{"embeddable":true,"href":"https:\/\/www.primor.eu\/blog\/wp-json\/wp\/v2\/users\/30"}],"replies":[{"embeddable":true,"href":"https:\/\/www.primor.eu\/blog\/wp-json\/wp\/v2\/comments?post=119331"}],"version-history":[{"count":3,"href":"https:\/\/www.primor.eu\/blog\/wp-json\/wp\/v2\/posts\/119331\/revisions"}],"predecessor-version":[{"id":135835,"href":"https:\/\/www.primor.eu\/blog\/wp-json\/wp\/v2\/posts\/119331\/revisions\/135835"}],"wp:featuredmedia":[{"embeddable":true,"href":"https:\/\/www.primor.eu\/blog\/wp-json\/wp\/v2\/media\/119332"}],"wp:attachment":[{"href":"https:\/\/www.primor.eu\/blog\/wp-json\/wp\/v2\/media?parent=119331"}],"wp:term":[{"taxonomy":"category","embeddable":true,"href":"https:\/\/www.primor.eu\/blog\/wp-json\/wp\/v2\/categories?post=119331"},{"taxonomy":"post_tag","embeddable":true,"href":"https:\/\/www.primor.eu\/blog\/wp-json\/wp\/v2\/tags?post=119331"}],"curies":[{"name":"wp","href":"https:\/\/api.w.org\/{rel}","templated":true}]}}