{"id":119300,"date":"2024-12-22T17:00:00","date_gmt":"2024-12-22T17:00:00","guid":{"rendered":"https:\/\/www.primor.eu\/blog\/?p=119300"},"modified":"2024-12-19T19:26:16","modified_gmt":"2024-12-19T19:26:16","slug":"flip-hair","status":"publish","type":"post","link":"https:\/\/www.primor.eu\/blog\/flip-hair\/","title":{"rendered":"Vuelve el flip hair y as\u00ed es c\u00f3mo podr\u00e1s conseguir este peinado que parece s\u00faper natural"},"content":{"rendered":"\n<p>El<strong> flip hair<\/strong> es una tendencia sencilla de conseguir y capaz de <strong>elevar cualquier look<\/strong>. Est\u00e1 inspirada en los peinados retro. Por eso, es genial para combinarlo con un look <strong>vintage<\/strong> pero tambi\u00e9n con uno casual para darle un toque de <strong>personalidad<\/strong>.\u00a0Vamos a ver todo sobre el flip hair y c\u00f3mo puedes conseguir este look en tus <a href=\"https:\/\/www.primor.eu\/blog\/cortes-de-pelo\/?srsltid=AfmBOooTDMf4t1JMoV0urktjCSBamA5EwEegsBjraIXYzxBe2e46e9I1\" data-type=\"link\" data-id=\"https:\/\/www.primor.eu\/blog\/cortes-de-pelo\/?srsltid=AfmBOooTDMf4t1JMoV0urktjCSBamA5EwEegsBjraIXYzxBe2e46e9I1\">peinados <\/a>sin tener que ir al sal\u00f3n.\u00a0<\/p>\n\n\n\n<h2 class=\"wp-block-heading\">\u00bfQu\u00e9 es el flip hair?<\/h2>\n\n\n\n<p>Para comprender qu\u00e9 es el flip hair, lo mejor es retrotraernos a esos looks sesenteros en los que las melenas acababan con <strong>movimiento en sus puntas<\/strong>. El flip hair est\u00e1 marcado por los peinados con las puntas ligeramente hacia afuera.<\/p>\n\n\n\n<p>Este efecto sirve, adem\u00e1s de para darle esta est\u00e9tica vintage y estilosa a las melenas o los medios recogidos, incluso a las coletas, para enmarcar el rostro.<\/p>\n\n\n\n<h2 class=\"wp-block-heading\">C\u00f3mo conseguir el flip hair en casa paso a paso<\/h2>\n\n\n\n<p>Vamos a ver cu\u00e1l es el paso a paso para conseguir el flip hair en casa. Despu\u00e9s, veremos las herramientas que necesitas a trav\u00e9s de las mejores opciones disponibles en nuestra tienda.<\/p>\n\n\n\n<ol class=\"wp-block-list\">\n<li><strong>Divide la melena<\/strong>: ser\u00e1 suficiente con que lo hagas en unas seis secciones. Si no tienes mucha cantidad de pelo puede ser suficiente con separarla en cuatro. Comienza por las capas de abajo para ir subiendo.<\/li>\n\n\n\n<li><strong>Haz las ondas<\/strong>: en una secci\u00f3n del pelo con una plancha peque\u00f1a o un rizador. Si usas plancha es tan sencillo como deslizar la plancha desde la ra\u00edz hasta las puntas. y girar hacia afuera para crear el efecto volteado cuando llegues a las puntas. Con el rizador tendr\u00e1s que enrollar las puntas hacia afuera y mantener el calor unos segundos para fijar las ondas.<\/li>\n\n\n\n<li><strong>Usa laca<\/strong>: para que las puntas no pierdan ese efecto volteado. Procura no pasarte para que no quede demasiado espesa tu melena.<\/li>\n\n\n\n<li><strong>Suaviza<\/strong>: la rigidez que haya podido quedar para darle al pelo un aspecto m\u00e1s suelto y natural. Para ello usa los dedos o un peine de dientes anchos.<\/li>\n<\/ol>\n\n\n\n<h2 class=\"wp-block-heading\">Lo que necesitas para conseguir el flip hair est\u00e1 en nuestra tienda<\/h2>\n\n\n        <product-table class=\"pr-slider\">\r\n            <product-headers class=\"grid-table-rows\">\r\n                <div>Foto<\/div>\r\n                <div>Producto<\/div>\r\n                <div>Marca<\/div>\r\n                <div>Valoraciones<\/div>\r\n                <div>Precio<\/div>\r\n            <\/product-headers>\r\n\r\n            <product-list>\r\n                                    <a href=\"https:\/\/www.primor.eu\/es_es\/beter-mini-plancha-inalambrica-105876.html?#779=41220\" class=\"product-item grid-table-rows\" target=\"_blank\">\r\n                        <div>\r\n                            <img decoding=\"async\" class=\"product-img\" width=\"80px\" height=\"80px\" src=\"https:\/\/cdn2.primor.eu\/media\/catalog\/product\/cache\/8d3aba296f7a18b5251ee30fa5db42b2\/8\/4\/8412122038007__3__removebg_preview_61f2.png\" alt=\"Mini Plancha Inal\u00e1mbrica\">\r\n                        <\/div>\r\n\r\n                        <!-- Contenido de producto  -->\r\n                        <div>\r\n                            <div class=\"product-position\">\r\n                                #1 Top Ventas                            <\/div>\r\n\r\n                            <h2>\r\n                                Mini Plancha Inal\u00e1mbrica                            <\/h2>\r\n                        <\/div>\r\n\r\n                        <!-- Imagen y\/o nombre de la marca -->\r\n                        <div>\r\n                                                            <img decoding=\"async\" width=\"70\" src=\"https:\/\/www.primor.eu\/media\/catalog\/category\/BETER.jpg\" alt=\"Beter\">\r\n                                                    <\/div>\r\n\r\n                        <!-- Puntuaci\u00f3n del producto  -->\r\n                        <div class=\"rating\">\r\n                                                            <div class=\"rate\" style=\"--p:94;\"><\/div>\r\n                                <b>4.7\/5<\/b>\r\n                                <div class=\"rate-stars\">\r\n                                                                            <div\r\n                                            class=\"rate-star  \">\r\n                                        <\/div>\r\n                                                                            <div\r\n                                            class=\"rate-star  \">\r\n                                        <\/div>\r\n                                                                            <div\r\n                                            class=\"rate-star  \">\r\n                                        <\/div>\r\n                                                                            <div\r\n                                            class=\"rate-star  \">\r\n                                        <\/div>\r\n                                                                            <div\r\n                                            class=\"rate-star  \">\r\n                                        <\/div>\r\n                                                                    <\/div>\r\n                                                    <\/div>\r\n\r\n                        <!-- Bot\u00f3n de producto  -->\r\n                        <div>\r\n                            <span class=\"price-claim\">\r\n                                VER PRECIO                            <\/span>\r\n                        <\/div>\r\n                    <\/a>\r\n                                    <a href=\"https:\/\/www.primor.eu\/es_es\/w7-heatless-hair-curler-77517.html\" class=\"product-item grid-table-rows\" target=\"_blank\">\r\n                        <div>\r\n                            <img decoding=\"async\" class=\"product-img\" width=\"80px\" height=\"80px\" src=\"https:\/\/cdn2.primor.eu\/media\/catalog\/product\/cache\/8d3aba296f7a18b5251ee30fa5db42b2\/r\/u\/rulos_3dc6.jpg\" alt=\"Heatless Hair Curler\">\r\n                        <\/div>\r\n\r\n                        <!-- Contenido de producto  -->\r\n                        <div>\r\n                            <div class=\"product-position\">\r\n                                #2                            <\/div>\r\n\r\n                            <h2>\r\n                                Heatless Hair Curler                            <\/h2>\r\n                        <\/div>\r\n\r\n                        <!-- Imagen y\/o nombre de la marca -->\r\n                        <div>\r\n                                                            <img decoding=\"async\" width=\"70\" src=\"https:\/\/www.primor.eu\/media\/catalog\/category\/893_w7_1.png\" alt=\"\">\r\n                                                    <\/div>\r\n\r\n                        <!-- Puntuaci\u00f3n del producto  -->\r\n                        <div class=\"rating\">\r\n                                                            <p>No hay valoraciones disponibles<\/p>\r\n                                                    <\/div>\r\n\r\n                        <!-- Bot\u00f3n de producto  -->\r\n                        <div>\r\n                            <span class=\"price-claim\">\r\n                                VER PRECIO                            <\/span>\r\n                        <\/div>\r\n                    <\/a>\r\n                                    <a href=\"https:\/\/www.primor.eu\/es_es\/l-oreal-paris-elnett-laca-normal-106853.html?#854=66459\" class=\"product-item grid-table-rows\" target=\"_blank\">\r\n                        <div>\r\n                            <img decoding=\"async\" class=\"product-img\" width=\"80px\" height=\"80px\" src=\"https:\/\/cdn2.primor.eu\/media\/catalog\/product\/cache\/8d3aba296f7a18b5251ee30fa5db42b2\/2\/C\/2CL00003_1_b523.jpg\" alt=\"Elnett Laca Normal\">\r\n                        <\/div>\r\n\r\n                        <!-- Contenido de producto  -->\r\n                        <div>\r\n                            <div class=\"product-position\">\r\n                                #3                            <\/div>\r\n\r\n                            <h2>\r\n                                Elnett Laca Normal                            <\/h2>\r\n                        <\/div>\r\n\r\n                        <!-- Imagen y\/o nombre de la marca -->\r\n                        <div>\r\n                                                            <img decoding=\"async\" width=\"70\" src=\"https:\/\/www.primor.eu\/media\/catalog\/category\/loreal-paris.png\" alt=\"L Or\u00e9al Par\u00eds\">\r\n                                                    <\/div>\r\n\r\n                        <!-- Puntuaci\u00f3n del producto  -->\r\n                        <div class=\"rating\">\r\n                                                            <div class=\"rate\" style=\"--p:96;\"><\/div>\r\n                                <b>4.8\/5<\/b>\r\n                                <div class=\"rate-stars\">\r\n                                                                            <div\r\n                                            class=\"rate-star  \">\r\n                                        <\/div>\r\n                                                                            <div\r\n                                            class=\"rate-star  \">\r\n                                        <\/div>\r\n                                                                            <div\r\n                                            class=\"rate-star  \">\r\n                                        <\/div>\r\n                                                                            <div\r\n                                            class=\"rate-star  \">\r\n                                        <\/div>\r\n                                                                            <div\r\n                                            class=\"rate-star  \">\r\n                                        <\/div>\r\n                                                                    <\/div>\r\n                                                    <\/div>\r\n\r\n                        <!-- Bot\u00f3n de producto  -->\r\n                        <div>\r\n                            <span class=\"price-claim\">\r\n                                VER PRECIO                            <\/span>\r\n                        <\/div>\r\n                    <\/a>\r\n                            <\/product-list>\r\n        <\/product-table>\r\n\r\n        \n\n\n\n<h3 class=\"wp-block-heading\">Mini Plancha Inal\u00e1mbrica de Beter<\/h3>\n\n\n\n<p>El dispositivo peque\u00f1o amigable y de confianza para transformar el peinado en pocos minutos. Alisa el cabello sin esfuerzo o crea ondas al instante. El dise\u00f1o redondeado de sus extremos permite que se deslice con la m\u00e1xima suavidad.<\/p>\n\n\n    <a class='product' target='_blank' href='https:\/\/www.primor.eu\/es_es\/beter-mini-plancha-inalambrica-105876.html?#779=41220'>\r\n        <img loading='async' src='https:\/\/cdn2.primor.eu\/media\/catalog\/product\/cache\/8d3aba296f7a18b5251ee30fa5db42b2\/8\/4\/8412122038007__3__removebg_preview_61f2.png' alt='COMPRAR AHORA'>\r\n            <div class=\"claim\">\r\n                COMPRAR AHORA            <\/div>\r\n        <\/a>\r\n    \n\n\n\n<h3 class=\"wp-block-heading\">Heatless Hair Curler de W7<\/h3>\n\n\n\n<p>1. Para obtener mejores resultados, aseg\u00farate de que el cabello est\u00e9 ligeramente h\u00famedo antes de la aplicaci\u00f3n.<\/p>\n\n\n\n<p>2. Divide el cabello por la mitad en dos secciones iguales.<\/p>\n\n\n\n<p>3. Coloca el rizador sobre la cabeza y suj\u00e9talo con las pinzas o con una pinza para el pelo.<\/p>\n\n\n\n<p>4. Empezando por la parte superior, enrolla una secci\u00f3n de pelo alrededor de la banda, alej\u00e1ndote de la cara, incorporando poco a poco nuevos mechones a medida que avanzas.<\/p>\n\n\n\n<p>5. Repite el proceso hasta llegar a la parte inferior del cabello, manteniendo cada vuelta lo m\u00e1s apretada posible para conseguir un rizo bien definido.<\/p>\n\n\n\n<p>6. Utiliza una goma de pelo para mantenerlo en su sitio.<\/p>\n\n\n\n<p>7.Repite los pasos 4 a 6 en el lado opuesto.<\/p>\n\n\n    <a class='product' target='_blank' href='https:\/\/www.primor.eu\/es_es\/w7-heatless-hair-curler-77517.html'>\r\n        <img loading='async' src='https:\/\/cdn2.primor.eu\/media\/catalog\/product\/cache\/8d3aba296f7a18b5251ee30fa5db42b2\/r\/u\/rulos_3dc6.jpg' alt='COMPRAR AHORA'>\r\n            <div class=\"claim\">\r\n                COMPRAR AHORA            <\/div>\r\n        <\/a>\r\n    \n\n\n\n<h3 class=\"wp-block-heading\">Elnett Laca Normal de L\u2019Or\u00e9al<\/h3>\n\n\n\n<p>Descubre la excelencia en fijaci\u00f3n con Elnett Laca Normal de L'Or\u00e9al Paris. Esta laca con micro difusi\u00f3n est\u00e1 dise\u00f1ada para mantener tu peinado perfecto durante mucho tiempo, protegi\u00e9ndolo de la humedad y proporcionando un tacto suave como la seda.<\/p>\n\n\n\n<p>La f\u00f3rmula \u00fanica de Elnett protege el cabello seco y da\u00f1ado, ofreciendo una fijaci\u00f3n normal que se elimina f\u00e1cilmente con un ligero cepillado.<\/p>\n\n\n\n<p>Para alisar, rizar, crear volumen y lograr una variedad de peinados. Su f\u00f3rmula avanzada no pega ni acartona, permitiendo que el pelo conserve su flexibilidad y brillo natural. Experimenta la calidad y versatilidad que solo Elnett Laca Normal puede ofrecer.<\/p>\n\n\n    <a class='product' target='_blank' href='https:\/\/www.primor.eu\/es_es\/l-oreal-paris-elnett-laca-normal-106853.html?#854=66459'>\r\n        <img loading='async' src='https:\/\/cdn2.primor.eu\/media\/catalog\/product\/cache\/8d3aba296f7a18b5251ee30fa5db42b2\/2\/C\/2CL00003_1_b523.jpg' alt='COMPRAR AHORA'>\r\n            <div class=\"claim\">\r\n                COMPRAR AHORA            <\/div>\r\n        <\/a>\r\n    \n\n\n<div class=\"kk-star-ratings kksr-auto kksr-align-center kksr-valign-bottom\"\n    data-payload='{&quot;align&quot;:&quot;center&quot;,&quot;id&quot;:&quot;119300&quot;,&quot;slug&quot;:&quot;default&quot;,&quot;valign&quot;:&quot;bottom&quot;,&quot;ignore&quot;:&quot;&quot;,&quot;reference&quot;:&quot;auto&quot;,&quot;class&quot;:&quot;&quot;,&quot;count&quot;:&quot;0&quot;,&quot;legendonly&quot;:&quot;&quot;,&quot;readonly&quot;:&quot;&quot;,&quot;score&quot;:&quot;0&quot;,&quot;starsonly&quot;:&quot;&quot;,&quot;best&quot;:&quot;5&quot;,&quot;gap&quot;:&quot;5&quot;,&quot;greet&quot;:&quot;Valora este art\u00edculo&quot;,&quot;legend&quot;:&quot;0\\\/5 - (0 votos)&quot;,&quot;size&quot;:&quot;24&quot;,&quot;title&quot;:&quot;Vuelve el flip hair y as\u00ed es c\u00f3mo podr\u00e1s conseguir este peinado que parece s\u00faper natural&quot;,&quot;width&quot;:&quot;0&quot;,&quot;_legend&quot;:&quot;{score}\\\/{best} - ({count} {votes})&quot;,&quot;font_factor&quot;:&quot;1.25&quot;}'>\n            \n<div class=\"kksr-stars\">\n    \n<div class=\"kksr-stars-inactive\">\n            <div class=\"kksr-star\" data-star=\"1\" style=\"padding-right: 5px\">\n            \n\n<div class=\"kksr-icon\" style=\"width: 24px; height: 24px;\"><\/div>\n        <\/div>\n            <div class=\"kksr-star\" data-star=\"2\" style=\"padding-right: 5px\">\n            \n\n<div class=\"kksr-icon\" style=\"width: 24px; height: 24px;\"><\/div>\n        <\/div>\n            <div class=\"kksr-star\" data-star=\"3\" style=\"padding-right: 5px\">\n            \n\n<div class=\"kksr-icon\" style=\"width: 24px; height: 24px;\"><\/div>\n        <\/div>\n            <div class=\"kksr-star\" data-star=\"4\" style=\"padding-right: 5px\">\n            \n\n<div class=\"kksr-icon\" style=\"width: 24px; height: 24px;\"><\/div>\n        <\/div>\n            <div class=\"kksr-star\" data-star=\"5\" style=\"padding-right: 5px\">\n            \n\n<div class=\"kksr-icon\" style=\"width: 24px; height: 24px;\"><\/div>\n        <\/div>\n    <\/div>\n    \n<div class=\"kksr-stars-active\" style=\"width: 0px;\">\n            <div class=\"kksr-star\" style=\"padding-right: 5px\">\n            \n\n<div class=\"kksr-icon\" style=\"width: 24px; height: 24px;\"><\/div>\n        <\/div>\n            <div class=\"kksr-star\" style=\"padding-right: 5px\">\n            \n\n<div class=\"kksr-icon\" style=\"width: 24px; height: 24px;\"><\/div>\n        <\/div>\n            <div class=\"kksr-star\" style=\"padding-right: 5px\">\n            \n\n<div class=\"kksr-icon\" style=\"width: 24px; height: 24px;\"><\/div>\n        <\/div>\n            <div class=\"kksr-star\" style=\"padding-right: 5px\">\n            \n\n<div class=\"kksr-icon\" style=\"width: 24px; height: 24px;\"><\/div>\n        <\/div>\n            <div class=\"kksr-star\" style=\"padding-right: 5px\">\n            \n\n<div class=\"kksr-icon\" style=\"width: 24px; height: 24px;\"><\/div>\n        <\/div>\n    <\/div>\n<\/div>\n                \n\n<div class=\"kksr-legend\" style=\"font-size: 19.2px;\">\n            <span class=\"kksr-muted\">Valora este art\u00edculo<\/span>\n    <\/div>\n    <\/div>\n","protected":false},"excerpt":{"rendered":"<p>El flip hair es una tendencia sencilla de conseguir y capaz de elevar cualquier look. Est\u00e1 inspirada en los peinados retro. Por eso, es genial para combinarlo con un look vintage pero tambi\u00e9n con uno casual para darle un toque de personalidad.\u00a0Vamos a ver todo sobre el flip hair y c\u00f3mo puedes conseguir este look [&hellip;]<\/p>\n","protected":false},"author":30,"featured_media":119304,"comment_status":"closed","ping_status":"closed","sticky":false,"template":"","format":"standard","meta":{"jnews-multi-image_gallery":[],"jnews_single_post":{"format":"standard"},"jnews_primary_category":[],"jnews_social_meta":[],"jnews_override_counter":[],"footnotes":""},"categories":[35],"tags":[],"class_list":["post-119300","post","type-post","status-publish","format-standard","has-post-thumbnail","hentry","category-cabello"],"_links":{"self":[{"href":"https:\/\/www.primor.eu\/blog\/wp-json\/wp\/v2\/posts\/119300","targetHints":{"allow":["GET"]}}],"collection":[{"href":"https:\/\/www.primor.eu\/blog\/wp-json\/wp\/v2\/posts"}],"about":[{"href":"https:\/\/www.primor.eu\/blog\/wp-json\/wp\/v2\/types\/post"}],"author":[{"embeddable":true,"href":"https:\/\/www.primor.eu\/blog\/wp-json\/wp\/v2\/users\/30"}],"replies":[{"embeddable":true,"href":"https:\/\/www.primor.eu\/blog\/wp-json\/wp\/v2\/comments?post=119300"}],"version-history":[{"count":3,"href":"https:\/\/www.primor.eu\/blog\/wp-json\/wp\/v2\/posts\/119300\/revisions"}],"predecessor-version":[{"id":119309,"href":"https:\/\/www.primor.eu\/blog\/wp-json\/wp\/v2\/posts\/119300\/revisions\/119309"}],"wp:featuredmedia":[{"embeddable":true,"href":"https:\/\/www.primor.eu\/blog\/wp-json\/wp\/v2\/media\/119304"}],"wp:attachment":[{"href":"https:\/\/www.primor.eu\/blog\/wp-json\/wp\/v2\/media?parent=119300"}],"wp:term":[{"taxonomy":"category","embeddable":true,"href":"https:\/\/www.primor.eu\/blog\/wp-json\/wp\/v2\/categories?post=119300"},{"taxonomy":"post_tag","embeddable":true,"href":"https:\/\/www.primor.eu\/blog\/wp-json\/wp\/v2\/tags?post=119300"}],"curies":[{"name":"wp","href":"https:\/\/api.w.org\/{rel}","templated":true}]}}