{"id":118951,"date":"2024-12-15T12:00:00","date_gmt":"2024-12-15T12:00:00","guid":{"rendered":"https:\/\/www.primor.eu\/blog\/?p=118951"},"modified":"2026-02-25T07:37:28","modified_gmt":"2026-02-25T07:37:28","slug":"mejores-geles-bano-piel-seca","status":"publish","type":"post","link":"https:\/\/www.primor.eu\/blog\/mejores-geles-bano-piel-seca\/","title":{"rendered":"Los 9 mejores geles de ba\u00f1o para las pieles m\u00e1s secas"},"content":{"rendered":"\n<p>Los <strong>geles de ba\u00f1o <\/strong>para <strong><a href=\"https:\/\/www.primor.eu\/blog\/rutina-hidratacion-piel-seca\/?srsltid=AfmBOopVBRRzKMocINRaXSbkIOzwj4ecn359EPnkL7dJYnoQ6oi3eF94\" data-type=\"link\" data-id=\"https:\/\/www.primor.eu\/blog\/rutina-hidratacion-piel-seca\/?srsltid=AfmBOopVBRRzKMocINRaXSbkIOzwj4ecn359EPnkL7dJYnoQ6oi3eF94\">piel seca<\/a> <\/strong>tienen las propiedades que necesita este tipo de piel para equilibrarse. As\u00ed como las pieles m\u00e1s grasas tienen otras necesidades, las pieles secas necesitan de m\u00e1xima hidrataci\u00f3n.&nbsp;<\/p>\n\n\n\n<p>Hoy en Primor vemos cu\u00e1les son los mejores geles de ba\u00f1o para piel seca de nuestra tienda, para que puedas escoger los que prefieres incluir en tu rutina de ducha.&nbsp;<\/p>\n\n\n        <product-table class=\"pr-slider\">\r\n            <product-headers class=\"grid-table-rows\">\r\n                <div>Foto<\/div>\r\n                <div>Producto<\/div>\r\n                <div>Marca<\/div>\r\n                <div>Valoraciones<\/div>\r\n                <div>Precio<\/div>\r\n            <\/product-headers>\r\n\r\n            <product-list>\r\n                                    <a href=\"https:\/\/www.primor.eu\/es_es\/a-derma-gel-de-ducha-sobregraso-107767.html?#863=67148\" class=\"product-item grid-table-rows\" target=\"_blank\">\r\n                        <div>\r\n                            <img decoding=\"async\" class=\"product-img\" width=\"80px\" height=\"80px\" src=\"https:\/\/cdn2.primor.eu\/media\/catalog\/product\/cache\/8d3aba296f7a18b5251ee30fa5db42b2\/i\/m\/img_6XS06669_1_4d97.jpg\" alt=\"Gel de Ducha Sobregraso\">\r\n                        <\/div>\r\n\r\n                        <!-- Contenido de producto  -->\r\n                        <div>\r\n                            <div class=\"product-position\">\r\n                                #1 Top Ventas                            <\/div>\r\n\r\n                            <h2>\r\n                                Gel de Ducha Sobregraso                            <\/h2>\r\n                        <\/div>\r\n\r\n                        <!-- Imagen y\/o nombre de la marca -->\r\n                        <div>\r\n                                                            <img decoding=\"async\" width=\"70\" src=\"https:\/\/www.primor.eu\/media\/catalog\/category\/990_1_1.jpg\" alt=\"A-Derma\">\r\n                                                    <\/div>\r\n\r\n                        <!-- Puntuaci\u00f3n del producto  -->\r\n                        <div class=\"rating\">\r\n                                                            <div class=\"rate\" style=\"--p:96;\"><\/div>\r\n                                <b>4.8\/5<\/b>\r\n                                <div class=\"rate-stars\">\r\n                                                                            <div\r\n                                            class=\"rate-star  \">\r\n                                        <\/div>\r\n                                                                            <div\r\n                                            class=\"rate-star  \">\r\n                                        <\/div>\r\n                                                                            <div\r\n                                            class=\"rate-star  \">\r\n                                        <\/div>\r\n                                                                            <div\r\n                                            class=\"rate-star  \">\r\n                                        <\/div>\r\n                                                                            <div\r\n                                            class=\"rate-star  \">\r\n                                        <\/div>\r\n                                                                    <\/div>\r\n                                                    <\/div>\r\n\r\n                        <!-- Bot\u00f3n de producto  -->\r\n                        <div>\r\n                            <span class=\"price-claim\">\r\n                                VER PRECIO                            <\/span>\r\n                        <\/div>\r\n                    <\/a>\r\n                                    <a href=\"https:\/\/www.primor.eu\/es_es\/genesse-hidrogenesse-gel-maxima-hidratacion-25121.html\" class=\"product-item grid-table-rows\" target=\"_blank\">\r\n                        <div>\r\n                            <img decoding=\"async\" class=\"product-img\" width=\"80px\" height=\"80px\" src=\"https:\/\/cdn2.primor.eu\/media\/catalog\/product\/cache\/8d3aba296f7a18b5251ee30fa5db42b2\/2\/B\/2BG00209_1_528a.jpg\" alt=\"Hidrogenesse Gel M\u00e1xima Hidrataci\u00f3n\">\r\n                        <\/div>\r\n\r\n                        <!-- Contenido de producto  -->\r\n                        <div>\r\n                            <div class=\"product-position\">\r\n                                #2                            <\/div>\r\n\r\n                            <h2>\r\n                                Hidrogenesse Gel M\u00e1xima Hidrataci\u00f3n                            <\/h2>\r\n                        <\/div>\r\n\r\n                        <!-- Imagen y\/o nombre de la marca -->\r\n                        <div>\r\n                                                            <img decoding=\"async\" width=\"70\" src=\"https:\/\/www.primor.eu\/media\/catalog\/category\/Genesse.jpg\" alt=\"\">\r\n                                                    <\/div>\r\n\r\n                        <!-- Puntuaci\u00f3n del producto  -->\r\n                        <div class=\"rating\">\r\n                                                            <div class=\"rate\" style=\"--p:94;\"><\/div>\r\n                                <b>4.7\/5<\/b>\r\n                                <div class=\"rate-stars\">\r\n                                                                            <div\r\n                                            class=\"rate-star  \">\r\n                                        <\/div>\r\n                                                                            <div\r\n                                            class=\"rate-star  \">\r\n                                        <\/div>\r\n                                                                            <div\r\n                                            class=\"rate-star  \">\r\n                                        <\/div>\r\n                                                                            <div\r\n                                            class=\"rate-star  \">\r\n                                        <\/div>\r\n                                                                            <div\r\n                                            class=\"rate-star  \">\r\n                                        <\/div>\r\n                                                                    <\/div>\r\n                                                    <\/div>\r\n\r\n                        <!-- Bot\u00f3n de producto  -->\r\n                        <div>\r\n                            <span class=\"price-claim\">\r\n                                VER PRECIO                            <\/span>\r\n                        <\/div>\r\n                    <\/a>\r\n                                    <a href=\"https:\/\/www.primor.eu\/es_es\/sanex-gel-de-ducha-o-bano-zero-nutritivo-para-piel-seca-25656.html\" class=\"product-item grid-table-rows\" target=\"_blank\">\r\n                        <div>\r\n                            <img decoding=\"async\" class=\"product-img\" width=\"80px\" height=\"80px\" src=\"https:\/\/cdn2.primor.eu\/media\/catalog\/product\/cache\/8d3aba296f7a18b5251ee30fa5db42b2\/8\/7\/8718951686977_61046068_FOTO07_7561.JPG\" alt=\"Gel de Ducha Neutro SIN Nutritivo\">\r\n                        <\/div>\r\n\r\n                        <!-- Contenido de producto  -->\r\n                        <div>\r\n                            <div class=\"product-position\">\r\n                                #3                            <\/div>\r\n\r\n                            <h2>\r\n                                Gel de Ducha Neutro SIN Nutritivo                            <\/h2>\r\n                        <\/div>\r\n\r\n                        <!-- Imagen y\/o nombre de la marca -->\r\n                        <div>\r\n                                                            <img decoding=\"async\" width=\"70\" src=\"https:\/\/www.primor.eu\/media\/catalog\/category\/Sanex.jpg\" alt=\"\">\r\n                                                    <\/div>\r\n\r\n                        <!-- Puntuaci\u00f3n del producto  -->\r\n                        <div class=\"rating\">\r\n                                                            <div class=\"rate\" style=\"--p:90;\"><\/div>\r\n                                <b>4.5\/5<\/b>\r\n                                <div class=\"rate-stars\">\r\n                                                                            <div\r\n                                            class=\"rate-star  \">\r\n                                        <\/div>\r\n                                                                            <div\r\n                                            class=\"rate-star  \">\r\n                                        <\/div>\r\n                                                                            <div\r\n                                            class=\"rate-star  \">\r\n                                        <\/div>\r\n                                                                            <div\r\n                                            class=\"rate-star  \">\r\n                                        <\/div>\r\n                                                                            <div\r\n                                            class=\"rate-star  middle\">\r\n                                        <\/div>\r\n                                                                    <\/div>\r\n                                                    <\/div>\r\n\r\n                        <!-- Bot\u00f3n de producto  -->\r\n                        <div>\r\n                            <span class=\"price-claim\">\r\n                                VER PRECIO                            <\/span>\r\n                        <\/div>\r\n                    <\/a>\r\n                                    <a href=\"https:\/\/www.primor.eu\/es_es\/instituto-espa-ol-gel-de-ducha-cremoso-25696.html\" class=\"product-item grid-table-rows\" target=\"_blank\">\r\n                        <div>\r\n                            <img decoding=\"async\" class=\"product-img\" width=\"80px\" height=\"80px\" src=\"https:\/\/cdn2.primor.eu\/media\/catalog\/product\/cache\/8d3aba296f7a18b5251ee30fa5db42b2\/5\/G\/5GR00421_1_0eeb.jpg\" alt=\"Gel de Ducha Cremoso\">\r\n                        <\/div>\r\n\r\n                        <!-- Contenido de producto  -->\r\n                        <div>\r\n                            <div class=\"product-position\">\r\n                                #4                            <\/div>\r\n\r\n                            <h2>\r\n                                Gel de Ducha Cremoso                            <\/h2>\r\n                        <\/div>\r\n\r\n                        <!-- Imagen y\/o nombre de la marca -->\r\n                        <div>\r\n                                                            <img decoding=\"async\" width=\"70\" src=\"https:\/\/www.primor.eu\/media\/catalog\/category\/INSTITUTO_ESPA_OL.jpg\" alt=\"\">\r\n                                                    <\/div>\r\n\r\n                        <!-- Puntuaci\u00f3n del producto  -->\r\n                        <div class=\"rating\">\r\n                                                            <div class=\"rate\" style=\"--p:96;\"><\/div>\r\n                                <b>4.8\/5<\/b>\r\n                                <div class=\"rate-stars\">\r\n                                                                            <div\r\n                                            class=\"rate-star  \">\r\n                                        <\/div>\r\n                                                                            <div\r\n                                            class=\"rate-star  \">\r\n                                        <\/div>\r\n                                                                            <div\r\n                                            class=\"rate-star  \">\r\n                                        <\/div>\r\n                                                                            <div\r\n                                            class=\"rate-star  \">\r\n                                        <\/div>\r\n                                                                            <div\r\n                                            class=\"rate-star  \">\r\n                                        <\/div>\r\n                                                                    <\/div>\r\n                                                    <\/div>\r\n\r\n                        <!-- Bot\u00f3n de producto  -->\r\n                        <div>\r\n                            <span class=\"price-claim\">\r\n                                VER PRECIO                            <\/span>\r\n                        <\/div>\r\n                    <\/a>\r\n                                    <a href=\"https:\/\/www.primor.eu\/es_es\/bioderma-atoderm-gel-de-ducha-piel-seca-y-sensible-26324.html\" class=\"product-item grid-table-rows\" target=\"_blank\">\r\n                        <div>\r\n                            <img decoding=\"async\" class=\"product-img\" width=\"80px\" height=\"80px\" src=\"https:\/\/cdn2.primor.eu\/media\/catalog\/product\/cache\/8d3aba296f7a18b5251ee30fa5db42b2\/6\/X\/6XS04005_1_b6ce.jpg\" alt=\"Atoderm Gel de ducha Piel Seca y Sensible\">\r\n                        <\/div>\r\n\r\n                        <!-- Contenido de producto  -->\r\n                        <div>\r\n                            <div class=\"product-position\">\r\n                                #5                            <\/div>\r\n\r\n                            <h2>\r\n                                Atoderm Gel de ducha Piel Seca y Sensible                            <\/h2>\r\n                        <\/div>\r\n\r\n                        <!-- Imagen y\/o nombre de la marca -->\r\n                        <div>\r\n                                                            <p class=\"brand-name\"><b><\/b><\/p>\r\n                                                    <\/div>\r\n\r\n                        <!-- Puntuaci\u00f3n del producto  -->\r\n                        <div class=\"rating\">\r\n                                                            <div class=\"rate\" style=\"--p:94;\"><\/div>\r\n                                <b>4.7\/5<\/b>\r\n                                <div class=\"rate-stars\">\r\n                                                                            <div\r\n                                            class=\"rate-star  \">\r\n                                        <\/div>\r\n                                                                            <div\r\n                                            class=\"rate-star  \">\r\n                                        <\/div>\r\n                                                                            <div\r\n                                            class=\"rate-star  \">\r\n                                        <\/div>\r\n                                                                            <div\r\n                                            class=\"rate-star  \">\r\n                                        <\/div>\r\n                                                                            <div\r\n                                            class=\"rate-star  \">\r\n                                        <\/div>\r\n                                                                    <\/div>\r\n                                                    <\/div>\r\n\r\n                        <!-- Bot\u00f3n de producto  -->\r\n                        <div>\r\n                            <span class=\"price-claim\">\r\n                                VER PRECIO                            <\/span>\r\n                        <\/div>\r\n                    <\/a>\r\n                            <\/product-list>\r\n        <\/product-table>\r\n\r\n        \n\n\n\n<h3 class=\"wp-block-heading\">Gel de Ducha Sobregraso de A-Derma<\/h3>\n\n\n\n<p>nutre durante 24 horas al mismo tiempo que protege intensamente tu piel. Su composici\u00f3n 100% natural evita la aparici\u00f3n de irritaciones. Ideal para piel seca. El Gel de Ducha Sobregraso de Aderma est\u00e1 elaborado con harina de avena. Su magn\u00edfica espuma deja un ligero y delicioso aroma en la piel, haciendo del ba\u00f1o un verdadero momento de placer.<\/p>\n\n\n    <a class='product' target='_blank' href='https:\/\/www.primor.eu\/es_es\/a-derma-gel-de-ducha-sobregraso-107767.html?#863=67148'>\r\n        <img loading='async' src='https:\/\/cdn2.primor.eu\/media\/catalog\/product\/cache\/8d3aba296f7a18b5251ee30fa5db42b2\/i\/m\/img_6XS06669_1_4d97.jpg' alt='COMPRAR AHORA'>\r\n            <div class=\"claim\">\r\n                COMPRAR AHORA            <\/div>\r\n        <\/a>\r\n    \n\n\n\n<h3 class=\"wp-block-heading\">Hidrogenesse Gel M\u00e1xima Hidrataci\u00f3n de Genesse<\/h3>\n\n\n\n<p>Gel de ba\u00f1o de hidrataci\u00f3n m\u00e1xima, ideal para pieles secas y deshidratadas. Con activos hidratantes y en gran formato, para toda la familia. Sin parabenos.<\/p>\n\n\n    <a class='product' target='_blank' href='https:\/\/www.primor.eu\/es_es\/genesse-hidrogenesse-gel-maxima-hidratacion-25121.html'>\r\n        <img loading='async' src='https:\/\/cdn2.primor.eu\/media\/catalog\/product\/cache\/8d3aba296f7a18b5251ee30fa5db42b2\/2\/B\/2BG00209_1_528a.jpg' alt='COMPRAR AHORA'>\r\n            <div class=\"claim\">\r\n                COMPRAR AHORA            <\/div>\r\n        <\/a>\r\n    \n\n\n\n<h3 class=\"wp-block-heading\">Gel de ducha o ba\u00f1o Zero% nutritivo para piel seca de Sanex<\/h3>\n\n\n\n<p>Nutritivo gel de ducha que ayuda a minimizar la sequedad de la piel en cada ducha.Su f\u00f3rmula contiene hidratantes naturales y menos ingredientes qu\u00edmicos para dar a tu piel la&nbsp; hidrataci\u00f3n diaria que necesita y mantenerla limpia, sana y equilibrada.<\/p>\n\n\n\n<p>No contiene ingredientes agresivos o abrasivos. Brinda un cuidado suave y respetuoso con tu piel y con el planeta. F\u00f3rmula biodegradable al 99 %. 0 % de sulfatos. 0 % de fragancias. 0 % de jab\u00f3n. 0 % de colorantes. Hidratantes de origen natural.<\/p>\n\n\n\n<p>Dermatol\u00f3gicamente testado. Indicado para piel seca.<\/p>\n\n\n    <a class='product' target='_blank' href='https:\/\/www.primor.eu\/es_es\/sanex-gel-de-ducha-o-bano-zero-nutritivo-para-piel-seca-25656.html'>\r\n        <img loading='async' src='https:\/\/cdn2.primor.eu\/media\/catalog\/product\/cache\/8d3aba296f7a18b5251ee30fa5db42b2\/8\/7\/8718951686977_61046068_FOTO07_7561.JPG' alt='COMPRAR AHORA'>\r\n            <div class=\"claim\">\r\n                COMPRAR AHORA            <\/div>\r\n        <\/a>\r\n    \n\n\n\n<h3 class=\"wp-block-heading\">Gel de Ducha Cremoso de Instituto Espa\u00f1ol<\/h3>\n\n\n\n<p>Con Manteca de Karit\u00e9 es pura fuente de vitamina A, D, E y F, por lo que repara, suaviza y potencia la flexibilidad de la piel. Adem\u00e1s de estimular la producci\u00f3n de col\u00e1geno gracias a los \u00e1cidos grasos, regenera el tejido en profundidad. Su uso continuado previene el envejecimiento de la piel, ya que la recubre diariamente con una pel\u00edcula invisible que evita que se deshidrate y la protege de los agentes externos.<\/p>\n\n\n\n<p>Recomendado para las pieles secas pues calma, suaviza y revitaliza.<\/p>\n\n\n    <a class='product' target='_blank' href='https:\/\/www.primor.eu\/es_es\/instituto-espa-ol-gel-de-ducha-cremoso-25696.html'>\r\n        <img loading='async' src='https:\/\/cdn2.primor.eu\/media\/catalog\/product\/cache\/8d3aba296f7a18b5251ee30fa5db42b2\/5\/G\/5GR00421_1_0eeb.jpg' alt='COMPRAR AHORA'>\r\n            <div class=\"claim\">\r\n                COMPRAR AHORA            <\/div>\r\n        <\/a>\r\n    \n\n\n\n<h3 class=\"wp-block-heading\">Atoderm Gel de ducha Piel Seca y Sensible de Bioderma<\/h3>\n\n\n\n<p>Ideal para la piel seca y sensible. Brinda una suave limpieza de pies a cabeza con el gel de ducha Atoderm de Bioderma. Lo suficientemente suave como para el uso diario, este gel de ba\u00f1o espumoso proporciona una limpieza profunda y revela una piel suave al tacto. Atoderm Gel de ducha Piel Seca y Sensible es apto para tratar la piel con eccema, sequedad y deshidrataci\u00f3n.<\/p>\n\n\n    <a class='product' target='_blank' href='https:\/\/www.primor.eu\/es_es\/bioderma-atoderm-gel-de-ducha-piel-seca-y-sensible-26324.html'>\r\n        <img loading='async' src='https:\/\/cdn2.primor.eu\/media\/catalog\/product\/cache\/8d3aba296f7a18b5251ee30fa5db42b2\/6\/X\/6XS04005_1_b6ce.jpg' alt='COMPRAR AHORA'>\r\n            <div class=\"claim\">\r\n                COMPRAR AHORA            <\/div>\r\n        <\/a>\r\n    \n\n\n\n<h3 class=\"wp-block-heading\">Gel de ducha nutritivo con Coco de Phytorelax<\/h3>\n\n\n\n<p>Este gel de ducha es un aut\u00e9ntico tratamiento de belleza para piel seca y deshidratada. Otorga una agradable sensaci\u00f3n de bienestar dejando la piel suavemente nutrida. Sin parabenos, siliconas, aceites minerales ni colorantes artificiales.<\/p>\n\n\n    <a class='product' target='_blank' href='https:\/\/www.primor.eu\/es_es\/phytorelax-gel-de-ducha-nutritivo-con-coco-26234.html'>\r\n        <img loading='async' src='https:\/\/cdn2.primor.eu\/media\/catalog\/product\/cache\/8d3aba296f7a18b5251ee30fa5db42b2\/2\/B\/2BG02305_1_94af.jpg' alt='COMPRAR AHORA'>\r\n            <div class=\"claim\">\r\n                COMPRAR AHORA            <\/div>\r\n        <\/a>\r\n    \n\n\n\n<h3 class=\"wp-block-heading\">Gel de Ducha Nutritivo de Lactovit<\/h3>\n\n\n\n<p>Con propiedades nutritivas y de uso familiar, para pieles normales y secas que necesitan un extra de hidrataci\u00f3n. Gracias a las vitaminas, prote\u00ednas y calcio de la leche, refuerza la piel nutri\u00e9ndola intensamente.<\/p>\n\n\n\n<p>Formulado con PROTEIN CALCIUM, que refuerza y nutre la piel para mantenerla fuerte y joven. Piel m\u00e1s hidratada, el\u00e1stica y firme. Una piel fuerte es el secreto de una piel joven. Desde el primer d\u00eda, notar\u00e1s una piel hidratada, el\u00e1stica y fuerte, adem\u00e1s de disfrutar durante todo el d\u00eda de su delicado perfume.<\/p>\n\n\n\n<p>Compromiso Lactovit; activos 100% naturales de la leche y altamente biodegradables, mejorando la reciclabilidad de nuestros envases y cuidando del medio ambiente.<\/p>\n\n\n    <a class='product' target='_blank' href='https:\/\/www.primor.eu\/es_es\/lactovit-gel-de-ducha-nutritivo-107730.html?#854=66462'>\r\n        <img loading='async' src='https:\/\/cdn2.primor.eu\/media\/catalog\/product\/cache\/8d3aba296f7a18b5251ee30fa5db42b2\/8\/4\/8411135007178_2bf4.jpg' alt='COMPRAR AHORA'>\r\n            <div class=\"claim\">\r\n                COMPRAR AHORA            <\/div>\r\n        <\/a>\r\n    \n\n\n\n<h3 class=\"wp-block-heading\">AT4 Atopic Skin Gel Ba\u00f1o Dermograso de Leti<\/h3>\n\n\n\n<p>Cct\u00faa durante el ba\u00f1o aportando l\u00edpidos que ayudan a mantener la hidrataci\u00f3n mientras limpia con suavidad, favoreciendo el equilibrio natural de la microflora cut\u00e1nea. Gracias a su composici\u00f3n, AT4 Atopic Skin Gel Ba\u00f1o Dermograso de LETI resulta adecuado para pieles sensibles que requieren un gel sin jab\u00f3n ni sulfatos, facilitando una rutina de higiene respetuosa.<\/p>\n\n\n    <a class='product' target='_blank' href='https:\/\/www.primor.eu\/es_es\/leti-at4-gel-ba-o-dermograso-24546.html'>\r\n        <img loading='async' src='https:\/\/cdn2.primor.eu\/media\/catalog\/product\/cache\/8d3aba296f7a18b5251ee30fa5db42b2\/0\/8\/08431166180046_a9d2.png' alt='COMPRAR AHORA'>\r\n            <div class=\"claim\">\r\n                COMPRAR AHORA            <\/div>\r\n        <\/a>\r\n    \n\n\n\n<h3 class=\"wp-block-heading\">Eucerin Oleogel Ducha Reconfortante de Eucerin<\/h3>\n\n\n\n<p>Gel de ducha reconfortante, enriquecido con dexpantenol y aceites naturales, que limpia la piel sensible con suavidad.<\/p>\n\n\n\n<p>Ayuda a mantener el pH correcto de la piel y preserva su barrera protectora.<\/p>\n\n\n\n<p>Indicado para todo tipo de pieles, incluida la piel sensible.<\/p>\n\n\n    <a class='product' target='_blank' href='https:\/\/www.primor.eu\/es_es\/eucerin-eucerin-oleogel-ducha-reconfortante-121244.html'>\r\n        <img loading='async' src='https:\/\/cdn2.primor.eu\/media\/catalog\/product\/cache\/8d3aba296f7a18b5251ee30fa5db42b2\/e\/u\/eucerin_oleogel_ducha_reconfortante_400_ml_e921.jpg' alt='COMPRAR AHORA'>\r\n            <div class=\"claim\">\r\n                COMPRAR AHORA            <\/div>\r\n        <\/a>\r\n    \n\n\n<div class=\"kk-star-ratings kksr-auto kksr-align-center kksr-valign-bottom\"\n    data-payload='{&quot;align&quot;:&quot;center&quot;,&quot;id&quot;:&quot;118951&quot;,&quot;slug&quot;:&quot;default&quot;,&quot;valign&quot;:&quot;bottom&quot;,&quot;ignore&quot;:&quot;&quot;,&quot;reference&quot;:&quot;auto&quot;,&quot;class&quot;:&quot;&quot;,&quot;count&quot;:&quot;0&quot;,&quot;legendonly&quot;:&quot;&quot;,&quot;readonly&quot;:&quot;&quot;,&quot;score&quot;:&quot;0&quot;,&quot;starsonly&quot;:&quot;&quot;,&quot;best&quot;:&quot;5&quot;,&quot;gap&quot;:&quot;5&quot;,&quot;greet&quot;:&quot;Valora este art\u00edculo&quot;,&quot;legend&quot;:&quot;0\\\/5 - (0 votos)&quot;,&quot;size&quot;:&quot;24&quot;,&quot;title&quot;:&quot;Los 9 mejores geles de ba\u00f1o para las pieles m\u00e1s secas&quot;,&quot;width&quot;:&quot;0&quot;,&quot;_legend&quot;:&quot;{score}\\\/{best} - ({count} {votes})&quot;,&quot;font_factor&quot;:&quot;1.25&quot;}'>\n            \n<div class=\"kksr-stars\">\n    \n<div class=\"kksr-stars-inactive\">\n            <div class=\"kksr-star\" data-star=\"1\" style=\"padding-right: 5px\">\n            \n\n<div class=\"kksr-icon\" style=\"width: 24px; height: 24px;\"><\/div>\n        <\/div>\n            <div class=\"kksr-star\" data-star=\"2\" style=\"padding-right: 5px\">\n            \n\n<div class=\"kksr-icon\" style=\"width: 24px; height: 24px;\"><\/div>\n        <\/div>\n            <div class=\"kksr-star\" data-star=\"3\" style=\"padding-right: 5px\">\n            \n\n<div class=\"kksr-icon\" style=\"width: 24px; height: 24px;\"><\/div>\n        <\/div>\n            <div class=\"kksr-star\" data-star=\"4\" style=\"padding-right: 5px\">\n            \n\n<div class=\"kksr-icon\" style=\"width: 24px; height: 24px;\"><\/div>\n        <\/div>\n            <div class=\"kksr-star\" data-star=\"5\" style=\"padding-right: 5px\">\n            \n\n<div class=\"kksr-icon\" style=\"width: 24px; height: 24px;\"><\/div>\n        <\/div>\n    <\/div>\n    \n<div class=\"kksr-stars-active\" style=\"width: 0px;\">\n            <div class=\"kksr-star\" style=\"padding-right: 5px\">\n            \n\n<div class=\"kksr-icon\" style=\"width: 24px; height: 24px;\"><\/div>\n        <\/div>\n            <div class=\"kksr-star\" style=\"padding-right: 5px\">\n            \n\n<div class=\"kksr-icon\" style=\"width: 24px; height: 24px;\"><\/div>\n        <\/div>\n            <div class=\"kksr-star\" style=\"padding-right: 5px\">\n            \n\n<div class=\"kksr-icon\" style=\"width: 24px; height: 24px;\"><\/div>\n        <\/div>\n            <div class=\"kksr-star\" style=\"padding-right: 5px\">\n            \n\n<div class=\"kksr-icon\" style=\"width: 24px; height: 24px;\"><\/div>\n        <\/div>\n            <div class=\"kksr-star\" style=\"padding-right: 5px\">\n            \n\n<div class=\"kksr-icon\" style=\"width: 24px; height: 24px;\"><\/div>\n        <\/div>\n    <\/div>\n<\/div>\n                \n\n<div class=\"kksr-legend\" style=\"font-size: 19.2px;\">\n            <span class=\"kksr-muted\">Valora este art\u00edculo<\/span>\n    <\/div>\n    <\/div>\n","protected":false},"excerpt":{"rendered":"<p>Los geles de ba\u00f1o para piel seca tienen las propiedades que necesita este tipo de piel para equilibrarse. As\u00ed como las pieles m\u00e1s grasas tienen otras necesidades, las pieles secas necesitan de m\u00e1xima hidrataci\u00f3n.&nbsp; Hoy en Primor vemos cu\u00e1les son los mejores geles de ba\u00f1o para piel seca de nuestra tienda, para que puedas escoger [&hellip;]<\/p>\n","protected":false},"author":30,"featured_media":118959,"comment_status":"closed","ping_status":"closed","sticky":false,"template":"","format":"standard","meta":{"jnews-multi-image_gallery":[],"jnews_single_post":{"format":"standard"},"jnews_primary_category":[],"jnews_social_meta":[],"jnews_override_counter":[],"footnotes":""},"categories":[151],"tags":[],"class_list":["post-118951","post","type-post","status-publish","format-standard","has-post-thumbnail","hentry","category-corporales"],"_links":{"self":[{"href":"https:\/\/www.primor.eu\/blog\/wp-json\/wp\/v2\/posts\/118951","targetHints":{"allow":["GET"]}}],"collection":[{"href":"https:\/\/www.primor.eu\/blog\/wp-json\/wp\/v2\/posts"}],"about":[{"href":"https:\/\/www.primor.eu\/blog\/wp-json\/wp\/v2\/types\/post"}],"author":[{"embeddable":true,"href":"https:\/\/www.primor.eu\/blog\/wp-json\/wp\/v2\/users\/30"}],"replies":[{"embeddable":true,"href":"https:\/\/www.primor.eu\/blog\/wp-json\/wp\/v2\/comments?post=118951"}],"version-history":[{"count":4,"href":"https:\/\/www.primor.eu\/blog\/wp-json\/wp\/v2\/posts\/118951\/revisions"}],"predecessor-version":[{"id":139545,"href":"https:\/\/www.primor.eu\/blog\/wp-json\/wp\/v2\/posts\/118951\/revisions\/139545"}],"wp:featuredmedia":[{"embeddable":true,"href":"https:\/\/www.primor.eu\/blog\/wp-json\/wp\/v2\/media\/118959"}],"wp:attachment":[{"href":"https:\/\/www.primor.eu\/blog\/wp-json\/wp\/v2\/media?parent=118951"}],"wp:term":[{"taxonomy":"category","embeddable":true,"href":"https:\/\/www.primor.eu\/blog\/wp-json\/wp\/v2\/categories?post=118951"},{"taxonomy":"post_tag","embeddable":true,"href":"https:\/\/www.primor.eu\/blog\/wp-json\/wp\/v2\/tags?post=118951"}],"curies":[{"name":"wp","href":"https:\/\/api.w.org\/{rel}","templated":true}]}}