{"id":118494,"date":"2026-04-12T13:02:49","date_gmt":"2026-04-12T13:02:49","guid":{"rendered":"https:\/\/www.primor.eu\/blog\/?p=118494"},"modified":"2026-04-12T13:02:50","modified_gmt":"2026-04-12T13:02:50","slug":"mejores-productos-proteger-cabello-contaminacion","status":"publish","type":"post","link":"https:\/\/www.primor.eu\/blog\/mejores-productos-proteger-cabello-contaminacion\/","title":{"rendered":"Los mejores productos para proteger tu cabello de la contaminaci\u00f3n en 2026"},"content":{"rendered":"\n<p>La <strong>contaminaci\u00f3n ambiental<\/strong> afecta nuestra salud de muchas maneras, y uno de los aspectos que m\u00e1s sufre es nuestra <strong>piel<\/strong> <strong>y<\/strong> <a href=\"https:\/\/www.primor.eu\/blog\/que-necesita-cabello\/?srsltid=AfmBOoq98ec9Jte2iTFuLcTcstNGrcIR0fR9x3UiU1eKTapg4eGsnYoJ\" data-type=\"link\" data-id=\"https:\/\/www.primor.eu\/blog\/que-necesita-cabello\/?srsltid=AfmBOoq98ec9Jte2iTFuLcTcstNGrcIR0fR9x3UiU1eKTapg4eGsnYoJ\">cabello<\/a>. La exposici\u00f3n constante a part\u00edculas contaminantes como el polvo, el humo o los metales pesados puede da\u00f1ar la fibra capilar, debilit\u00e1ndola y opac\u00e1ndola con el paso del tiempo. Por eso, proteger tu cabello de estos agentes externos se vuelve una prioridad. Hoy te contamos qu\u00e9 productos para el cabello deber\u00edas usar para evitar los efectos de la contaminaci\u00f3n.<\/p>\n\n\n\n<h2 class=\"wp-block-heading\">Qu\u00e9 productos para el cabello deber\u00edas usar para evitar los efectos de la contaminaci\u00f3n<\/h2>\n\n\n\n<h3 class=\"wp-block-heading\">Champ\u00fas y limpiadores detox<\/h3>\n\n\n\n<p>Para combatir los efectos de la contaminaci\u00f3n, es fundamental comenzar con una limpieza profunda, pero suave. Los champ\u00fas detox son ideales para eliminar residuos y toxinas acumuladas en el cabello a lo largo del d\u00eda. Estos productos suelen contener ingredientes como carb\u00f3n activado, arcilla o vinagre de manzana, que atraen y neutralizan las impurezas, dejando el cabello libre de part\u00edculas contaminantes sin deshidratarlo.<\/p>\n\n\n\n<h3 class=\"wp-block-heading\">S\u00e9rums y aceites protectores<\/h3>\n\n\n\n<p>Un s\u00e9rum o aceite capilar de calidad act\u00faa como una barrera que protege el cabello de los contaminantes. Estos productos suelen contener antioxidantes y \u00e1cidos grasos que sellan la cut\u00edcula del cabello, evitando que las part\u00edculas penetren y causen da\u00f1o. Adem\u00e1s, suelen aportar un extra de nutrici\u00f3n y brillo.<\/p>\n\n\n\n<h3 class=\"wp-block-heading\">Sprays y protectores t\u00e9rmicos<\/h3>\n\n\n\n<p>Si pasas mucho tiempo al aire libre o en ambientes urbanos, no puedes olvidar los sprays protectores. Estos productos, adem\u00e1s de proteger de la contaminaci\u00f3n, act\u00faan como protectores t\u00e9rmicos, evitando que el cabello se da\u00f1e por el uso frecuente de planchas y secadores.<\/p>\n\n\n\n<h3 class=\"wp-block-heading\">Mascarillas reparadoras y nutritivas<\/h3>\n\n\n\n<p>Las mascarillas son una excelente opci\u00f3n para restaurar la salud del cabello despu\u00e9s de la exposici\u00f3n a la contaminaci\u00f3n. Opta por mascarillas ricas en nutrientes y antioxidantes que ayuden a regenerar la fibra capilar y mantenerla fuerte y flexible.<\/p>\n\n\n\n<h3 class=\"wp-block-heading\">Protecci\u00f3n nocturna<\/h3>\n\n\n\n<p>Para aquellos que buscan una soluci\u00f3n intensiva, los productos de protecci\u00f3n nocturna son una excelente opci\u00f3n. Estos tratamientos est\u00e1n dise\u00f1ados para actuar mientras duermes, reparando y fortaleciendo el cabello desde su interior.<\/p>\n\n\n\n<h2 class=\"wp-block-heading\">Consejos que me hubiera gustado saber para proteger tu cabello<\/h2>\n\n\n\n<p>Adem\u00e1s de usar productos espec\u00edficos, tambi\u00e9n hay otras formas de cuidar tu cabello de la contaminaci\u00f3n:<\/p>\n\n\n\n<ul class=\"wp-block-list\">\n<li><strong>Usa un sombrero o pa\u00f1uelo.<\/strong> Cubrir tu cabello con un sombrero o pa\u00f1uelo al salir puede protegerlo de la exposici\u00f3n directa a la poluci\u00f3n.<\/li>\n\n\n\n<li><strong>Lava tu cabello con frecuencia<\/strong>. No dejes que los contaminantes se acumulen. Lava tu cabello regularmente para eliminar impurezas, pero sin abusar del champ\u00fa, para no eliminar los aceites naturales.<\/li>\n\n\n\n<li><strong>Hidr\u00e1talo<\/strong>. Mant\u00e9n tu cabello bien hidratado con aceites o cremas para prevenir la sequedad y el da\u00f1o.<\/li>\n<\/ul>\n\n\n\n<h2 class=\"wp-block-heading\">Productos para cuidar tu cabello de la contaminaci\u00f3n<\/h2>\n\n\n        <product-table class=\"pr-slider\">\r\n            <product-headers class=\"grid-table-rows\">\r\n                <div>Foto<\/div>\r\n                <div>Producto<\/div>\r\n                <div>Marca<\/div>\r\n                <div>Valoraciones<\/div>\r\n                <div>Precio<\/div>\r\n            <\/product-headers>\r\n\r\n            <product-list>\r\n                                    <a href=\"https:\/\/www.primor.eu\/es_es\/arganour-serum-capilar-con-aceite-de-argan-8677.html\" class=\"product-item grid-table-rows\" target=\"_blank\">\r\n                        <div>\r\n                            <img decoding=\"async\" class=\"product-img\" width=\"80px\" height=\"80px\" src=\"https:\/\/cdn2.primor.eu\/media\/catalog\/product\/cache\/8d3aba296f7a18b5251ee30fa5db42b2\/8\/4\/8435438600454_87dc.png\" alt=\"Serum Capilar con Aceite de Arg\u00e1n\">\r\n                        <\/div>\r\n\r\n                        <!-- Contenido de producto  -->\r\n                        <div>\r\n                            <div class=\"product-position\">\r\n                                #1 Top Ventas                            <\/div>\r\n\r\n                            <h2>\r\n                                Serum Capilar con Aceite de Arg\u00e1n                            <\/h2>\r\n                        <\/div>\r\n\r\n                        <!-- Imagen y\/o nombre de la marca -->\r\n                        <div>\r\n                                                            <img decoding=\"async\" width=\"70\" src=\"https:\/\/www.primor.eu\/media\/catalog\/category\/arganour.jpg\" alt=\"\">\r\n                                                    <\/div>\r\n\r\n                        <!-- Puntuaci\u00f3n del producto  -->\r\n                        <div class=\"rating\">\r\n                                                            <div class=\"rate\" style=\"--p:86;\"><\/div>\r\n                                <b>4.3\/5<\/b>\r\n                                <div class=\"rate-stars\">\r\n                                                                            <div\r\n                                            class=\"rate-star  \">\r\n                                        <\/div>\r\n                                                                            <div\r\n                                            class=\"rate-star  \">\r\n                                        <\/div>\r\n                                                                            <div\r\n                                            class=\"rate-star  \">\r\n                                        <\/div>\r\n                                                                            <div\r\n                                            class=\"rate-star  \">\r\n                                        <\/div>\r\n                                                                            <div\r\n                                            class=\"rate-star  \">\r\n                                        <\/div>\r\n                                                                    <\/div>\r\n                                                    <\/div>\r\n\r\n                        <!-- Bot\u00f3n de producto  -->\r\n                        <div>\r\n                            <span class=\"price-claim\">\r\n                                VER PRECIO                            <\/span>\r\n                        <\/div>\r\n                    <\/a>\r\n                                    <a href=\"https:\/\/www.primor.eu\/es_es\/apivita-acondicionador-protector-cabello-con-color-10391.html\" class=\"product-item grid-table-rows\" target=\"_blank\">\r\n                        <div>\r\n                            <img decoding=\"async\" class=\"product-img\" width=\"80px\" height=\"80px\" src=\"https:\/\/cdn2.primor.eu\/media\/catalog\/product\/cache\/8d3aba296f7a18b5251ee30fa5db42b2\/6\/X\/6XS09317_1_fc27.jpg\" alt=\"Acondicionador Protector Cabello con Color\">\r\n                        <\/div>\r\n\r\n                        <!-- Contenido de producto  -->\r\n                        <div>\r\n                            <div class=\"product-position\">\r\n                                #2                            <\/div>\r\n\r\n                            <h2>\r\n                                Acondicionador Protector Cabello con Color                            <\/h2>\r\n                        <\/div>\r\n\r\n                        <!-- Imagen y\/o nombre de la marca -->\r\n                        <div>\r\n                                                            <img decoding=\"async\" width=\"70\" src=\"https:\/\/www.primor.eu\/media\/catalog\/category\/LOGO_APIVITA_500x500mm_page-0001.jpg\" alt=\"\">\r\n                                                    <\/div>\r\n\r\n                        <!-- Puntuaci\u00f3n del producto  -->\r\n                        <div class=\"rating\">\r\n                                                            <p>No hay valoraciones disponibles<\/p>\r\n                                                    <\/div>\r\n\r\n                        <!-- Bot\u00f3n de producto  -->\r\n                        <div>\r\n                            <span class=\"price-claim\">\r\n                                VER PRECIO                            <\/span>\r\n                        <\/div>\r\n                    <\/a>\r\n                                    <a href=\"https:\/\/www.primor.eu\/es_es\/voce-hydrate-rinse-moisture-acondicionador-70039.html\" class=\"product-item grid-table-rows\" target=\"_blank\">\r\n                        <div>\r\n                            <img decoding=\"async\" class=\"product-img\" width=\"80px\" height=\"80px\" src=\"https:\/\/cdn2.primor.eu\/media\/catalog\/product\/cache\/8d3aba296f7a18b5251ee30fa5db42b2\/2\/C\/2CA05112_1_97e7.jpg\" alt=\"Hydrate Rinse Moisture Acondicionador\">\r\n                        <\/div>\r\n\r\n                        <!-- Contenido de producto  -->\r\n                        <div>\r\n                            <div class=\"product-position\">\r\n                                #3                            <\/div>\r\n\r\n                            <h2>\r\n                                Hydrate Rinse Moisture Acondicionador                            <\/h2>\r\n                        <\/div>\r\n\r\n                        <!-- Imagen y\/o nombre de la marca -->\r\n                        <div>\r\n                                                            <img decoding=\"async\" width=\"70\" src=\"https:\/\/www.primor.eu\/media\/catalog\/category\/voce.png\" alt=\"\">\r\n                                                    <\/div>\r\n\r\n                        <!-- Puntuaci\u00f3n del producto  -->\r\n                        <div class=\"rating\">\r\n                                                            <p>No hay valoraciones disponibles<\/p>\r\n                                                    <\/div>\r\n\r\n                        <!-- Bot\u00f3n de producto  -->\r\n                        <div>\r\n                            <span class=\"price-claim\">\r\n                                VER PRECIO                            <\/span>\r\n                        <\/div>\r\n                    <\/a>\r\n                            <\/product-list>\r\n        <\/product-table>\r\n\r\n        \n\n\n\n<h3 class=\"wp-block-heading\">Serum Capilar con Aceite de Arg\u00e1n de Arganour<\/h3>\n\n\n\n<p>Es el complemento ideal para reparar los cabellos da\u00f1ados, les proporciona brillo y nutrici\u00f3n, repara la puntas abiertas y les aporta una protecci\u00f3n natural. Es un producto anti-encrespamiento. Es un serum para el pelo indicado para todo tipo de cabellos.<\/p>\n\n\n    <a class='product' target='_blank' href='https:\/\/www.primor.eu\/es_es\/arganour-serum-capilar-con-aceite-de-argan-8677.html'>\r\n        <img loading='async' src='https:\/\/cdn2.primor.eu\/media\/catalog\/product\/cache\/8d3aba296f7a18b5251ee30fa5db42b2\/8\/4\/8435438600454_87dc.png' alt='COMPRAR AHORA'>\r\n            <div class=\"claim\">\r\n                COMPRAR AHORA            <\/div>\r\n        <\/a>\r\n    \n\n\n<h3 class=\"wp-block-heading\">Acondicionador Protector Cabello con Color de Apivita<\/h3>\n\n\n\n<p>Mantiene y prolonga el brillo y la vitalidad del cabello coloreado evitando la decoloraci\u00f3n. Hidrata y ayuda a reparar el cabello coloreado a la vez que lo protege de los factores externos (radiaci\u00f3n ultravioleta, contaminaci\u00f3n, herramientas t\u00e9rmicas de peinado) con miel de tomillo, aceite de oliva y el complejo APISHIELD HS.<\/p>\n\n\n    <a class='product' target='_blank' href='https:\/\/www.primor.eu\/es_es\/apivita-acondicionador-protector-cabello-con-color-10391.html'>\r\n        <img loading='async' src='https:\/\/cdn2.primor.eu\/media\/catalog\/product\/cache\/8d3aba296f7a18b5251ee30fa5db42b2\/6\/X\/6XS09317_1_fc27.jpg' alt='COMPRAR AHORA'>\r\n            <div class=\"claim\">\r\n                COMPRAR AHORA            <\/div>\r\n        <\/a>\r\n    \n\n\n<h3 class=\"wp-block-heading\">Hydrate Rinse Moisture Acondicionador de Voc\u00e9<\/h3>\n\n\n\n<p>Es una combinaci\u00f3n hidratante de aceites naturales, mantecas e ingredientes veganos que act\u00faan como una barrera contra la humedad para el cabello seco causado por el peinado con calor, los tratamientos qu\u00edmicos o la contaminaci\u00f3n ambiental.<\/p>\n\n\n    <a class='product' target='_blank' href='https:\/\/www.primor.eu\/es_es\/voce-hydrate-rinse-moisture-acondicionador-70039.html'>\r\n        <img loading='async' src='https:\/\/cdn2.primor.eu\/media\/catalog\/product\/cache\/8d3aba296f7a18b5251ee30fa5db42b2\/2\/C\/2CA05112_1_97e7.jpg' alt='COMPRAR AHORA'>\r\n            <div class=\"claim\">\r\n                COMPRAR AHORA            <\/div>\r\n        <\/a>\r\n    \n\n\n<h3 class=\"wp-block-heading\">Broad Spectrum Chelating Treatmen de Olaplex<\/h3>\n\n\n\n<p>Tratamiento quelante de alta potencia que elimina eficazmente la acumulaci\u00f3n de metales, minerales, cloro, cobre, contaminaci\u00f3n y agentes externos que da\u00f1an nuestro cabello. Limpia en profundidad hasta el c\u00f3rtex manteniendo tanto la hidrataci\u00f3n como las prote\u00ednas esenciales del cabello.<\/p>\n\n\n    <a class='product' target='_blank' href='https:\/\/www.primor.eu\/es_es\/olaplex-broad-spectrum-chelating-treatmen-70080.html'>\r\n        <img loading='async' src='https:\/\/cdn2.primor.eu\/media\/catalog\/product\/cache\/8d3aba296f7a18b5251ee30fa5db42b2\/2\/C\/2CA05236_1_89f6.jpg' alt='COMPRAR AHORA'>\r\n            <div class=\"claim\">\r\n                COMPRAR AHORA            <\/div>\r\n        <\/a>\r\n    \n\n<div class=\"kk-star-ratings kksr-auto kksr-align-center kksr-valign-bottom\"\n    data-payload='{&quot;align&quot;:&quot;center&quot;,&quot;id&quot;:&quot;118494&quot;,&quot;slug&quot;:&quot;default&quot;,&quot;valign&quot;:&quot;bottom&quot;,&quot;ignore&quot;:&quot;&quot;,&quot;reference&quot;:&quot;auto&quot;,&quot;class&quot;:&quot;&quot;,&quot;count&quot;:&quot;1&quot;,&quot;legendonly&quot;:&quot;&quot;,&quot;readonly&quot;:&quot;&quot;,&quot;score&quot;:&quot;5&quot;,&quot;starsonly&quot;:&quot;&quot;,&quot;best&quot;:&quot;5&quot;,&quot;gap&quot;:&quot;5&quot;,&quot;greet&quot;:&quot;Valora este art\u00edculo&quot;,&quot;legend&quot;:&quot;5\\\/5 - (1 voto)&quot;,&quot;size&quot;:&quot;24&quot;,&quot;title&quot;:&quot;Los mejores productos para proteger tu cabello de la contaminaci\u00f3n en 2026&quot;,&quot;width&quot;:&quot;142.5&quot;,&quot;_legend&quot;:&quot;{score}\\\/{best} - ({count} {votes})&quot;,&quot;font_factor&quot;:&quot;1.25&quot;}'>\n            \n<div class=\"kksr-stars\">\n    \n<div class=\"kksr-stars-inactive\">\n            <div class=\"kksr-star\" data-star=\"1\" style=\"padding-right: 5px\">\n            \n\n<div class=\"kksr-icon\" style=\"width: 24px; height: 24px;\"><\/div>\n        <\/div>\n            <div class=\"kksr-star\" data-star=\"2\" style=\"padding-right: 5px\">\n            \n\n<div class=\"kksr-icon\" style=\"width: 24px; height: 24px;\"><\/div>\n        <\/div>\n            <div class=\"kksr-star\" data-star=\"3\" style=\"padding-right: 5px\">\n            \n\n<div class=\"kksr-icon\" style=\"width: 24px; height: 24px;\"><\/div>\n        <\/div>\n            <div class=\"kksr-star\" data-star=\"4\" style=\"padding-right: 5px\">\n            \n\n<div class=\"kksr-icon\" style=\"width: 24px; height: 24px;\"><\/div>\n        <\/div>\n            <div class=\"kksr-star\" data-star=\"5\" style=\"padding-right: 5px\">\n            \n\n<div class=\"kksr-icon\" style=\"width: 24px; height: 24px;\"><\/div>\n        <\/div>\n    <\/div>\n    \n<div class=\"kksr-stars-active\" style=\"width: 142.5px;\">\n            <div class=\"kksr-star\" style=\"padding-right: 5px\">\n            \n\n<div class=\"kksr-icon\" style=\"width: 24px; height: 24px;\"><\/div>\n        <\/div>\n            <div class=\"kksr-star\" style=\"padding-right: 5px\">\n            \n\n<div class=\"kksr-icon\" style=\"width: 24px; height: 24px;\"><\/div>\n        <\/div>\n            <div class=\"kksr-star\" style=\"padding-right: 5px\">\n            \n\n<div class=\"kksr-icon\" style=\"width: 24px; height: 24px;\"><\/div>\n        <\/div>\n            <div class=\"kksr-star\" style=\"padding-right: 5px\">\n            \n\n<div class=\"kksr-icon\" style=\"width: 24px; height: 24px;\"><\/div>\n        <\/div>\n            <div class=\"kksr-star\" style=\"padding-right: 5px\">\n            \n\n<div class=\"kksr-icon\" style=\"width: 24px; height: 24px;\"><\/div>\n        <\/div>\n    <\/div>\n<\/div>\n                \n\n<div class=\"kksr-legend\" style=\"font-size: 19.2px;\">\n            5\/5 - (1 voto)    <\/div>\n    <\/div>\n","protected":false},"excerpt":{"rendered":"<p>La contaminaci\u00f3n ambiental afecta nuestra salud de muchas maneras, y uno de los aspectos que m\u00e1s sufre es nuestra piel y cabello. La exposici\u00f3n constante a part\u00edculas contaminantes como el polvo, el humo o los metales pesados puede da\u00f1ar la fibra capilar, debilit\u00e1ndola y opac\u00e1ndola con el paso del tiempo. Por eso, proteger tu cabello [&hellip;]<\/p>\n","protected":false},"author":14,"featured_media":118485,"comment_status":"closed","ping_status":"closed","sticky":false,"template":"","format":"standard","meta":{"jnews-multi-image_gallery":[],"jnews_single_post":{"format":"standard"},"jnews_primary_category":[],"jnews_social_meta":[],"jnews_override_counter":[],"footnotes":""},"categories":[6303],"tags":[],"class_list":["post-118494","post","type-post","status-publish","format-standard","has-post-thumbnail","hentry","category-trucos-de-belleza"],"_links":{"self":[{"href":"https:\/\/www.primor.eu\/blog\/wp-json\/wp\/v2\/posts\/118494","targetHints":{"allow":["GET"]}}],"collection":[{"href":"https:\/\/www.primor.eu\/blog\/wp-json\/wp\/v2\/posts"}],"about":[{"href":"https:\/\/www.primor.eu\/blog\/wp-json\/wp\/v2\/types\/post"}],"author":[{"embeddable":true,"href":"https:\/\/www.primor.eu\/blog\/wp-json\/wp\/v2\/users\/14"}],"replies":[{"embeddable":true,"href":"https:\/\/www.primor.eu\/blog\/wp-json\/wp\/v2\/comments?post=118494"}],"version-history":[{"count":5,"href":"https:\/\/www.primor.eu\/blog\/wp-json\/wp\/v2\/posts\/118494\/revisions"}],"predecessor-version":[{"id":141140,"href":"https:\/\/www.primor.eu\/blog\/wp-json\/wp\/v2\/posts\/118494\/revisions\/141140"}],"wp:featuredmedia":[{"embeddable":true,"href":"https:\/\/www.primor.eu\/blog\/wp-json\/wp\/v2\/media\/118485"}],"wp:attachment":[{"href":"https:\/\/www.primor.eu\/blog\/wp-json\/wp\/v2\/media?parent=118494"}],"wp:term":[{"taxonomy":"category","embeddable":true,"href":"https:\/\/www.primor.eu\/blog\/wp-json\/wp\/v2\/categories?post=118494"},{"taxonomy":"post_tag","embeddable":true,"href":"https:\/\/www.primor.eu\/blog\/wp-json\/wp\/v2\/tags?post=118494"}],"curies":[{"name":"wp","href":"https:\/\/api.w.org\/{rel}","templated":true}]}}