{"id":118377,"date":"2024-12-07T21:00:00","date_gmt":"2024-12-07T21:00:00","guid":{"rendered":"https:\/\/www.primor.eu\/blog\/?p=118377"},"modified":"2024-12-04T13:57:07","modified_gmt":"2024-12-04T13:57:07","slug":"consejos-cuidado-pelo-afro","status":"publish","type":"post","link":"https:\/\/www.primor.eu\/blog\/consejos-cuidado-pelo-afro\/","title":{"rendered":"Pelo afro: consejos para un cuidado perfecto"},"content":{"rendered":"\n<p>Para el <strong>cuidado <\/strong>del <a href=\"https:\/\/www.primor.eu\/blog\/trenzas-africanas-ideas-peinados\/?srsltid=AfmBOopRG97DwUoiZ866L4slKrrTb-nZfjl7asu7nDpVSnogP4YLOUu6\" data-type=\"link\" data-id=\"https:\/\/www.primor.eu\/blog\/trenzas-africanas-ideas-peinados\/?srsltid=AfmBOopRG97DwUoiZ866L4slKrrTb-nZfjl7asu7nDpVSnogP4YLOUu6\"><strong>pelo afro<\/strong> <\/a>hay que seguir unas pautas espec\u00edficas. El cabello rizado, por sus caracter\u00edsticas, requiere de unos <strong>cuidados m\u00e1s espec\u00edficos<\/strong> que el cabello liso u ondulado. Especialmente el pelo muy rizado, como es el caso, a\u00fan m\u00e1s. Por ello, es necesario que tengas en cuenta cu\u00e1les son las pautas del cuidado del pelo afro para <strong>lucir pelazo<\/strong>. Hoy en Primor te contamos m\u00e1s a fondo cu\u00e1les son para que no se te escape nada y ames tu pelo cada d\u00eda m\u00e1s.<\/p>\n\n\n\n<h2 class=\"wp-block-heading\">Cuidado del pelo afro: especificaciones y necesidades<\/h2>\n\n\n\n<p>Como hemos dicho, el hecho de tener el pelo afro significa darle los cuidados que necesita. As\u00ed como cuidamos nuestra piel seg\u00fan su naturaleza, lo mismo ocurre con el pelo. Entre el cuidado del pelo afro se encuentra la necesidad de nutrici\u00f3n m\u00e1xima y otras, como el control del frizz, te los contamos todos\u2026<\/p>\n\n\n\n<h3 class=\"wp-block-heading\">Hidrataci\u00f3n extrema<\/h3>\n\n\n\n<p>Esta es una de las claves m\u00e1s importantes dentro del cuidado del pelo afro. Como hemos dicho, el pelo rizado tiende a ser seco. M\u00e1s a\u00fan si se trata de un pelo tan rizado como el cabello afro. Por eso, es necesario el uso de mascarillas, s\u00e9rums o aceites vegetales mega hidratantes y con ingredientes muy nutritivos. Puedes usar productos sin aclarado para mantener la definici\u00f3n del rizo y la hidrataci\u00f3n entre lavados.&nbsp;<\/p>\n\n\n\n<h3 class=\"wp-block-heading\">Uso de productos espec\u00edficos<\/h3>\n\n\n\n<p>Al igual que los productos que uses deber\u00edan tener siempre un extra de hidrataci\u00f3n si tienes este tipo de cabello, hay otras necesidades que deber\u00edan cumplir. Por ejemplo, lo mejor es que sean libres de alcohol, parabenos o qu\u00edmicos que puedan resecar tu melena. Para ello, lo mejor es que elijas productos lo m\u00e1s naturales posible. Pueden ser espec\u00edficos de m\u00e9todo curly si quieres seguir este m\u00e9todo para cabellos rizados o no, pero los que son dise\u00f1ados para este m\u00e9todo suelen cumplir estas caracter\u00edsticas.<\/p>\n\n\n\n<h3 class=\"wp-block-heading\">Lavado no muy frecuente<\/h3>\n\n\n\n<p>Tambi\u00e9n por la sequedad que tiene el pelo afro, lo mejor es que no lo laves de forma muy frecuente. Es suficiente con hacerlo dos veces a la semana. De hecho, cuanto m\u00e1s seco es un pelo, m\u00e1s suele serlo tambi\u00e9n el cuero cabelludo y menos se ensucia. Lavando poco tu cabello har\u00e1s que preserve sus aceites naturales y se reseque menos. Usa un champ\u00fa libre de sulfatos, ya que estos pueden resecar demasiado el cabello adem\u00e1s de las indicaciones que hemos dado a continuaci\u00f3n.&nbsp;<\/p>\n\n\n\n<h3 class=\"wp-block-heading\">Ojo con el frizz<\/h3>\n\n\n\n<p>Sellar la humedad es importante en este tipo de cabello para cuidar de que no aparezca demasiado frizz. Para ello, usa aceites naturales como el aceite de coco, arg\u00e1n, jojoba o manteca de karit\u00e9 para sellar la humedad despu\u00e9s de hidratar. Tambi\u00e9n puedes encontrar productos espec\u00edficos para tratar el frizz.<\/p>\n\n\n\n<h3 class=\"wp-block-heading\">Adi\u00f3s al calor del secador<\/h3>\n\n\n\n<p>Otra de las claves infalibles del cuidado del pelo afro es prescindir todo lo que puedas de secadores. Adem\u00e1s de que las planchas y secadores estropean y resecan el pelo afro demasiado, pueden hacer que tu rizo se defina menos. Simplemente desenreda el cabello mojado con un peine de dientes anchos cuando salgas de la ducha y deja que se seque al aire.<\/p>\n\n\n\n<h3 class=\"wp-block-heading\">Rutina de noche<\/h3>\n\n\n\n<p>La rutina de noche para hidratar el pelo y luchar contra el frizz tambi\u00e9n es muy indicada en el cuidado del pelo afro. Para llevarla a cabo, protege tu cabello por la noche con un gorro de seda o pon una funda de almohada de sat\u00e9n o de seda. Tambi\u00e9n puedes ponerte un pa\u00f1uelo de seda que cubra tu cabello. Aprovecha para ponerte por la noche alg\u00fan aceite o s\u00e9rum que te hidrate de manera extrema los d\u00edas en los que te toque lavarte despu\u00e9s el pelo.<\/p>\n\n\n<div class=\"kk-star-ratings kksr-auto kksr-align-center kksr-valign-bottom\"\n    data-payload='{&quot;align&quot;:&quot;center&quot;,&quot;id&quot;:&quot;118377&quot;,&quot;slug&quot;:&quot;default&quot;,&quot;valign&quot;:&quot;bottom&quot;,&quot;ignore&quot;:&quot;&quot;,&quot;reference&quot;:&quot;auto&quot;,&quot;class&quot;:&quot;&quot;,&quot;count&quot;:&quot;0&quot;,&quot;legendonly&quot;:&quot;&quot;,&quot;readonly&quot;:&quot;&quot;,&quot;score&quot;:&quot;0&quot;,&quot;starsonly&quot;:&quot;&quot;,&quot;best&quot;:&quot;5&quot;,&quot;gap&quot;:&quot;5&quot;,&quot;greet&quot;:&quot;Valora este art\u00edculo&quot;,&quot;legend&quot;:&quot;0\\\/5 - (0 votos)&quot;,&quot;size&quot;:&quot;24&quot;,&quot;title&quot;:&quot;Pelo afro: consejos para un cuidado perfecto&quot;,&quot;width&quot;:&quot;0&quot;,&quot;_legend&quot;:&quot;{score}\\\/{best} - ({count} {votes})&quot;,&quot;font_factor&quot;:&quot;1.25&quot;}'>\n            \n<div class=\"kksr-stars\">\n    \n<div class=\"kksr-stars-inactive\">\n            <div class=\"kksr-star\" data-star=\"1\" style=\"padding-right: 5px\">\n            \n\n<div class=\"kksr-icon\" style=\"width: 24px; height: 24px;\"><\/div>\n        <\/div>\n            <div class=\"kksr-star\" data-star=\"2\" style=\"padding-right: 5px\">\n            \n\n<div class=\"kksr-icon\" style=\"width: 24px; height: 24px;\"><\/div>\n        <\/div>\n            <div class=\"kksr-star\" data-star=\"3\" style=\"padding-right: 5px\">\n            \n\n<div class=\"kksr-icon\" style=\"width: 24px; height: 24px;\"><\/div>\n        <\/div>\n            <div class=\"kksr-star\" data-star=\"4\" style=\"padding-right: 5px\">\n            \n\n<div class=\"kksr-icon\" style=\"width: 24px; height: 24px;\"><\/div>\n        <\/div>\n            <div class=\"kksr-star\" data-star=\"5\" style=\"padding-right: 5px\">\n            \n\n<div class=\"kksr-icon\" style=\"width: 24px; height: 24px;\"><\/div>\n        <\/div>\n    <\/div>\n    \n<div class=\"kksr-stars-active\" style=\"width: 0px;\">\n            <div class=\"kksr-star\" style=\"padding-right: 5px\">\n            \n\n<div class=\"kksr-icon\" style=\"width: 24px; height: 24px;\"><\/div>\n        <\/div>\n            <div class=\"kksr-star\" style=\"padding-right: 5px\">\n            \n\n<div class=\"kksr-icon\" style=\"width: 24px; height: 24px;\"><\/div>\n        <\/div>\n            <div class=\"kksr-star\" style=\"padding-right: 5px\">\n            \n\n<div class=\"kksr-icon\" style=\"width: 24px; height: 24px;\"><\/div>\n        <\/div>\n            <div class=\"kksr-star\" style=\"padding-right: 5px\">\n            \n\n<div class=\"kksr-icon\" style=\"width: 24px; height: 24px;\"><\/div>\n        <\/div>\n            <div class=\"kksr-star\" style=\"padding-right: 5px\">\n            \n\n<div class=\"kksr-icon\" style=\"width: 24px; height: 24px;\"><\/div>\n        <\/div>\n    <\/div>\n<\/div>\n                \n\n<div class=\"kksr-legend\" style=\"font-size: 19.2px;\">\n            <span class=\"kksr-muted\">Valora este art\u00edculo<\/span>\n    <\/div>\n    <\/div>\n","protected":false},"excerpt":{"rendered":"<p>Para el cuidado del pelo afro hay que seguir unas pautas espec\u00edficas. El cabello rizado, por sus caracter\u00edsticas, requiere de unos cuidados m\u00e1s espec\u00edficos que el cabello liso u ondulado. Especialmente el pelo muy rizado, como es el caso, a\u00fan m\u00e1s. Por ello, es necesario que tengas en cuenta cu\u00e1les son las pautas del cuidado [&hellip;]<\/p>\n","protected":false},"author":30,"featured_media":118378,"comment_status":"closed","ping_status":"closed","sticky":false,"template":"","format":"standard","meta":{"jnews-multi-image_gallery":[],"jnews_single_post":{"format":"standard"},"jnews_primary_category":[],"jnews_social_meta":[],"jnews_override_counter":[],"footnotes":""},"categories":[35],"tags":[],"class_list":["post-118377","post","type-post","status-publish","format-standard","has-post-thumbnail","hentry","category-cabello"],"_links":{"self":[{"href":"https:\/\/www.primor.eu\/blog\/wp-json\/wp\/v2\/posts\/118377","targetHints":{"allow":["GET"]}}],"collection":[{"href":"https:\/\/www.primor.eu\/blog\/wp-json\/wp\/v2\/posts"}],"about":[{"href":"https:\/\/www.primor.eu\/blog\/wp-json\/wp\/v2\/types\/post"}],"author":[{"embeddable":true,"href":"https:\/\/www.primor.eu\/blog\/wp-json\/wp\/v2\/users\/30"}],"replies":[{"embeddable":true,"href":"https:\/\/www.primor.eu\/blog\/wp-json\/wp\/v2\/comments?post=118377"}],"version-history":[{"count":2,"href":"https:\/\/www.primor.eu\/blog\/wp-json\/wp\/v2\/posts\/118377\/revisions"}],"predecessor-version":[{"id":118380,"href":"https:\/\/www.primor.eu\/blog\/wp-json\/wp\/v2\/posts\/118377\/revisions\/118380"}],"wp:featuredmedia":[{"embeddable":true,"href":"https:\/\/www.primor.eu\/blog\/wp-json\/wp\/v2\/media\/118378"}],"wp:attachment":[{"href":"https:\/\/www.primor.eu\/blog\/wp-json\/wp\/v2\/media?parent=118377"}],"wp:term":[{"taxonomy":"category","embeddable":true,"href":"https:\/\/www.primor.eu\/blog\/wp-json\/wp\/v2\/categories?post=118377"},{"taxonomy":"post_tag","embeddable":true,"href":"https:\/\/www.primor.eu\/blog\/wp-json\/wp\/v2\/tags?post=118377"}],"curies":[{"name":"wp","href":"https:\/\/api.w.org\/{rel}","templated":true}]}}