{"id":118308,"date":"2024-12-07T18:00:00","date_gmt":"2024-12-07T18:00:00","guid":{"rendered":"https:\/\/www.primor.eu\/blog\/?p=118308"},"modified":"2024-12-04T13:30:32","modified_gmt":"2024-12-04T13:30:32","slug":"mejores-peinados-pelo-afro-ninas","status":"publish","type":"post","link":"https:\/\/www.primor.eu\/blog\/mejores-peinados-pelo-afro-ninas\/","title":{"rendered":"Los 7 peinados m\u00e1s bonitos para ni\u00f1as con pelo afro"},"content":{"rendered":"\n<p>Los <strong>peinados <\/strong>para <strong>ni\u00f1as <\/strong>con el <strong><a href=\"https:\/\/www.primor.eu\/blog\/diferencias-metodo-curly-pelo-rizado\/?srsltid=AfmBOoo6DCDYACXxn7mqpMaebAwQxHq0rlIkitgSQV0kVnBHxnz3cmIE\" data-type=\"link\" data-id=\"https:\/\/www.primor.eu\/blog\/diferencias-metodo-curly-pelo-rizado\/?srsltid=AfmBOoo6DCDYACXxn7mqpMaebAwQxHq0rlIkitgSQV0kVnBHxnz3cmIE\">pelo afro<\/a> <\/strong>son variados, por lo que adem\u00e1s de las t\u00edpicas trencitas y los mo\u00f1os, puedes elegir m\u00e1s. Hoy te vamos a dar una lista con varios <strong>peinados <\/strong>para ni\u00f1as con el pelo afro para que puedas llevar a tu hija <strong>bonita y c\u00f3moda.&nbsp;<\/strong><\/p>\n\n\n\n<p>Y es que el pelo afro es bonito y acepta un mont\u00f3n de peinados. Una de claves para los peinados con el pelo afro, eso s\u00ed, es que sean a la vez confortables, sobre todo cuando hablamos de ni\u00f1as.<\/p>\n\n\n\n<h2 class=\"wp-block-heading\">Peinados para ni\u00f1a pelo afro: 7 ideas<\/h2>\n\n\n\n<p>Como hemos dicho, el objetivo de este art\u00edculo no es otro que el darte ideas de peinados para ni\u00f1as con el pelo afro. Vamos a darte algunas de las m\u00e1s interesantes, puedes replicarlas o variar alguna cosa para que sean a tu gusto.<\/p>\n\n\n\n<h3 class=\"wp-block-heading\">Medio recogido con flequillo rizado<\/h3>\n\n\n\n<figure class=\"wp-block-image size-large\"><img decoding=\"async\" width=\"819\" height=\"1024\" src=\"https:\/\/www.primor.eu\/blog\/wp-content\/uploads\/2024\/12\/1-819x1024.jpg\" alt=\"\" class=\"wp-image-118318\" srcset=\"https:\/\/www.primor.eu\/blog\/wp-content\/uploads\/2024\/12\/1-819x1024.jpg 819w, https:\/\/www.primor.eu\/blog\/wp-content\/uploads\/2024\/12\/1-240x300.jpg 240w, https:\/\/www.primor.eu\/blog\/wp-content\/uploads\/2024\/12\/1-768x960.jpg 768w, https:\/\/www.primor.eu\/blog\/wp-content\/uploads\/2024\/12\/1-750x938.jpg 750w, https:\/\/www.primor.eu\/blog\/wp-content\/uploads\/2024\/12\/1.jpg 1080w\" sizes=\"(max-width: 819px) 100vw, 819px\" \/><\/figure>\n\n\n\n<p>Fuente Instagram: @camila.7793<\/p>\n\n\n\n<p>Esta opci\u00f3n es muy original para ni\u00f1as. El flequillo rizado acent\u00faa el toque afro y pone de manifiesto lo bonito y racial de este tipo de cabello. Adem\u00e1s, tiene un toque muy ochentero que se puede combinar con ropas alegres y de colores llamativos o con prendas vintage de esta d\u00e9cada.<\/p>\n\n\n\n<h3 class=\"wp-block-heading\">Media melena con el pelo suelto<\/h3>\n\n\n\n<figure class=\"wp-block-image size-large is-resized\"><img decoding=\"async\" width=\"1024\" height=\"1024\" src=\"https:\/\/www.primor.eu\/blog\/wp-content\/uploads\/2024\/12\/2-1024x1024.jpg\" alt=\"\" class=\"wp-image-118319\" style=\"width:828px;height:auto\" srcset=\"https:\/\/www.primor.eu\/blog\/wp-content\/uploads\/2024\/12\/2-1024x1024.jpg 1024w, https:\/\/www.primor.eu\/blog\/wp-content\/uploads\/2024\/12\/2-300x300.jpg 300w, https:\/\/www.primor.eu\/blog\/wp-content\/uploads\/2024\/12\/2-150x150.jpg 150w, https:\/\/www.primor.eu\/blog\/wp-content\/uploads\/2024\/12\/2-768x768.jpg 768w, https:\/\/www.primor.eu\/blog\/wp-content\/uploads\/2024\/12\/2-75x75.jpg 75w, https:\/\/www.primor.eu\/blog\/wp-content\/uploads\/2024\/12\/2-350x350.jpg 350w, https:\/\/www.primor.eu\/blog\/wp-content\/uploads\/2024\/12\/2-750x750.jpg 750w, https:\/\/www.primor.eu\/blog\/wp-content\/uploads\/2024\/12\/2.jpg 1080w\" sizes=\"(max-width: 1024px) 100vw, 1024px\" \/><\/figure>\n\n\n\n<p>Fuente Instagram: @niara_sophia<\/p>\n\n\n\n<p>Una media melena como esta con el pelo afro puede ser un peinado bonito y c\u00f3modo para una ni\u00f1a. La longitud de la media melena es c\u00f3moda y uno de los cortes m\u00e1s adecuados cuando el volumen no es exagerado. No porque no quede bonito, ya que no hay cosa m\u00e1s bonita que una melena afro con volumen, sino por la comodidad de la peque.<\/p>\n\n\n\n<h3 class=\"wp-block-heading\">Coletas altas en medio recogido<\/h3>\n\n\n\n<figure class=\"wp-block-image size-large is-resized\"><img decoding=\"async\" width=\"1024\" height=\"1024\" src=\"https:\/\/www.primor.eu\/blog\/wp-content\/uploads\/2024\/12\/3-1024x1024.jpg\" alt=\"\" class=\"wp-image-118320\" style=\"width:1002px;height:auto\" srcset=\"https:\/\/www.primor.eu\/blog\/wp-content\/uploads\/2024\/12\/3-1024x1024.jpg 1024w, https:\/\/www.primor.eu\/blog\/wp-content\/uploads\/2024\/12\/3-300x300.jpg 300w, https:\/\/www.primor.eu\/blog\/wp-content\/uploads\/2024\/12\/3-150x150.jpg 150w, https:\/\/www.primor.eu\/blog\/wp-content\/uploads\/2024\/12\/3-768x768.jpg 768w, https:\/\/www.primor.eu\/blog\/wp-content\/uploads\/2024\/12\/3-75x75.jpg 75w, https:\/\/www.primor.eu\/blog\/wp-content\/uploads\/2024\/12\/3-350x350.jpg 350w, https:\/\/www.primor.eu\/blog\/wp-content\/uploads\/2024\/12\/3-750x750.jpg 750w, https:\/\/www.primor.eu\/blog\/wp-content\/uploads\/2024\/12\/3.jpg 1080w\" sizes=\"(max-width: 1024px) 100vw, 1024px\" \/><\/figure>\n\n\n\n<p>Fuente Instagram: @hysfilms<\/p>\n\n\n\n<p>Este es otro de los peinados para ni\u00f1as con el pelo afro que queda original y es c\u00f3modo al mismo tiempo. Esas coletas altas, quitan volumen a la melena. Se pueden hacer con la parte de arriba trenzada como en el caso de esta foto o, si se prefiere, solamente como una coleta.<\/p>\n\n\n\n<h3 class=\"wp-block-heading\">Diadema de trencitas<\/h3>\n\n\n\n<figure class=\"wp-block-image size-large is-resized\"><img decoding=\"async\" width=\"1080\" height=\"1350\" src=\"https:\/\/www.primor.eu\/blog\/wp-content\/uploads\/2024\/12\/4-819x1024.jpg\" alt=\"\" class=\"wp-image-118322\" style=\"width:852px;height:auto\" srcset=\"https:\/\/www.primor.eu\/blog\/wp-content\/uploads\/2024\/12\/4-819x1024.jpg 819w, https:\/\/www.primor.eu\/blog\/wp-content\/uploads\/2024\/12\/4-240x300.jpg 240w, https:\/\/www.primor.eu\/blog\/wp-content\/uploads\/2024\/12\/4-768x960.jpg 768w, https:\/\/www.primor.eu\/blog\/wp-content\/uploads\/2024\/12\/4-750x938.jpg 750w, https:\/\/www.primor.eu\/blog\/wp-content\/uploads\/2024\/12\/4.jpg 1080w\" sizes=\"(max-width: 1080px) 100vw, 1080px\" \/><\/figure>\n\n\n\n<p>Fuente Instagram: @afro.girl15<\/p>\n\n\n\n<p>Este trenzado que consigue imitar a una diadema es muy bonito. Lo \u00fanico que hay que tener en cuenta es que las trenzas no sean demasiado prietas, para no incomodar a la ni\u00f1a. Todas las que nos hemos hecho trenzas alguna vez hemos sufrido la tirantez de los primeros d\u00edas al llevarlas. Resulta inc\u00f3modo pero, adem\u00e1s, puede hacer que se pierdan parcelas de pelo si es demasiado fuerte.<\/p>\n\n\n\n<h3 class=\"wp-block-heading\">Mo\u00f1o alto con mechones sueltos<\/h3>\n\n\n\n<figure class=\"wp-block-image size-large is-resized\"><img decoding=\"async\" width=\"885\" height=\"1024\" src=\"https:\/\/www.primor.eu\/blog\/wp-content\/uploads\/2024\/12\/5-885x1024.jpg\" alt=\"\" class=\"wp-image-118323\" style=\"width:837px;height:auto\" srcset=\"https:\/\/www.primor.eu\/blog\/wp-content\/uploads\/2024\/12\/5-885x1024.jpg 885w, https:\/\/www.primor.eu\/blog\/wp-content\/uploads\/2024\/12\/5-259x300.jpg 259w, https:\/\/www.primor.eu\/blog\/wp-content\/uploads\/2024\/12\/5-768x889.jpg 768w, https:\/\/www.primor.eu\/blog\/wp-content\/uploads\/2024\/12\/5-750x868.jpg 750w, https:\/\/www.primor.eu\/blog\/wp-content\/uploads\/2024\/12\/5.jpg 1080w\" sizes=\"(max-width: 885px) 100vw, 885px\" \/><\/figure>\n\n\n\n<p>Fuente Instagram: @afrokids2021<\/p>\n\n\n\n<p>Este mo\u00f1ito es una opci\u00f3n c\u00f3moda y muy pr\u00e1ctica para el d\u00eda a d\u00eda. Sobre todo porque a diferencia de las trenzas peque\u00f1as, se puede hacer todos los d\u00edas en casa. Se puede decorar con una goma con cuentas como en este caso, lo que har\u00e1 que se consiga un look ancestral y racial. Los mechones se pueden dejar sueltos en las partes laterales de la cabeza, como en este caso o tambi\u00e9n a modo de flequillo si se prefiere.<\/p>\n\n\n\n<h3 class=\"wp-block-heading\">Trencitas gruesas con colores<\/h3>\n\n\n\n<figure class=\"wp-block-image size-full is-resized\"><img decoding=\"async\" width=\"1023\" height=\"1023\" src=\"https:\/\/www.primor.eu\/blog\/wp-content\/uploads\/2024\/12\/6.jpg\" alt=\"\" class=\"wp-image-118324\" style=\"width:814px;height:auto\" srcset=\"https:\/\/www.primor.eu\/blog\/wp-content\/uploads\/2024\/12\/6.jpg 1023w, https:\/\/www.primor.eu\/blog\/wp-content\/uploads\/2024\/12\/6-300x300.jpg 300w, https:\/\/www.primor.eu\/blog\/wp-content\/uploads\/2024\/12\/6-150x150.jpg 150w, https:\/\/www.primor.eu\/blog\/wp-content\/uploads\/2024\/12\/6-768x768.jpg 768w, https:\/\/www.primor.eu\/blog\/wp-content\/uploads\/2024\/12\/6-75x75.jpg 75w, https:\/\/www.primor.eu\/blog\/wp-content\/uploads\/2024\/12\/6-350x350.jpg 350w, https:\/\/www.primor.eu\/blog\/wp-content\/uploads\/2024\/12\/6-750x750.jpg 750w\" sizes=\"(max-width: 1023px) 100vw, 1023px\" \/><\/figure>\n\n\n\n<p>Fuente Instagram: @macarioscare<\/p>\n\n\n\n<p>Estas trenzas son un cl\u00e1sico en peinados para ni\u00f1as con el pelo afro. La \u00fanica diferencia con otros tipos de trenzas es que van pegadas a la cabeza. De nuevo, habr\u00e1 que vigilar que no sean demasiado prietas para que la ni\u00f1a no est\u00e9 inc\u00f3moda y no pierda pelo. Te\u00f1ir algunos mechones de colores, como en el caso de estos rosas, le da un toque original y alternativo.&nbsp;<\/p>\n\n\n\n<h3 class=\"wp-block-heading\">Coleta alta<\/h3>\n\n\n\n<figure class=\"wp-block-image size-large\"><img decoding=\"async\" width=\"819\" height=\"1024\" src=\"https:\/\/www.primor.eu\/blog\/wp-content\/uploads\/2024\/12\/7-819x1024.jpg\" alt=\"\" class=\"wp-image-118325\" srcset=\"https:\/\/www.primor.eu\/blog\/wp-content\/uploads\/2024\/12\/7-819x1024.jpg 819w, https:\/\/www.primor.eu\/blog\/wp-content\/uploads\/2024\/12\/7-240x300.jpg 240w, https:\/\/www.primor.eu\/blog\/wp-content\/uploads\/2024\/12\/7-768x960.jpg 768w, https:\/\/www.primor.eu\/blog\/wp-content\/uploads\/2024\/12\/7-750x938.jpg 750w, https:\/\/www.primor.eu\/blog\/wp-content\/uploads\/2024\/12\/7.jpg 1080w\" sizes=\"(max-width: 819px) 100vw, 819px\" \/><\/figure>\n\n\n\n<p>Fuente Instagram: @camila.7793<\/p>\n\n\n\n<p>Para terminar tenemos esta coleta alta. Es perfecta para ir a la naturaleza, a hacer ejercicio o simplemente para estar c\u00f3moda. Tiene la ventaja de que no se enreda el pelo, mientras permite lucir los rizos caracter\u00edsticos del pelo afro.<\/p>\n\n\n<div class=\"kk-star-ratings kksr-auto kksr-align-center kksr-valign-bottom\"\n    data-payload='{&quot;align&quot;:&quot;center&quot;,&quot;id&quot;:&quot;118308&quot;,&quot;slug&quot;:&quot;default&quot;,&quot;valign&quot;:&quot;bottom&quot;,&quot;ignore&quot;:&quot;&quot;,&quot;reference&quot;:&quot;auto&quot;,&quot;class&quot;:&quot;&quot;,&quot;count&quot;:&quot;0&quot;,&quot;legendonly&quot;:&quot;&quot;,&quot;readonly&quot;:&quot;&quot;,&quot;score&quot;:&quot;0&quot;,&quot;starsonly&quot;:&quot;&quot;,&quot;best&quot;:&quot;5&quot;,&quot;gap&quot;:&quot;5&quot;,&quot;greet&quot;:&quot;Valora este art\u00edculo&quot;,&quot;legend&quot;:&quot;0\\\/5 - (0 votos)&quot;,&quot;size&quot;:&quot;24&quot;,&quot;title&quot;:&quot;Los 7 peinados m\u00e1s bonitos para ni\u00f1as con pelo afro&quot;,&quot;width&quot;:&quot;0&quot;,&quot;_legend&quot;:&quot;{score}\\\/{best} - ({count} {votes})&quot;,&quot;font_factor&quot;:&quot;1.25&quot;}'>\n            \n<div class=\"kksr-stars\">\n    \n<div class=\"kksr-stars-inactive\">\n            <div class=\"kksr-star\" data-star=\"1\" style=\"padding-right: 5px\">\n            \n\n<div class=\"kksr-icon\" style=\"width: 24px; height: 24px;\"><\/div>\n        <\/div>\n            <div class=\"kksr-star\" data-star=\"2\" style=\"padding-right: 5px\">\n            \n\n<div class=\"kksr-icon\" style=\"width: 24px; height: 24px;\"><\/div>\n        <\/div>\n            <div class=\"kksr-star\" data-star=\"3\" style=\"padding-right: 5px\">\n            \n\n<div class=\"kksr-icon\" style=\"width: 24px; height: 24px;\"><\/div>\n        <\/div>\n            <div class=\"kksr-star\" data-star=\"4\" style=\"padding-right: 5px\">\n            \n\n<div class=\"kksr-icon\" style=\"width: 24px; height: 24px;\"><\/div>\n        <\/div>\n            <div class=\"kksr-star\" data-star=\"5\" style=\"padding-right: 5px\">\n            \n\n<div class=\"kksr-icon\" style=\"width: 24px; height: 24px;\"><\/div>\n        <\/div>\n    <\/div>\n    \n<div class=\"kksr-stars-active\" style=\"width: 0px;\">\n            <div class=\"kksr-star\" style=\"padding-right: 5px\">\n            \n\n<div class=\"kksr-icon\" style=\"width: 24px; height: 24px;\"><\/div>\n        <\/div>\n            <div class=\"kksr-star\" style=\"padding-right: 5px\">\n            \n\n<div class=\"kksr-icon\" style=\"width: 24px; height: 24px;\"><\/div>\n        <\/div>\n            <div class=\"kksr-star\" style=\"padding-right: 5px\">\n            \n\n<div class=\"kksr-icon\" style=\"width: 24px; height: 24px;\"><\/div>\n        <\/div>\n            <div class=\"kksr-star\" style=\"padding-right: 5px\">\n            \n\n<div class=\"kksr-icon\" style=\"width: 24px; height: 24px;\"><\/div>\n        <\/div>\n            <div class=\"kksr-star\" style=\"padding-right: 5px\">\n            \n\n<div class=\"kksr-icon\" style=\"width: 24px; height: 24px;\"><\/div>\n        <\/div>\n    <\/div>\n<\/div>\n                \n\n<div class=\"kksr-legend\" style=\"font-size: 19.2px;\">\n            <span class=\"kksr-muted\">Valora este art\u00edculo<\/span>\n    <\/div>\n    <\/div>\n","protected":false},"excerpt":{"rendered":"<p>Los peinados para ni\u00f1as con el pelo afro son variados, por lo que adem\u00e1s de las t\u00edpicas trencitas y los mo\u00f1os, puedes elegir m\u00e1s. Hoy te vamos a dar una lista con varios peinados para ni\u00f1as con el pelo afro para que puedas llevar a tu hija bonita y c\u00f3moda.&nbsp; Y es que el pelo [&hellip;]<\/p>\n","protected":false},"author":30,"featured_media":118316,"comment_status":"closed","ping_status":"closed","sticky":false,"template":"","format":"standard","meta":{"jnews-multi-image_gallery":[],"jnews_single_post":{"format":"standard"},"jnews_primary_category":[],"jnews_social_meta":[],"jnews_override_counter":[],"footnotes":""},"categories":[35],"tags":[],"class_list":["post-118308","post","type-post","status-publish","format-standard","has-post-thumbnail","hentry","category-cabello"],"_links":{"self":[{"href":"https:\/\/www.primor.eu\/blog\/wp-json\/wp\/v2\/posts\/118308","targetHints":{"allow":["GET"]}}],"collection":[{"href":"https:\/\/www.primor.eu\/blog\/wp-json\/wp\/v2\/posts"}],"about":[{"href":"https:\/\/www.primor.eu\/blog\/wp-json\/wp\/v2\/types\/post"}],"author":[{"embeddable":true,"href":"https:\/\/www.primor.eu\/blog\/wp-json\/wp\/v2\/users\/30"}],"replies":[{"embeddable":true,"href":"https:\/\/www.primor.eu\/blog\/wp-json\/wp\/v2\/comments?post=118308"}],"version-history":[{"count":3,"href":"https:\/\/www.primor.eu\/blog\/wp-json\/wp\/v2\/posts\/118308\/revisions"}],"predecessor-version":[{"id":118327,"href":"https:\/\/www.primor.eu\/blog\/wp-json\/wp\/v2\/posts\/118308\/revisions\/118327"}],"wp:featuredmedia":[{"embeddable":true,"href":"https:\/\/www.primor.eu\/blog\/wp-json\/wp\/v2\/media\/118316"}],"wp:attachment":[{"href":"https:\/\/www.primor.eu\/blog\/wp-json\/wp\/v2\/media?parent=118308"}],"wp:term":[{"taxonomy":"category","embeddable":true,"href":"https:\/\/www.primor.eu\/blog\/wp-json\/wp\/v2\/categories?post=118308"},{"taxonomy":"post_tag","embeddable":true,"href":"https:\/\/www.primor.eu\/blog\/wp-json\/wp\/v2\/tags?post=118308"}],"curies":[{"name":"wp","href":"https:\/\/api.w.org\/{rel}","templated":true}]}}