{"id":118051,"date":"2024-12-07T12:00:00","date_gmt":"2024-12-07T12:00:00","guid":{"rendered":"https:\/\/www.primor.eu\/blog\/?p=118051"},"modified":"2024-12-02T14:46:29","modified_gmt":"2024-12-02T14:46:29","slug":"como-tenir-pelo-afro","status":"publish","type":"post","link":"https:\/\/www.primor.eu\/blog\/como-tenir-pelo-afro\/","title":{"rendered":"Paso a paso: c\u00f3mo te\u00f1ir tu pelo afro. Consejos e indicaciones"},"content":{"rendered":"\n<p>Si buscas <strong>consejos<\/strong> para<strong> te\u00f1ir<\/strong> el <strong>pelo afro<\/strong>, has llegado al lugar correcto. Hemos de tener en cuenta que este tipo de cabello tiene unas necesidades espec\u00edficas, como pueden ser las de una mayor hidrataci\u00f3n. El pelo rizado suele ser seco, caracter\u00edstica que en el pelo afro se puede intensificar en algunas ocasiones.&nbsp;<\/p>\n\n\n\n<p>Esto hace que los consejos para te\u00f1ir el pelo afro se hagan m\u00e1s que importantes, para que no da\u00f1es tu pelo. Vamos a darte consejos a tener en cuenta para<strong> elegir el tinte<\/strong> y el <strong>paso a paso <\/strong>para te\u00f1ir tu pelo afro en casa. Tambi\u00e9n te recomendaremos<strong> cuidados posteriores<\/strong> al tinte.<\/p>\n\n\n\n<h2 class=\"wp-block-heading\">Consejos para te\u00f1ir el pelo afro: antes de empezar<\/h2>\n\n\n\n<p>Como hemos dicho, uno de los consejos para te\u00f1ir el pelo afro m\u00e1s importante es el de tener en cuenta su naturaleza. Cuando hablamos de pelo rizado hablamos de pelo muy seco casi siempre. Por ello, es importante que elijas un<strong> tinte <\/strong>que <strong>no reseque<\/strong> en demas\u00eda tu cabello y, tambi\u00e9n que tengas en cuenta otros factores.&nbsp;<\/p>\n\n\n\n<p>Tambi\u00e9n es bueno que pienses que si necesitas una decoloraci\u00f3n muy fuerte lo mejor es que no lo hagas en casa. Este tipo de coloraciones pueden resecar el pelo demasiado, por lo que lo mejor es que un\/a profesional vea cu\u00e1l es la mejor opci\u00f3n en este caso para ti y tu cabello espec\u00edficamente.&nbsp;<\/p>\n\n\n\n<h2 class=\"wp-block-heading\">Paso a paso para te\u00f1ir el pelo afro<\/h2>\n\n\n\n<p>Y ahora que hemos visto los consejos a tener en cuenta antes de elegir el tinte o de lanzarte a hacerte una decoloraci\u00f3n sola en casa, vamos a ver el paso a paso para te\u00f1ir tu pelo afro en casa.<\/p>\n\n\n\n<ol class=\"wp-block-list\">\n<li><strong>No laves el cabello<\/strong>: justo antes de te\u00f1irlo. Hazlo dos d\u00edas antes para que los aceites naturales del cuero cabelludo act\u00faen como barrera protectora del tinte y tu cabello afro se da\u00f1e menos.<\/li>\n\n\n\n<li><strong>Re\u00fane los materiales<\/strong>: que son el tinte, guantes protectores, un peine de dientes anchos, una toalla vieja o capa protectora, vaselina o aceite para proteger la piel alrededor de tu cabeza y rostro, brocha para aplicar, pinzas o clips para separar secciones y champ\u00fa y acondicionador para cabello te\u00f1ido para despu\u00e9s.<\/li>\n\n\n\n<li><strong>Mezcla el tinte<\/strong> seg\u00fan las instrucciones del fabricante en cada caso.\u00a0<\/li>\n\n\n\n<li><strong>Divide tu cabello <\/strong>en al menos cuatro o seis partes. Ve recogiendo el resto con las pinzas que hayas elegido.\u00a0<\/li>\n\n\n\n<li><strong>Protege la piel<\/strong>: de alrededor del cabello con la vaselina para que el tinte no penetre en tu piel. Ponte tambi\u00e9n la toalla o capa protectora sobre los hombros o sobre el jersey o la camiseta que lleves. Es recomendable que, adem\u00e1s de la protecci\u00f3n, la ropa que te pongas sea m\u00e1s o menos vieja por si suceden accidentes.\u00a0<\/li>\n\n\n\n<li><strong>Ve de ra\u00edces a puntas<\/strong>: aplicando el tinte en las diferentes secciones en las que has dividido tu cabello.\u00a0<\/li>\n\n\n\n<li><strong>Deja actuar<\/strong>: el tiempo que indique el fabricante en cada caso.<\/li>\n\n\n\n<li><strong>Aclara<\/strong>:bien el tinte y aplica en tu cabello productos hidratantes o mascarilla.<\/li>\n<\/ol>\n\n\n\n<h2 class=\"wp-block-heading\">Consejos para te\u00f1ir el pelo afro: cuidados posteriores<\/h2>\n\n\n\n<p>Otro punto a tener en cuenta dentro de los consejos para te\u00f1ir el pelo afro es el de los <strong>cuidados posteriores<\/strong> al tinte. Como hemos dicho, lo mejor es elegir tintes lo m\u00e1s <strong>naturales <\/strong>posible y que no resequen el pelo afro.&nbsp;<\/p>\n\n\n\n<p>No obstante, adem\u00e1s de tener en cuenta este punto, hemos de tener en cuenta que cualquier tinte<strong> reseca<\/strong> algo el cabello. Por eso, es bueno que despu\u00e9s de te\u00f1irlo, cuides a diario tu cabello con <strong>productos hidratantes <\/strong>lo m\u00e1s naturales posible. Pueden ser una buena opci\u00f3n los de m\u00e9todo curly, ya que no llevan alcoholes, siliconas y parabenos que puedan arruinar tu pelo afro.&nbsp;<\/p>\n\n\n\n<p>Tambi\u00e9n es bueno que<strong> huyas<\/strong> lo m\u00e1ximo posible de <strong>planchas y secadores <\/strong>y que protejas tu pelo de noche con pa\u00f1uelos de seda o de sat\u00e9n. De este modo preservar\u00e1s la hidrataci\u00f3n de tu pelo y evitar\u00e1s el frizz.<\/p>\n\n\n<div class=\"kk-star-ratings kksr-auto kksr-align-center kksr-valign-bottom\"\n    data-payload='{&quot;align&quot;:&quot;center&quot;,&quot;id&quot;:&quot;118051&quot;,&quot;slug&quot;:&quot;default&quot;,&quot;valign&quot;:&quot;bottom&quot;,&quot;ignore&quot;:&quot;&quot;,&quot;reference&quot;:&quot;auto&quot;,&quot;class&quot;:&quot;&quot;,&quot;count&quot;:&quot;0&quot;,&quot;legendonly&quot;:&quot;&quot;,&quot;readonly&quot;:&quot;&quot;,&quot;score&quot;:&quot;0&quot;,&quot;starsonly&quot;:&quot;&quot;,&quot;best&quot;:&quot;5&quot;,&quot;gap&quot;:&quot;5&quot;,&quot;greet&quot;:&quot;Valora este art\u00edculo&quot;,&quot;legend&quot;:&quot;0\\\/5 - (0 votos)&quot;,&quot;size&quot;:&quot;24&quot;,&quot;title&quot;:&quot;Paso a paso: c\u00f3mo te\u00f1ir tu pelo afro. Consejos e indicaciones&quot;,&quot;width&quot;:&quot;0&quot;,&quot;_legend&quot;:&quot;{score}\\\/{best} - ({count} {votes})&quot;,&quot;font_factor&quot;:&quot;1.25&quot;}'>\n            \n<div class=\"kksr-stars\">\n    \n<div class=\"kksr-stars-inactive\">\n            <div class=\"kksr-star\" data-star=\"1\" style=\"padding-right: 5px\">\n            \n\n<div class=\"kksr-icon\" style=\"width: 24px; height: 24px;\"><\/div>\n        <\/div>\n            <div class=\"kksr-star\" data-star=\"2\" style=\"padding-right: 5px\">\n            \n\n<div class=\"kksr-icon\" style=\"width: 24px; height: 24px;\"><\/div>\n        <\/div>\n            <div class=\"kksr-star\" data-star=\"3\" style=\"padding-right: 5px\">\n            \n\n<div class=\"kksr-icon\" style=\"width: 24px; height: 24px;\"><\/div>\n        <\/div>\n            <div class=\"kksr-star\" data-star=\"4\" style=\"padding-right: 5px\">\n            \n\n<div class=\"kksr-icon\" style=\"width: 24px; height: 24px;\"><\/div>\n        <\/div>\n            <div class=\"kksr-star\" data-star=\"5\" style=\"padding-right: 5px\">\n            \n\n<div class=\"kksr-icon\" style=\"width: 24px; height: 24px;\"><\/div>\n        <\/div>\n    <\/div>\n    \n<div class=\"kksr-stars-active\" style=\"width: 0px;\">\n            <div class=\"kksr-star\" style=\"padding-right: 5px\">\n            \n\n<div class=\"kksr-icon\" style=\"width: 24px; height: 24px;\"><\/div>\n        <\/div>\n            <div class=\"kksr-star\" style=\"padding-right: 5px\">\n            \n\n<div class=\"kksr-icon\" style=\"width: 24px; height: 24px;\"><\/div>\n        <\/div>\n            <div class=\"kksr-star\" style=\"padding-right: 5px\">\n            \n\n<div class=\"kksr-icon\" style=\"width: 24px; height: 24px;\"><\/div>\n        <\/div>\n            <div class=\"kksr-star\" style=\"padding-right: 5px\">\n            \n\n<div class=\"kksr-icon\" style=\"width: 24px; height: 24px;\"><\/div>\n        <\/div>\n            <div class=\"kksr-star\" style=\"padding-right: 5px\">\n            \n\n<div class=\"kksr-icon\" style=\"width: 24px; height: 24px;\"><\/div>\n        <\/div>\n    <\/div>\n<\/div>\n                \n\n<div class=\"kksr-legend\" style=\"font-size: 19.2px;\">\n            <span class=\"kksr-muted\">Valora este art\u00edculo<\/span>\n    <\/div>\n    <\/div>\n","protected":false},"excerpt":{"rendered":"<p>Si buscas consejos para te\u00f1ir el pelo afro, has llegado al lugar correcto. Hemos de tener en cuenta que este tipo de cabello tiene unas necesidades espec\u00edficas, como pueden ser las de una mayor hidrataci\u00f3n. El pelo rizado suele ser seco, caracter\u00edstica que en el pelo afro se puede intensificar en algunas ocasiones.&nbsp; Esto hace [&hellip;]<\/p>\n","protected":false},"author":30,"featured_media":118052,"comment_status":"closed","ping_status":"closed","sticky":false,"template":"","format":"standard","meta":{"jnews-multi-image_gallery":[],"jnews_single_post":{"format":"standard"},"jnews_primary_category":[],"jnews_social_meta":[],"jnews_override_counter":[],"footnotes":""},"categories":[35],"tags":[],"class_list":["post-118051","post","type-post","status-publish","format-standard","has-post-thumbnail","hentry","category-cabello"],"_links":{"self":[{"href":"https:\/\/www.primor.eu\/blog\/wp-json\/wp\/v2\/posts\/118051","targetHints":{"allow":["GET"]}}],"collection":[{"href":"https:\/\/www.primor.eu\/blog\/wp-json\/wp\/v2\/posts"}],"about":[{"href":"https:\/\/www.primor.eu\/blog\/wp-json\/wp\/v2\/types\/post"}],"author":[{"embeddable":true,"href":"https:\/\/www.primor.eu\/blog\/wp-json\/wp\/v2\/users\/30"}],"replies":[{"embeddable":true,"href":"https:\/\/www.primor.eu\/blog\/wp-json\/wp\/v2\/comments?post=118051"}],"version-history":[{"count":1,"href":"https:\/\/www.primor.eu\/blog\/wp-json\/wp\/v2\/posts\/118051\/revisions"}],"predecessor-version":[{"id":118053,"href":"https:\/\/www.primor.eu\/blog\/wp-json\/wp\/v2\/posts\/118051\/revisions\/118053"}],"wp:featuredmedia":[{"embeddable":true,"href":"https:\/\/www.primor.eu\/blog\/wp-json\/wp\/v2\/media\/118052"}],"wp:attachment":[{"href":"https:\/\/www.primor.eu\/blog\/wp-json\/wp\/v2\/media?parent=118051"}],"wp:term":[{"taxonomy":"category","embeddable":true,"href":"https:\/\/www.primor.eu\/blog\/wp-json\/wp\/v2\/categories?post=118051"},{"taxonomy":"post_tag","embeddable":true,"href":"https:\/\/www.primor.eu\/blog\/wp-json\/wp\/v2\/tags?post=118051"}],"curies":[{"name":"wp","href":"https:\/\/api.w.org\/{rel}","templated":true}]}}