{"id":117965,"date":"2024-12-06T05:55:07","date_gmt":"2024-12-06T05:55:07","guid":{"rendered":"https:\/\/www.primor.eu\/blog\/?p=117965"},"modified":"2024-12-02T06:00:22","modified_gmt":"2024-12-02T06:00:22","slug":"como-aplicar-corectamente-cremas","status":"publish","type":"post","link":"https:\/\/www.primor.eu\/blog\/como-aplicar-corectamente-cremas\/","title":{"rendered":"Te est\u00e1s aplicando mal tus cremas: gu\u00eda para sacarle todo el partido a tus productos"},"content":{"rendered":"\n<p>Es com\u00fan que, a pesar de tener una rutina de cuidado de la piel, no siempre se obtengan los resultados esperados. \u00bfLa <strong>raz\u00f3n<\/strong>? A menudo estamos aplicando nuestras cremas de forma incorrecta. Aplicar los productos en el orden adecuado y con la t\u00e9cnica correcta puede maximizar sus beneficios y mejorar la salud y apariencia de tu piel. En este art\u00edculo de Primor te contamos c\u00f3mo tienes que <strong>aplicar correctamente las cremas<\/strong> para sacar el m\u00e1ximo partido de tus cremas y productos de cuidado facial.<\/p>\n\n\n\n<h2 class=\"wp-block-heading\">C\u00f3mo aplicar correctamente las cremas<\/h2>\n\n\n\n<h3 class=\"wp-block-heading\">El orden importa<\/h3>\n\n\n\n<p>El primer paso para aprovechar al m\u00e1ximo tus productos es saber en qu\u00e9 orden aplicarlos. El principio b\u00e1sico es comenzar con los productos m\u00e1s ligeros y finalizar con los m\u00e1s densos o grasos:<\/p>\n\n\n\n<ul class=\"wp-block-list\">\n<li><strong>Limpiador<\/strong>. La limpieza es la base de cualquier rutina. Debes usar un limpiador adecuado para tu tipo de piel (gel, leche, espumoso) para eliminar impurezas y residuos. Esto preparar\u00e1 tu piel para absorber mejor los productos siguientes.<\/li>\n\n\n\n<li><strong>T\u00f3nico<\/strong>. El t\u00f3nico equilibra el pH de la piel y ayuda a que los siguientes productos penetren mejor. Si usas un t\u00f3nico, apl\u00edcalo inmediatamente despu\u00e9s de la limpieza.<\/li>\n\n\n\n<li><strong>Contorno de ojos.<\/strong> Si est\u00e1s usando una crema o gel para el contorno de los ojos, este es el momento adecuado para aplicarla. Las cremas para los ojos suelen ser m\u00e1s ligeras, por lo que deben ir antes de la hidratante.<\/li>\n\n\n\n<li><strong>S\u00e9rum o esencia. <\/strong>Los s\u00e9rums y las esencias tienen f\u00f3rmulas concentradas que abordan problemas espec\u00edficos de la piel, como manchas, arrugas o deshidrataci\u00f3n. Este tipo de productos debe aplicarse en este paso para aprovechar su acci\u00f3n intensiva.<\/li>\n\n\n\n<li><strong>Crema hidratante.<\/strong> La crema hidratante es el producto que ayuda a sellar la hidrataci\u00f3n y mantener la barrera cut\u00e1nea. Apl\u00edcala en todo el rostro, incluyendo cuello y escote.<\/li>\n\n\n\n<li><strong>Protector solar (en la ma\u00f1ana).<\/strong> El protector solar es esencial para proteger la piel de los da\u00f1os solares. Debe aplicarse al final de tu rutina de cuidado facial y antes de salir al sol. Recuerda que es fundamental aplicarlo todos los d\u00edas, incluso si no te expones directamente al sol.<\/li>\n<\/ul>\n\n\n\n<h3 class=\"wp-block-heading\">El c\u00f3mo (tambi\u00e9n) importa<\/h3>\n\n\n\n<p>No solo el orden es importante, sino tambi\u00e9n la t\u00e9cnica de aplicaci\u00f3n.&nbsp;<\/p>\n\n\n\n<ul class=\"wp-block-list\">\n<li><strong>Usa las yemas de los dedos<\/strong>. Evita frotar el producto con las palmas de las manos. Usa las yemas de los dedos para aplicar las cremas, ya que esto permite que el producto se distribuya de manera m\u00e1s uniforme.<\/li>\n<\/ul>\n\n\n\n<ul class=\"wp-block-list\">\n<li><strong>No frotes, da golpecitos<\/strong>. En lugar de frotar las cremas sobre tu rostro, realiza un suave movimiento de golpecitos para que la piel absorba mejor el producto. Esto es especialmente \u00fatil cuando aplicas s\u00e9rums o cremas para el contorno de los ojos.<\/li>\n\n\n\n<li><strong>Masaje facial<\/strong>. Para mejorar la circulaci\u00f3n y la absorci\u00f3n de los productos, realiza un suave masaje en el rostro. Esto no solo ayuda a que los productos penetren mejor, sino que tambi\u00e9n estimula la producci\u00f3n de col\u00e1geno y mejora la elasticidad de la piel.<\/li>\n\n\n\n<li><strong>No olvides el cuello y el escote<\/strong>. La piel del cuello y el escote tambi\u00e9n necesita cuidados. Cuando apliques cualquier crema o suero, extiende el producto hacia estas \u00e1reas, que son propensas a mostrar signos de envejecimiento.<\/li>\n<\/ul>\n\n\n\n<h3 class=\"wp-block-heading\">\u00bfTienes la piel sensible? Aplica con cuidado<\/h3>\n\n\n\n<p>Si tienes la piel sensible, es importante que tengas m\u00e1s cuidado con la cantidad y la t\u00e9cnica de aplicaci\u00f3n. Evita usar productos con fragancias artificiales o ingredientes que puedan irritar la piel. Aseg\u00farate de aplicar los productos con movimientos suaves y evitar presionar demasiado el rostro.<\/p>\n\n\n\n<h3 class=\"wp-block-heading\">Hazlo por la ma\u00f1ana y por la noche<\/h3>\n\n\n\n<p>La rutina de cuidado de la piel no debe ser solo de d\u00eda. Por la noche, la piel se regenera y los productos pueden penetrar mejor sin la exposici\u00f3n al sol. Aseg\u00farate de seguir una rutina tanto por la ma\u00f1ana como por la noche, adapt\u00e1ndola a las necesidades de tu piel.<\/p>\n\n\n<div class=\"kk-star-ratings kksr-auto kksr-align-center kksr-valign-bottom\"\n    data-payload='{&quot;align&quot;:&quot;center&quot;,&quot;id&quot;:&quot;117965&quot;,&quot;slug&quot;:&quot;default&quot;,&quot;valign&quot;:&quot;bottom&quot;,&quot;ignore&quot;:&quot;&quot;,&quot;reference&quot;:&quot;auto&quot;,&quot;class&quot;:&quot;&quot;,&quot;count&quot;:&quot;1&quot;,&quot;legendonly&quot;:&quot;&quot;,&quot;readonly&quot;:&quot;&quot;,&quot;score&quot;:&quot;5&quot;,&quot;starsonly&quot;:&quot;&quot;,&quot;best&quot;:&quot;5&quot;,&quot;gap&quot;:&quot;5&quot;,&quot;greet&quot;:&quot;Valora este art\u00edculo&quot;,&quot;legend&quot;:&quot;5\\\/5 - (1 voto)&quot;,&quot;size&quot;:&quot;24&quot;,&quot;title&quot;:&quot;Te est\u00e1s aplicando mal tus cremas: gu\u00eda para sacarle todo el partido a tus productos&quot;,&quot;width&quot;:&quot;142.5&quot;,&quot;_legend&quot;:&quot;{score}\\\/{best} - ({count} {votes})&quot;,&quot;font_factor&quot;:&quot;1.25&quot;}'>\n            \n<div class=\"kksr-stars\">\n    \n<div class=\"kksr-stars-inactive\">\n            <div class=\"kksr-star\" data-star=\"1\" style=\"padding-right: 5px\">\n            \n\n<div class=\"kksr-icon\" style=\"width: 24px; height: 24px;\"><\/div>\n        <\/div>\n            <div class=\"kksr-star\" data-star=\"2\" style=\"padding-right: 5px\">\n            \n\n<div class=\"kksr-icon\" style=\"width: 24px; height: 24px;\"><\/div>\n        <\/div>\n            <div class=\"kksr-star\" data-star=\"3\" style=\"padding-right: 5px\">\n            \n\n<div class=\"kksr-icon\" style=\"width: 24px; height: 24px;\"><\/div>\n        <\/div>\n            <div class=\"kksr-star\" data-star=\"4\" style=\"padding-right: 5px\">\n            \n\n<div class=\"kksr-icon\" style=\"width: 24px; height: 24px;\"><\/div>\n        <\/div>\n            <div class=\"kksr-star\" data-star=\"5\" style=\"padding-right: 5px\">\n            \n\n<div class=\"kksr-icon\" style=\"width: 24px; height: 24px;\"><\/div>\n        <\/div>\n    <\/div>\n    \n<div class=\"kksr-stars-active\" style=\"width: 142.5px;\">\n            <div class=\"kksr-star\" style=\"padding-right: 5px\">\n            \n\n<div class=\"kksr-icon\" style=\"width: 24px; height: 24px;\"><\/div>\n        <\/div>\n            <div class=\"kksr-star\" style=\"padding-right: 5px\">\n            \n\n<div class=\"kksr-icon\" style=\"width: 24px; height: 24px;\"><\/div>\n        <\/div>\n            <div class=\"kksr-star\" style=\"padding-right: 5px\">\n            \n\n<div class=\"kksr-icon\" style=\"width: 24px; height: 24px;\"><\/div>\n        <\/div>\n            <div class=\"kksr-star\" style=\"padding-right: 5px\">\n            \n\n<div class=\"kksr-icon\" style=\"width: 24px; height: 24px;\"><\/div>\n        <\/div>\n            <div class=\"kksr-star\" style=\"padding-right: 5px\">\n            \n\n<div class=\"kksr-icon\" style=\"width: 24px; height: 24px;\"><\/div>\n        <\/div>\n    <\/div>\n<\/div>\n                \n\n<div class=\"kksr-legend\" style=\"font-size: 19.2px;\">\n            5\/5 - (1 voto)    <\/div>\n    <\/div>\n","protected":false},"excerpt":{"rendered":"<p>Es com\u00fan que, a pesar de tener una rutina de cuidado de la piel, no siempre se obtengan los resultados esperados. \u00bfLa raz\u00f3n? A menudo estamos aplicando nuestras cremas de forma incorrecta. Aplicar los productos en el orden adecuado y con la t\u00e9cnica correcta puede maximizar sus beneficios y mejorar la salud y apariencia de [&hellip;]<\/p>\n","protected":false},"author":14,"featured_media":117972,"comment_status":"closed","ping_status":"closed","sticky":false,"template":"","format":"standard","meta":{"jnews-multi-image_gallery":[],"jnews_single_post":{"format":"standard"},"jnews_primary_category":[],"jnews_social_meta":[],"jnews_override_counter":[],"footnotes":""},"categories":[6303],"tags":[],"class_list":["post-117965","post","type-post","status-publish","format-standard","has-post-thumbnail","hentry","category-trucos-de-belleza"],"_links":{"self":[{"href":"https:\/\/www.primor.eu\/blog\/wp-json\/wp\/v2\/posts\/117965","targetHints":{"allow":["GET"]}}],"collection":[{"href":"https:\/\/www.primor.eu\/blog\/wp-json\/wp\/v2\/posts"}],"about":[{"href":"https:\/\/www.primor.eu\/blog\/wp-json\/wp\/v2\/types\/post"}],"author":[{"embeddable":true,"href":"https:\/\/www.primor.eu\/blog\/wp-json\/wp\/v2\/users\/14"}],"replies":[{"embeddable":true,"href":"https:\/\/www.primor.eu\/blog\/wp-json\/wp\/v2\/comments?post=117965"}],"version-history":[{"count":1,"href":"https:\/\/www.primor.eu\/blog\/wp-json\/wp\/v2\/posts\/117965\/revisions"}],"predecessor-version":[{"id":117979,"href":"https:\/\/www.primor.eu\/blog\/wp-json\/wp\/v2\/posts\/117965\/revisions\/117979"}],"wp:featuredmedia":[{"embeddable":true,"href":"https:\/\/www.primor.eu\/blog\/wp-json\/wp\/v2\/media\/117972"}],"wp:attachment":[{"href":"https:\/\/www.primor.eu\/blog\/wp-json\/wp\/v2\/media?parent=117965"}],"wp:term":[{"taxonomy":"category","embeddable":true,"href":"https:\/\/www.primor.eu\/blog\/wp-json\/wp\/v2\/categories?post=117965"},{"taxonomy":"post_tag","embeddable":true,"href":"https:\/\/www.primor.eu\/blog\/wp-json\/wp\/v2\/tags?post=117965"}],"curies":[{"name":"wp","href":"https:\/\/api.w.org\/{rel}","templated":true}]}}