{"id":117914,"date":"2024-12-04T05:32:08","date_gmt":"2024-12-04T05:32:08","guid":{"rendered":"https:\/\/www.primor.eu\/blog\/?p=117914"},"modified":"2025-12-17T13:47:45","modified_gmt":"2025-12-17T13:47:45","slug":"mejores-perfumes-hombres-invierno","status":"publish","type":"post","link":"https:\/\/www.primor.eu\/blog\/mejores-perfumes-hombres-invierno\/","title":{"rendered":"Los 12 mejores perfumes que huelen a invierno para hombres"},"content":{"rendered":"\n<p>A la hora de encontrar los <a href=\"https:\/\/www.primor.eu\/blog\/mejores-perfumes-hombre-expertos\/?srsltid=AfmBOoq41tZcSzNYPF5-mI8vHbPWDeiWVYTZqowSb9xaUeV48DxzQtCL\"><strong>mejores perfumes<\/strong><\/a> con los que arrasar cuando las temperaturas descienden, los aromas m\u00e1s complejos y profundos est\u00e1n hechos a la medida de esta estaci\u00f3n, permitiendo que sus estelas olfativas cuenten historias m\u00e1s concretas sin resultar demasiado empalagoso. Es por eso que los <strong>mejores <a href=\"https:\/\/www.primor.eu\/es_es\/perfumes\" data-type=\"link\" data-id=\"https:\/\/www.primor.eu\/es_es\/perfumes\">perfumes<\/a> de <a href=\"https:\/\/www.primor.eu\/es_es\/hombre\" data-type=\"link\" data-id=\"https:\/\/www.primor.eu\/es_es\/hombre\">hombre<\/a> de invierno<\/strong> que tenemos en Primor son la mejor opci\u00f3n si lo que andas buscando es un aroma que dure todo el d\u00eda.&nbsp;<\/p>\n\n\n\n<h2 class=\"wp-block-heading\">Los mejores perfumes de hombre de invierno<\/h2>\n\n\n        <product-table class=\"pr-slider\">\r\n            <product-headers class=\"grid-table-rows\">\r\n                <div>Foto<\/div>\r\n                <div>Producto<\/div>\r\n                <div>Marca<\/div>\r\n                <div>Valoraciones<\/div>\r\n                <div>Precio<\/div>\r\n            <\/product-headers>\r\n\r\n            <product-list>\r\n                                    <a href=\"https:\/\/www.primor.eu\/es_es\/prada-luna-rossa-ocean-edt-122413.html?#863=67139\" class=\"product-item grid-table-rows\" target=\"_blank\">\r\n                        <div>\r\n                            <img decoding=\"async\" class=\"product-img\" width=\"80px\" height=\"80px\" src=\"https:\/\/cdn2.primor.eu\/media\/catalog\/product\/cache\/8d3aba296f7a18b5251ee30fa5db42b2\/3\/6\/3614273556187_1_f313.jpg\" alt=\"Luna Rossa Ocean EDT\">\r\n                        <\/div>\r\n\r\n                        <!-- Contenido de producto  -->\r\n                        <div>\r\n                            <div class=\"product-position\">\r\n                                #1 Top Ventas                            <\/div>\r\n\r\n                            <h2>\r\n                                Luna Rossa Ocean EDT                            <\/h2>\r\n                        <\/div>\r\n\r\n                        <!-- Imagen y\/o nombre de la marca -->\r\n                        <div>\r\n                                                            <img decoding=\"async\" width=\"70\" src=\"https:\/\/www.primor.eu\/media\/catalog\/category\/prada.png\" alt=\"Prada\">\r\n                                                    <\/div>\r\n\r\n                        <!-- Puntuaci\u00f3n del producto  -->\r\n                        <div class=\"rating\">\r\n                                                            <div class=\"rate\" style=\"--p:96;\"><\/div>\r\n                                <b>4.8\/5<\/b>\r\n                                <div class=\"rate-stars\">\r\n                                                                            <div\r\n                                            class=\"rate-star  \">\r\n                                        <\/div>\r\n                                                                            <div\r\n                                            class=\"rate-star  \">\r\n                                        <\/div>\r\n                                                                            <div\r\n                                            class=\"rate-star  \">\r\n                                        <\/div>\r\n                                                                            <div\r\n                                            class=\"rate-star  \">\r\n                                        <\/div>\r\n                                                                            <div\r\n                                            class=\"rate-star  \">\r\n                                        <\/div>\r\n                                                                    <\/div>\r\n                                                    <\/div>\r\n\r\n                        <!-- Bot\u00f3n de producto  -->\r\n                        <div>\r\n                            <span class=\"price-claim\">\r\n                                VER PRECIO                            <\/span>\r\n                        <\/div>\r\n                    <\/a>\r\n                                    <a href=\"https:\/\/www.primor.eu\/es_es\/dior-sauvage-eau-de-parfum-112366.html?#854=66336\" class=\"product-item grid-table-rows\" target=\"_blank\">\r\n                        <div>\r\n                            <img decoding=\"async\" class=\"product-img\" width=\"80px\" height=\"80px\" src=\"https:\/\/cdn2.primor.eu\/media\/catalog\/product\/cache\/8d3aba296f7a18b5251ee30fa5db42b2\/4\/A\/4AM02234_1_2172.jpg\" alt=\"SAUVAGE Eau de Parfum\">\r\n                        <\/div>\r\n\r\n                        <!-- Contenido de producto  -->\r\n                        <div>\r\n                            <div class=\"product-position\">\r\n                                #2                            <\/div>\r\n\r\n                            <h2>\r\n                                SAUVAGE Eau de Parfum                            <\/h2>\r\n                        <\/div>\r\n\r\n                        <!-- Imagen y\/o nombre de la marca -->\r\n                        <div>\r\n                                                            <img decoding=\"async\" width=\"70\" src=\"https:\/\/www.primor.eu\/media\/catalog\/category\/Dior.png\" alt=\"Dior\">\r\n                                                    <\/div>\r\n\r\n                        <!-- Puntuaci\u00f3n del producto  -->\r\n                        <div class=\"rating\">\r\n                                                            <div class=\"rate\" style=\"--p:96;\"><\/div>\r\n                                <b>4.8\/5<\/b>\r\n                                <div class=\"rate-stars\">\r\n                                                                            <div\r\n                                            class=\"rate-star  \">\r\n                                        <\/div>\r\n                                                                            <div\r\n                                            class=\"rate-star  \">\r\n                                        <\/div>\r\n                                                                            <div\r\n                                            class=\"rate-star  \">\r\n                                        <\/div>\r\n                                                                            <div\r\n                                            class=\"rate-star  \">\r\n                                        <\/div>\r\n                                                                            <div\r\n                                            class=\"rate-star  \">\r\n                                        <\/div>\r\n                                                                    <\/div>\r\n                                                    <\/div>\r\n\r\n                        <!-- Bot\u00f3n de producto  -->\r\n                        <div>\r\n                            <span class=\"price-claim\">\r\n                                VER PRECIO                            <\/span>\r\n                        <\/div>\r\n                    <\/a>\r\n                                    <a href=\"https:\/\/www.primor.eu\/es_es\/yves-saint-laurent-la-nuit-de-l-homme-le-parfum-edp-51263.html\" class=\"product-item grid-table-rows\" target=\"_blank\">\r\n                        <div>\r\n                            <img decoding=\"async\" class=\"product-img\" width=\"80px\" height=\"80px\" src=\"https:\/\/cdn2.primor.eu\/media\/catalog\/product\/cache\/8d3aba296f7a18b5251ee30fa5db42b2\/4\/A\/4AM01503_1_5e3d.jpg\" alt=\"La Nuit de L Homme Le Parfum EDP\">\r\n                        <\/div>\r\n\r\n                        <!-- Contenido de producto  -->\r\n                        <div>\r\n                            <div class=\"product-position\">\r\n                                #3                            <\/div>\r\n\r\n                            <h2>\r\n                                La Nuit de L Homme Le Parfum EDP                            <\/h2>\r\n                        <\/div>\r\n\r\n                        <!-- Imagen y\/o nombre de la marca -->\r\n                        <div>\r\n                                                            <img decoding=\"async\" width=\"70\" src=\"https:\/\/www.primor.eu\/media\/catalog\/category\/yves.png\" alt=\"\">\r\n                                                    <\/div>\r\n\r\n                        <!-- Puntuaci\u00f3n del producto  -->\r\n                        <div class=\"rating\">\r\n                                                            <div class=\"rate\" style=\"--p:96;\"><\/div>\r\n                                <b>4.8\/5<\/b>\r\n                                <div class=\"rate-stars\">\r\n                                                                            <div\r\n                                            class=\"rate-star  \">\r\n                                        <\/div>\r\n                                                                            <div\r\n                                            class=\"rate-star  \">\r\n                                        <\/div>\r\n                                                                            <div\r\n                                            class=\"rate-star  \">\r\n                                        <\/div>\r\n                                                                            <div\r\n                                            class=\"rate-star  \">\r\n                                        <\/div>\r\n                                                                            <div\r\n                                            class=\"rate-star  \">\r\n                                        <\/div>\r\n                                                                    <\/div>\r\n                                                    <\/div>\r\n\r\n                        <!-- Bot\u00f3n de producto  -->\r\n                        <div>\r\n                            <span class=\"price-claim\">\r\n                                VER PRECIO                            <\/span>\r\n                        <\/div>\r\n                    <\/a>\r\n                                    <a href=\"https:\/\/www.primor.eu\/es_es\/jean-paul-gaultier-le-male-edt-112255.html?#854=66449\" class=\"product-item grid-table-rows\" target=\"_blank\">\r\n                        <div>\r\n                            <img decoding=\"async\" class=\"product-img\" width=\"80px\" height=\"80px\" src=\"https:\/\/cdn2.primor.eu\/media\/catalog\/product\/cache\/8d3aba296f7a18b5251ee30fa5db42b2\/8\/4\/8435415012638_01_6886.png\" alt=\"Le Male Eau de Toilette\">\r\n                        <\/div>\r\n\r\n                        <!-- Contenido de producto  -->\r\n                        <div>\r\n                            <div class=\"product-position\">\r\n                                #4                            <\/div>\r\n\r\n                            <h2>\r\n                                Le Male Eau de Toilette                            <\/h2>\r\n                        <\/div>\r\n\r\n                        <!-- Imagen y\/o nombre de la marca -->\r\n                        <div>\r\n                                                            <img decoding=\"async\" width=\"70\" src=\"https:\/\/www.primor.eu\/media\/catalog\/category\/jean-paul-gaultier.png\" alt=\"Jean Paul Gaultier\">\r\n                                                    <\/div>\r\n\r\n                        <!-- Puntuaci\u00f3n del producto  -->\r\n                        <div class=\"rating\">\r\n                                                            <div class=\"rate\" style=\"--p:96;\"><\/div>\r\n                                <b>4.8\/5<\/b>\r\n                                <div class=\"rate-stars\">\r\n                                                                            <div\r\n                                            class=\"rate-star  \">\r\n                                        <\/div>\r\n                                                                            <div\r\n                                            class=\"rate-star  \">\r\n                                        <\/div>\r\n                                                                            <div\r\n                                            class=\"rate-star  \">\r\n                                        <\/div>\r\n                                                                            <div\r\n                                            class=\"rate-star  \">\r\n                                        <\/div>\r\n                                                                            <div\r\n                                            class=\"rate-star  \">\r\n                                        <\/div>\r\n                                                                    <\/div>\r\n                                                    <\/div>\r\n\r\n                        <!-- Bot\u00f3n de producto  -->\r\n                        <div>\r\n                            <span class=\"price-claim\">\r\n                                VER PRECIO                            <\/span>\r\n                        <\/div>\r\n                    <\/a>\r\n                                    <a href=\"https:\/\/www.primor.eu\/es_es\/rabanne-one-million-eau-de-toilette-para-hombre-112288.html?#854=66333\" class=\"product-item grid-table-rows\" target=\"_blank\">\r\n                        <div>\r\n                            <img decoding=\"async\" class=\"product-img\" width=\"80px\" height=\"80px\" src=\"https:\/\/cdn2.primor.eu\/media\/catalog\/product\/cache\/8d3aba296f7a18b5251ee30fa5db42b2\/3\/3\/3349666007921_62c3.jpg\" alt=\"One Million Eau de Toilette para hombre\">\r\n                        <\/div>\r\n\r\n                        <!-- Contenido de producto  -->\r\n                        <div>\r\n                            <div class=\"product-position\">\r\n                                #5                            <\/div>\r\n\r\n                            <h2>\r\n                                One Million Eau de Toilette para hombre                            <\/h2>\r\n                        <\/div>\r\n\r\n                        <!-- Imagen y\/o nombre de la marca -->\r\n                        <div>\r\n                                                            <img decoding=\"async\" width=\"70\" src=\"https:\/\/www.primor.eu\/media\/catalog\/category\/pr-logo-ok.png\" alt=\"Rabanne\">\r\n                                                    <\/div>\r\n\r\n                        <!-- Puntuaci\u00f3n del producto  -->\r\n                        <div class=\"rating\">\r\n                                                            <div class=\"rate\" style=\"--p:96;\"><\/div>\r\n                                <b>4.8\/5<\/b>\r\n                                <div class=\"rate-stars\">\r\n                                                                            <div\r\n                                            class=\"rate-star  \">\r\n                                        <\/div>\r\n                                                                            <div\r\n                                            class=\"rate-star  \">\r\n                                        <\/div>\r\n                                                                            <div\r\n                                            class=\"rate-star  \">\r\n                                        <\/div>\r\n                                                                            <div\r\n                                            class=\"rate-star  \">\r\n                                        <\/div>\r\n                                                                            <div\r\n                                            class=\"rate-star  \">\r\n                                        <\/div>\r\n                                                                    <\/div>\r\n                                                    <\/div>\r\n\r\n                        <!-- Bot\u00f3n de producto  -->\r\n                        <div>\r\n                            <span class=\"price-claim\">\r\n                                VER PRECIO                            <\/span>\r\n                        <\/div>\r\n                    <\/a>\r\n                            <\/product-list>\r\n        <\/product-table>\r\n\r\n        \n\n\n\n<h3 class=\"wp-block-heading\">Luna Rossa Ocean EDT de Prada<\/h3>\n\n\n\n<p>Inspirada en sofisticados contrastes y elegantes matices, Luna Rossa Ocean EDT de Prada es la fragancia para hombre perfecta para quienes aman el frescor intenso. Su combinaci\u00f3n de elegantes aromas florales y c\u00edtricos desaf\u00edan los c\u00f3digos de la masculinidad actual ofreciendo una nueva esencia adictiva.<\/p>\n\n\n    <a class='product' target='_blank' href='https:\/\/www.primor.eu\/es_es\/prada-luna-rossa-ocean-edt-122413.html?#863=67139'>\r\n        <img loading='async' src='https:\/\/cdn2.primor.eu\/media\/catalog\/product\/cache\/8d3aba296f7a18b5251ee30fa5db42b2\/3\/6\/3614273556187_1_f313.jpg' alt='COMPRAR AHORA'>\r\n            <div class=\"claim\">\r\n                COMPRAR AHORA            <\/div>\r\n        <\/a>\r\n    \n\n\n\n<h3 class=\"wp-block-heading\">Eau Sauvage de Dior<\/h3>\n\n\n\n<p>Un frescor arom\u00e1tico con una estela intemporal. S\u00edmbolo del buen gusto y de una masculinidad refinada, Eau Sauvage Eau de Toilette es sin\u00f3nimo de una elegancia absoluta, de un \"esp\u00edritu Dior\" que perdura, con su modernidad intacta. Un equilibrio sutil entre la Bergamota San Carlo, un toque vibrante de Hediona, con su suavidad floral \u00fanica, y una estela de Chipre afirmada.<\/p>\n\n\n    <a class='product' target='_blank' href='https:\/\/www.primor.eu\/es_es\/dior-sauvage-eau-de-parfum-112366.html?#854=66336'>\r\n        <img loading='async' src='https:\/\/cdn2.primor.eu\/media\/catalog\/product\/cache\/8d3aba296f7a18b5251ee30fa5db42b2\/4\/A\/4AM02234_1_2172.jpg' alt='COMPRAR AHORA'>\r\n            <div class=\"claim\">\r\n                COMPRAR AHORA            <\/div>\r\n        <\/a>\r\n    \n\n\n\n<h3 class=\"wp-block-heading\">La Nuit d\u2019Homme de Yves Saint Laurent<\/h3>\n\n\n\n<p>Una fragancia masculina de la familia olfativa amaderada especiada lanzada en el 2009. La nota de salida es cardamomo; las de coraz\u00f3n son bergamota, cedro de Virginia y lavanda; las de fondo son vetiver y alcaravea.<\/p>\n\n\n    <a class='product' target='_blank' href='https:\/\/www.primor.eu\/es_es\/yves-saint-laurent-la-nuit-de-l-homme-le-parfum-edp-51263.html'>\r\n        <img loading='async' src='https:\/\/cdn2.primor.eu\/media\/catalog\/product\/cache\/8d3aba296f7a18b5251ee30fa5db42b2\/4\/A\/4AM01503_1_5e3d.jpg' alt='COMPRAR AHORA'>\r\n            <div class=\"claim\">\r\n                COMPRAR AHORA            <\/div>\r\n        <\/a>\r\n    \n\n\n\n<h3 class=\"wp-block-heading\">Le Male de Jean Paul Gaultier <\/h3>\n\n\n\n<p>Le Male EDT de Jean Paul Gaultier es tan viril como sexy, un perfume para hombres que representa la inspiraci\u00f3n ic\u00f3nica masculina de la marca: el marinero. As\u00ed, esta fragancia con visi\u00f3n inconformista bebe de una nueva representaci\u00f3n de la masculinidad que apuesta por una estela olfativa fresca, latente y tan c\u00e1lida como inolvidable.<\/p>\n\n\n    <a class='product' target='_blank' href='https:\/\/www.primor.eu\/es_es\/jean-paul-gaultier-le-male-edt-112255.html?#854=66449'>\r\n        <img loading='async' src='https:\/\/cdn2.primor.eu\/media\/catalog\/product\/cache\/8d3aba296f7a18b5251ee30fa5db42b2\/8\/4\/8435415012638_01_6886.png' alt='COMPRAR AHORA'>\r\n            <div class=\"claim\">\r\n                COMPRAR AHORA            <\/div>\r\n        <\/a>\r\n    \n\n\n\n<h3 class=\"wp-block-heading\">One Million de Paco Rabanne<\/h3>\n\n\n\n<p>Este perfume de hombre de Paco Rabanne fue creado para un hombre con car\u00e1cter, con ganas de vivir la vida y ser capaz de conseguir todo lo que se propone. La salida es un soplo de aire fresco con toques a menta y c\u00edtricos. La temperatura va en aumento a medida que comienzan a apreciarse sus intensas notas florales para terminar sobre un sensual y elegante fondo amaderado que le imprime la esencia masculina a la que nada se le resiste.<\/p>\n\n\n    <a class='product' target='_blank' href='https:\/\/www.primor.eu\/es_es\/rabanne-one-million-eau-de-toilette-para-hombre-112288.html?#854=66333'>\r\n        <img loading='async' src='https:\/\/cdn2.primor.eu\/media\/catalog\/product\/cache\/8d3aba296f7a18b5251ee30fa5db42b2\/3\/3\/3349666007921_62c3.jpg' alt='COMPRAR AHORA'>\r\n            <div class=\"claim\">\r\n                COMPRAR AHORA            <\/div>\r\n        <\/a>\r\n    \n\n\n\n<h3 class=\"wp-block-heading\">Boss Bottled EDT de Hugo Boss<\/h3>\n\n\n\n<p>Pertenece a la familia olfativa Amaderada Especiada y ha sido creado por Annick Menardo y Christian Dussoulier. Este perfume combina notas de salida de manzana, ciruela, bergamota y lim\u00f3n con un coraz\u00f3n de canela, caoba y clavel, aportando un equilibrio entre frescura y calidez. En el fondo, las notas de vainilla, s\u00e1ndalo, cedro, vetiver y olivo proporcionan profundidad y car\u00e1cter.<\/p>\n\n\n    <a class='product' target='_blank' href='https:\/\/www.primor.eu\/es_es\/hugo-boss-boss-bottled-edt-112267.html?#854=66330'>\r\n        <img loading='async' src='https:\/\/cdn2.primor.eu\/media\/catalog\/product\/cache\/8d3aba296f7a18b5251ee30fa5db42b2\/M\/A\/MAIN_737052351018_48b7.jpeg' alt='COMPRAR AHORA'>\r\n            <div class=\"claim\">\r\n                COMPRAR AHORA            <\/div>\r\n        <\/a>\r\n    \n\n\n\n<h3 class=\"wp-block-heading\">Pasha EDT de Cartier<\/h3>\n\n\n\n<p>Un perfume sin\u00f3nimo de elegancia y distinci\u00f3n. Ideal para los amantes de los aromas frescos gracias a sus acordes de lavanda, menta, an\u00eds, mandarina, rosa de Brasil, cilantro, s\u00e1ndalo y pachul\u00ed.<\/p>\n\n\n    <a class='product' target='_blank' href='https:\/\/www.primor.eu\/es_es\/cartier-pasha-edt-112260.html?#854=66330'>\r\n        <img loading='async' src='https:\/\/cdn2.primor.eu\/media\/catalog\/product\/cache\/8d3aba296f7a18b5251ee30fa5db42b2\/4\/A\/4AM00104_1_ee3d.jpg' alt='COMPRAR AHORA'>\r\n            <div class=\"claim\">\r\n                COMPRAR AHORA            <\/div>\r\n        <\/a>\r\n    \n\n\n\n<h3 class=\"wp-block-heading\">Costa Azzurra Parfum de Tom Ford&nbsp;<\/h3>\n\n\n\n<p>Es un sue\u00f1o fascinante, un perfume para hombres que hace que te fundas en la expresi\u00f3n m\u00e1s profunda de Costa Azzurra. Recordando una sensual y pl\u00e1cida escapada en la zona mediterr\u00e1nea, la fragancia une la frescura del aire marino con la calidez del sol en el cuerpo.<\/p>\n\n\n    <a class='product' target='_blank' href='https:\/\/www.primor.eu\/es_es\/tom-ford-costa-azzurra-parfum-111974.html?#854=66333'>\r\n        <img loading='async' src='https:\/\/cdn2.primor.eu\/media\/catalog\/product\/cache\/8d3aba296f7a18b5251ee30fa5db42b2\/4\/A\/4AF07377_1_49f8.jpg' alt='COMPRAR AHORA'>\r\n            <div class=\"claim\">\r\n                COMPRAR AHORA            <\/div>\r\n        <\/a>\r\n    \n\n\n\n<h3 class=\"wp-block-heading\">212 Men EDT de Carolina Herrera<\/h3>\n\n\n\n<p>combina a la perfecci\u00f3n la vitalidad juvenil de Manhattan con toques vanguardistas que aseguran su atemporalidad. Las notas c\u00edtricas y almizcle se entrelazan en este perfume para crear una fragancia fresca y masculina que sin duda ser\u00e1 el compa\u00f1ero perfecto para el hombre carism\u00e1tico del siglo XXI.<\/p>\n\n\n    <a class='product' target='_blank' href='https:\/\/www.primor.eu\/es_es\/carolina-herrera-212-men-edt-112269.html?#854=66337'>\r\n        <img loading='async' src='https:\/\/cdn2.primor.eu\/media\/catalog\/product\/cache\/8d3aba296f7a18b5251ee30fa5db42b2\/4\/A\/4AM01473_1_e15a.jpg' alt='COMPRAR AHORA'>\r\n            <div class=\"claim\">\r\n                COMPRAR AHORA            <\/div>\r\n        <\/a>\r\n    \n\n\n\n<h3 class=\"wp-block-heading\">Agua Fresca Citrus Cedro EDT de Adolfo Dom\u00ednguez<\/h3>\n\n\n\n<p>Para \u00e9l. Exquisita fragancia masculina inspirada en la naturaleza.&nbsp; Especialmente ideada para resaltar tu vitalidad y energ\u00eda masculina.<\/p>\n\n\n    <a class='product' target='_blank' href='https:\/\/www.primor.eu\/es_es\/adolfo-dominguez-agua-fresca-citrus-cedro-edt-112372.html?#854=66336'>\r\n        <img loading='async' src='https:\/\/cdn2.primor.eu\/media\/catalog\/product\/cache\/8d3aba296f7a18b5251ee30fa5db42b2\/4\/A\/4AM02318_1_90a5.jpg' alt='COMPRAR AHORA'>\r\n            <div class=\"claim\">\r\n                COMPRAR AHORA            <\/div>\r\n        <\/a>\r\n    \n\n\n\n<h3 class=\"wp-block-heading\">Emporio Armani Stronger With You Intensely Eau de Parfum de Armani<\/h3>\n\n\n\n<p>Este adictivo aroma foug\u00e8re presenta notas de pimienta rosa, vainilla y acorde ambarino amaderado. Refleja la personalidad del joven actual en busca de una potente fragancia que ilumine su intensa historia de amor. Esta intensa fragancia para hombre presenta c\u00e1lidas notas de coraz\u00f3n de vainilla y vibrantes acordes ambarinos amaderados, con un contraste de notas de pimienta rosa.<\/p>\n\n\n    <a class='product' target='_blank' href='https:\/\/www.primor.eu\/es_es\/armani-emporio-armani-stronger-with-you-intensely-eau-de-parfum-112381.html?#854=66333'>\r\n        <img loading='async' src='https:\/\/cdn2.primor.eu\/media\/catalog\/product\/cache\/8d3aba296f7a18b5251ee30fa5db42b2\/3\/6\/3614272225718_1_27cf.jpg' alt='COMPRAR AHORA'>\r\n            <div class=\"claim\">\r\n                COMPRAR AHORA            <\/div>\r\n        <\/a>\r\n    \n\n\n\n<h3 class=\"wp-block-heading\">Born In Roma Uomo Intense Eau de Parfum de Valentino<\/h3>\n\n\n\n<p>El aroma de esta fragancia Born In Roma aumenta la adicci\u00f3n a la colecci\u00f3n. Born In Roma Intense permite a los hombres expresarse con intensidad y experimentar la vida con abundancia y sensualidad. Este ic\u00f3nico d\u00fao desaf\u00eda juguetonamente la rivalidad entre el d\u00eda y la noche y entre lo cl\u00e1sico y la intensidad.<\/p>\n\n\n\n<p>Una nota ambarada de infusi\u00f3n de vainilla bourbon adquiere nuevos poderes estimulantes. Esta vainilla hechizante y envolvente se eleva con notas de jengibre.<\/p>\n\n\n    <a class='product' target='_blank' href='https:\/\/www.primor.eu\/es_es\/valentino-born-in-roma-uomo-intense-eau-de-parfum-112546.html?#854=66330'>\r\n        <img loading='async' src='https:\/\/cdn2.primor.eu\/media\/catalog\/product\/cache\/8d3aba296f7a18b5251ee30fa5db42b2\/3\/6\/3614273790833_1_43f1.jpg' alt='COMPRAR AHORA'>\r\n            <div class=\"claim\">\r\n                COMPRAR AHORA            <\/div>\r\n        <\/a>\r\n    \n\n\n<div class=\"kk-star-ratings kksr-auto kksr-align-center kksr-valign-bottom\"\n    data-payload='{&quot;align&quot;:&quot;center&quot;,&quot;id&quot;:&quot;117914&quot;,&quot;slug&quot;:&quot;default&quot;,&quot;valign&quot;:&quot;bottom&quot;,&quot;ignore&quot;:&quot;&quot;,&quot;reference&quot;:&quot;auto&quot;,&quot;class&quot;:&quot;&quot;,&quot;count&quot;:&quot;8&quot;,&quot;legendonly&quot;:&quot;&quot;,&quot;readonly&quot;:&quot;&quot;,&quot;score&quot;:&quot;3&quot;,&quot;starsonly&quot;:&quot;&quot;,&quot;best&quot;:&quot;5&quot;,&quot;gap&quot;:&quot;5&quot;,&quot;greet&quot;:&quot;Valora este art\u00edculo&quot;,&quot;legend&quot;:&quot;3\\\/5 - (8 votos)&quot;,&quot;size&quot;:&quot;24&quot;,&quot;title&quot;:&quot;Los 12 mejores perfumes que huelen a invierno para hombres&quot;,&quot;width&quot;:&quot;84.5&quot;,&quot;_legend&quot;:&quot;{score}\\\/{best} - ({count} {votes})&quot;,&quot;font_factor&quot;:&quot;1.25&quot;}'>\n            \n<div class=\"kksr-stars\">\n    \n<div class=\"kksr-stars-inactive\">\n            <div class=\"kksr-star\" data-star=\"1\" style=\"padding-right: 5px\">\n            \n\n<div class=\"kksr-icon\" style=\"width: 24px; height: 24px;\"><\/div>\n        <\/div>\n            <div class=\"kksr-star\" data-star=\"2\" style=\"padding-right: 5px\">\n            \n\n<div class=\"kksr-icon\" style=\"width: 24px; height: 24px;\"><\/div>\n        <\/div>\n            <div class=\"kksr-star\" data-star=\"3\" style=\"padding-right: 5px\">\n            \n\n<div class=\"kksr-icon\" style=\"width: 24px; height: 24px;\"><\/div>\n        <\/div>\n            <div class=\"kksr-star\" data-star=\"4\" style=\"padding-right: 5px\">\n            \n\n<div class=\"kksr-icon\" style=\"width: 24px; height: 24px;\"><\/div>\n        <\/div>\n            <div class=\"kksr-star\" data-star=\"5\" style=\"padding-right: 5px\">\n            \n\n<div class=\"kksr-icon\" style=\"width: 24px; height: 24px;\"><\/div>\n        <\/div>\n    <\/div>\n    \n<div class=\"kksr-stars-active\" style=\"width: 84.5px;\">\n            <div class=\"kksr-star\" style=\"padding-right: 5px\">\n            \n\n<div class=\"kksr-icon\" style=\"width: 24px; height: 24px;\"><\/div>\n        <\/div>\n            <div class=\"kksr-star\" style=\"padding-right: 5px\">\n            \n\n<div class=\"kksr-icon\" style=\"width: 24px; height: 24px;\"><\/div>\n        <\/div>\n            <div class=\"kksr-star\" style=\"padding-right: 5px\">\n            \n\n<div class=\"kksr-icon\" style=\"width: 24px; height: 24px;\"><\/div>\n        <\/div>\n            <div class=\"kksr-star\" style=\"padding-right: 5px\">\n            \n\n<div class=\"kksr-icon\" style=\"width: 24px; height: 24px;\"><\/div>\n        <\/div>\n            <div class=\"kksr-star\" style=\"padding-right: 5px\">\n            \n\n<div class=\"kksr-icon\" style=\"width: 24px; height: 24px;\"><\/div>\n        <\/div>\n    <\/div>\n<\/div>\n                \n\n<div class=\"kksr-legend\" style=\"font-size: 19.2px;\">\n            3\/5 - (8 votos)    <\/div>\n    <\/div>\n","protected":false},"excerpt":{"rendered":"<p>A la hora de encontrar los mejores perfumes con los que arrasar cuando las temperaturas descienden, los aromas m\u00e1s complejos y profundos est\u00e1n hechos a la medida de esta estaci\u00f3n, permitiendo que sus estelas olfativas cuenten historias m\u00e1s concretas sin resultar demasiado empalagoso. Es por eso que los mejores perfumes de hombre de invierno que [&hellip;]<\/p>\n","protected":false},"author":14,"featured_media":117933,"comment_status":"closed","ping_status":"closed","sticky":false,"template":"","format":"standard","meta":{"jnews-multi-image_gallery":[],"jnews_single_post":{"format":"standard"},"jnews_primary_category":[],"jnews_social_meta":[],"jnews_override_counter":[],"footnotes":""},"categories":[33],"tags":[],"class_list":["post-117914","post","type-post","status-publish","format-standard","has-post-thumbnail","hentry","category-perfumes"],"_links":{"self":[{"href":"https:\/\/www.primor.eu\/blog\/wp-json\/wp\/v2\/posts\/117914","targetHints":{"allow":["GET"]}}],"collection":[{"href":"https:\/\/www.primor.eu\/blog\/wp-json\/wp\/v2\/posts"}],"about":[{"href":"https:\/\/www.primor.eu\/blog\/wp-json\/wp\/v2\/types\/post"}],"author":[{"embeddable":true,"href":"https:\/\/www.primor.eu\/blog\/wp-json\/wp\/v2\/users\/14"}],"replies":[{"embeddable":true,"href":"https:\/\/www.primor.eu\/blog\/wp-json\/wp\/v2\/comments?post=117914"}],"version-history":[{"count":6,"href":"https:\/\/www.primor.eu\/blog\/wp-json\/wp\/v2\/posts\/117914\/revisions"}],"predecessor-version":[{"id":136400,"href":"https:\/\/www.primor.eu\/blog\/wp-json\/wp\/v2\/posts\/117914\/revisions\/136400"}],"wp:featuredmedia":[{"embeddable":true,"href":"https:\/\/www.primor.eu\/blog\/wp-json\/wp\/v2\/media\/117933"}],"wp:attachment":[{"href":"https:\/\/www.primor.eu\/blog\/wp-json\/wp\/v2\/media?parent=117914"}],"wp:term":[{"taxonomy":"category","embeddable":true,"href":"https:\/\/www.primor.eu\/blog\/wp-json\/wp\/v2\/categories?post=117914"},{"taxonomy":"post_tag","embeddable":true,"href":"https:\/\/www.primor.eu\/blog\/wp-json\/wp\/v2\/tags?post=117914"}],"curies":[{"name":"wp","href":"https:\/\/api.w.org\/{rel}","templated":true}]}}