{"id":117366,"date":"2024-11-28T13:05:36","date_gmt":"2024-11-28T13:05:36","guid":{"rendered":"https:\/\/www.primor.eu\/blog\/?p=117366"},"modified":"2024-11-18T13:24:27","modified_gmt":"2024-11-18T13:24:27","slug":"tipo-ojeras-tapar","status":"publish","type":"post","link":"https:\/\/www.primor.eu\/blog\/tipo-ojeras-tapar\/","title":{"rendered":"Dime qu\u00e9 tipo de ojeras tienes y te dir\u00e9 c\u00f3mo puedes taparla"},"content":{"rendered":"\n<p>S\u00ed, hay varios tipos de ojera y el tipo que tengas determina qu\u00e9 t\u00e9cnicas y productos son m\u00e1s efectivos para disimularlas. En este art\u00edculo de Primor te explicamos<strong> c\u00f3mo tapar las ojeras seg\u00fan su tipo<\/strong>, qu\u00e9 las causa y c\u00f3mo puedes erradicar el problema desde la ra\u00edz.&nbsp;<\/p>\n\n\n\n<h2 class=\"wp-block-heading\">C\u00f3mo tapar ojeras seg\u00fan su tipo<\/h2>\n\n\n\n<h3 class=\"wp-block-heading\">Ojeras marrones (pigmentadas)<\/h3>\n\n\n\n<p>Son de un tono marr\u00f3n o caf\u00e9 en el \u00e1rea de las ojeras. Son m\u00e1s comunes en pieles oscuras o medias y se causan por hiperpigmentaci\u00f3n, exposici\u00f3n solar o factores gen\u00e9ticos.<\/p>\n\n\n\n<h4 class=\"wp-block-heading\">C\u00f3mo taparlas<\/h4>\n\n\n\n<ul class=\"wp-block-list\">\n<li><strong>Neutraliza con un corrector salm\u00f3n o naranja. <\/strong>Estos tonos contrarrestan la pigmentaci\u00f3n marr\u00f3n.<\/li>\n\n\n\n<li><strong>Aplica un corrector del tono de tu piel<\/strong>. Encima del corrector salm\u00f3n, usa uno que iguale tu tono de piel para unificar.<\/li>\n\n\n\n<li><strong>Protege del sol. <\/strong>Usa un protector solar diario y cremas despigmentantes con vitamina C o niacinamida.<\/li>\n<\/ul>\n\n\n\n<h3 class=\"wp-block-heading\">Ojeras azuladas o viol\u00e1ceas (vasculares)<\/h3>\n\n\n\n<p>Son de color azul, violeta o gris en la piel bajo los ojos, son m\u00e1s notorias en pieles claras y est\u00e1n relacionadas con la circulaci\u00f3n sangu\u00ednea, falta de sue\u00f1o o estr\u00e9s.<\/p>\n\n\n\n<h4 class=\"wp-block-heading\">C\u00f3mo taparlas<\/h4>\n\n\n\n<ul class=\"wp-block-list\">\n<li><strong>Neutraliza con un corrector amarillo o durazno.<\/strong> El amarillo contrarresta los tonos azulados, mientras que el durazno funciona para tonos m\u00e1s oscuros.<\/li>\n\n\n\n<li><strong>Corrige con un corrector ligero<\/strong>. Usa un corrector fluido de cobertura media para no cargar el \u00e1rea.<\/li>\n\n\n\n<li><strong>Mejora la circulaci\u00f3n.<\/strong> Usa cremas con cafe\u00edna o masajea suavemente la zona para estimular el flujo sangu\u00edneo.<\/li>\n\n\n\n<li><strong>Descanso<\/strong>. Dormir lo suficiente es clave para mejorar estas ojeras.<\/li>\n<\/ul>\n\n\n\n<h3 class=\"wp-block-heading\">Ojeras hundidas (estructurales)<\/h3>\n\n\n\n<p>Son de apariencia de sombra bajo los ojos debido a la forma del rostro o p\u00e9rdida de volumen con la edad. No tienen un color definido; parecen m\u00e1s bien \"hundidas\" y suelen empeorar con la fatiga o la iluminaci\u00f3n directa.<\/p>\n\n\n\n<h4 class=\"wp-block-heading\">C\u00f3mo taparlas<\/h4>\n\n\n\n<ul class=\"wp-block-list\">\n<li><strong>Ilumina el \u00e1rea con corrector<\/strong>. Usa un corrector de un tono m\u00e1s claro que tu piel para dar volumen \u00f3ptico.<\/li>\n\n\n\n<li><strong>Evita tonos oscuros.<\/strong> No uses correctores m\u00e1s oscuros porque acentuar\u00e1n el hundimiento.<\/li>\n\n\n\n<li><strong>Tratamientos profesionales.<\/strong> Los rellenos de \u00e1cido hialur\u00f3nico pueden mejorar la apariencia de estas ojeras de forma significativa.<\/li>\n\n\n\n<li><strong>Iluminadores<\/strong>. Agrega un toque de iluminador l\u00edquido para un efecto de luz en la zona.<\/li>\n<\/ul>\n\n\n\n<h3 class=\"wp-block-heading\">Ojeras rojizas<\/h3>\n\n\n\n<p>Son de tono rojo o rosado bajo los ojos, est\u00e1n relacionadas con alergias, irritaci\u00f3n o piel sensible y pueden acentuarse con el cansancio o la congesti\u00f3n nasal.<\/p>\n\n\n\n<h4 class=\"wp-block-heading\">C\u00f3mo taparlas<\/h4>\n\n\n\n<ul class=\"wp-block-list\">\n<li><strong>Neutraliza con un corrector verde.<\/strong> Este color contrarresta el enrojecimiento.<\/li>\n\n\n\n<li><strong>Cubre con un corrector del tono de tu piel<\/strong>. Aplica una capa ligera para unificar el color.<\/li>\n\n\n\n<li><strong>Cuidado con las alergias.<\/strong> Trata las causas subyacentes con antihistam\u00ednicos o cremas antiinflamatorias.<\/li>\n<\/ul>\n\n\n\n<h3 class=\"wp-block-heading\">Ojeras mixtas<\/h3>\n\n\n\n<p>Si tienes una combinaci\u00f3n de dos o m\u00e1s tipos de ojeras (pigmentadas, vasculares, estructurales, o rojizas), es necesario tratarlas seg\u00fan cada componente.<\/p>\n\n\n\n<h4 class=\"wp-block-heading\">C\u00f3mo taparlas<\/h4>\n\n\n\n<ul class=\"wp-block-list\">\n<li><strong>Combina correctores seg\u00fan el tipo de ojera predominante.<\/strong>\n<ul class=\"wp-block-list\">\n<li>Salm\u00f3n o naranja para pigmentaci\u00f3n marr\u00f3n.<\/li>\n\n\n\n<li>Amarillo o durazno para tonos azulados.<\/li>\n<\/ul>\n<\/li>\n\n\n\n<li><strong>Aplica en capas ligeras.<\/strong> Trabaja capa por capa para evitar que el maquillaje luzca pesado.<\/li>\n\n\n\n<li><strong>Cuidado integral<\/strong>. Usa cremas despigmentantes, hidratantes y productos para mejorar la circulaci\u00f3n.<\/li>\n<\/ul>\n\n\n\n<h2 class=\"wp-block-heading\">Consejos para todas las ojeras<\/h2>\n\n\n\n<ul class=\"wp-block-list\">\n<li><strong>Hidrata bien el \u00e1rea.<\/strong> Usa una crema para ojos antes de aplicar corrector para evitar que se marquen l\u00edneas de expresi\u00f3n.<\/li>\n\n\n\n<li><strong>Difumina con cuidado<\/strong>. Usa una brocha peque\u00f1a o una esponja h\u00fameda para un acabado natural.<\/li>\n\n\n\n<li><strong>Fija con polvos trasl\u00facidos<\/strong>. Aplica una capa fina de polvo para evitar que el corrector se mueva.<\/li>\n\n\n\n<li><strong>Trata la causa ra\u00edz.<\/strong> Dormir bien, mantener una dieta equilibrada y cuidar tu piel con productos adecuados ayuda a reducir la intensidad de las ojeras a largo plazo.<\/li>\n<\/ul>\n\n\n<div class=\"kk-star-ratings kksr-auto kksr-align-center kksr-valign-bottom\"\n    data-payload='{&quot;align&quot;:&quot;center&quot;,&quot;id&quot;:&quot;117366&quot;,&quot;slug&quot;:&quot;default&quot;,&quot;valign&quot;:&quot;bottom&quot;,&quot;ignore&quot;:&quot;&quot;,&quot;reference&quot;:&quot;auto&quot;,&quot;class&quot;:&quot;&quot;,&quot;count&quot;:&quot;0&quot;,&quot;legendonly&quot;:&quot;&quot;,&quot;readonly&quot;:&quot;&quot;,&quot;score&quot;:&quot;0&quot;,&quot;starsonly&quot;:&quot;&quot;,&quot;best&quot;:&quot;5&quot;,&quot;gap&quot;:&quot;5&quot;,&quot;greet&quot;:&quot;Valora este art\u00edculo&quot;,&quot;legend&quot;:&quot;0\\\/5 - (0 votos)&quot;,&quot;size&quot;:&quot;24&quot;,&quot;title&quot;:&quot;Dime qu\u00e9 tipo de ojeras tienes y te dir\u00e9 c\u00f3mo puedes taparla&quot;,&quot;width&quot;:&quot;0&quot;,&quot;_legend&quot;:&quot;{score}\\\/{best} - ({count} {votes})&quot;,&quot;font_factor&quot;:&quot;1.25&quot;}'>\n            \n<div class=\"kksr-stars\">\n    \n<div class=\"kksr-stars-inactive\">\n            <div class=\"kksr-star\" data-star=\"1\" style=\"padding-right: 5px\">\n            \n\n<div class=\"kksr-icon\" style=\"width: 24px; height: 24px;\"><\/div>\n        <\/div>\n            <div class=\"kksr-star\" data-star=\"2\" style=\"padding-right: 5px\">\n            \n\n<div class=\"kksr-icon\" style=\"width: 24px; height: 24px;\"><\/div>\n        <\/div>\n            <div class=\"kksr-star\" data-star=\"3\" style=\"padding-right: 5px\">\n            \n\n<div class=\"kksr-icon\" style=\"width: 24px; height: 24px;\"><\/div>\n        <\/div>\n            <div class=\"kksr-star\" data-star=\"4\" style=\"padding-right: 5px\">\n            \n\n<div class=\"kksr-icon\" style=\"width: 24px; height: 24px;\"><\/div>\n        <\/div>\n            <div class=\"kksr-star\" data-star=\"5\" style=\"padding-right: 5px\">\n            \n\n<div class=\"kksr-icon\" style=\"width: 24px; height: 24px;\"><\/div>\n        <\/div>\n    <\/div>\n    \n<div class=\"kksr-stars-active\" style=\"width: 0px;\">\n            <div class=\"kksr-star\" style=\"padding-right: 5px\">\n            \n\n<div class=\"kksr-icon\" style=\"width: 24px; height: 24px;\"><\/div>\n        <\/div>\n            <div class=\"kksr-star\" style=\"padding-right: 5px\">\n            \n\n<div class=\"kksr-icon\" style=\"width: 24px; height: 24px;\"><\/div>\n        <\/div>\n            <div class=\"kksr-star\" style=\"padding-right: 5px\">\n            \n\n<div class=\"kksr-icon\" style=\"width: 24px; height: 24px;\"><\/div>\n        <\/div>\n            <div class=\"kksr-star\" style=\"padding-right: 5px\">\n            \n\n<div class=\"kksr-icon\" style=\"width: 24px; height: 24px;\"><\/div>\n        <\/div>\n            <div class=\"kksr-star\" style=\"padding-right: 5px\">\n            \n\n<div class=\"kksr-icon\" style=\"width: 24px; height: 24px;\"><\/div>\n        <\/div>\n    <\/div>\n<\/div>\n                \n\n<div class=\"kksr-legend\" style=\"font-size: 19.2px;\">\n            <span class=\"kksr-muted\">Valora este art\u00edculo<\/span>\n    <\/div>\n    <\/div>\n","protected":false},"excerpt":{"rendered":"<p>S\u00ed, hay varios tipos de ojera y el tipo que tengas determina qu\u00e9 t\u00e9cnicas y productos son m\u00e1s efectivos para disimularlas. En este art\u00edculo de Primor te explicamos c\u00f3mo tapar las ojeras seg\u00fan su tipo, qu\u00e9 las causa y c\u00f3mo puedes erradicar el problema desde la ra\u00edz.&nbsp; C\u00f3mo tapar ojeras seg\u00fan su tipo Ojeras marrones [&hellip;]<\/p>\n","protected":false},"author":14,"featured_media":117389,"comment_status":"closed","ping_status":"closed","sticky":false,"template":"","format":"standard","meta":{"jnews-multi-image_gallery":[],"jnews_single_post":{"format":"standard"},"jnews_primary_category":[],"jnews_social_meta":[],"jnews_override_counter":[],"footnotes":""},"categories":[6303],"tags":[],"class_list":["post-117366","post","type-post","status-publish","format-standard","has-post-thumbnail","hentry","category-trucos-de-belleza"],"_links":{"self":[{"href":"https:\/\/www.primor.eu\/blog\/wp-json\/wp\/v2\/posts\/117366","targetHints":{"allow":["GET"]}}],"collection":[{"href":"https:\/\/www.primor.eu\/blog\/wp-json\/wp\/v2\/posts"}],"about":[{"href":"https:\/\/www.primor.eu\/blog\/wp-json\/wp\/v2\/types\/post"}],"author":[{"embeddable":true,"href":"https:\/\/www.primor.eu\/blog\/wp-json\/wp\/v2\/users\/14"}],"replies":[{"embeddable":true,"href":"https:\/\/www.primor.eu\/blog\/wp-json\/wp\/v2\/comments?post=117366"}],"version-history":[{"count":1,"href":"https:\/\/www.primor.eu\/blog\/wp-json\/wp\/v2\/posts\/117366\/revisions"}],"predecessor-version":[{"id":117398,"href":"https:\/\/www.primor.eu\/blog\/wp-json\/wp\/v2\/posts\/117366\/revisions\/117398"}],"wp:featuredmedia":[{"embeddable":true,"href":"https:\/\/www.primor.eu\/blog\/wp-json\/wp\/v2\/media\/117389"}],"wp:attachment":[{"href":"https:\/\/www.primor.eu\/blog\/wp-json\/wp\/v2\/media?parent=117366"}],"wp:term":[{"taxonomy":"category","embeddable":true,"href":"https:\/\/www.primor.eu\/blog\/wp-json\/wp\/v2\/categories?post=117366"},{"taxonomy":"post_tag","embeddable":true,"href":"https:\/\/www.primor.eu\/blog\/wp-json\/wp\/v2\/tags?post=117366"}],"curies":[{"name":"wp","href":"https:\/\/api.w.org\/{rel}","templated":true}]}}